{"id":488,"date":"2009-10-28T15:09:21","date_gmt":"2009-10-28T15:09:21","guid":{"rendered":"http:\/\/ladurnerulrich.wordpress.com\/?p=488"},"modified":"2009-10-28T15:09:21","modified_gmt":"2009-10-28T15:09:21","slug":"von-der-demokratiezone-zur-kriegszone","status":"publish","type":"post","link":"https:\/\/blog.zeit.de\/ladurnerulrich\/2009\/10\/28\/von-der-demokratiezone-zur-kriegszone\/","title":{"rendered":"Von der Demokratiezone zur Kriegszone"},"content":{"rendered":"<p>Erinnert sich noch jemand an die \u201eGreater Middle East Initiative\u201c? Wahrscheinlich nicht. Es ist jedoch an der Zeit diesen gro\u00dfen Plan des ehemaligen US-Pr\u00e4sidenten George W. Bush in Erinnerung zu rufen.\u00a0 Bush und seine M\u00e4nner wollten mit dieser Initiative den Bogen islamischer L\u00e4nder \u201eaufschlie\u00dfen\u201c &#8211; von Marokko \u00fcber \u00c4gypten, Irak, Iran und Afghanistan bis nach Pakistan sollten\u00a0 bl\u00fchende demokratische Landschaften entstehen. Das Mittel dazu war das Milit\u00e4r. Der mit Gewalt von Saddam Hussein befreite und demokratisierte Irak sollte der erste Schritt sein. Der Rest, so die \u00dcberlegung der M\u00e4nner um Bush, w\u00fcrde dem leuchtenden Beispiel folgen. Denn wer, das der zentrale Gedanke, will nicht in Freiheit leben?<\/p>\n<p>Die Nachrichten aus dem &#8222;Greater Middle East&#8220; allein in dieser Woche sind niederschmetternd &#8211; 120 Tote bei einem Bombenschlag in Bagdad am Sonntag; 9 Tote, darunter sechs UN-Mitarbeiter, bei einem Angriff auf eine G\u00e4stehaus in Kabul; 80 Tote durch einen Autobombe in der pakistanischen Grenzstadt Peshawar;\u00a0 Aus der imaginierte Demokratiezone ist eine sehr reale Kriegszone geworden.<\/p>\n","protected":false},"excerpt":{"rendered":"<p>Erinnert sich noch jemand an die \u201eGreater Middle East Initiative\u201c? Wahrscheinlich nicht. Es ist jedoch an der Zeit diesen gro\u00dfen Plan des ehemaligen US-Pr\u00e4sidenten George W. Bush in Erinnerung zu rufen.\u00a0 Bush und seine M\u00e4nner wollten mit dieser Initiative den Bogen islamischer L\u00e4nder \u201eaufschlie\u00dfen\u201c &#8211; von Marokko \u00fcber \u00c4gypten, Irak, Iran und Afghanistan bis nach [&hellip;]<\/p>\n","protected":false},"author":87,"featured_media":0,"comment_status":"open","ping_status":"open","sticky":false,"template":"","format":"standard","meta":{"_jetpack_memberships_contains_paid_content":false,"footnotes":""},"categories":[151,1203,1204,1205,170,618,172,1210],"tags":[38439,1211,38453,38446,38457],"class_list":["post-488","post","type-post","status-publish","format-standard","hentry","category-afghanistan","category-internationale-politik","category-kabul","category-krieg","category-menschenrechte","category-nato","category-pakistan","category-terror","tag-afghanistan","tag-auslandseinsatze","tag-krieg","tag-politik","tag-terror"],"yoast_head":"<!-- This site is optimized with the Yoast SEO plugin v21.0 - https:\/\/yoast.com\/wordpress\/plugins\/seo\/ -->\n<title>Von der Demokratiezone zur Kriegszone - Unterwegs in Europa<\/title>\n<meta name=\"robots\" content=\"index, follow, max-snippet:-1, max-image-preview:large, max-video-preview:-1\" \/>\n<link rel=\"canonical\" href=\"https:\/\/blog.zeit.de\/ladurnerulrich\/2009\/10\/28\/von-der-demokratiezone-zur-kriegszone\/\" \/>\n<meta property=\"og:locale\" content=\"de_DE\" \/>\n<meta property=\"og:type\" content=\"article\" \/>\n<meta property=\"og:title\" content=\"Von der Demokratiezone zur Kriegszone - Unterwegs in Europa\" \/>\n<meta property=\"og:description\" content=\"Erinnert sich noch jemand an die \u201eGreater Middle East Initiative\u201c? Wahrscheinlich nicht. Es ist jedoch an der Zeit diesen gro\u00dfen Plan des ehemaligen US-Pr\u00e4sidenten George W. Bush in Erinnerung zu rufen.\u00a0 Bush und seine M\u00e4nner wollten mit dieser Initiative den Bogen islamischer L\u00e4nder \u201eaufschlie\u00dfen\u201c &#8211; von Marokko \u00fcber \u00c4gypten, Irak, Iran und Afghanistan bis nach [&hellip;]\" \/>\n<meta property=\"og:url\" content=\"https:\/\/blog.zeit.de\/ladurnerulrich\/2009\/10\/28\/von-der-demokratiezone-zur-kriegszone\/\" \/>\n<meta property=\"og:site_name\" content=\"Unterwegs in Europa\" \/>\n<meta property=\"article:published_time\" content=\"2009-10-28T15:09:21+00:00\" \/>\n<meta name=\"author\" content=\"Ulrich Ladurner\" \/>\n<meta name=\"twitter:label1\" content=\"Geschrieben von\" \/>\n\t<meta name=\"twitter:data1\" content=\"Ulrich Ladurner\" \/>\n\t<meta name=\"twitter:label2\" content=\"Gesch\u00e4tzte Lesezeit\" \/>\n\t<meta name=\"twitter:data2\" content=\"1\u00a0Minute\" \/>\n<script type=\"application\/ld+json\" class=\"yoast-schema-graph\">{\"@context\":\"https:\/\/schema.org\",\"@graph\":[{\"@type\":\"WebPage\",\"@id\":\"https:\/\/blog.zeit.de\/ladurnerulrich\/2009\/10\/28\/von-der-demokratiezone-zur-kriegszone\/\",\"url\":\"https:\/\/blog.zeit.de\/ladurnerulrich\/2009\/10\/28\/von-der-demokratiezone-zur-kriegszone\/\",\"name\":\"Von der Demokratiezone zur Kriegszone - Unterwegs in Europa\",\"isPartOf\":{\"@id\":\"https:\/\/blog.zeit.de\/ladurnerulrich\/#website\"},\"datePublished\":\"2009-10-28T15:09:21+00:00\",\"dateModified\":\"2009-10-28T15:09:21+00:00\",\"author\":{\"@id\":\"https:\/\/blog.zeit.de\/ladurnerulrich\/#\/schema\/person\/41f9ab2ef02a3e3602daf321c07007f6\"},\"breadcrumb\":{\"@id\":\"https:\/\/blog.zeit.de\/ladurnerulrich\/2009\/10\/28\/von-der-demokratiezone-zur-kriegszone\/#breadcrumb\"},\"inLanguage\":\"de\",\"potentialAction\":[{\"@type\":\"ReadAction\",\"target\":[\"https:\/\/blog.zeit.de\/ladurnerulrich\/2009\/10\/28\/von-der-demokratiezone-zur-kriegszone\/\"]}]},{\"@type\":\"BreadcrumbList\",\"@id\":\"https:\/\/blog.zeit.de\/ladurnerulrich\/2009\/10\/28\/von-der-demokratiezone-zur-kriegszone\/#breadcrumb\",\"itemListElement\":[{\"@type\":\"ListItem\",\"position\":1,\"name\":\"Startseite\",\"item\":\"https:\/\/blog.zeit.de\/ladurnerulrich\/\"},{\"@type\":\"ListItem\",\"position\":2,\"name\":\"Von der Demokratiezone zur Kriegszone\"}]},{\"@type\":\"WebSite\",\"@id\":\"https:\/\/blog.zeit.de\/ladurnerulrich\/#website\",\"url\":\"https:\/\/blog.zeit.de\/ladurnerulrich\/\",\"name\":\"Unterwegs in Europa\",\"description\":\"Ladurners Blog f\u00fcr Einblicke in un\u00fcbersichtliche Landschaften\",\"potentialAction\":[{\"@type\":\"SearchAction\",\"target\":{\"@type\":\"EntryPoint\",\"urlTemplate\":\"https:\/\/blog.zeit.de\/ladurnerulrich\/?s={search_term_string}\"},\"query-input\":\"required name=search_term_string\"}],\"inLanguage\":\"de\"},{\"@type\":\"Person\",\"@id\":\"https:\/\/blog.zeit.de\/ladurnerulrich\/#\/schema\/person\/41f9ab2ef02a3e3602daf321c07007f6\",\"name\":\"Ulrich Ladurner\",\"image\":{\"@type\":\"ImageObject\",\"inLanguage\":\"de\",\"@id\":\"https:\/\/blog.zeit.de\/ladurnerulrich\/#\/schema\/person\/image\/\",\"url\":\"https:\/\/secure.gravatar.com\/avatar\/d01052e766579414676df807ab6fd98f6598a3bceab8af45b2984cba94333280?s=96&d=mm&r=g\",\"contentUrl\":\"https:\/\/secure.gravatar.com\/avatar\/d01052e766579414676df807ab6fd98f6598a3bceab8af45b2984cba94333280?s=96&d=mm&r=g\",\"caption\":\"Ulrich Ladurner\"},\"description\":\"lebt seit 1999 in Hamburg. Seitdem staunt er dar\u00fcber, was man in dieser Stadt erleben kann. Weil das mit dem Wundern nicht aufh\u00f6rt, gibt es diese Kolumne.\",\"sameAs\":[\"http:\/\/www.zeit.de\"],\"url\":\"https:\/\/blog.zeit.de\/ladurnerulrich\/author\/ulli-ladurner\/\"}]}<\/script>\n<!-- \/ Yoast SEO plugin. -->","yoast_head_json":{"title":"Von der Demokratiezone zur Kriegszone - Unterwegs in Europa","robots":{"index":"index","follow":"follow","max-snippet":"max-snippet:-1","max-image-preview":"max-image-preview:large","max-video-preview":"max-video-preview:-1"},"canonical":"https:\/\/blog.zeit.de\/ladurnerulrich\/2009\/10\/28\/von-der-demokratiezone-zur-kriegszone\/","og_locale":"de_DE","og_type":"article","og_title":"Von der Demokratiezone zur Kriegszone - Unterwegs in Europa","og_description":"Erinnert sich noch jemand an die \u201eGreater Middle East Initiative\u201c? Wahrscheinlich nicht. Es ist jedoch an der Zeit diesen gro\u00dfen Plan des ehemaligen US-Pr\u00e4sidenten George W. Bush in Erinnerung zu rufen.\u00a0 Bush und seine M\u00e4nner wollten mit dieser Initiative den Bogen islamischer L\u00e4nder \u201eaufschlie\u00dfen\u201c &#8211; von Marokko \u00fcber \u00c4gypten, Irak, Iran und Afghanistan bis nach [&hellip;]","og_url":"https:\/\/blog.zeit.de\/ladurnerulrich\/2009\/10\/28\/von-der-demokratiezone-zur-kriegszone\/","og_site_name":"Unterwegs in Europa","article_published_time":"2009-10-28T15:09:21+00:00","author":"Ulrich Ladurner","twitter_misc":{"Geschrieben von":"Ulrich Ladurner","Gesch\u00e4tzte Lesezeit":"1\u00a0Minute"},"schema":{"@context":"https:\/\/schema.org","@graph":[{"@type":"WebPage","@id":"https:\/\/blog.zeit.de\/ladurnerulrich\/2009\/10\/28\/von-der-demokratiezone-zur-kriegszone\/","url":"https:\/\/blog.zeit.de\/ladurnerulrich\/2009\/10\/28\/von-der-demokratiezone-zur-kriegszone\/","name":"Von der Demokratiezone zur Kriegszone - Unterwegs in Europa","isPartOf":{"@id":"https:\/\/blog.zeit.de\/ladurnerulrich\/#website"},"datePublished":"2009-10-28T15:09:21+00:00","dateModified":"2009-10-28T15:09:21+00:00","author":{"@id":"https:\/\/blog.zeit.de\/ladurnerulrich\/#\/schema\/person\/41f9ab2ef02a3e3602daf321c07007f6"},"breadcrumb":{"@id":"https:\/\/blog.zeit.de\/ladurnerulrich\/2009\/10\/28\/von-der-demokratiezone-zur-kriegszone\/#breadcrumb"},"inLanguage":"de","potentialAction":[{"@type":"ReadAction","target":["https:\/\/blog.zeit.de\/ladurnerulrich\/2009\/10\/28\/von-der-demokratiezone-zur-kriegszone\/"]}]},{"@type":"BreadcrumbList","@id":"https:\/\/blog.zeit.de\/ladurnerulrich\/2009\/10\/28\/von-der-demokratiezone-zur-kriegszone\/#breadcrumb","itemListElement":[{"@type":"ListItem","position":1,"name":"Startseite","item":"https:\/\/blog.zeit.de\/ladurnerulrich\/"},{"@type":"ListItem","position":2,"name":"Von der Demokratiezone zur Kriegszone"}]},{"@type":"WebSite","@id":"https:\/\/blog.zeit.de\/ladurnerulrich\/#website","url":"https:\/\/blog.zeit.de\/ladurnerulrich\/","name":"Unterwegs in Europa","description":"Ladurners Blog f\u00fcr Einblicke in un\u00fcbersichtliche Landschaften","potentialAction":[{"@type":"SearchAction","target":{"@type":"EntryPoint","urlTemplate":"https:\/\/blog.zeit.de\/ladurnerulrich\/?s={search_term_string}"},"query-input":"required name=search_term_string"}],"inLanguage":"de"},{"@type":"Person","@id":"https:\/\/blog.zeit.de\/ladurnerulrich\/#\/schema\/person\/41f9ab2ef02a3e3602daf321c07007f6","name":"Ulrich Ladurner","image":{"@type":"ImageObject","inLanguage":"de","@id":"https:\/\/blog.zeit.de\/ladurnerulrich\/#\/schema\/person\/image\/","url":"https:\/\/secure.gravatar.com\/avatar\/d01052e766579414676df807ab6fd98f6598a3bceab8af45b2984cba94333280?s=96&d=mm&r=g","contentUrl":"https:\/\/secure.gravatar.com\/avatar\/d01052e766579414676df807ab6fd98f6598a3bceab8af45b2984cba94333280?s=96&d=mm&r=g","caption":"Ulrich Ladurner"},"description":"lebt seit 1999 in Hamburg. Seitdem staunt er dar\u00fcber, was man in dieser Stadt erleben kann. Weil das mit dem Wundern nicht aufh\u00f6rt, gibt es diese Kolumne.","sameAs":["http:\/\/www.zeit.de"],"url":"https:\/\/blog.zeit.de\/ladurnerulrich\/author\/ulli-ladurner\/"}]}},"jetpack_featured_media_url":"","jetpack_sharing_enabled":true,"_links":{"self":[{"href":"https:\/\/blog.zeit.de\/ladurnerulrich\/wp-json\/wp\/v2\/posts\/488","targetHints":{"allow":["GET"]}}],"collection":[{"href":"https:\/\/blog.zeit.de\/ladurnerulrich\/wp-json\/wp\/v2\/posts"}],"about":[{"href":"https:\/\/blog.zeit.de\/ladurnerulrich\/wp-json\/wp\/v2\/types\/post"}],"author":[{"embeddable":true,"href":"https:\/\/blog.zeit.de\/ladurnerulrich\/wp-json\/wp\/v2\/users\/87"}],"replies":[{"embeddable":true,"href":"https:\/\/blog.zeit.de\/ladurnerulrich\/wp-json\/wp\/v2\/comments?post=488"}],"version-history":[{"count":0,"href":"https:\/\/blog.zeit.de\/ladurnerulrich\/wp-json\/wp\/v2\/posts\/488\/revisions"}],"wp:attachment":[{"href":"https:\/\/blog.zeit.de\/ladurnerulrich\/wp-json\/wp\/v2\/media?parent=488"}],"wp:term":[{"taxonomy":"category","embeddable":true,"href":"https:\/\/blog.zeit.de\/ladurnerulrich\/wp-json\/wp\/v2\/categories?post=488"},{"taxonomy":"post_tag","embeddable":true,"href":"https:\/\/blog.zeit.de\/ladurnerulrich\/wp-json\/wp\/v2\/tags?post=488"}],"curies":[{"name":"wp","href":"https:\/\/api.w.org\/{rel}","templated":true}]}}