{"id":495,"date":"2009-10-30T08:45:44","date_gmt":"2009-10-30T08:45:44","guid":{"rendered":"http:\/\/ladurnerulrich.wordpress.com\/?p=495"},"modified":"2009-10-30T08:45:44","modified_gmt":"2009-10-30T08:45:44","slug":"kampagne-gegen-karzai","status":"publish","type":"post","link":"https:\/\/blog.zeit.de\/ladurnerulrich\/2009\/10\/30\/kampagne-gegen-karzai\/","title":{"rendered":"Kampagne gegen Karzai"},"content":{"rendered":"<p>Es ist keine Geheimnis, dass die Regierung Obama nicht viel von Hamid Karzai h\u00e4lt. Seit Amtsantritt Obamas fehlte es nicht an Versuchen, den afghanischen Pr\u00e4sidenten zu schw\u00e4chen oder gar aus dem Amt zu dr\u00e4ngen. Doch Karzai konnte sich bisher halten, nat\u00fcrlich betrieb er dabei auch ein schmutzige Spiel: Er f\u00e4lschte die Wahlen vom 20.August massiv. Nun muss er am 7. November in die Stichwahlen, auch dazu musst er gedr\u00e4ngt werden. Er selbst n\u00e4mlich sieht sich als Sieger der Wahl.<\/p>\n<p>Gestern nun ver\u00f6ffentlichte die <a href=\"http:\/\/www.nytimes.com\/2009\/10\/28\/world\/asia\/28intel.html?_r=1\">New York Times<\/a> eine Geschichte, wonach Wali Karzai, der Bruder des Pr\u00e4sidenten jahrelang auf der Gehaltsliste der CIA stand und immer noch steht. Das mag man \u00fcberraschend finden oder nicht. Die interessante Frage ist: Wer hat diese Nachricht an die New York Times gesteckt? Und warum?<\/p>\n<p>Klar ist: Der Artikel wird Hamid Karzai schaden. Darum wird man in der Annahme nicht fehlgehen, dass die &#8222;Enth\u00fcllungsgeschichte&#8220; Teil des schmutzigen Wahlkampfes ist &#8211; der eben auch von Washington aus gef\u00fchrt wird.<\/p>\n","protected":false},"excerpt":{"rendered":"<p>Es ist keine Geheimnis, dass die Regierung Obama nicht viel von Hamid Karzai h\u00e4lt. Seit Amtsantritt Obamas fehlte es nicht an Versuchen, den afghanischen Pr\u00e4sidenten zu schw\u00e4chen oder gar aus dem Amt zu dr\u00e4ngen. Doch Karzai konnte sich bisher halten, nat\u00fcrlich betrieb er dabei auch ein schmutzige Spiel: Er f\u00e4lschte die Wahlen vom 20.August massiv. [&hellip;]<\/p>\n","protected":false},"author":87,"featured_media":0,"comment_status":"open","ping_status":"open","sticky":false,"template":"","format":"standard","meta":{"_jetpack_memberships_contains_paid_content":false,"footnotes":""},"categories":[151,1197,1203,1204,1205,618,93,172,1210],"tags":[38439,1211,38449,38453,38443,38445,38457],"class_list":["post-495","post","type-post","status-publish","format-standard","hentry","category-afghanistan","category-bundeswehr","category-internationale-politik","category-kabul","category-krieg","category-nato","category-obama","category-pakistan","category-terror","tag-afghanistan","tag-auslandseinsatze","tag-bundeswehr","tag-krieg","tag-menschenrechte","tag-pakistan","tag-terror"],"yoast_head":"<!-- This site is optimized with the Yoast SEO plugin v21.0 - https:\/\/yoast.com\/wordpress\/plugins\/seo\/ -->\n<title>Kampagne gegen Karzai - Unterwegs in Europa<\/title>\n<meta name=\"robots\" content=\"index, follow, max-snippet:-1, max-image-preview:large, max-video-preview:-1\" \/>\n<link rel=\"canonical\" href=\"https:\/\/blog.zeit.de\/ladurnerulrich\/2009\/10\/30\/kampagne-gegen-karzai\/\" \/>\n<meta property=\"og:locale\" content=\"de_DE\" \/>\n<meta property=\"og:type\" content=\"article\" \/>\n<meta property=\"og:title\" content=\"Kampagne gegen Karzai - Unterwegs in Europa\" \/>\n<meta property=\"og:description\" content=\"Es ist keine Geheimnis, dass die Regierung Obama nicht viel von Hamid Karzai h\u00e4lt. Seit Amtsantritt Obamas fehlte es nicht an Versuchen, den afghanischen Pr\u00e4sidenten zu schw\u00e4chen oder gar aus dem Amt zu dr\u00e4ngen. Doch Karzai konnte sich bisher halten, nat\u00fcrlich betrieb er dabei auch ein schmutzige Spiel: Er f\u00e4lschte die Wahlen vom 20.August massiv. [&hellip;]\" \/>\n<meta property=\"og:url\" content=\"https:\/\/blog.zeit.de\/ladurnerulrich\/2009\/10\/30\/kampagne-gegen-karzai\/\" \/>\n<meta property=\"og:site_name\" content=\"Unterwegs in Europa\" \/>\n<meta property=\"article:published_time\" content=\"2009-10-30T08:45:44+00:00\" \/>\n<meta name=\"author\" content=\"Ulrich Ladurner\" \/>\n<meta name=\"twitter:label1\" content=\"Geschrieben von\" \/>\n\t<meta name=\"twitter:data1\" content=\"Ulrich Ladurner\" \/>\n\t<meta name=\"twitter:label2\" content=\"Gesch\u00e4tzte Lesezeit\" \/>\n\t<meta name=\"twitter:data2\" content=\"1\u00a0Minute\" \/>\n<script type=\"application\/ld+json\" class=\"yoast-schema-graph\">{\"@context\":\"https:\/\/schema.org\",\"@graph\":[{\"@type\":\"WebPage\",\"@id\":\"https:\/\/blog.zeit.de\/ladurnerulrich\/2009\/10\/30\/kampagne-gegen-karzai\/\",\"url\":\"https:\/\/blog.zeit.de\/ladurnerulrich\/2009\/10\/30\/kampagne-gegen-karzai\/\",\"name\":\"Kampagne gegen Karzai - Unterwegs in Europa\",\"isPartOf\":{\"@id\":\"https:\/\/blog.zeit.de\/ladurnerulrich\/#website\"},\"datePublished\":\"2009-10-30T08:45:44+00:00\",\"dateModified\":\"2009-10-30T08:45:44+00:00\",\"author\":{\"@id\":\"https:\/\/blog.zeit.de\/ladurnerulrich\/#\/schema\/person\/41f9ab2ef02a3e3602daf321c07007f6\"},\"breadcrumb\":{\"@id\":\"https:\/\/blog.zeit.de\/ladurnerulrich\/2009\/10\/30\/kampagne-gegen-karzai\/#breadcrumb\"},\"inLanguage\":\"de\",\"potentialAction\":[{\"@type\":\"ReadAction\",\"target\":[\"https:\/\/blog.zeit.de\/ladurnerulrich\/2009\/10\/30\/kampagne-gegen-karzai\/\"]}]},{\"@type\":\"BreadcrumbList\",\"@id\":\"https:\/\/blog.zeit.de\/ladurnerulrich\/2009\/10\/30\/kampagne-gegen-karzai\/#breadcrumb\",\"itemListElement\":[{\"@type\":\"ListItem\",\"position\":1,\"name\":\"Startseite\",\"item\":\"https:\/\/blog.zeit.de\/ladurnerulrich\/\"},{\"@type\":\"ListItem\",\"position\":2,\"name\":\"Kampagne gegen Karzai\"}]},{\"@type\":\"WebSite\",\"@id\":\"https:\/\/blog.zeit.de\/ladurnerulrich\/#website\",\"url\":\"https:\/\/blog.zeit.de\/ladurnerulrich\/\",\"name\":\"Unterwegs in Europa\",\"description\":\"Ladurners Blog f\u00fcr Einblicke in un\u00fcbersichtliche Landschaften\",\"potentialAction\":[{\"@type\":\"SearchAction\",\"target\":{\"@type\":\"EntryPoint\",\"urlTemplate\":\"https:\/\/blog.zeit.de\/ladurnerulrich\/?s={search_term_string}\"},\"query-input\":\"required name=search_term_string\"}],\"inLanguage\":\"de\"},{\"@type\":\"Person\",\"@id\":\"https:\/\/blog.zeit.de\/ladurnerulrich\/#\/schema\/person\/41f9ab2ef02a3e3602daf321c07007f6\",\"name\":\"Ulrich Ladurner\",\"image\":{\"@type\":\"ImageObject\",\"inLanguage\":\"de\",\"@id\":\"https:\/\/blog.zeit.de\/ladurnerulrich\/#\/schema\/person\/image\/\",\"url\":\"https:\/\/secure.gravatar.com\/avatar\/d01052e766579414676df807ab6fd98f6598a3bceab8af45b2984cba94333280?s=96&d=mm&r=g\",\"contentUrl\":\"https:\/\/secure.gravatar.com\/avatar\/d01052e766579414676df807ab6fd98f6598a3bceab8af45b2984cba94333280?s=96&d=mm&r=g\",\"caption\":\"Ulrich Ladurner\"},\"description\":\"lebt seit 1999 in Hamburg. Seitdem staunt er dar\u00fcber, was man in dieser Stadt erleben kann. Weil das mit dem Wundern nicht aufh\u00f6rt, gibt es diese Kolumne.\",\"sameAs\":[\"http:\/\/www.zeit.de\"],\"url\":\"https:\/\/blog.zeit.de\/ladurnerulrich\/author\/ulli-ladurner\/\"}]}<\/script>\n<!-- \/ Yoast SEO plugin. -->","yoast_head_json":{"title":"Kampagne gegen Karzai - Unterwegs in Europa","robots":{"index":"index","follow":"follow","max-snippet":"max-snippet:-1","max-image-preview":"max-image-preview:large","max-video-preview":"max-video-preview:-1"},"canonical":"https:\/\/blog.zeit.de\/ladurnerulrich\/2009\/10\/30\/kampagne-gegen-karzai\/","og_locale":"de_DE","og_type":"article","og_title":"Kampagne gegen Karzai - Unterwegs in Europa","og_description":"Es ist keine Geheimnis, dass die Regierung Obama nicht viel von Hamid Karzai h\u00e4lt. Seit Amtsantritt Obamas fehlte es nicht an Versuchen, den afghanischen Pr\u00e4sidenten zu schw\u00e4chen oder gar aus dem Amt zu dr\u00e4ngen. Doch Karzai konnte sich bisher halten, nat\u00fcrlich betrieb er dabei auch ein schmutzige Spiel: Er f\u00e4lschte die Wahlen vom 20.August massiv. [&hellip;]","og_url":"https:\/\/blog.zeit.de\/ladurnerulrich\/2009\/10\/30\/kampagne-gegen-karzai\/","og_site_name":"Unterwegs in Europa","article_published_time":"2009-10-30T08:45:44+00:00","author":"Ulrich Ladurner","twitter_misc":{"Geschrieben von":"Ulrich Ladurner","Gesch\u00e4tzte Lesezeit":"1\u00a0Minute"},"schema":{"@context":"https:\/\/schema.org","@graph":[{"@type":"WebPage","@id":"https:\/\/blog.zeit.de\/ladurnerulrich\/2009\/10\/30\/kampagne-gegen-karzai\/","url":"https:\/\/blog.zeit.de\/ladurnerulrich\/2009\/10\/30\/kampagne-gegen-karzai\/","name":"Kampagne gegen Karzai - Unterwegs in Europa","isPartOf":{"@id":"https:\/\/blog.zeit.de\/ladurnerulrich\/#website"},"datePublished":"2009-10-30T08:45:44+00:00","dateModified":"2009-10-30T08:45:44+00:00","author":{"@id":"https:\/\/blog.zeit.de\/ladurnerulrich\/#\/schema\/person\/41f9ab2ef02a3e3602daf321c07007f6"},"breadcrumb":{"@id":"https:\/\/blog.zeit.de\/ladurnerulrich\/2009\/10\/30\/kampagne-gegen-karzai\/#breadcrumb"},"inLanguage":"de","potentialAction":[{"@type":"ReadAction","target":["https:\/\/blog.zeit.de\/ladurnerulrich\/2009\/10\/30\/kampagne-gegen-karzai\/"]}]},{"@type":"BreadcrumbList","@id":"https:\/\/blog.zeit.de\/ladurnerulrich\/2009\/10\/30\/kampagne-gegen-karzai\/#breadcrumb","itemListElement":[{"@type":"ListItem","position":1,"name":"Startseite","item":"https:\/\/blog.zeit.de\/ladurnerulrich\/"},{"@type":"ListItem","position":2,"name":"Kampagne gegen Karzai"}]},{"@type":"WebSite","@id":"https:\/\/blog.zeit.de\/ladurnerulrich\/#website","url":"https:\/\/blog.zeit.de\/ladurnerulrich\/","name":"Unterwegs in Europa","description":"Ladurners Blog f\u00fcr Einblicke in un\u00fcbersichtliche Landschaften","potentialAction":[{"@type":"SearchAction","target":{"@type":"EntryPoint","urlTemplate":"https:\/\/blog.zeit.de\/ladurnerulrich\/?s={search_term_string}"},"query-input":"required name=search_term_string"}],"inLanguage":"de"},{"@type":"Person","@id":"https:\/\/blog.zeit.de\/ladurnerulrich\/#\/schema\/person\/41f9ab2ef02a3e3602daf321c07007f6","name":"Ulrich Ladurner","image":{"@type":"ImageObject","inLanguage":"de","@id":"https:\/\/blog.zeit.de\/ladurnerulrich\/#\/schema\/person\/image\/","url":"https:\/\/secure.gravatar.com\/avatar\/d01052e766579414676df807ab6fd98f6598a3bceab8af45b2984cba94333280?s=96&d=mm&r=g","contentUrl":"https:\/\/secure.gravatar.com\/avatar\/d01052e766579414676df807ab6fd98f6598a3bceab8af45b2984cba94333280?s=96&d=mm&r=g","caption":"Ulrich Ladurner"},"description":"lebt seit 1999 in Hamburg. Seitdem staunt er dar\u00fcber, was man in dieser Stadt erleben kann. Weil das mit dem Wundern nicht aufh\u00f6rt, gibt es diese Kolumne.","sameAs":["http:\/\/www.zeit.de"],"url":"https:\/\/blog.zeit.de\/ladurnerulrich\/author\/ulli-ladurner\/"}]}},"jetpack_featured_media_url":"","jetpack_sharing_enabled":true,"_links":{"self":[{"href":"https:\/\/blog.zeit.de\/ladurnerulrich\/wp-json\/wp\/v2\/posts\/495","targetHints":{"allow":["GET"]}}],"collection":[{"href":"https:\/\/blog.zeit.de\/ladurnerulrich\/wp-json\/wp\/v2\/posts"}],"about":[{"href":"https:\/\/blog.zeit.de\/ladurnerulrich\/wp-json\/wp\/v2\/types\/post"}],"author":[{"embeddable":true,"href":"https:\/\/blog.zeit.de\/ladurnerulrich\/wp-json\/wp\/v2\/users\/87"}],"replies":[{"embeddable":true,"href":"https:\/\/blog.zeit.de\/ladurnerulrich\/wp-json\/wp\/v2\/comments?post=495"}],"version-history":[{"count":0,"href":"https:\/\/blog.zeit.de\/ladurnerulrich\/wp-json\/wp\/v2\/posts\/495\/revisions"}],"wp:attachment":[{"href":"https:\/\/blog.zeit.de\/ladurnerulrich\/wp-json\/wp\/v2\/media?parent=495"}],"wp:term":[{"taxonomy":"category","embeddable":true,"href":"https:\/\/blog.zeit.de\/ladurnerulrich\/wp-json\/wp\/v2\/categories?post=495"},{"taxonomy":"post_tag","embeddable":true,"href":"https:\/\/blog.zeit.de\/ladurnerulrich\/wp-json\/wp\/v2\/tags?post=495"}],"curies":[{"name":"wp","href":"https:\/\/api.w.org\/{rel}","templated":true}]}}