{"id":580,"date":"2010-01-26T16:25:31","date_gmt":"2010-01-26T15:25:31","guid":{"rendered":"http:\/\/blog.zeit.de\/ladurnerulrich\/?p=580"},"modified":"2010-01-26T20:45:30","modified_gmt":"2010-01-26T19:45:30","slug":"die-neue-strategie","status":"publish","type":"post","link":"https:\/\/blog.zeit.de\/ladurnerulrich\/2010\/01\/26\/die-neue-strategie\/","title":{"rendered":"Die neue Strategie"},"content":{"rendered":"<p>Die Afghanistan-Strategie der Bundesregierung l\u00e4sst sich kurz zusammenfassen: Mehr Soldaten, mehr ziviler Aufbau, Angebote f\u00fcr Taliban-Aussteiger, ein Datum f\u00fcr den Beginn des Abzugs (2011), ein Datum f\u00fcr die \u00dcbergabe der Verantwortung an die afghanischen Regierung (2014).<\/p>\n<p>Was ist daran neu?<\/p>\n<p>Die beiden Termine (2011 und\u00a0 2014) und die 50 Millionen Dollar, welche die Bundesregierung f\u00fcr Aussteigerprogramme ausgeben will. Die Programme gibt es freilich schon l\u00e4nger.\u00a0 Deutschland macht jetzt nur mit.<\/p>\n<p>Der Versuch, die Taliban abzuwerben, ist das zentrale St\u00fcck der gesamten Strategie. Denn jeder, ob General oder Politiker, ist sich darin einig , dass der Konflikt nicht milit\u00e4risch gewonnen werden kann. Darum geht es nur politisch. Oder anders: Man muss die Taliban f\u00fcr sich gewinnen. Der pakistanische Journalist und Talibanexperte, Achmed Rashid, legt in einem Artikel der j\u00fcngsten Ausgabe der <a href=\"http:\/\/www.nybooks.com\/articles\/23630\">New York Review of Books<\/a> detailliert dar, was es seiner Meinung alles br\u00e4uchte, um die Taliban zu \u00fcberzeugen.\u00a0 Ohne auf die Validit\u00e4t der einzelnen Punkte Raschids einzugehen, ist zu sagen, dass auch er glaubt,\u00a0 man k\u00f6nne einen gro\u00dfen Teil der Taliban \u00fcberzeugen, die Seiten zu wechseln. Ob das zutrifft, sei dahingestellt. Interessant ist, wen Raschid als Quelle f\u00fcr diese seine Grundannahme zitiert: den Nato Oberfehlshaber Stanley McChrystal und den Afghanistan-Beauftragten der US-Regierung Richard Holbrooke. Beides sind sicher nicht unabh\u00e4ngige Experten. Holbrooke sagte im Brustton der \u00dcberzeugung, dass nur <a href=\"http:\/\/www.dawn.com\/2009\/02\/26\/top13.htm\">f\u00fcnf Prozent<\/a> der Taliban unverbesserliche Hardliner sind und\u00a0 alle anderen gewinnen k\u00f6nne.<\/p>\n<p>Wie kommt Holbrooke zu dieser \u00dcberzeugung?<\/p>\n<p>Selbst wenn man sie teilte, wollte man doch gerne wissen, auf welche Fakten sie gest\u00fctzt wird. Da Afghanistan kein Land ist, in dem sich M\u00e4nner wie Holbrooke frei bewegen k\u00f6nnen, muss man annehmen, dass er die Geheimdienste seine wichtigsten Informationslieferanten sind.\u00a0 Deren Arbeit aber ist selbst in den Augen des US-Milit\u00e4rs \u00e4u\u00dferst schlecht. In einem Bericht kam <a href=\"http:\/\/www.cnas.org\/node\/3965\">General Michael Flynn <\/a>zu dem Schluss, dass die Geheimdienste nach &#8222;acht Jahren Krieg ahnungslos, ignorant und ohne jeden Kontakt mit den Einheimischen sind&#8220;<\/p>\n<p>Die Bundesregierung sollte das zu denken geben, nun da sie 50 Millionen ausgeben will, um aus Taliban Partner zu machen.<\/p>\n","protected":false},"excerpt":{"rendered":"<p>Die Afghanistan-Strategie der Bundesregierung l\u00e4sst sich kurz zusammenfassen: Mehr Soldaten, mehr ziviler Aufbau, Angebote f\u00fcr Taliban-Aussteiger, ein Datum f\u00fcr den Beginn des Abzugs (2011), ein Datum f\u00fcr die \u00dcbergabe der Verantwortung an die afghanischen Regierung (2014). Was ist daran neu? Die beiden Termine (2011 und\u00a0 2014) und die 50 Millionen Dollar, welche die Bundesregierung f\u00fcr [&hellip;]<\/p>\n","protected":false},"author":87,"featured_media":0,"comment_status":"open","ping_status":"open","sticky":false,"template":"","format":"standard","meta":{"_jetpack_memberships_contains_paid_content":false,"footnotes":""},"categories":[151,1203,1205,618,1210],"tags":[38439,1211,38453,38443,38457],"class_list":["post-580","post","type-post","status-publish","format-standard","hentry","category-afghanistan","category-internationale-politik","category-krieg","category-nato","category-terror","tag-afghanistan","tag-auslandseinsatze","tag-krieg","tag-menschenrechte","tag-terror"],"yoast_head":"<!-- This site is optimized with the Yoast SEO plugin v21.0 - https:\/\/yoast.com\/wordpress\/plugins\/seo\/ -->\n<title>Die neue Strategie - Unterwegs in Europa<\/title>\n<meta name=\"robots\" content=\"index, follow, max-snippet:-1, max-image-preview:large, max-video-preview:-1\" \/>\n<link rel=\"canonical\" href=\"https:\/\/blog.zeit.de\/ladurnerulrich\/2010\/01\/26\/die-neue-strategie\/\" \/>\n<meta property=\"og:locale\" content=\"de_DE\" \/>\n<meta property=\"og:type\" content=\"article\" \/>\n<meta property=\"og:title\" content=\"Die neue Strategie - Unterwegs in Europa\" \/>\n<meta property=\"og:description\" content=\"Die Afghanistan-Strategie der Bundesregierung l\u00e4sst sich kurz zusammenfassen: Mehr Soldaten, mehr ziviler Aufbau, Angebote f\u00fcr Taliban-Aussteiger, ein Datum f\u00fcr den Beginn des Abzugs (2011), ein Datum f\u00fcr die \u00dcbergabe der Verantwortung an die afghanischen Regierung (2014). Was ist daran neu? Die beiden Termine (2011 und\u00a0 2014) und die 50 Millionen Dollar, welche die Bundesregierung f\u00fcr [&hellip;]\" \/>\n<meta property=\"og:url\" content=\"https:\/\/blog.zeit.de\/ladurnerulrich\/2010\/01\/26\/die-neue-strategie\/\" \/>\n<meta property=\"og:site_name\" content=\"Unterwegs in Europa\" \/>\n<meta property=\"article:published_time\" content=\"2010-01-26T15:25:31+00:00\" \/>\n<meta property=\"article:modified_time\" content=\"2010-01-26T19:45:30+00:00\" \/>\n<meta name=\"author\" content=\"Ulrich Ladurner\" \/>\n<meta name=\"twitter:label1\" content=\"Geschrieben von\" \/>\n\t<meta name=\"twitter:data1\" content=\"Ulrich Ladurner\" \/>\n\t<meta name=\"twitter:label2\" content=\"Gesch\u00e4tzte Lesezeit\" \/>\n\t<meta name=\"twitter:data2\" content=\"2\u00a0Minuten\" \/>\n<script type=\"application\/ld+json\" class=\"yoast-schema-graph\">{\"@context\":\"https:\/\/schema.org\",\"@graph\":[{\"@type\":\"WebPage\",\"@id\":\"https:\/\/blog.zeit.de\/ladurnerulrich\/2010\/01\/26\/die-neue-strategie\/\",\"url\":\"https:\/\/blog.zeit.de\/ladurnerulrich\/2010\/01\/26\/die-neue-strategie\/\",\"name\":\"Die neue Strategie - Unterwegs in Europa\",\"isPartOf\":{\"@id\":\"https:\/\/blog.zeit.de\/ladurnerulrich\/#website\"},\"datePublished\":\"2010-01-26T15:25:31+00:00\",\"dateModified\":\"2010-01-26T19:45:30+00:00\",\"author\":{\"@id\":\"https:\/\/blog.zeit.de\/ladurnerulrich\/#\/schema\/person\/41f9ab2ef02a3e3602daf321c07007f6\"},\"breadcrumb\":{\"@id\":\"https:\/\/blog.zeit.de\/ladurnerulrich\/2010\/01\/26\/die-neue-strategie\/#breadcrumb\"},\"inLanguage\":\"de\",\"potentialAction\":[{\"@type\":\"ReadAction\",\"target\":[\"https:\/\/blog.zeit.de\/ladurnerulrich\/2010\/01\/26\/die-neue-strategie\/\"]}]},{\"@type\":\"BreadcrumbList\",\"@id\":\"https:\/\/blog.zeit.de\/ladurnerulrich\/2010\/01\/26\/die-neue-strategie\/#breadcrumb\",\"itemListElement\":[{\"@type\":\"ListItem\",\"position\":1,\"name\":\"Startseite\",\"item\":\"https:\/\/blog.zeit.de\/ladurnerulrich\/\"},{\"@type\":\"ListItem\",\"position\":2,\"name\":\"Die neue Strategie\"}]},{\"@type\":\"WebSite\",\"@id\":\"https:\/\/blog.zeit.de\/ladurnerulrich\/#website\",\"url\":\"https:\/\/blog.zeit.de\/ladurnerulrich\/\",\"name\":\"Unterwegs in Europa\",\"description\":\"Ladurners Blog f\u00fcr Einblicke in un\u00fcbersichtliche Landschaften\",\"potentialAction\":[{\"@type\":\"SearchAction\",\"target\":{\"@type\":\"EntryPoint\",\"urlTemplate\":\"https:\/\/blog.zeit.de\/ladurnerulrich\/?s={search_term_string}\"},\"query-input\":\"required name=search_term_string\"}],\"inLanguage\":\"de\"},{\"@type\":\"Person\",\"@id\":\"https:\/\/blog.zeit.de\/ladurnerulrich\/#\/schema\/person\/41f9ab2ef02a3e3602daf321c07007f6\",\"name\":\"Ulrich Ladurner\",\"image\":{\"@type\":\"ImageObject\",\"inLanguage\":\"de\",\"@id\":\"https:\/\/blog.zeit.de\/ladurnerulrich\/#\/schema\/person\/image\/\",\"url\":\"https:\/\/secure.gravatar.com\/avatar\/d01052e766579414676df807ab6fd98f6598a3bceab8af45b2984cba94333280?s=96&d=mm&r=g\",\"contentUrl\":\"https:\/\/secure.gravatar.com\/avatar\/d01052e766579414676df807ab6fd98f6598a3bceab8af45b2984cba94333280?s=96&d=mm&r=g\",\"caption\":\"Ulrich Ladurner\"},\"description\":\"lebt seit 1999 in Hamburg. Seitdem staunt er dar\u00fcber, was man in dieser Stadt erleben kann. Weil das mit dem Wundern nicht aufh\u00f6rt, gibt es diese Kolumne.\",\"sameAs\":[\"http:\/\/www.zeit.de\"],\"url\":\"https:\/\/blog.zeit.de\/ladurnerulrich\/author\/ulli-ladurner\/\"}]}<\/script>\n<!-- \/ Yoast SEO plugin. -->","yoast_head_json":{"title":"Die neue Strategie - Unterwegs in Europa","robots":{"index":"index","follow":"follow","max-snippet":"max-snippet:-1","max-image-preview":"max-image-preview:large","max-video-preview":"max-video-preview:-1"},"canonical":"https:\/\/blog.zeit.de\/ladurnerulrich\/2010\/01\/26\/die-neue-strategie\/","og_locale":"de_DE","og_type":"article","og_title":"Die neue Strategie - Unterwegs in Europa","og_description":"Die Afghanistan-Strategie der Bundesregierung l\u00e4sst sich kurz zusammenfassen: Mehr Soldaten, mehr ziviler Aufbau, Angebote f\u00fcr Taliban-Aussteiger, ein Datum f\u00fcr den Beginn des Abzugs (2011), ein Datum f\u00fcr die \u00dcbergabe der Verantwortung an die afghanischen Regierung (2014). Was ist daran neu? Die beiden Termine (2011 und\u00a0 2014) und die 50 Millionen Dollar, welche die Bundesregierung f\u00fcr [&hellip;]","og_url":"https:\/\/blog.zeit.de\/ladurnerulrich\/2010\/01\/26\/die-neue-strategie\/","og_site_name":"Unterwegs in Europa","article_published_time":"2010-01-26T15:25:31+00:00","article_modified_time":"2010-01-26T19:45:30+00:00","author":"Ulrich Ladurner","twitter_misc":{"Geschrieben von":"Ulrich Ladurner","Gesch\u00e4tzte Lesezeit":"2\u00a0Minuten"},"schema":{"@context":"https:\/\/schema.org","@graph":[{"@type":"WebPage","@id":"https:\/\/blog.zeit.de\/ladurnerulrich\/2010\/01\/26\/die-neue-strategie\/","url":"https:\/\/blog.zeit.de\/ladurnerulrich\/2010\/01\/26\/die-neue-strategie\/","name":"Die neue Strategie - Unterwegs in Europa","isPartOf":{"@id":"https:\/\/blog.zeit.de\/ladurnerulrich\/#website"},"datePublished":"2010-01-26T15:25:31+00:00","dateModified":"2010-01-26T19:45:30+00:00","author":{"@id":"https:\/\/blog.zeit.de\/ladurnerulrich\/#\/schema\/person\/41f9ab2ef02a3e3602daf321c07007f6"},"breadcrumb":{"@id":"https:\/\/blog.zeit.de\/ladurnerulrich\/2010\/01\/26\/die-neue-strategie\/#breadcrumb"},"inLanguage":"de","potentialAction":[{"@type":"ReadAction","target":["https:\/\/blog.zeit.de\/ladurnerulrich\/2010\/01\/26\/die-neue-strategie\/"]}]},{"@type":"BreadcrumbList","@id":"https:\/\/blog.zeit.de\/ladurnerulrich\/2010\/01\/26\/die-neue-strategie\/#breadcrumb","itemListElement":[{"@type":"ListItem","position":1,"name":"Startseite","item":"https:\/\/blog.zeit.de\/ladurnerulrich\/"},{"@type":"ListItem","position":2,"name":"Die neue Strategie"}]},{"@type":"WebSite","@id":"https:\/\/blog.zeit.de\/ladurnerulrich\/#website","url":"https:\/\/blog.zeit.de\/ladurnerulrich\/","name":"Unterwegs in Europa","description":"Ladurners Blog f\u00fcr Einblicke in un\u00fcbersichtliche Landschaften","potentialAction":[{"@type":"SearchAction","target":{"@type":"EntryPoint","urlTemplate":"https:\/\/blog.zeit.de\/ladurnerulrich\/?s={search_term_string}"},"query-input":"required name=search_term_string"}],"inLanguage":"de"},{"@type":"Person","@id":"https:\/\/blog.zeit.de\/ladurnerulrich\/#\/schema\/person\/41f9ab2ef02a3e3602daf321c07007f6","name":"Ulrich Ladurner","image":{"@type":"ImageObject","inLanguage":"de","@id":"https:\/\/blog.zeit.de\/ladurnerulrich\/#\/schema\/person\/image\/","url":"https:\/\/secure.gravatar.com\/avatar\/d01052e766579414676df807ab6fd98f6598a3bceab8af45b2984cba94333280?s=96&d=mm&r=g","contentUrl":"https:\/\/secure.gravatar.com\/avatar\/d01052e766579414676df807ab6fd98f6598a3bceab8af45b2984cba94333280?s=96&d=mm&r=g","caption":"Ulrich Ladurner"},"description":"lebt seit 1999 in Hamburg. Seitdem staunt er dar\u00fcber, was man in dieser Stadt erleben kann. Weil das mit dem Wundern nicht aufh\u00f6rt, gibt es diese Kolumne.","sameAs":["http:\/\/www.zeit.de"],"url":"https:\/\/blog.zeit.de\/ladurnerulrich\/author\/ulli-ladurner\/"}]}},"jetpack_featured_media_url":"","jetpack_sharing_enabled":true,"_links":{"self":[{"href":"https:\/\/blog.zeit.de\/ladurnerulrich\/wp-json\/wp\/v2\/posts\/580","targetHints":{"allow":["GET"]}}],"collection":[{"href":"https:\/\/blog.zeit.de\/ladurnerulrich\/wp-json\/wp\/v2\/posts"}],"about":[{"href":"https:\/\/blog.zeit.de\/ladurnerulrich\/wp-json\/wp\/v2\/types\/post"}],"author":[{"embeddable":true,"href":"https:\/\/blog.zeit.de\/ladurnerulrich\/wp-json\/wp\/v2\/users\/87"}],"replies":[{"embeddable":true,"href":"https:\/\/blog.zeit.de\/ladurnerulrich\/wp-json\/wp\/v2\/comments?post=580"}],"version-history":[{"count":0,"href":"https:\/\/blog.zeit.de\/ladurnerulrich\/wp-json\/wp\/v2\/posts\/580\/revisions"}],"wp:attachment":[{"href":"https:\/\/blog.zeit.de\/ladurnerulrich\/wp-json\/wp\/v2\/media?parent=580"}],"wp:term":[{"taxonomy":"category","embeddable":true,"href":"https:\/\/blog.zeit.de\/ladurnerulrich\/wp-json\/wp\/v2\/categories?post=580"},{"taxonomy":"post_tag","embeddable":true,"href":"https:\/\/blog.zeit.de\/ladurnerulrich\/wp-json\/wp\/v2\/tags?post=580"}],"curies":[{"name":"wp","href":"https:\/\/api.w.org\/{rel}","templated":true}]}}