{"id":600,"date":"2010-02-09T15:07:43","date_gmt":"2010-02-09T14:07:43","guid":{"rendered":"http:\/\/blog.zeit.de\/ladurnerulrich\/?p=600"},"modified":"2010-02-09T16:35:46","modified_gmt":"2010-02-09T15:35:46","slug":"theaterdonner-von-munchen","status":"publish","type":"post","link":"https:\/\/blog.zeit.de\/ladurnerulrich\/2010\/02\/09\/theaterdonner-von-munchen\/","title":{"rendered":"Theaterdonner von M\u00fcnchen"},"content":{"rendered":"<p>Das Sch\u00f6nste an der M\u00fcnchner Sicherheitskonferenz ist ihr theatralischer Kern. Die Konferenz \u00e4hnelt in gewisser Weise den Oscar-Festivit\u00e4ten Hollywoods: Es trifft sich alles, was in der Sicherheitspolitik Rang und Namen hat, allerdings werden in M\u00fcnchen keine Preise f\u00fcr besondere Verdienste um die filmische Kunst verliehen. Trotzdem gibt es meist einen unbestrittenen Star in M\u00fcnchen \u2013 und es ist auffallend, dass dieser Star immer die Rolle des B\u00f6sewicht einnimmt. \u00a0\u00a02007 nahm der damalige russische Pr\u00e4sident, <a href=\"http:\/\/www.sueddeutsche.de\/politik\/410\/354240\/text\/\">Wladimir Putin<\/a>, diese Rolle ein, indem er eine scharfe antiwestliche Rede hielt, die\u00a0 an die Zeiten des Kalten Krieges erinnerte.\u00a0 2003 war es der damalige US-Verteidigungsminister <a href=\"http:\/\/www.handelsblatt.com\/archiv\/rumsfeld-und-fischer-liefern-sich-schlagabtausch;602440\">Donald Rumsfeld<\/a>, der kurz vor dem Ausbruch des Irak-Krieges dem Deutschen Joschka Fischer auf seinen Satz hin: \u201eI am not convinced!\u201c\u00a0 eine versteinerte Miene entgegen hielt.<\/p>\n<p>Und in diesem Jahr war es <a href=\"http:\/\/www.stern.de\/thema\/aussenminister-manuchehr-mottaki\">Manuchehr Mottaki<\/a> &#8211; der iranische Au\u00dfenminister.\u00a0 Erst kam er \u00fcberraschend &#8211; das f\u00fchrte zum ersten (kleinen) Medienhype &#8211; dann packte er doch nur alte Vorschl\u00e4ge aus &#8211; das f\u00fchrte zum zweiten (gr\u00f6\u00dferen) <a href=\"http:\/\/www.stern.de\/politik\/ausland\/guttenberg-von-irans-aussenminister-enttaeuscht-1541460.html\">Medienhype.<\/a> Als dann Irans Pr\u00e4sident Machmud Achmadinedschad, entgegen Mottakis in M\u00fcnchen ge\u00e4u\u00dferten Vorschl\u00e4gen, bekannt gab, dass Iran sein Uran auf knapp 20 Prozent anreichern w\u00fcrde, da brach der dritte (gro\u00dfe) <a href=\"http:\/\/www.welt.de\/politik\/ausland\/article6287338\/Ahmadinedschad-befiehlt-hoehere-Urananreicherung.html\">Mediensturm<\/a> rund um die M\u00fcnchner Sicherheitskonferenz los.<\/p>\n<p>Hat sich der Theaterdonner gelegt, wird man einen altbekannten Konflikt erkennen. Iran besteht auf seinem Recht,\u00a0 Uran anzureichern, der UN _-Sicherheitsrat misstraut jedoch den Absichten des Regimes in Teheran und verd\u00e4chtigt es, eine Atombombe bauen zu wollen. Darum hat der Sicherheitsrat in mehreren Runden Sanktionen beschlossen, um Iran zu einer st\u00e4rkeren Kooperation mit der Internationalen Atomenergiebeh\u00f6rde in Wien zu zwingen. Iran verweigert sich nicht vollkommen &#8211; aber gibt im Kern nicht nach. Darum wird jetzt von weiteren Sanktionen geredet.<\/p>\n<p>Das Get\u00f6se von M\u00fcnchen erweckte freilich den Eindruck, als habe Iran nun endg\u00fcltig und f\u00fcr immer eine rote Linie \u00fcberschritten. Dem ist nicht so. Ein rote Linie h\u00e4tte Iran erst dann \u00fcberschritten, wenn es wirklich eine Atombombe in den H\u00e4nden hielte. Bisher gibt es daf\u00fcr nur viele Verdachtsmomente, aber keine konkreten, handfeste Beweisen. Und bis dahin wird man sich\u00a0 in beharrlicher, druckvoller Diplomatie \u00fcben m\u00fcssen. Ein andere Alternative gibt es nicht.<\/p>\n","protected":false},"excerpt":{"rendered":"<p>Das Sch\u00f6nste an der M\u00fcnchner Sicherheitskonferenz ist ihr theatralischer Kern. Die Konferenz \u00e4hnelt in gewisser Weise den Oscar-Festivit\u00e4ten Hollywoods: Es trifft sich alles, was in der Sicherheitspolitik Rang und Namen hat, allerdings werden in M\u00fcnchen keine Preise f\u00fcr besondere Verdienste um die filmische Kunst verliehen. Trotzdem gibt es meist einen unbestrittenen Star in M\u00fcnchen \u2013 [&hellip;]<\/p>\n","protected":false},"author":87,"featured_media":0,"comment_status":"open","ping_status":"open","sticky":false,"template":"","format":"standard","meta":{"_jetpack_memberships_contains_paid_content":false,"footnotes":""},"categories":[1203,166,1205],"tags":[1231,38452,38441,38453],"class_list":["post-600","post","type-post","status-publish","format-standard","hentry","category-internationale-politik","category-iran","category-krieg","tag-atom","tag-internationale-politik","tag-iran","tag-krieg"],"yoast_head":"<!-- This site is optimized with the Yoast SEO plugin v21.0 - https:\/\/yoast.com\/wordpress\/plugins\/seo\/ -->\n<title>Theaterdonner von M\u00fcnchen - Unterwegs in Europa<\/title>\n<meta name=\"robots\" content=\"index, follow, max-snippet:-1, max-image-preview:large, max-video-preview:-1\" \/>\n<link rel=\"canonical\" href=\"https:\/\/blog.zeit.de\/ladurnerulrich\/2010\/02\/09\/theaterdonner-von-munchen\/\" \/>\n<meta property=\"og:locale\" content=\"de_DE\" \/>\n<meta property=\"og:type\" content=\"article\" \/>\n<meta property=\"og:title\" content=\"Theaterdonner von M\u00fcnchen - Unterwegs in Europa\" \/>\n<meta property=\"og:description\" content=\"Das Sch\u00f6nste an der M\u00fcnchner Sicherheitskonferenz ist ihr theatralischer Kern. Die Konferenz \u00e4hnelt in gewisser Weise den Oscar-Festivit\u00e4ten Hollywoods: Es trifft sich alles, was in der Sicherheitspolitik Rang und Namen hat, allerdings werden in M\u00fcnchen keine Preise f\u00fcr besondere Verdienste um die filmische Kunst verliehen. Trotzdem gibt es meist einen unbestrittenen Star in M\u00fcnchen \u2013 [&hellip;]\" \/>\n<meta property=\"og:url\" content=\"https:\/\/blog.zeit.de\/ladurnerulrich\/2010\/02\/09\/theaterdonner-von-munchen\/\" \/>\n<meta property=\"og:site_name\" content=\"Unterwegs in Europa\" \/>\n<meta property=\"article:published_time\" content=\"2010-02-09T14:07:43+00:00\" \/>\n<meta property=\"article:modified_time\" content=\"2010-02-09T15:35:46+00:00\" \/>\n<meta name=\"author\" content=\"Ulrich Ladurner\" \/>\n<meta name=\"twitter:label1\" content=\"Geschrieben von\" \/>\n\t<meta name=\"twitter:data1\" content=\"Ulrich Ladurner\" \/>\n\t<meta name=\"twitter:label2\" content=\"Gesch\u00e4tzte Lesezeit\" \/>\n\t<meta name=\"twitter:data2\" content=\"2\u00a0Minuten\" \/>\n<script type=\"application\/ld+json\" class=\"yoast-schema-graph\">{\"@context\":\"https:\/\/schema.org\",\"@graph\":[{\"@type\":\"WebPage\",\"@id\":\"https:\/\/blog.zeit.de\/ladurnerulrich\/2010\/02\/09\/theaterdonner-von-munchen\/\",\"url\":\"https:\/\/blog.zeit.de\/ladurnerulrich\/2010\/02\/09\/theaterdonner-von-munchen\/\",\"name\":\"Theaterdonner von M\u00fcnchen - Unterwegs in Europa\",\"isPartOf\":{\"@id\":\"https:\/\/blog.zeit.de\/ladurnerulrich\/#website\"},\"datePublished\":\"2010-02-09T14:07:43+00:00\",\"dateModified\":\"2010-02-09T15:35:46+00:00\",\"author\":{\"@id\":\"https:\/\/blog.zeit.de\/ladurnerulrich\/#\/schema\/person\/41f9ab2ef02a3e3602daf321c07007f6\"},\"breadcrumb\":{\"@id\":\"https:\/\/blog.zeit.de\/ladurnerulrich\/2010\/02\/09\/theaterdonner-von-munchen\/#breadcrumb\"},\"inLanguage\":\"de\",\"potentialAction\":[{\"@type\":\"ReadAction\",\"target\":[\"https:\/\/blog.zeit.de\/ladurnerulrich\/2010\/02\/09\/theaterdonner-von-munchen\/\"]}]},{\"@type\":\"BreadcrumbList\",\"@id\":\"https:\/\/blog.zeit.de\/ladurnerulrich\/2010\/02\/09\/theaterdonner-von-munchen\/#breadcrumb\",\"itemListElement\":[{\"@type\":\"ListItem\",\"position\":1,\"name\":\"Startseite\",\"item\":\"https:\/\/blog.zeit.de\/ladurnerulrich\/\"},{\"@type\":\"ListItem\",\"position\":2,\"name\":\"Theaterdonner von M\u00fcnchen\"}]},{\"@type\":\"WebSite\",\"@id\":\"https:\/\/blog.zeit.de\/ladurnerulrich\/#website\",\"url\":\"https:\/\/blog.zeit.de\/ladurnerulrich\/\",\"name\":\"Unterwegs in Europa\",\"description\":\"Ladurners Blog f\u00fcr Einblicke in un\u00fcbersichtliche Landschaften\",\"potentialAction\":[{\"@type\":\"SearchAction\",\"target\":{\"@type\":\"EntryPoint\",\"urlTemplate\":\"https:\/\/blog.zeit.de\/ladurnerulrich\/?s={search_term_string}\"},\"query-input\":\"required name=search_term_string\"}],\"inLanguage\":\"de\"},{\"@type\":\"Person\",\"@id\":\"https:\/\/blog.zeit.de\/ladurnerulrich\/#\/schema\/person\/41f9ab2ef02a3e3602daf321c07007f6\",\"name\":\"Ulrich Ladurner\",\"image\":{\"@type\":\"ImageObject\",\"inLanguage\":\"de\",\"@id\":\"https:\/\/blog.zeit.de\/ladurnerulrich\/#\/schema\/person\/image\/\",\"url\":\"https:\/\/secure.gravatar.com\/avatar\/d01052e766579414676df807ab6fd98f6598a3bceab8af45b2984cba94333280?s=96&d=mm&r=g\",\"contentUrl\":\"https:\/\/secure.gravatar.com\/avatar\/d01052e766579414676df807ab6fd98f6598a3bceab8af45b2984cba94333280?s=96&d=mm&r=g\",\"caption\":\"Ulrich Ladurner\"},\"description\":\"lebt seit 1999 in Hamburg. Seitdem staunt er dar\u00fcber, was man in dieser Stadt erleben kann. Weil das mit dem Wundern nicht aufh\u00f6rt, gibt es diese Kolumne.\",\"sameAs\":[\"http:\/\/www.zeit.de\"],\"url\":\"https:\/\/blog.zeit.de\/ladurnerulrich\/author\/ulli-ladurner\/\"}]}<\/script>\n<!-- \/ Yoast SEO plugin. -->","yoast_head_json":{"title":"Theaterdonner von M\u00fcnchen - Unterwegs in Europa","robots":{"index":"index","follow":"follow","max-snippet":"max-snippet:-1","max-image-preview":"max-image-preview:large","max-video-preview":"max-video-preview:-1"},"canonical":"https:\/\/blog.zeit.de\/ladurnerulrich\/2010\/02\/09\/theaterdonner-von-munchen\/","og_locale":"de_DE","og_type":"article","og_title":"Theaterdonner von M\u00fcnchen - Unterwegs in Europa","og_description":"Das Sch\u00f6nste an der M\u00fcnchner Sicherheitskonferenz ist ihr theatralischer Kern. Die Konferenz \u00e4hnelt in gewisser Weise den Oscar-Festivit\u00e4ten Hollywoods: Es trifft sich alles, was in der Sicherheitspolitik Rang und Namen hat, allerdings werden in M\u00fcnchen keine Preise f\u00fcr besondere Verdienste um die filmische Kunst verliehen. Trotzdem gibt es meist einen unbestrittenen Star in M\u00fcnchen \u2013 [&hellip;]","og_url":"https:\/\/blog.zeit.de\/ladurnerulrich\/2010\/02\/09\/theaterdonner-von-munchen\/","og_site_name":"Unterwegs in Europa","article_published_time":"2010-02-09T14:07:43+00:00","article_modified_time":"2010-02-09T15:35:46+00:00","author":"Ulrich Ladurner","twitter_misc":{"Geschrieben von":"Ulrich Ladurner","Gesch\u00e4tzte Lesezeit":"2\u00a0Minuten"},"schema":{"@context":"https:\/\/schema.org","@graph":[{"@type":"WebPage","@id":"https:\/\/blog.zeit.de\/ladurnerulrich\/2010\/02\/09\/theaterdonner-von-munchen\/","url":"https:\/\/blog.zeit.de\/ladurnerulrich\/2010\/02\/09\/theaterdonner-von-munchen\/","name":"Theaterdonner von M\u00fcnchen - Unterwegs in Europa","isPartOf":{"@id":"https:\/\/blog.zeit.de\/ladurnerulrich\/#website"},"datePublished":"2010-02-09T14:07:43+00:00","dateModified":"2010-02-09T15:35:46+00:00","author":{"@id":"https:\/\/blog.zeit.de\/ladurnerulrich\/#\/schema\/person\/41f9ab2ef02a3e3602daf321c07007f6"},"breadcrumb":{"@id":"https:\/\/blog.zeit.de\/ladurnerulrich\/2010\/02\/09\/theaterdonner-von-munchen\/#breadcrumb"},"inLanguage":"de","potentialAction":[{"@type":"ReadAction","target":["https:\/\/blog.zeit.de\/ladurnerulrich\/2010\/02\/09\/theaterdonner-von-munchen\/"]}]},{"@type":"BreadcrumbList","@id":"https:\/\/blog.zeit.de\/ladurnerulrich\/2010\/02\/09\/theaterdonner-von-munchen\/#breadcrumb","itemListElement":[{"@type":"ListItem","position":1,"name":"Startseite","item":"https:\/\/blog.zeit.de\/ladurnerulrich\/"},{"@type":"ListItem","position":2,"name":"Theaterdonner von M\u00fcnchen"}]},{"@type":"WebSite","@id":"https:\/\/blog.zeit.de\/ladurnerulrich\/#website","url":"https:\/\/blog.zeit.de\/ladurnerulrich\/","name":"Unterwegs in Europa","description":"Ladurners Blog f\u00fcr Einblicke in un\u00fcbersichtliche Landschaften","potentialAction":[{"@type":"SearchAction","target":{"@type":"EntryPoint","urlTemplate":"https:\/\/blog.zeit.de\/ladurnerulrich\/?s={search_term_string}"},"query-input":"required name=search_term_string"}],"inLanguage":"de"},{"@type":"Person","@id":"https:\/\/blog.zeit.de\/ladurnerulrich\/#\/schema\/person\/41f9ab2ef02a3e3602daf321c07007f6","name":"Ulrich Ladurner","image":{"@type":"ImageObject","inLanguage":"de","@id":"https:\/\/blog.zeit.de\/ladurnerulrich\/#\/schema\/person\/image\/","url":"https:\/\/secure.gravatar.com\/avatar\/d01052e766579414676df807ab6fd98f6598a3bceab8af45b2984cba94333280?s=96&d=mm&r=g","contentUrl":"https:\/\/secure.gravatar.com\/avatar\/d01052e766579414676df807ab6fd98f6598a3bceab8af45b2984cba94333280?s=96&d=mm&r=g","caption":"Ulrich Ladurner"},"description":"lebt seit 1999 in Hamburg. Seitdem staunt er dar\u00fcber, was man in dieser Stadt erleben kann. Weil das mit dem Wundern nicht aufh\u00f6rt, gibt es diese Kolumne.","sameAs":["http:\/\/www.zeit.de"],"url":"https:\/\/blog.zeit.de\/ladurnerulrich\/author\/ulli-ladurner\/"}]}},"jetpack_featured_media_url":"","jetpack_sharing_enabled":true,"_links":{"self":[{"href":"https:\/\/blog.zeit.de\/ladurnerulrich\/wp-json\/wp\/v2\/posts\/600","targetHints":{"allow":["GET"]}}],"collection":[{"href":"https:\/\/blog.zeit.de\/ladurnerulrich\/wp-json\/wp\/v2\/posts"}],"about":[{"href":"https:\/\/blog.zeit.de\/ladurnerulrich\/wp-json\/wp\/v2\/types\/post"}],"author":[{"embeddable":true,"href":"https:\/\/blog.zeit.de\/ladurnerulrich\/wp-json\/wp\/v2\/users\/87"}],"replies":[{"embeddable":true,"href":"https:\/\/blog.zeit.de\/ladurnerulrich\/wp-json\/wp\/v2\/comments?post=600"}],"version-history":[{"count":0,"href":"https:\/\/blog.zeit.de\/ladurnerulrich\/wp-json\/wp\/v2\/posts\/600\/revisions"}],"wp:attachment":[{"href":"https:\/\/blog.zeit.de\/ladurnerulrich\/wp-json\/wp\/v2\/media?parent=600"}],"wp:term":[{"taxonomy":"category","embeddable":true,"href":"https:\/\/blog.zeit.de\/ladurnerulrich\/wp-json\/wp\/v2\/categories?post=600"},{"taxonomy":"post_tag","embeddable":true,"href":"https:\/\/blog.zeit.de\/ladurnerulrich\/wp-json\/wp\/v2\/tags?post=600"}],"curies":[{"name":"wp","href":"https:\/\/api.w.org\/{rel}","templated":true}]}}