{"id":64,"date":"2009-07-06T23:06:12","date_gmt":"2009-07-06T23:06:12","guid":{"rendered":"http:\/\/ladurnerulrich.wordpress.com\/?p=64"},"modified":"2009-07-06T23:06:12","modified_gmt":"2009-07-06T23:06:12","slug":"64","status":"publish","type":"post","link":"https:\/\/blog.zeit.de\/ladurnerulrich\/2009\/07\/06\/64\/","title":{"rendered":"Italienische Erfolge"},"content":{"rendered":"<p><img loading=\"lazy\" decoding=\"async\" class=\"alignnone size-medium wp-image-63\" title=\"Arzignano\" src=\"https:\/\/blog.zeit.de\/ladurnerulrich\/files\/2009\/07\/arzignano.jpg?w=300\" alt=\"Arzignano\" width=\"300\" height=\"200\" srcset=\"https:\/\/blog.zeit.de\/ladurnerulrich\/files\/2009\/07\/arzignano.jpg 4368w, https:\/\/blog.zeit.de\/ladurnerulrich\/files\/2009\/07\/arzignano-300x200.jpg 300w, https:\/\/blog.zeit.de\/ladurnerulrich\/files\/2009\/07\/arzignano-1024x682.jpg 1024w\" sizes=\"auto, (max-width: 300px) 100vw, 300px\" \/>\u00a0\u00a9Ulrich Ladurner<\/p>\n<p>\u00a0<\/p>\n<p style=\"padding-left:30px;\">1990 kamen tausende albanische Einwanderer mit einem gekaperten Frachter nach Italien. Niemand war auf diesen <a href=\"http:\/\/images.google.com\/imgres?imgurl=http:\/\/www.esiweb.org\/balkanexpress\/images\/albania\/exodus.jpg&amp;imgrefurl=http:\/\/www.esiweb.org\/index.php%3Flang%3Dde%26id%3D311%26film_ID%3D3%26slide_ID%3D27&amp;usg=__99WkBf-GmB7JqA20Iz-uBfKYXzw=&amp;h=464&amp;w=590&amp;sz=67&amp;hl=de&amp;start=1&amp;um=1&amp;tbnid=r1eKk41B0ul7bM:&amp;tbnh=106&amp;tbnw=135&amp;prev=\/images%3Fq%3DImmigration%2B%252B%2BAlbaner%2B%252B%2Bschiff%26hl%3Dde%26client%3Dsafari%26rls%3Dde-de%26sa%3DN%26um%3D1\/\"><span style=\"color:#000000;text-decoration:none;\">Massenexodus<\/span><\/a> vorbereitet. Die <a href=\"http:\/\/de.wikipedia.org\/wiki\/Lega_Nord\"><span style=\"color:#000000;text-decoration:none;\">Lega Nord<\/span><\/a> gab es damals noch nicht. Sie wurde 1991 aus einem Zusammenschluss mehrere separatistischer Parteien gegr\u00fcndet. 1992 errang sie auf Anhieb landesweit 8,7 % Prozent der Stimmen. Damals mobilisierte sie vor allem gegen Rom. &#8222;Roma ladrona-Rom die Diebin&#8220; war ihre beliebter Schlachtruf. Einwanderer war noch keine wirkliches Thema f\u00fcr die Partei. Doch nur wenige Jahre sp\u00e4ter r\u00fcckte die Lega Nord unter ihrem Chef, Umberto Bossi, die Immigration in das Zentrum ihrer Politik. Damit machte sie Stimmung und gewann Stimmen. Bossi tat den ber\u00fcchtigten Spruch: &#8222;Man muss mit Kanonen auf diese Schiffe schie\u00dfen!&#8220; &#8211; gemeint waren die Boote, die illegale Einwanderer nach Italien bringen.<\/p>\n<p style=\"padding-left:30px;\">Das Bild zeigt eine Wahlkampfveranstaltung der Lega Nord in der \u00a0reichen norditalienischen Stadt Arzignano. Diese Stadt war jahrzehntelang fest in der Hand der Mittelinksparteien. 2009 aber fiel sie in die H\u00e4nde der Lega Nord und des mit ihr verb\u00fcndeten &#8222;Popolo d\u00b4Italia&#8220; von Ministerpr\u00e4sident Silvio Berlusconi. Die Lega Nord gewann in Arzignano <a href=\"http:\/\/corrieredelveneto.corriere.it\/notizie\/politica\/2009\/9-giugno-2009\/valanga-centrodestra-arzignano-gentilin-1601447342492.shtml\"><span style=\"color:#000000;text-decoration:none;\">33,9 Prozent<\/span><\/a> der Stimmen.<\/p>\n<p style=\"padding-left:30px;\">Auf dem Plakat steht: &#8222;Wir haben die Invasion aufgehalten!&#8220;<\/p>\n<p><img loading=\"lazy\" decoding=\"async\" class=\"alignnone size-large wp-image-67\" title=\"Arzignano2\" src=\"https:\/\/blog.zeit.de\/ladurnerulrich\/files\/2009\/07\/arzignano2.jpg?w=1024\" alt=\"Arzignano2\" width=\"614\" height=\"409\" srcset=\"https:\/\/blog.zeit.de\/ladurnerulrich\/files\/2009\/07\/arzignano2.jpg 4368w, https:\/\/blog.zeit.de\/ladurnerulrich\/files\/2009\/07\/arzignano2-300x200.jpg 300w, https:\/\/blog.zeit.de\/ladurnerulrich\/files\/2009\/07\/arzignano2-1024x682.jpg 1024w\" sizes=\"auto, (max-width: 614px) 100vw, 614px\" \/>\u00a9Ulrich Ladurner<\/p>\n","protected":false},"excerpt":{"rendered":"<p>\u00a0\u00a9Ulrich Ladurner \u00a0 1990 kamen tausende albanische Einwanderer mit einem gekaperten Frachter nach Italien. Niemand war auf diesen Massenexodus vorbereitet. Die Lega Nord gab es damals noch nicht. Sie wurde 1991 aus einem Zusammenschluss mehrere separatistischer Parteien gegr\u00fcndet. 1992 errang sie auf Anhieb landesweit 8,7 % Prozent der Stimmen. Damals mobilisierte sie vor allem gegen [&hellip;]<\/p>\n","protected":false},"author":87,"featured_media":0,"comment_status":"open","ping_status":"open","sticky":false,"template":"","format":"standard","meta":{"_jetpack_memberships_contains_paid_content":false,"footnotes":""},"categories":[1195,1200,1201,377,1206],"tags":[38450,38451,38442,38454,97],"class_list":["post-64","post","type-post","status-publish","format-standard","hentry","category-albanien","category-einwanderer","category-immigration","category-italien","category-lega-nord","tag-immigration","tag-international","tag-italien","tag-lega-nord","tag-rassismus"],"yoast_head":"<!-- This site is optimized with the Yoast SEO plugin v21.0 - https:\/\/yoast.com\/wordpress\/plugins\/seo\/ -->\n<title>Italienische Erfolge - Unterwegs in Europa<\/title>\n<meta name=\"robots\" content=\"index, follow, max-snippet:-1, max-image-preview:large, max-video-preview:-1\" \/>\n<link rel=\"canonical\" href=\"https:\/\/blog.zeit.de\/ladurnerulrich\/2009\/07\/06\/64\/\" \/>\n<meta property=\"og:locale\" content=\"de_DE\" \/>\n<meta property=\"og:type\" content=\"article\" \/>\n<meta property=\"og:title\" content=\"Italienische Erfolge - Unterwegs in Europa\" \/>\n<meta property=\"og:description\" content=\"\u00a0\u00a9Ulrich Ladurner \u00a0 1990 kamen tausende albanische Einwanderer mit einem gekaperten Frachter nach Italien. Niemand war auf diesen Massenexodus vorbereitet. Die Lega Nord gab es damals noch nicht. Sie wurde 1991 aus einem Zusammenschluss mehrere separatistischer Parteien gegr\u00fcndet. 1992 errang sie auf Anhieb landesweit 8,7 % Prozent der Stimmen. Damals mobilisierte sie vor allem gegen [&hellip;]\" \/>\n<meta property=\"og:url\" content=\"https:\/\/blog.zeit.de\/ladurnerulrich\/2009\/07\/06\/64\/\" \/>\n<meta property=\"og:site_name\" content=\"Unterwegs in Europa\" \/>\n<meta property=\"article:published_time\" content=\"2009-07-06T23:06:12+00:00\" \/>\n<meta property=\"og:image\" content=\"https:\/\/blog.zeit.de\/ladurnerulrich\/files\/2009\/07\/arzignano.jpg?w=300\" \/>\n<meta name=\"author\" content=\"Ulrich Ladurner\" \/>\n<meta name=\"twitter:label1\" content=\"Geschrieben von\" \/>\n\t<meta name=\"twitter:data1\" content=\"Ulrich Ladurner\" \/>\n\t<meta name=\"twitter:label2\" content=\"Gesch\u00e4tzte Lesezeit\" \/>\n\t<meta name=\"twitter:data2\" content=\"1\u00a0Minute\" \/>\n<script type=\"application\/ld+json\" class=\"yoast-schema-graph\">{\"@context\":\"https:\/\/schema.org\",\"@graph\":[{\"@type\":\"WebPage\",\"@id\":\"https:\/\/blog.zeit.de\/ladurnerulrich\/2009\/07\/06\/64\/\",\"url\":\"https:\/\/blog.zeit.de\/ladurnerulrich\/2009\/07\/06\/64\/\",\"name\":\"Italienische Erfolge - Unterwegs in Europa\",\"isPartOf\":{\"@id\":\"https:\/\/blog.zeit.de\/ladurnerulrich\/#website\"},\"datePublished\":\"2009-07-06T23:06:12+00:00\",\"dateModified\":\"2009-07-06T23:06:12+00:00\",\"author\":{\"@id\":\"https:\/\/blog.zeit.de\/ladurnerulrich\/#\/schema\/person\/41f9ab2ef02a3e3602daf321c07007f6\"},\"breadcrumb\":{\"@id\":\"https:\/\/blog.zeit.de\/ladurnerulrich\/2009\/07\/06\/64\/#breadcrumb\"},\"inLanguage\":\"de\",\"potentialAction\":[{\"@type\":\"ReadAction\",\"target\":[\"https:\/\/blog.zeit.de\/ladurnerulrich\/2009\/07\/06\/64\/\"]}]},{\"@type\":\"BreadcrumbList\",\"@id\":\"https:\/\/blog.zeit.de\/ladurnerulrich\/2009\/07\/06\/64\/#breadcrumb\",\"itemListElement\":[{\"@type\":\"ListItem\",\"position\":1,\"name\":\"Startseite\",\"item\":\"https:\/\/blog.zeit.de\/ladurnerulrich\/\"},{\"@type\":\"ListItem\",\"position\":2,\"name\":\"Italienische Erfolge\"}]},{\"@type\":\"WebSite\",\"@id\":\"https:\/\/blog.zeit.de\/ladurnerulrich\/#website\",\"url\":\"https:\/\/blog.zeit.de\/ladurnerulrich\/\",\"name\":\"Unterwegs in Europa\",\"description\":\"Ladurners Blog f\u00fcr Einblicke in un\u00fcbersichtliche Landschaften\",\"potentialAction\":[{\"@type\":\"SearchAction\",\"target\":{\"@type\":\"EntryPoint\",\"urlTemplate\":\"https:\/\/blog.zeit.de\/ladurnerulrich\/?s={search_term_string}\"},\"query-input\":\"required name=search_term_string\"}],\"inLanguage\":\"de\"},{\"@type\":\"Person\",\"@id\":\"https:\/\/blog.zeit.de\/ladurnerulrich\/#\/schema\/person\/41f9ab2ef02a3e3602daf321c07007f6\",\"name\":\"Ulrich Ladurner\",\"image\":{\"@type\":\"ImageObject\",\"inLanguage\":\"de\",\"@id\":\"https:\/\/blog.zeit.de\/ladurnerulrich\/#\/schema\/person\/image\/\",\"url\":\"https:\/\/secure.gravatar.com\/avatar\/d01052e766579414676df807ab6fd98f6598a3bceab8af45b2984cba94333280?s=96&d=mm&r=g\",\"contentUrl\":\"https:\/\/secure.gravatar.com\/avatar\/d01052e766579414676df807ab6fd98f6598a3bceab8af45b2984cba94333280?s=96&d=mm&r=g\",\"caption\":\"Ulrich Ladurner\"},\"description\":\"lebt seit 1999 in Hamburg. Seitdem staunt er dar\u00fcber, was man in dieser Stadt erleben kann. Weil das mit dem Wundern nicht aufh\u00f6rt, gibt es diese Kolumne.\",\"sameAs\":[\"http:\/\/www.zeit.de\"],\"url\":\"https:\/\/blog.zeit.de\/ladurnerulrich\/author\/ulli-ladurner\/\"}]}<\/script>\n<!-- \/ Yoast SEO plugin. -->","yoast_head_json":{"title":"Italienische Erfolge - Unterwegs in Europa","robots":{"index":"index","follow":"follow","max-snippet":"max-snippet:-1","max-image-preview":"max-image-preview:large","max-video-preview":"max-video-preview:-1"},"canonical":"https:\/\/blog.zeit.de\/ladurnerulrich\/2009\/07\/06\/64\/","og_locale":"de_DE","og_type":"article","og_title":"Italienische Erfolge - Unterwegs in Europa","og_description":"\u00a0\u00a9Ulrich Ladurner \u00a0 1990 kamen tausende albanische Einwanderer mit einem gekaperten Frachter nach Italien. Niemand war auf diesen Massenexodus vorbereitet. Die Lega Nord gab es damals noch nicht. Sie wurde 1991 aus einem Zusammenschluss mehrere separatistischer Parteien gegr\u00fcndet. 1992 errang sie auf Anhieb landesweit 8,7 % Prozent der Stimmen. Damals mobilisierte sie vor allem gegen [&hellip;]","og_url":"https:\/\/blog.zeit.de\/ladurnerulrich\/2009\/07\/06\/64\/","og_site_name":"Unterwegs in Europa","article_published_time":"2009-07-06T23:06:12+00:00","og_image":[{"url":"https:\/\/blog.zeit.de\/ladurnerulrich\/files\/2009\/07\/arzignano.jpg?w=300"}],"author":"Ulrich Ladurner","twitter_misc":{"Geschrieben von":"Ulrich Ladurner","Gesch\u00e4tzte Lesezeit":"1\u00a0Minute"},"schema":{"@context":"https:\/\/schema.org","@graph":[{"@type":"WebPage","@id":"https:\/\/blog.zeit.de\/ladurnerulrich\/2009\/07\/06\/64\/","url":"https:\/\/blog.zeit.de\/ladurnerulrich\/2009\/07\/06\/64\/","name":"Italienische Erfolge - Unterwegs in Europa","isPartOf":{"@id":"https:\/\/blog.zeit.de\/ladurnerulrich\/#website"},"datePublished":"2009-07-06T23:06:12+00:00","dateModified":"2009-07-06T23:06:12+00:00","author":{"@id":"https:\/\/blog.zeit.de\/ladurnerulrich\/#\/schema\/person\/41f9ab2ef02a3e3602daf321c07007f6"},"breadcrumb":{"@id":"https:\/\/blog.zeit.de\/ladurnerulrich\/2009\/07\/06\/64\/#breadcrumb"},"inLanguage":"de","potentialAction":[{"@type":"ReadAction","target":["https:\/\/blog.zeit.de\/ladurnerulrich\/2009\/07\/06\/64\/"]}]},{"@type":"BreadcrumbList","@id":"https:\/\/blog.zeit.de\/ladurnerulrich\/2009\/07\/06\/64\/#breadcrumb","itemListElement":[{"@type":"ListItem","position":1,"name":"Startseite","item":"https:\/\/blog.zeit.de\/ladurnerulrich\/"},{"@type":"ListItem","position":2,"name":"Italienische Erfolge"}]},{"@type":"WebSite","@id":"https:\/\/blog.zeit.de\/ladurnerulrich\/#website","url":"https:\/\/blog.zeit.de\/ladurnerulrich\/","name":"Unterwegs in Europa","description":"Ladurners Blog f\u00fcr Einblicke in un\u00fcbersichtliche Landschaften","potentialAction":[{"@type":"SearchAction","target":{"@type":"EntryPoint","urlTemplate":"https:\/\/blog.zeit.de\/ladurnerulrich\/?s={search_term_string}"},"query-input":"required name=search_term_string"}],"inLanguage":"de"},{"@type":"Person","@id":"https:\/\/blog.zeit.de\/ladurnerulrich\/#\/schema\/person\/41f9ab2ef02a3e3602daf321c07007f6","name":"Ulrich Ladurner","image":{"@type":"ImageObject","inLanguage":"de","@id":"https:\/\/blog.zeit.de\/ladurnerulrich\/#\/schema\/person\/image\/","url":"https:\/\/secure.gravatar.com\/avatar\/d01052e766579414676df807ab6fd98f6598a3bceab8af45b2984cba94333280?s=96&d=mm&r=g","contentUrl":"https:\/\/secure.gravatar.com\/avatar\/d01052e766579414676df807ab6fd98f6598a3bceab8af45b2984cba94333280?s=96&d=mm&r=g","caption":"Ulrich Ladurner"},"description":"lebt seit 1999 in Hamburg. Seitdem staunt er dar\u00fcber, was man in dieser Stadt erleben kann. Weil das mit dem Wundern nicht aufh\u00f6rt, gibt es diese Kolumne.","sameAs":["http:\/\/www.zeit.de"],"url":"https:\/\/blog.zeit.de\/ladurnerulrich\/author\/ulli-ladurner\/"}]}},"jetpack_featured_media_url":"","jetpack_sharing_enabled":true,"_links":{"self":[{"href":"https:\/\/blog.zeit.de\/ladurnerulrich\/wp-json\/wp\/v2\/posts\/64","targetHints":{"allow":["GET"]}}],"collection":[{"href":"https:\/\/blog.zeit.de\/ladurnerulrich\/wp-json\/wp\/v2\/posts"}],"about":[{"href":"https:\/\/blog.zeit.de\/ladurnerulrich\/wp-json\/wp\/v2\/types\/post"}],"author":[{"embeddable":true,"href":"https:\/\/blog.zeit.de\/ladurnerulrich\/wp-json\/wp\/v2\/users\/87"}],"replies":[{"embeddable":true,"href":"https:\/\/blog.zeit.de\/ladurnerulrich\/wp-json\/wp\/v2\/comments?post=64"}],"version-history":[{"count":0,"href":"https:\/\/blog.zeit.de\/ladurnerulrich\/wp-json\/wp\/v2\/posts\/64\/revisions"}],"wp:attachment":[{"href":"https:\/\/blog.zeit.de\/ladurnerulrich\/wp-json\/wp\/v2\/media?parent=64"}],"wp:term":[{"taxonomy":"category","embeddable":true,"href":"https:\/\/blog.zeit.de\/ladurnerulrich\/wp-json\/wp\/v2\/categories?post=64"},{"taxonomy":"post_tag","embeddable":true,"href":"https:\/\/blog.zeit.de\/ladurnerulrich\/wp-json\/wp\/v2\/tags?post=64"}],"curies":[{"name":"wp","href":"https:\/\/api.w.org\/{rel}","templated":true}]}}