{"id":821,"date":"2011-02-12T12:35:20","date_gmt":"2011-02-12T11:35:20","guid":{"rendered":"http:\/\/blog.zeit.de\/ladurnerulrich\/?p=821"},"modified":"2011-02-14T14:14:43","modified_gmt":"2011-02-14T13:14:43","slug":"vorsicht-generale","status":"publish","type":"post","link":"https:\/\/blog.zeit.de\/ladurnerulrich\/2011\/02\/12\/vorsicht-generale\/","title":{"rendered":"Vorsicht, Gener\u00e4le"},"content":{"rendered":"<p>Die \u00e4gyptische Revolution ist herzergreifend. Die Sehnsucht nach Freiheit der \u00c4gypter hat sich gegen den Autokraten Hosni Mubarak durchgesetzt, der sich bis zum letzten Augenblick gegen seinen Sturz wehrte. In Kairo herrscht\u00a0 Feststimmung. Die Europ\u00e4er sollten mitfeiern, denn es ist eine wunderbare Nachricht, dass das Volk sich gegen seinen Herrscher im Namen der Freiheit durchgesetzt hat. Und sie sollten die \u00c4gypter nach Kr\u00e4ften unterst\u00fctzen.<\/p>\n<p>Die \u00e4gyptische Armee hat eine entscheidende Rolle beim Sturz Mubaraks gespielt. Es waren die Gener\u00e4le, die Mubarak am Ende zum Aufgeben gedr\u00e4ngt haben, es waren die Gener\u00e4le und die vielen einfachen Soldaten auf den Stra\u00dfen Kairos, die ein Blutvergie\u00dfen verhindert haben. Daf\u00fcr geb\u00fchrt ihnen Lob.<\/p>\n<p>Doch sollte man sich bei aller Freude jetzt dringend Gedanken \u00fcber die Motive der Armee machen. Was hat sie eigentlich getan? Sie hat einen der ihren, den ehemaligen\u00a0 General Mubarak, in die W\u00fcste geschickt, weil er in den Augen des Volkes nicht mehr tragbar war. Ob die Armee damit auch die weiteren Forderungen des \u00e4gyptischen Volkes nach Demokratie und Freiheit erf\u00fcllen wird,\u00a0 ist sehr fraglich. Mubarak war der Repr\u00e4sentant eines Systems, in dessen Zentrum die Armee steht. Sie ist das R\u00fcckgrat des Landes, politisch, milit\u00e4risch und wirtschaftlich. Im Moment erscheint die Armee wie die Retterin der Nation, eine Rolle, in der sie sich gef\u00e4llt. Sie steht ihr in diesen Tagen auch zu. Doch sie ist auch eine m\u00e4chtige Partei, eine Interessengemeinschaft, die ihre Pfr\u00fcnde verteidigen wird.<\/p>\n<p>\u00c4gyptens Armee ist vergleichbar mit der Pakistans. Auch in \u00c4gypten ist sie ein Staat im Staat. Die pakistanische Armee hat die Demokratie in Pakistan nach Kr\u00e4ften unterminiert. Auch diese Armee hat immer wieder Krisen durchlebt. Auch sie musste immer wieder mal vor ihrem Volk zur\u00fcckweichen. Zuletzt musste sie sich 2008 von ihrem Pr\u00e4sidenten Pervez Musharraf trennen, der, wie Mubarak, eine General war, weil das pakistanische Volk sich nach Freiheit und Demokratie sehnte. Doch nicht einmal zwei Jahre sp\u00e4ter bestimmen die pakistanischen Gener\u00e4le de facto wieder die Politik des Landes. Der demokratisch gew\u00e4hlte Pr\u00e4sident ist nicht viel mehr als Staffage.<\/p>\n<p>Dasselbe Schicksal k\u00f6nnte nun \u00c4gypten erwarten. Eine wunderbare Revolution, ein Moment der Freiheit,\u00a0 dann die Restauration. Damit dies nicht geschieht, m\u00f6chte man den \u00c4gyptern, die ihre Soldaten zu Recht umarmen,\u00a0 trotzdem zurufen: &#8222;Vorsicht, Gener\u00e4le!&#8220;<\/p>\n","protected":false},"excerpt":{"rendered":"<p>Die \u00e4gyptische Revolution ist herzergreifend. Die Sehnsucht nach Freiheit der \u00c4gypter hat sich gegen den Autokraten Hosni Mubarak durchgesetzt, der sich bis zum letzten Augenblick gegen seinen Sturz wehrte. In Kairo herrscht\u00a0 Feststimmung. Die Europ\u00e4er sollten mitfeiern, denn es ist eine wunderbare Nachricht, dass das Volk sich gegen seinen Herrscher im Namen der Freiheit durchgesetzt [&hellip;]<\/p>\n","protected":false},"author":87,"featured_media":0,"comment_status":"open","ping_status":"open","sticky":false,"template":"","format":"standard","meta":{"_jetpack_memberships_contains_paid_content":false,"footnotes":""},"categories":[1],"tags":[],"class_list":["post-821","post","type-post","status-publish","format-standard","hentry","category-allgemein"],"yoast_head":"<!-- This site is optimized with the Yoast SEO plugin v21.0 - https:\/\/yoast.com\/wordpress\/plugins\/seo\/ -->\n<title>Vorsicht, Gener\u00e4le - Unterwegs in Europa<\/title>\n<meta name=\"robots\" content=\"index, follow, max-snippet:-1, max-image-preview:large, max-video-preview:-1\" \/>\n<link rel=\"canonical\" href=\"https:\/\/blog.zeit.de\/ladurnerulrich\/2011\/02\/12\/vorsicht-generale\/\" \/>\n<meta property=\"og:locale\" content=\"de_DE\" \/>\n<meta property=\"og:type\" content=\"article\" \/>\n<meta property=\"og:title\" content=\"Vorsicht, Gener\u00e4le - Unterwegs in Europa\" \/>\n<meta property=\"og:description\" content=\"Die \u00e4gyptische Revolution ist herzergreifend. Die Sehnsucht nach Freiheit der \u00c4gypter hat sich gegen den Autokraten Hosni Mubarak durchgesetzt, der sich bis zum letzten Augenblick gegen seinen Sturz wehrte. In Kairo herrscht\u00a0 Feststimmung. Die Europ\u00e4er sollten mitfeiern, denn es ist eine wunderbare Nachricht, dass das Volk sich gegen seinen Herrscher im Namen der Freiheit durchgesetzt [&hellip;]\" \/>\n<meta property=\"og:url\" content=\"https:\/\/blog.zeit.de\/ladurnerulrich\/2011\/02\/12\/vorsicht-generale\/\" \/>\n<meta property=\"og:site_name\" content=\"Unterwegs in Europa\" \/>\n<meta property=\"article:published_time\" content=\"2011-02-12T11:35:20+00:00\" \/>\n<meta property=\"article:modified_time\" content=\"2011-02-14T13:14:43+00:00\" \/>\n<meta name=\"author\" content=\"Ulrich Ladurner\" \/>\n<meta name=\"twitter:label1\" content=\"Geschrieben von\" \/>\n\t<meta name=\"twitter:data1\" content=\"Ulrich Ladurner\" \/>\n\t<meta name=\"twitter:label2\" content=\"Gesch\u00e4tzte Lesezeit\" \/>\n\t<meta name=\"twitter:data2\" content=\"2\u00a0Minuten\" \/>\n<script type=\"application\/ld+json\" class=\"yoast-schema-graph\">{\"@context\":\"https:\/\/schema.org\",\"@graph\":[{\"@type\":\"WebPage\",\"@id\":\"https:\/\/blog.zeit.de\/ladurnerulrich\/2011\/02\/12\/vorsicht-generale\/\",\"url\":\"https:\/\/blog.zeit.de\/ladurnerulrich\/2011\/02\/12\/vorsicht-generale\/\",\"name\":\"Vorsicht, Gener\u00e4le - Unterwegs in Europa\",\"isPartOf\":{\"@id\":\"https:\/\/blog.zeit.de\/ladurnerulrich\/#website\"},\"datePublished\":\"2011-02-12T11:35:20+00:00\",\"dateModified\":\"2011-02-14T13:14:43+00:00\",\"author\":{\"@id\":\"https:\/\/blog.zeit.de\/ladurnerulrich\/#\/schema\/person\/41f9ab2ef02a3e3602daf321c07007f6\"},\"breadcrumb\":{\"@id\":\"https:\/\/blog.zeit.de\/ladurnerulrich\/2011\/02\/12\/vorsicht-generale\/#breadcrumb\"},\"inLanguage\":\"de\",\"potentialAction\":[{\"@type\":\"ReadAction\",\"target\":[\"https:\/\/blog.zeit.de\/ladurnerulrich\/2011\/02\/12\/vorsicht-generale\/\"]}]},{\"@type\":\"BreadcrumbList\",\"@id\":\"https:\/\/blog.zeit.de\/ladurnerulrich\/2011\/02\/12\/vorsicht-generale\/#breadcrumb\",\"itemListElement\":[{\"@type\":\"ListItem\",\"position\":1,\"name\":\"Startseite\",\"item\":\"https:\/\/blog.zeit.de\/ladurnerulrich\/\"},{\"@type\":\"ListItem\",\"position\":2,\"name\":\"Vorsicht, Gener\u00e4le\"}]},{\"@type\":\"WebSite\",\"@id\":\"https:\/\/blog.zeit.de\/ladurnerulrich\/#website\",\"url\":\"https:\/\/blog.zeit.de\/ladurnerulrich\/\",\"name\":\"Unterwegs in Europa\",\"description\":\"Ladurners Blog f\u00fcr Einblicke in un\u00fcbersichtliche Landschaften\",\"potentialAction\":[{\"@type\":\"SearchAction\",\"target\":{\"@type\":\"EntryPoint\",\"urlTemplate\":\"https:\/\/blog.zeit.de\/ladurnerulrich\/?s={search_term_string}\"},\"query-input\":\"required name=search_term_string\"}],\"inLanguage\":\"de\"},{\"@type\":\"Person\",\"@id\":\"https:\/\/blog.zeit.de\/ladurnerulrich\/#\/schema\/person\/41f9ab2ef02a3e3602daf321c07007f6\",\"name\":\"Ulrich Ladurner\",\"image\":{\"@type\":\"ImageObject\",\"inLanguage\":\"de\",\"@id\":\"https:\/\/blog.zeit.de\/ladurnerulrich\/#\/schema\/person\/image\/\",\"url\":\"https:\/\/secure.gravatar.com\/avatar\/d01052e766579414676df807ab6fd98f6598a3bceab8af45b2984cba94333280?s=96&d=mm&r=g\",\"contentUrl\":\"https:\/\/secure.gravatar.com\/avatar\/d01052e766579414676df807ab6fd98f6598a3bceab8af45b2984cba94333280?s=96&d=mm&r=g\",\"caption\":\"Ulrich Ladurner\"},\"description\":\"lebt seit 1999 in Hamburg. Seitdem staunt er dar\u00fcber, was man in dieser Stadt erleben kann. Weil das mit dem Wundern nicht aufh\u00f6rt, gibt es diese Kolumne.\",\"sameAs\":[\"http:\/\/www.zeit.de\"],\"url\":\"https:\/\/blog.zeit.de\/ladurnerulrich\/author\/ulli-ladurner\/\"}]}<\/script>\n<!-- \/ Yoast SEO plugin. -->","yoast_head_json":{"title":"Vorsicht, Gener\u00e4le - Unterwegs in Europa","robots":{"index":"index","follow":"follow","max-snippet":"max-snippet:-1","max-image-preview":"max-image-preview:large","max-video-preview":"max-video-preview:-1"},"canonical":"https:\/\/blog.zeit.de\/ladurnerulrich\/2011\/02\/12\/vorsicht-generale\/","og_locale":"de_DE","og_type":"article","og_title":"Vorsicht, Gener\u00e4le - Unterwegs in Europa","og_description":"Die \u00e4gyptische Revolution ist herzergreifend. Die Sehnsucht nach Freiheit der \u00c4gypter hat sich gegen den Autokraten Hosni Mubarak durchgesetzt, der sich bis zum letzten Augenblick gegen seinen Sturz wehrte. In Kairo herrscht\u00a0 Feststimmung. Die Europ\u00e4er sollten mitfeiern, denn es ist eine wunderbare Nachricht, dass das Volk sich gegen seinen Herrscher im Namen der Freiheit durchgesetzt [&hellip;]","og_url":"https:\/\/blog.zeit.de\/ladurnerulrich\/2011\/02\/12\/vorsicht-generale\/","og_site_name":"Unterwegs in Europa","article_published_time":"2011-02-12T11:35:20+00:00","article_modified_time":"2011-02-14T13:14:43+00:00","author":"Ulrich Ladurner","twitter_misc":{"Geschrieben von":"Ulrich Ladurner","Gesch\u00e4tzte Lesezeit":"2\u00a0Minuten"},"schema":{"@context":"https:\/\/schema.org","@graph":[{"@type":"WebPage","@id":"https:\/\/blog.zeit.de\/ladurnerulrich\/2011\/02\/12\/vorsicht-generale\/","url":"https:\/\/blog.zeit.de\/ladurnerulrich\/2011\/02\/12\/vorsicht-generale\/","name":"Vorsicht, Gener\u00e4le - Unterwegs in Europa","isPartOf":{"@id":"https:\/\/blog.zeit.de\/ladurnerulrich\/#website"},"datePublished":"2011-02-12T11:35:20+00:00","dateModified":"2011-02-14T13:14:43+00:00","author":{"@id":"https:\/\/blog.zeit.de\/ladurnerulrich\/#\/schema\/person\/41f9ab2ef02a3e3602daf321c07007f6"},"breadcrumb":{"@id":"https:\/\/blog.zeit.de\/ladurnerulrich\/2011\/02\/12\/vorsicht-generale\/#breadcrumb"},"inLanguage":"de","potentialAction":[{"@type":"ReadAction","target":["https:\/\/blog.zeit.de\/ladurnerulrich\/2011\/02\/12\/vorsicht-generale\/"]}]},{"@type":"BreadcrumbList","@id":"https:\/\/blog.zeit.de\/ladurnerulrich\/2011\/02\/12\/vorsicht-generale\/#breadcrumb","itemListElement":[{"@type":"ListItem","position":1,"name":"Startseite","item":"https:\/\/blog.zeit.de\/ladurnerulrich\/"},{"@type":"ListItem","position":2,"name":"Vorsicht, Gener\u00e4le"}]},{"@type":"WebSite","@id":"https:\/\/blog.zeit.de\/ladurnerulrich\/#website","url":"https:\/\/blog.zeit.de\/ladurnerulrich\/","name":"Unterwegs in Europa","description":"Ladurners Blog f\u00fcr Einblicke in un\u00fcbersichtliche Landschaften","potentialAction":[{"@type":"SearchAction","target":{"@type":"EntryPoint","urlTemplate":"https:\/\/blog.zeit.de\/ladurnerulrich\/?s={search_term_string}"},"query-input":"required name=search_term_string"}],"inLanguage":"de"},{"@type":"Person","@id":"https:\/\/blog.zeit.de\/ladurnerulrich\/#\/schema\/person\/41f9ab2ef02a3e3602daf321c07007f6","name":"Ulrich Ladurner","image":{"@type":"ImageObject","inLanguage":"de","@id":"https:\/\/blog.zeit.de\/ladurnerulrich\/#\/schema\/person\/image\/","url":"https:\/\/secure.gravatar.com\/avatar\/d01052e766579414676df807ab6fd98f6598a3bceab8af45b2984cba94333280?s=96&d=mm&r=g","contentUrl":"https:\/\/secure.gravatar.com\/avatar\/d01052e766579414676df807ab6fd98f6598a3bceab8af45b2984cba94333280?s=96&d=mm&r=g","caption":"Ulrich Ladurner"},"description":"lebt seit 1999 in Hamburg. Seitdem staunt er dar\u00fcber, was man in dieser Stadt erleben kann. Weil das mit dem Wundern nicht aufh\u00f6rt, gibt es diese Kolumne.","sameAs":["http:\/\/www.zeit.de"],"url":"https:\/\/blog.zeit.de\/ladurnerulrich\/author\/ulli-ladurner\/"}]}},"jetpack_featured_media_url":"","jetpack_sharing_enabled":true,"_links":{"self":[{"href":"https:\/\/blog.zeit.de\/ladurnerulrich\/wp-json\/wp\/v2\/posts\/821","targetHints":{"allow":["GET"]}}],"collection":[{"href":"https:\/\/blog.zeit.de\/ladurnerulrich\/wp-json\/wp\/v2\/posts"}],"about":[{"href":"https:\/\/blog.zeit.de\/ladurnerulrich\/wp-json\/wp\/v2\/types\/post"}],"author":[{"embeddable":true,"href":"https:\/\/blog.zeit.de\/ladurnerulrich\/wp-json\/wp\/v2\/users\/87"}],"replies":[{"embeddable":true,"href":"https:\/\/blog.zeit.de\/ladurnerulrich\/wp-json\/wp\/v2\/comments?post=821"}],"version-history":[{"count":3,"href":"https:\/\/blog.zeit.de\/ladurnerulrich\/wp-json\/wp\/v2\/posts\/821\/revisions"}],"predecessor-version":[{"id":823,"href":"https:\/\/blog.zeit.de\/ladurnerulrich\/wp-json\/wp\/v2\/posts\/821\/revisions\/823"}],"wp:attachment":[{"href":"https:\/\/blog.zeit.de\/ladurnerulrich\/wp-json\/wp\/v2\/media?parent=821"}],"wp:term":[{"taxonomy":"category","embeddable":true,"href":"https:\/\/blog.zeit.de\/ladurnerulrich\/wp-json\/wp\/v2\/categories?post=821"},{"taxonomy":"post_tag","embeddable":true,"href":"https:\/\/blog.zeit.de\/ladurnerulrich\/wp-json\/wp\/v2\/tags?post=821"}],"curies":[{"name":"wp","href":"https:\/\/api.w.org\/{rel}","templated":true}]}}