{"id":919,"date":"2011-05-18T11:11:55","date_gmt":"2011-05-18T09:11:55","guid":{"rendered":"http:\/\/blog.zeit.de\/ladurnerulrich\/?p=919"},"modified":"2011-05-18T13:21:52","modified_gmt":"2011-05-18T11:21:52","slug":"das-problem-mit-pakistan","status":"publish","type":"post","link":"https:\/\/blog.zeit.de\/ladurnerulrich\/2011\/05\/18\/das-problem-mit-pakistan\/","title":{"rendered":"Das Problem mit Pakistan"},"content":{"rendered":"<p>Osama bin Laden hat sich unter der Nase des allm\u00e4chtigen pakistanischen Milit\u00e4rs versteckt. Das w\u00e4re wohl nicht m\u00f6glich gewesen, wenn ihn nicht zumindest Teile des Milit\u00e4rs aktiv gesch\u00fctzt h\u00e4tten. Nun herrscht Ratlosigkeit, wie man sich gegen\u00fcber einen Staat verhalten soll, der Terroristen eine Heimstatt bietet.<\/p>\n<p><strong>Soll Pakistan isoliert werden?<\/strong><\/p>\n<p>Wenn ein Land Terroristen versteckt oder unterst\u00fctzt, wird es oft mit Sanktionen belegt (Syrien) oder sogar mit Krieg \u00fcberzogen (Afghanistan).\u00a0 Man kann mit ziemlicher Sicherheit sagen, dass zumindest Teile des pakistanischen Staatsapparates Terroristen sch\u00fctzen und unterst\u00fctzen. Das w\u00e4re eigentlich Grund genug, um Pakistan zu isolieren und es somit zu zwingen, diese Politik aufzugeben. Doch es wird zu keinen Sanktionen gegen Pakistan kommen. Denn dieses Land ist zu gro\u00df, und vor allem kann es dem Westen erhebliche Schmerzen zuf\u00fcgen \u2013 zumindest solange westliche Truppen in Afghanistan stehen. Der Einfluss Pakistans dort ist erheblich. Nur ein Beispiel: Die wichtigsten Nachschubrouten f\u00fcr die westlichen Truppen laufen alle \u00fcber Pakistan. Islamabad k\u00f6nnte diese Routen schlie\u00dfen.<\/p>\n<p>Au\u00dferdem w\u00e4re eine Isolation nicht sinnvoll. Sanktionen w\u00fcrden die Pakistaner eher darin best\u00e4rken, weiter Terroristen zu unterst\u00fctzen. Denn aus der Sicht der pakistanischen Elite ist Terror nichts weiter als eine Kriegstechnik. Und das Land steht \u2013 nicht nur in den Augen der Pakistaner \u2013 in einem permanenten Kriegszustand. Da ist der Krieg in Afghanistan, der nach Pakistan her\u00fcberschwappt; da sind die Drohnenangriffe des Verb\u00fcndeten USA; da ist der Erzfeind Indien, mit dem es seit langem schon einen latenten Kriegszustand gibt. Pakistan f\u00fchlt sich unsicher und bedroht, und greift deshalb auch zu gef\u00e4hrlichen Mitteln \u2013 dem Terror.<\/p>\n<p><strong>Warum f\u00fchlt sich Pakistan bedroht? <\/strong><\/p>\n<p>Man muss die Sicherheitsbedenken der Pakistaner ernst nehmen. Die Angst vor einer Umkreisung durch Indien mag paranoid sein, aber sie ist real und bestimmt das Denken und Handeln der pakistanischen Elite. Gro\u00dfe Teile dieser Elite sind davon \u00fcberzeugt, dass die USA darauf aus sind, Pakistan als einzige muslimische Atommacht zu zerschlagen. Und sie glaubt auch, dass der gro\u00dfe Nachbar Indien bis heute nie die Existenz Pakistans akzeptiert hat.<\/p>\n<p>Tats\u00e4chlich kommen aus Delhi wenig Impulse, um das zentrale Problem mit Pakistan, n\u00e4mlich Kaschmir, zu l\u00f6sen. Das ist zum einen verst\u00e4ndlich, denn von pakistanischen Boden sind immer wieder Attentate vorbereitet worden \u2013 zuletzt jenes vom Bombay im Jahre 2008. Doch andererseits m\u00fcsste Delhi eine vitales Interesse daran haben, dass Pakistan nicht zerbricht. Denn die Risiken eines Zerfalls dieses Landes sind unkalkulierbar.<br \/>\n<strong><br \/>\nWie kann man Druck auf Pakistan aus\u00fcben?<\/strong><\/p>\n<p>Die Drohnenangriffe m\u00fcssen eingestellt werden, weil ihr politischer Preis zu hoch ist. Kurzfristig k\u00f6nnen sie Taliban- und Al-Qaida-F\u00fchrer ausschalten, aber langfristig untergraben sie die Legitimit\u00e4t des Einsatzes des Westens in der Region. Und sie geben den radikalen Kr\u00e4ften Aufschwung, die die Grundlagen Pakistans unterminieren.<\/p>\n<p>Wenn einmal ein Grundbed\u00fcrfnis an Sicherheit hergestellt ist, dann l\u00e4sst sich auch leichter Druck auf Pakistan aus\u00fcben. Die Milliarden Dollar, die jedes Jahr Richtung Islamabad flie\u00dfen, m\u00fcssen zweckgebunden werden \u2013 und vor allem sollen sie nicht allein dem pakistanischen Milit\u00e4r zu gute kommen. Die USA haben seit 2001 finanziell und politisch\u00a0 vor allem das Milit\u00e4r unterst\u00fctzt \u2013 jenen Akteur,\u00a0 der eine b\u00f6ses Doppelspiel trieb und treibt. Das pakistanische Milit\u00e4r reagiert nur auf Druck \u2013 und Geld ist das beste Mittel dazu.<\/p>\n<p>Die USA und Europa m\u00fcssten gemeinsam auf Indien und Pakistan einwirken, damit es in Kaschmir zu einer L\u00f6sung kommt. Denn dieser Konflikt ist zentral f\u00fcr die ganze Region.<\/p>\n","protected":false},"excerpt":{"rendered":"<p>Osama bin Laden hat sich unter der Nase des allm\u00e4chtigen pakistanischen Milit\u00e4rs versteckt. Das w\u00e4re wohl nicht m\u00f6glich gewesen, wenn ihn nicht zumindest Teile des Milit\u00e4rs aktiv gesch\u00fctzt h\u00e4tten. Nun herrscht Ratlosigkeit, wie man sich gegen\u00fcber einen Staat verhalten soll, der Terroristen eine Heimstatt bietet. Soll Pakistan isoliert werden? Wenn ein Land Terroristen versteckt oder [&hellip;]<\/p>\n","protected":false},"author":87,"featured_media":0,"comment_status":"open","ping_status":"open","sticky":false,"template":"","format":"standard","meta":{"_jetpack_memberships_contains_paid_content":false,"footnotes":""},"categories":[1],"tags":[],"class_list":["post-919","post","type-post","status-publish","format-standard","hentry","category-allgemein"],"yoast_head":"<!-- This site is optimized with the Yoast SEO plugin v21.0 - https:\/\/yoast.com\/wordpress\/plugins\/seo\/ -->\n<title>Das Problem mit Pakistan - Unterwegs in Europa<\/title>\n<meta name=\"robots\" content=\"index, follow, max-snippet:-1, max-image-preview:large, max-video-preview:-1\" \/>\n<link rel=\"canonical\" href=\"https:\/\/blog.zeit.de\/ladurnerulrich\/2011\/05\/18\/das-problem-mit-pakistan\/\" \/>\n<meta property=\"og:locale\" content=\"de_DE\" \/>\n<meta property=\"og:type\" content=\"article\" \/>\n<meta property=\"og:title\" content=\"Das Problem mit Pakistan - Unterwegs in Europa\" \/>\n<meta property=\"og:description\" content=\"Osama bin Laden hat sich unter der Nase des allm\u00e4chtigen pakistanischen Milit\u00e4rs versteckt. Das w\u00e4re wohl nicht m\u00f6glich gewesen, wenn ihn nicht zumindest Teile des Milit\u00e4rs aktiv gesch\u00fctzt h\u00e4tten. Nun herrscht Ratlosigkeit, wie man sich gegen\u00fcber einen Staat verhalten soll, der Terroristen eine Heimstatt bietet. Soll Pakistan isoliert werden? Wenn ein Land Terroristen versteckt oder [&hellip;]\" \/>\n<meta property=\"og:url\" content=\"https:\/\/blog.zeit.de\/ladurnerulrich\/2011\/05\/18\/das-problem-mit-pakistan\/\" \/>\n<meta property=\"og:site_name\" content=\"Unterwegs in Europa\" \/>\n<meta property=\"article:published_time\" content=\"2011-05-18T09:11:55+00:00\" \/>\n<meta property=\"article:modified_time\" content=\"2011-05-18T11:21:52+00:00\" \/>\n<meta name=\"author\" content=\"Ulrich Ladurner\" \/>\n<meta name=\"twitter:label1\" content=\"Geschrieben von\" \/>\n\t<meta name=\"twitter:data1\" content=\"Ulrich Ladurner\" \/>\n\t<meta name=\"twitter:label2\" content=\"Gesch\u00e4tzte Lesezeit\" \/>\n\t<meta name=\"twitter:data2\" content=\"3\u00a0Minuten\" \/>\n<script type=\"application\/ld+json\" class=\"yoast-schema-graph\">{\"@context\":\"https:\/\/schema.org\",\"@graph\":[{\"@type\":\"WebPage\",\"@id\":\"https:\/\/blog.zeit.de\/ladurnerulrich\/2011\/05\/18\/das-problem-mit-pakistan\/\",\"url\":\"https:\/\/blog.zeit.de\/ladurnerulrich\/2011\/05\/18\/das-problem-mit-pakistan\/\",\"name\":\"Das Problem mit Pakistan - Unterwegs in Europa\",\"isPartOf\":{\"@id\":\"https:\/\/blog.zeit.de\/ladurnerulrich\/#website\"},\"datePublished\":\"2011-05-18T09:11:55+00:00\",\"dateModified\":\"2011-05-18T11:21:52+00:00\",\"author\":{\"@id\":\"https:\/\/blog.zeit.de\/ladurnerulrich\/#\/schema\/person\/41f9ab2ef02a3e3602daf321c07007f6\"},\"breadcrumb\":{\"@id\":\"https:\/\/blog.zeit.de\/ladurnerulrich\/2011\/05\/18\/das-problem-mit-pakistan\/#breadcrumb\"},\"inLanguage\":\"de\",\"potentialAction\":[{\"@type\":\"ReadAction\",\"target\":[\"https:\/\/blog.zeit.de\/ladurnerulrich\/2011\/05\/18\/das-problem-mit-pakistan\/\"]}]},{\"@type\":\"BreadcrumbList\",\"@id\":\"https:\/\/blog.zeit.de\/ladurnerulrich\/2011\/05\/18\/das-problem-mit-pakistan\/#breadcrumb\",\"itemListElement\":[{\"@type\":\"ListItem\",\"position\":1,\"name\":\"Startseite\",\"item\":\"https:\/\/blog.zeit.de\/ladurnerulrich\/\"},{\"@type\":\"ListItem\",\"position\":2,\"name\":\"Das Problem mit Pakistan\"}]},{\"@type\":\"WebSite\",\"@id\":\"https:\/\/blog.zeit.de\/ladurnerulrich\/#website\",\"url\":\"https:\/\/blog.zeit.de\/ladurnerulrich\/\",\"name\":\"Unterwegs in Europa\",\"description\":\"Ladurners Blog f\u00fcr Einblicke in un\u00fcbersichtliche Landschaften\",\"potentialAction\":[{\"@type\":\"SearchAction\",\"target\":{\"@type\":\"EntryPoint\",\"urlTemplate\":\"https:\/\/blog.zeit.de\/ladurnerulrich\/?s={search_term_string}\"},\"query-input\":\"required name=search_term_string\"}],\"inLanguage\":\"de\"},{\"@type\":\"Person\",\"@id\":\"https:\/\/blog.zeit.de\/ladurnerulrich\/#\/schema\/person\/41f9ab2ef02a3e3602daf321c07007f6\",\"name\":\"Ulrich Ladurner\",\"image\":{\"@type\":\"ImageObject\",\"inLanguage\":\"de\",\"@id\":\"https:\/\/blog.zeit.de\/ladurnerulrich\/#\/schema\/person\/image\/\",\"url\":\"https:\/\/secure.gravatar.com\/avatar\/d01052e766579414676df807ab6fd98f6598a3bceab8af45b2984cba94333280?s=96&d=mm&r=g\",\"contentUrl\":\"https:\/\/secure.gravatar.com\/avatar\/d01052e766579414676df807ab6fd98f6598a3bceab8af45b2984cba94333280?s=96&d=mm&r=g\",\"caption\":\"Ulrich Ladurner\"},\"description\":\"lebt seit 1999 in Hamburg. Seitdem staunt er dar\u00fcber, was man in dieser Stadt erleben kann. Weil das mit dem Wundern nicht aufh\u00f6rt, gibt es diese Kolumne.\",\"sameAs\":[\"http:\/\/www.zeit.de\"],\"url\":\"https:\/\/blog.zeit.de\/ladurnerulrich\/author\/ulli-ladurner\/\"}]}<\/script>\n<!-- \/ Yoast SEO plugin. -->","yoast_head_json":{"title":"Das Problem mit Pakistan - Unterwegs in Europa","robots":{"index":"index","follow":"follow","max-snippet":"max-snippet:-1","max-image-preview":"max-image-preview:large","max-video-preview":"max-video-preview:-1"},"canonical":"https:\/\/blog.zeit.de\/ladurnerulrich\/2011\/05\/18\/das-problem-mit-pakistan\/","og_locale":"de_DE","og_type":"article","og_title":"Das Problem mit Pakistan - Unterwegs in Europa","og_description":"Osama bin Laden hat sich unter der Nase des allm\u00e4chtigen pakistanischen Milit\u00e4rs versteckt. Das w\u00e4re wohl nicht m\u00f6glich gewesen, wenn ihn nicht zumindest Teile des Milit\u00e4rs aktiv gesch\u00fctzt h\u00e4tten. Nun herrscht Ratlosigkeit, wie man sich gegen\u00fcber einen Staat verhalten soll, der Terroristen eine Heimstatt bietet. Soll Pakistan isoliert werden? Wenn ein Land Terroristen versteckt oder [&hellip;]","og_url":"https:\/\/blog.zeit.de\/ladurnerulrich\/2011\/05\/18\/das-problem-mit-pakistan\/","og_site_name":"Unterwegs in Europa","article_published_time":"2011-05-18T09:11:55+00:00","article_modified_time":"2011-05-18T11:21:52+00:00","author":"Ulrich Ladurner","twitter_misc":{"Geschrieben von":"Ulrich Ladurner","Gesch\u00e4tzte Lesezeit":"3\u00a0Minuten"},"schema":{"@context":"https:\/\/schema.org","@graph":[{"@type":"WebPage","@id":"https:\/\/blog.zeit.de\/ladurnerulrich\/2011\/05\/18\/das-problem-mit-pakistan\/","url":"https:\/\/blog.zeit.de\/ladurnerulrich\/2011\/05\/18\/das-problem-mit-pakistan\/","name":"Das Problem mit Pakistan - Unterwegs in Europa","isPartOf":{"@id":"https:\/\/blog.zeit.de\/ladurnerulrich\/#website"},"datePublished":"2011-05-18T09:11:55+00:00","dateModified":"2011-05-18T11:21:52+00:00","author":{"@id":"https:\/\/blog.zeit.de\/ladurnerulrich\/#\/schema\/person\/41f9ab2ef02a3e3602daf321c07007f6"},"breadcrumb":{"@id":"https:\/\/blog.zeit.de\/ladurnerulrich\/2011\/05\/18\/das-problem-mit-pakistan\/#breadcrumb"},"inLanguage":"de","potentialAction":[{"@type":"ReadAction","target":["https:\/\/blog.zeit.de\/ladurnerulrich\/2011\/05\/18\/das-problem-mit-pakistan\/"]}]},{"@type":"BreadcrumbList","@id":"https:\/\/blog.zeit.de\/ladurnerulrich\/2011\/05\/18\/das-problem-mit-pakistan\/#breadcrumb","itemListElement":[{"@type":"ListItem","position":1,"name":"Startseite","item":"https:\/\/blog.zeit.de\/ladurnerulrich\/"},{"@type":"ListItem","position":2,"name":"Das Problem mit Pakistan"}]},{"@type":"WebSite","@id":"https:\/\/blog.zeit.de\/ladurnerulrich\/#website","url":"https:\/\/blog.zeit.de\/ladurnerulrich\/","name":"Unterwegs in Europa","description":"Ladurners Blog f\u00fcr Einblicke in un\u00fcbersichtliche Landschaften","potentialAction":[{"@type":"SearchAction","target":{"@type":"EntryPoint","urlTemplate":"https:\/\/blog.zeit.de\/ladurnerulrich\/?s={search_term_string}"},"query-input":"required name=search_term_string"}],"inLanguage":"de"},{"@type":"Person","@id":"https:\/\/blog.zeit.de\/ladurnerulrich\/#\/schema\/person\/41f9ab2ef02a3e3602daf321c07007f6","name":"Ulrich Ladurner","image":{"@type":"ImageObject","inLanguage":"de","@id":"https:\/\/blog.zeit.de\/ladurnerulrich\/#\/schema\/person\/image\/","url":"https:\/\/secure.gravatar.com\/avatar\/d01052e766579414676df807ab6fd98f6598a3bceab8af45b2984cba94333280?s=96&d=mm&r=g","contentUrl":"https:\/\/secure.gravatar.com\/avatar\/d01052e766579414676df807ab6fd98f6598a3bceab8af45b2984cba94333280?s=96&d=mm&r=g","caption":"Ulrich Ladurner"},"description":"lebt seit 1999 in Hamburg. Seitdem staunt er dar\u00fcber, was man in dieser Stadt erleben kann. Weil das mit dem Wundern nicht aufh\u00f6rt, gibt es diese Kolumne.","sameAs":["http:\/\/www.zeit.de"],"url":"https:\/\/blog.zeit.de\/ladurnerulrich\/author\/ulli-ladurner\/"}]}},"jetpack_featured_media_url":"","jetpack_sharing_enabled":true,"_links":{"self":[{"href":"https:\/\/blog.zeit.de\/ladurnerulrich\/wp-json\/wp\/v2\/posts\/919","targetHints":{"allow":["GET"]}}],"collection":[{"href":"https:\/\/blog.zeit.de\/ladurnerulrich\/wp-json\/wp\/v2\/posts"}],"about":[{"href":"https:\/\/blog.zeit.de\/ladurnerulrich\/wp-json\/wp\/v2\/types\/post"}],"author":[{"embeddable":true,"href":"https:\/\/blog.zeit.de\/ladurnerulrich\/wp-json\/wp\/v2\/users\/87"}],"replies":[{"embeddable":true,"href":"https:\/\/blog.zeit.de\/ladurnerulrich\/wp-json\/wp\/v2\/comments?post=919"}],"version-history":[{"count":5,"href":"https:\/\/blog.zeit.de\/ladurnerulrich\/wp-json\/wp\/v2\/posts\/919\/revisions"}],"predecessor-version":[{"id":922,"href":"https:\/\/blog.zeit.de\/ladurnerulrich\/wp-json\/wp\/v2\/posts\/919\/revisions\/922"}],"wp:attachment":[{"href":"https:\/\/blog.zeit.de\/ladurnerulrich\/wp-json\/wp\/v2\/media?parent=919"}],"wp:term":[{"taxonomy":"category","embeddable":true,"href":"https:\/\/blog.zeit.de\/ladurnerulrich\/wp-json\/wp\/v2\/categories?post=919"},{"taxonomy":"post_tag","embeddable":true,"href":"https:\/\/blog.zeit.de\/ladurnerulrich\/wp-json\/wp\/v2\/tags?post=919"}],"curies":[{"name":"wp","href":"https:\/\/api.w.org\/{rel}","templated":true}]}}