{"id":934,"date":"2011-07-05T10:25:36","date_gmt":"2011-07-05T08:25:36","guid":{"rendered":"http:\/\/blog.zeit.de\/ladurnerulrich\/?p=934"},"modified":"2011-07-05T11:30:33","modified_gmt":"2011-07-05T09:30:33","slug":"die-macht-der-kleinen","status":"publish","type":"post","link":"https:\/\/blog.zeit.de\/ladurnerulrich\/2011\/07\/05\/die-macht-der-kleinen\/","title":{"rendered":"Die Macht der Kleinen"},"content":{"rendered":"<p>Am 7. November 2001 ereignete sich eine Szene, an die man sich heute angesichts der Intervention in Libyen und des <a href=\"http:\/\/www.zeit.de\/themen\/international\/afghanistan\/index\">Abzuges der Nato aus Afghanistan<\/a> erinnern sollte. Die Taliban hatten seinerzeit \u00fcber Nacht Kabul verlassen. Der amerikanische Pr\u00e4sident George W. Bush trat triumphierend vor die Kameras. Doch gleichzeitig klangen seine Worte seltsam flehend. &#8222;Ich ermutige unsere Freunde \u00fcber die Shomali-Ebene nach S\u00fcden vorzusto\u00dfen, aber auf keinen Fall in die Stadt Kabul selbst einzudringen!&#8220; Die Freunde, von denen Bush sprach, waren jene der afghanischen\u00a0 Nordallianz \u2013 die Waffenbr\u00fcder der USA gegen die Taliban.<\/p>\n<p>Diese Nordallianz war ein loses B\u00fcndnis tadschikischer, usbekischer und schiitischer Kriegsherren. Sie hatten seit Jahren gegen die Taliban gek\u00e4mpft, die nahezu ausschlie\u00dflich Paschtunen sind. Ohne die Nordallianz h\u00e4tten die Amerikaner die Taliban am Boden nicht besiegen k\u00f6nnen.<\/p>\n<p>Die Paschtunen jedoch stellen das Mehrheitsvolk in Afghanistan. Sie hatten traditionell die wichtigsten Stellen des Staates besetzt. Bush f\u00fcrchtete nun, dass die Nordallianz bei einer Einnahme Kabuls die wichtigsten Posten besetzen und die Paschtunen damit vergr\u00e4tzen w\u00fcrde. Darum mahnte er zur Zur\u00fcckhaltung. Und was geschah? Die Nordallianz k\u00fcmmerte sich nicht um den Appell aus Washington, raste so schnell sie konnte nach Kabul, um dort alles, was nur m\u00f6glich war, unter ihre Kontrolle zu bringen. Sie drehte Bush eine lange Nase.<\/p>\n<p>Die Folge war, dass die Paschtunen sich von Beginn an nicht mit diesem neuen, von den Amerikanern herbeigebombten Staat, anfreunden konnten. Auch wenn mit Hamid Karsai ein Paschtune der neue Pr\u00e4sident wurde. Er erschien vielen blo\u00df als Marionette der Amerikaner und der Nordallianz. In den folgenden Jahren nahm die Entfremdung zu. Das war vielleicht nicht der entscheidende Grund, doch gewiss ein Faktor, der die Taliban wieder erstarken lie\u00df. Bush wusste also sehr genau, warum er am 7. November 2001 seinen Appell formulierte. Er hatte Anlass zum flehentlichen Ton. Er war abh\u00e4ngig vom Verhalten der Nordallianz.<\/p>\n<p>Das ist eine der wichtigen Lehren aus Afghanistan. Wer in einem fremden Land interveniert, der kann noch so viel Macht haben, er wird immer Partner vor Ort brauchen. Und diese folgen der eigenen Logik. In Afghanistan war es die eines B\u00fcrgerkrieges, der schon seit Jahrzehnten andauerte. Die Nordallianz wurde durch ihr B\u00fcndnis mit den USA m\u00e4chtiger, als sie wirklich war. Doch wichtiger noch: Sie hatte sogar einen Hebel in der Hand, mit der sie die Politik der Supermacht konterkarieren konnte.<\/p>\n<p>Dieses &#8222;Gesetz&#8220; sollte man mit <a href=\"http:\/\/www.zeit.de\/politik\/ausland\/2011-06\/libyen-regime-kollaps\">Blick auf die Libyen-Intervention<\/a> vor Augen haben. Auch dort hat die Nato Verb\u00fcndete vor Ort. Auch dort ist sie von ihnen abh\u00e4ngig, weitgehend. Und auch in Libyen haben die unterschiedlichen Gruppen eine eigene Agenda \u2013 die mit jener der Nato nichts zu tun haben muss.<\/p>\n","protected":false},"excerpt":{"rendered":"<p>Am 7. November 2001 ereignete sich eine Szene, an die man sich heute angesichts der Intervention in Libyen und des Abzuges der Nato aus Afghanistan erinnern sollte. Die Taliban hatten seinerzeit \u00fcber Nacht Kabul verlassen. Der amerikanische Pr\u00e4sident George W. Bush trat triumphierend vor die Kameras. Doch gleichzeitig klangen seine Worte seltsam flehend. &#8222;Ich ermutige [&hellip;]<\/p>\n","protected":false},"author":87,"featured_media":0,"comment_status":"open","ping_status":"open","sticky":false,"template":"","format":"standard","meta":{"_jetpack_memberships_contains_paid_content":false,"footnotes":""},"categories":[1],"tags":[],"class_list":["post-934","post","type-post","status-publish","format-standard","hentry","category-allgemein"],"yoast_head":"<!-- This site is optimized with the Yoast SEO plugin v21.0 - https:\/\/yoast.com\/wordpress\/plugins\/seo\/ -->\n<title>Die Macht der Kleinen - Unterwegs in Europa<\/title>\n<meta name=\"robots\" content=\"index, follow, max-snippet:-1, max-image-preview:large, max-video-preview:-1\" \/>\n<link rel=\"canonical\" href=\"https:\/\/blog.zeit.de\/ladurnerulrich\/2011\/07\/05\/die-macht-der-kleinen\/\" \/>\n<meta property=\"og:locale\" content=\"de_DE\" \/>\n<meta property=\"og:type\" content=\"article\" \/>\n<meta property=\"og:title\" content=\"Die Macht der Kleinen - Unterwegs in Europa\" \/>\n<meta property=\"og:description\" content=\"Am 7. November 2001 ereignete sich eine Szene, an die man sich heute angesichts der Intervention in Libyen und des Abzuges der Nato aus Afghanistan erinnern sollte. Die Taliban hatten seinerzeit \u00fcber Nacht Kabul verlassen. Der amerikanische Pr\u00e4sident George W. Bush trat triumphierend vor die Kameras. Doch gleichzeitig klangen seine Worte seltsam flehend. &#8222;Ich ermutige [&hellip;]\" \/>\n<meta property=\"og:url\" content=\"https:\/\/blog.zeit.de\/ladurnerulrich\/2011\/07\/05\/die-macht-der-kleinen\/\" \/>\n<meta property=\"og:site_name\" content=\"Unterwegs in Europa\" \/>\n<meta property=\"article:published_time\" content=\"2011-07-05T08:25:36+00:00\" \/>\n<meta property=\"article:modified_time\" content=\"2011-07-05T09:30:33+00:00\" \/>\n<meta name=\"author\" content=\"Ulrich Ladurner\" \/>\n<meta name=\"twitter:label1\" content=\"Geschrieben von\" \/>\n\t<meta name=\"twitter:data1\" content=\"Ulrich Ladurner\" \/>\n\t<meta name=\"twitter:label2\" content=\"Gesch\u00e4tzte Lesezeit\" \/>\n\t<meta name=\"twitter:data2\" content=\"2\u00a0Minuten\" \/>\n<script type=\"application\/ld+json\" class=\"yoast-schema-graph\">{\"@context\":\"https:\/\/schema.org\",\"@graph\":[{\"@type\":\"WebPage\",\"@id\":\"https:\/\/blog.zeit.de\/ladurnerulrich\/2011\/07\/05\/die-macht-der-kleinen\/\",\"url\":\"https:\/\/blog.zeit.de\/ladurnerulrich\/2011\/07\/05\/die-macht-der-kleinen\/\",\"name\":\"Die Macht der Kleinen - Unterwegs in Europa\",\"isPartOf\":{\"@id\":\"https:\/\/blog.zeit.de\/ladurnerulrich\/#website\"},\"datePublished\":\"2011-07-05T08:25:36+00:00\",\"dateModified\":\"2011-07-05T09:30:33+00:00\",\"author\":{\"@id\":\"https:\/\/blog.zeit.de\/ladurnerulrich\/#\/schema\/person\/41f9ab2ef02a3e3602daf321c07007f6\"},\"breadcrumb\":{\"@id\":\"https:\/\/blog.zeit.de\/ladurnerulrich\/2011\/07\/05\/die-macht-der-kleinen\/#breadcrumb\"},\"inLanguage\":\"de\",\"potentialAction\":[{\"@type\":\"ReadAction\",\"target\":[\"https:\/\/blog.zeit.de\/ladurnerulrich\/2011\/07\/05\/die-macht-der-kleinen\/\"]}]},{\"@type\":\"BreadcrumbList\",\"@id\":\"https:\/\/blog.zeit.de\/ladurnerulrich\/2011\/07\/05\/die-macht-der-kleinen\/#breadcrumb\",\"itemListElement\":[{\"@type\":\"ListItem\",\"position\":1,\"name\":\"Startseite\",\"item\":\"https:\/\/blog.zeit.de\/ladurnerulrich\/\"},{\"@type\":\"ListItem\",\"position\":2,\"name\":\"Die Macht der Kleinen\"}]},{\"@type\":\"WebSite\",\"@id\":\"https:\/\/blog.zeit.de\/ladurnerulrich\/#website\",\"url\":\"https:\/\/blog.zeit.de\/ladurnerulrich\/\",\"name\":\"Unterwegs in Europa\",\"description\":\"Ladurners Blog f\u00fcr Einblicke in un\u00fcbersichtliche Landschaften\",\"potentialAction\":[{\"@type\":\"SearchAction\",\"target\":{\"@type\":\"EntryPoint\",\"urlTemplate\":\"https:\/\/blog.zeit.de\/ladurnerulrich\/?s={search_term_string}\"},\"query-input\":\"required name=search_term_string\"}],\"inLanguage\":\"de\"},{\"@type\":\"Person\",\"@id\":\"https:\/\/blog.zeit.de\/ladurnerulrich\/#\/schema\/person\/41f9ab2ef02a3e3602daf321c07007f6\",\"name\":\"Ulrich Ladurner\",\"image\":{\"@type\":\"ImageObject\",\"inLanguage\":\"de\",\"@id\":\"https:\/\/blog.zeit.de\/ladurnerulrich\/#\/schema\/person\/image\/\",\"url\":\"https:\/\/secure.gravatar.com\/avatar\/d01052e766579414676df807ab6fd98f6598a3bceab8af45b2984cba94333280?s=96&d=mm&r=g\",\"contentUrl\":\"https:\/\/secure.gravatar.com\/avatar\/d01052e766579414676df807ab6fd98f6598a3bceab8af45b2984cba94333280?s=96&d=mm&r=g\",\"caption\":\"Ulrich Ladurner\"},\"description\":\"lebt seit 1999 in Hamburg. Seitdem staunt er dar\u00fcber, was man in dieser Stadt erleben kann. Weil das mit dem Wundern nicht aufh\u00f6rt, gibt es diese Kolumne.\",\"sameAs\":[\"http:\/\/www.zeit.de\"],\"url\":\"https:\/\/blog.zeit.de\/ladurnerulrich\/author\/ulli-ladurner\/\"}]}<\/script>\n<!-- \/ Yoast SEO plugin. -->","yoast_head_json":{"title":"Die Macht der Kleinen - Unterwegs in Europa","robots":{"index":"index","follow":"follow","max-snippet":"max-snippet:-1","max-image-preview":"max-image-preview:large","max-video-preview":"max-video-preview:-1"},"canonical":"https:\/\/blog.zeit.de\/ladurnerulrich\/2011\/07\/05\/die-macht-der-kleinen\/","og_locale":"de_DE","og_type":"article","og_title":"Die Macht der Kleinen - Unterwegs in Europa","og_description":"Am 7. November 2001 ereignete sich eine Szene, an die man sich heute angesichts der Intervention in Libyen und des Abzuges der Nato aus Afghanistan erinnern sollte. Die Taliban hatten seinerzeit \u00fcber Nacht Kabul verlassen. Der amerikanische Pr\u00e4sident George W. Bush trat triumphierend vor die Kameras. Doch gleichzeitig klangen seine Worte seltsam flehend. &#8222;Ich ermutige [&hellip;]","og_url":"https:\/\/blog.zeit.de\/ladurnerulrich\/2011\/07\/05\/die-macht-der-kleinen\/","og_site_name":"Unterwegs in Europa","article_published_time":"2011-07-05T08:25:36+00:00","article_modified_time":"2011-07-05T09:30:33+00:00","author":"Ulrich Ladurner","twitter_misc":{"Geschrieben von":"Ulrich Ladurner","Gesch\u00e4tzte Lesezeit":"2\u00a0Minuten"},"schema":{"@context":"https:\/\/schema.org","@graph":[{"@type":"WebPage","@id":"https:\/\/blog.zeit.de\/ladurnerulrich\/2011\/07\/05\/die-macht-der-kleinen\/","url":"https:\/\/blog.zeit.de\/ladurnerulrich\/2011\/07\/05\/die-macht-der-kleinen\/","name":"Die Macht der Kleinen - Unterwegs in Europa","isPartOf":{"@id":"https:\/\/blog.zeit.de\/ladurnerulrich\/#website"},"datePublished":"2011-07-05T08:25:36+00:00","dateModified":"2011-07-05T09:30:33+00:00","author":{"@id":"https:\/\/blog.zeit.de\/ladurnerulrich\/#\/schema\/person\/41f9ab2ef02a3e3602daf321c07007f6"},"breadcrumb":{"@id":"https:\/\/blog.zeit.de\/ladurnerulrich\/2011\/07\/05\/die-macht-der-kleinen\/#breadcrumb"},"inLanguage":"de","potentialAction":[{"@type":"ReadAction","target":["https:\/\/blog.zeit.de\/ladurnerulrich\/2011\/07\/05\/die-macht-der-kleinen\/"]}]},{"@type":"BreadcrumbList","@id":"https:\/\/blog.zeit.de\/ladurnerulrich\/2011\/07\/05\/die-macht-der-kleinen\/#breadcrumb","itemListElement":[{"@type":"ListItem","position":1,"name":"Startseite","item":"https:\/\/blog.zeit.de\/ladurnerulrich\/"},{"@type":"ListItem","position":2,"name":"Die Macht der Kleinen"}]},{"@type":"WebSite","@id":"https:\/\/blog.zeit.de\/ladurnerulrich\/#website","url":"https:\/\/blog.zeit.de\/ladurnerulrich\/","name":"Unterwegs in Europa","description":"Ladurners Blog f\u00fcr Einblicke in un\u00fcbersichtliche Landschaften","potentialAction":[{"@type":"SearchAction","target":{"@type":"EntryPoint","urlTemplate":"https:\/\/blog.zeit.de\/ladurnerulrich\/?s={search_term_string}"},"query-input":"required name=search_term_string"}],"inLanguage":"de"},{"@type":"Person","@id":"https:\/\/blog.zeit.de\/ladurnerulrich\/#\/schema\/person\/41f9ab2ef02a3e3602daf321c07007f6","name":"Ulrich Ladurner","image":{"@type":"ImageObject","inLanguage":"de","@id":"https:\/\/blog.zeit.de\/ladurnerulrich\/#\/schema\/person\/image\/","url":"https:\/\/secure.gravatar.com\/avatar\/d01052e766579414676df807ab6fd98f6598a3bceab8af45b2984cba94333280?s=96&d=mm&r=g","contentUrl":"https:\/\/secure.gravatar.com\/avatar\/d01052e766579414676df807ab6fd98f6598a3bceab8af45b2984cba94333280?s=96&d=mm&r=g","caption":"Ulrich Ladurner"},"description":"lebt seit 1999 in Hamburg. Seitdem staunt er dar\u00fcber, was man in dieser Stadt erleben kann. Weil das mit dem Wundern nicht aufh\u00f6rt, gibt es diese Kolumne.","sameAs":["http:\/\/www.zeit.de"],"url":"https:\/\/blog.zeit.de\/ladurnerulrich\/author\/ulli-ladurner\/"}]}},"jetpack_featured_media_url":"","jetpack_sharing_enabled":true,"_links":{"self":[{"href":"https:\/\/blog.zeit.de\/ladurnerulrich\/wp-json\/wp\/v2\/posts\/934","targetHints":{"allow":["GET"]}}],"collection":[{"href":"https:\/\/blog.zeit.de\/ladurnerulrich\/wp-json\/wp\/v2\/posts"}],"about":[{"href":"https:\/\/blog.zeit.de\/ladurnerulrich\/wp-json\/wp\/v2\/types\/post"}],"author":[{"embeddable":true,"href":"https:\/\/blog.zeit.de\/ladurnerulrich\/wp-json\/wp\/v2\/users\/87"}],"replies":[{"embeddable":true,"href":"https:\/\/blog.zeit.de\/ladurnerulrich\/wp-json\/wp\/v2\/comments?post=934"}],"version-history":[{"count":3,"href":"https:\/\/blog.zeit.de\/ladurnerulrich\/wp-json\/wp\/v2\/posts\/934\/revisions"}],"predecessor-version":[{"id":937,"href":"https:\/\/blog.zeit.de\/ladurnerulrich\/wp-json\/wp\/v2\/posts\/934\/revisions\/937"}],"wp:attachment":[{"href":"https:\/\/blog.zeit.de\/ladurnerulrich\/wp-json\/wp\/v2\/media?parent=934"}],"wp:term":[{"taxonomy":"category","embeddable":true,"href":"https:\/\/blog.zeit.de\/ladurnerulrich\/wp-json\/wp\/v2\/categories?post=934"},{"taxonomy":"post_tag","embeddable":true,"href":"https:\/\/blog.zeit.de\/ladurnerulrich\/wp-json\/wp\/v2\/tags?post=934"}],"curies":[{"name":"wp","href":"https:\/\/api.w.org\/{rel}","templated":true}]}}