{"id":960,"date":"2011-08-22T12:17:50","date_gmt":"2011-08-22T10:17:50","guid":{"rendered":"http:\/\/blog.zeit.de\/ladurnerulrich\/?p=960"},"modified":"2011-08-22T14:26:47","modified_gmt":"2011-08-22T12:26:47","slug":"nach-dem-despoten-sturz","status":"publish","type":"post","link":"https:\/\/blog.zeit.de\/ladurnerulrich\/2011\/08\/22\/nach-dem-despoten-sturz\/","title":{"rendered":"Nach dem Despoten-Sturz"},"content":{"rendered":"<p><figure id=\"attachment_962\" aria-describedby=\"caption-attachment-962\" style=\"width: 540px\" class=\"wp-caption alignnone\"><a href=\"https:\/\/blog.zeit.de\/ladurnerulrich\/files\/2011\/08\/tripolis-3-540x304.jpg\"><img loading=\"lazy\" decoding=\"async\" class=\"size-full wp-image-962\" title=\"Rebellen in den Stra\u00dfen von Tripolis (c) FILIPPO MONTEFORTE\/AFP\/Getty Images\" src=\"https:\/\/blog.zeit.de\/ladurnerulrich\/files\/2011\/08\/tripolis-3-540x304.jpg\" alt=\"Rebellen in den Stra\u00dfen von Tripolis (c) FILIPPO MONTEFORTE\/AFP\/Getty Images\" width=\"540\" height=\"304\" srcset=\"https:\/\/blog.zeit.de\/ladurnerulrich\/files\/2011\/08\/tripolis-3-540x304.jpg 540w, https:\/\/blog.zeit.de\/ladurnerulrich\/files\/2011\/08\/tripolis-3-540x304-300x168.jpg 300w\" sizes=\"auto, (max-width: 540px) 100vw, 540px\" \/><\/a><figcaption id=\"caption-attachment-962\" class=\"wp-caption-text\">Rebellen in den Stra\u00dfen von Tripolis (c) FILIPPO MONTEFORTE\/AFP\/Getty Images<\/figcaption><\/figure><\/p>\n<p>Das libysche Volk feiert die wohl endg\u00fcltige Niederlage des Diktators Muammar al-Gadhafi. Es beginnt eine neue \u00c4ra in der Geschichte Libyens. Die Herausforderung ist gewaltig. Ein Land ohne demokratische Tradition soll in eine Demokratie umgewandelt werden.<\/p>\n<p>Die ersten Schritte dazu werden in diesen Tagen des Sieges gelegt. Der \u00dcbergangsrat der Rebellen hat dazu aufgerufen, sich nicht an Gadhafis Anh\u00e4ngern zu r\u00e4chen, sondern M\u00e4\u00dfigung und Zur\u00fcckhaltung zu \u00fcben. Der Aufruf ist n\u00f6tig und kommt zur rechten Zeit. Je nachdem, wie sehr sich die Bev\u00f6lkerung daran h\u00e4lt, werden wir erkennen k\u00f6nnen, wie stark die Autorit\u00e4t des \u00dcbergangsrates ist.<\/p>\n<p>Blutige Rache w\u00e4re ein Geburtsfehler, der das neue Libyen auf Dauer belastet. Sie k\u00f6nnte das Land in einen lange schwelenden Konflikt zwischen den St\u00e4mmen hineinziehen. K\u00e4me es dazu, h\u00e4tte sich Europa einen dauerhaft instabilen Nachbarn am Mittelmeer eingehandelt. In diesem Fall w\u00fcrde sich irgendwann f\u00fcr die Europ\u00e4er auch die Frage stellen, ob und wie man in ein solches, zerfallendes Libyen intervenieren m\u00fcsste. Das ist ein Szenario, vor dem sich die westlichen Regierungen f\u00fcrchten, denn sie haben weder die Kraft, den Willen noch das Geld f\u00fcr Intervention und Wiederaufbau in Libyen.<\/p>\n<p>Das optimistischere Szenario ist das einer relativ schnellen Stabilisierung Libyens. Daf\u00fcr gibt es einige gute Gr\u00fcnde. Trotz der f\u00fcr viele \u00fcberraschend langen Dauer des Konfliktes \u2013 sechs Monate \u2013\u00a0 kam der Sieg nun doch schnell. Dabei ist es entscheidend, dass die Bewohner von Tripolis sich offensichtlich nicht gegen die Rebellen gewehrt haben. Im Gegenteil \u2013 nach allem, was man wei\u00df \u2013 sind sie zu den Rebellen \u00fcbergelaufen oder haben sogar aktiv am Kampf teilgenommen. Damit hat Tripolis seine eigene Befreiungsgeschichte.<\/p>\n<p>Bengasi und Misrata sind nicht mehr die einzigen St\u00e4dte, die sich als &#8222;Heldenst\u00e4dte&#8220; in die\u00a0 Geschichte des neuen Libyen einschreiben k\u00f6nnen.\u00a0 Der Westen (Tripolitanien) und der Osten (Cyrenaica) des Landes treten gewisserma\u00dfen durch das Tor, das in die Zukunft Libyens f\u00fchrt. Kein Landesteil hat den anderen unterworfen. Das ist eine wichtige Voraussetzung f\u00fcr eine nationale Vers\u00f6hnung.<\/p>\n<p>Libyen ist zwar fl\u00e4chenm\u00e4\u00dfig ein riesiges Land, doch hat es gerade mal etwas mehr als sechs Millionen Einwohner.\u00a0 Gleichzeitig verf\u00fcgt es \u00fcber gro\u00dfe \u00d6l- und Gasreserven. Und schlie\u00dflich ist es eine direkter Nachbar Europas. Diese Kombination \u2013 zahlenm\u00e4\u00dfig kleiner, aber reicher Nachbar \u2013 macht es gewiss leichter, das Land stabil zu halten. Wenn die inneren Voraussetzungen geschaffen werden, das hei\u00dft: wenn die Vers\u00f6hnung gelingt, kann eine kluge Politik Europas von au\u00dfen Libyen einen zus\u00e4tzlichen, festen Rahmen geben. Daf\u00fcr braucht es gleichzeitig Zur\u00fcckhaltung und Entschiedenheit.<\/p>\n<p>Zur\u00fcckhaltung bedeutet: Der Westen darf nicht den Eindruck erwecken, als wolle es sich in die inneren Angelegenheiten Libyens vor allem einmischen, um sich den Zugang zu den Ressourcen zu sichern. Entschiedenheit bedeutet: Der Westen muss darauf dr\u00e4ngen, dass es schnell zu einer Vers\u00f6hnung kommt. Der erste Konflikt zwischen dem Westen und dem neuen Libyen ist aber schon auf dem Tisch.<\/p>\n<p>Gadhafi, sein Sohn Saif al-Islam und Gadhafis Schwager, Geheimdienstchef Abdullah Senussi, sind vor dem Internationalen Strafgerichtshof in Den Haag wegen Verbrechen gegen die Menschlichkeit angeklagt. Nun haben die Rebellen drei S\u00f6hne Gadhafis festgenommen. Der \u00dcbergangsrat hat angek\u00fcndigt, ihnen in Libyen den Prozess machen zu wollen. Der Internationale Strafgerichtshof wird aber auf der Auslieferung beharren.<\/p>\n","protected":false},"excerpt":{"rendered":"<p>Das libysche Volk feiert die wohl endg\u00fcltige Niederlage des Diktators Muammar al-Gadhafi. Es beginnt eine neue \u00c4ra in der Geschichte Libyens. Die Herausforderung ist gewaltig. Ein Land ohne demokratische Tradition soll in eine Demokratie umgewandelt werden. Die ersten Schritte dazu werden in diesen Tagen des Sieges gelegt. Der \u00dcbergangsrat der Rebellen hat dazu aufgerufen, sich [&hellip;]<\/p>\n","protected":false},"author":87,"featured_media":0,"comment_status":"open","ping_status":"open","sticky":false,"template":"","format":"standard","meta":{"_jetpack_memberships_contains_paid_content":false,"footnotes":""},"categories":[1],"tags":[],"class_list":["post-960","post","type-post","status-publish","format-standard","hentry","category-allgemein"],"yoast_head":"<!-- This site is optimized with the Yoast SEO plugin v21.0 - https:\/\/yoast.com\/wordpress\/plugins\/seo\/ -->\n<title>Nach dem Despoten-Sturz - Unterwegs in Europa<\/title>\n<meta name=\"robots\" content=\"index, follow, max-snippet:-1, max-image-preview:large, max-video-preview:-1\" \/>\n<link rel=\"canonical\" href=\"https:\/\/blog.zeit.de\/ladurnerulrich\/2011\/08\/22\/nach-dem-despoten-sturz\/\" \/>\n<meta property=\"og:locale\" content=\"de_DE\" \/>\n<meta property=\"og:type\" content=\"article\" \/>\n<meta property=\"og:title\" content=\"Nach dem Despoten-Sturz - Unterwegs in Europa\" \/>\n<meta property=\"og:description\" content=\"Das libysche Volk feiert die wohl endg\u00fcltige Niederlage des Diktators Muammar al-Gadhafi. Es beginnt eine neue \u00c4ra in der Geschichte Libyens. Die Herausforderung ist gewaltig. Ein Land ohne demokratische Tradition soll in eine Demokratie umgewandelt werden. Die ersten Schritte dazu werden in diesen Tagen des Sieges gelegt. Der \u00dcbergangsrat der Rebellen hat dazu aufgerufen, sich [&hellip;]\" \/>\n<meta property=\"og:url\" content=\"https:\/\/blog.zeit.de\/ladurnerulrich\/2011\/08\/22\/nach-dem-despoten-sturz\/\" \/>\n<meta property=\"og:site_name\" content=\"Unterwegs in Europa\" \/>\n<meta property=\"article:published_time\" content=\"2011-08-22T10:17:50+00:00\" \/>\n<meta property=\"article:modified_time\" content=\"2011-08-22T12:26:47+00:00\" \/>\n<meta property=\"og:image\" content=\"https:\/\/blog.zeit.de\/ladurnerulrich\/files\/2011\/08\/tripolis-3-540x304.jpg\" \/>\n<meta name=\"author\" content=\"Ulrich Ladurner\" \/>\n<meta name=\"twitter:label1\" content=\"Geschrieben von\" \/>\n\t<meta name=\"twitter:data1\" content=\"Ulrich Ladurner\" \/>\n\t<meta name=\"twitter:label2\" content=\"Gesch\u00e4tzte Lesezeit\" \/>\n\t<meta name=\"twitter:data2\" content=\"3\u00a0Minuten\" \/>\n<script type=\"application\/ld+json\" class=\"yoast-schema-graph\">{\"@context\":\"https:\/\/schema.org\",\"@graph\":[{\"@type\":\"WebPage\",\"@id\":\"https:\/\/blog.zeit.de\/ladurnerulrich\/2011\/08\/22\/nach-dem-despoten-sturz\/\",\"url\":\"https:\/\/blog.zeit.de\/ladurnerulrich\/2011\/08\/22\/nach-dem-despoten-sturz\/\",\"name\":\"Nach dem Despoten-Sturz - Unterwegs in Europa\",\"isPartOf\":{\"@id\":\"https:\/\/blog.zeit.de\/ladurnerulrich\/#website\"},\"datePublished\":\"2011-08-22T10:17:50+00:00\",\"dateModified\":\"2011-08-22T12:26:47+00:00\",\"author\":{\"@id\":\"https:\/\/blog.zeit.de\/ladurnerulrich\/#\/schema\/person\/41f9ab2ef02a3e3602daf321c07007f6\"},\"breadcrumb\":{\"@id\":\"https:\/\/blog.zeit.de\/ladurnerulrich\/2011\/08\/22\/nach-dem-despoten-sturz\/#breadcrumb\"},\"inLanguage\":\"de\",\"potentialAction\":[{\"@type\":\"ReadAction\",\"target\":[\"https:\/\/blog.zeit.de\/ladurnerulrich\/2011\/08\/22\/nach-dem-despoten-sturz\/\"]}]},{\"@type\":\"BreadcrumbList\",\"@id\":\"https:\/\/blog.zeit.de\/ladurnerulrich\/2011\/08\/22\/nach-dem-despoten-sturz\/#breadcrumb\",\"itemListElement\":[{\"@type\":\"ListItem\",\"position\":1,\"name\":\"Startseite\",\"item\":\"https:\/\/blog.zeit.de\/ladurnerulrich\/\"},{\"@type\":\"ListItem\",\"position\":2,\"name\":\"Nach dem Despoten-Sturz\"}]},{\"@type\":\"WebSite\",\"@id\":\"https:\/\/blog.zeit.de\/ladurnerulrich\/#website\",\"url\":\"https:\/\/blog.zeit.de\/ladurnerulrich\/\",\"name\":\"Unterwegs in Europa\",\"description\":\"Ladurners Blog f\u00fcr Einblicke in un\u00fcbersichtliche Landschaften\",\"potentialAction\":[{\"@type\":\"SearchAction\",\"target\":{\"@type\":\"EntryPoint\",\"urlTemplate\":\"https:\/\/blog.zeit.de\/ladurnerulrich\/?s={search_term_string}\"},\"query-input\":\"required name=search_term_string\"}],\"inLanguage\":\"de\"},{\"@type\":\"Person\",\"@id\":\"https:\/\/blog.zeit.de\/ladurnerulrich\/#\/schema\/person\/41f9ab2ef02a3e3602daf321c07007f6\",\"name\":\"Ulrich Ladurner\",\"image\":{\"@type\":\"ImageObject\",\"inLanguage\":\"de\",\"@id\":\"https:\/\/blog.zeit.de\/ladurnerulrich\/#\/schema\/person\/image\/\",\"url\":\"https:\/\/secure.gravatar.com\/avatar\/d01052e766579414676df807ab6fd98f6598a3bceab8af45b2984cba94333280?s=96&d=mm&r=g\",\"contentUrl\":\"https:\/\/secure.gravatar.com\/avatar\/d01052e766579414676df807ab6fd98f6598a3bceab8af45b2984cba94333280?s=96&d=mm&r=g\",\"caption\":\"Ulrich Ladurner\"},\"description\":\"lebt seit 1999 in Hamburg. Seitdem staunt er dar\u00fcber, was man in dieser Stadt erleben kann. Weil das mit dem Wundern nicht aufh\u00f6rt, gibt es diese Kolumne.\",\"sameAs\":[\"http:\/\/www.zeit.de\"],\"url\":\"https:\/\/blog.zeit.de\/ladurnerulrich\/author\/ulli-ladurner\/\"}]}<\/script>\n<!-- \/ Yoast SEO plugin. -->","yoast_head_json":{"title":"Nach dem Despoten-Sturz - Unterwegs in Europa","robots":{"index":"index","follow":"follow","max-snippet":"max-snippet:-1","max-image-preview":"max-image-preview:large","max-video-preview":"max-video-preview:-1"},"canonical":"https:\/\/blog.zeit.de\/ladurnerulrich\/2011\/08\/22\/nach-dem-despoten-sturz\/","og_locale":"de_DE","og_type":"article","og_title":"Nach dem Despoten-Sturz - Unterwegs in Europa","og_description":"Das libysche Volk feiert die wohl endg\u00fcltige Niederlage des Diktators Muammar al-Gadhafi. Es beginnt eine neue \u00c4ra in der Geschichte Libyens. Die Herausforderung ist gewaltig. Ein Land ohne demokratische Tradition soll in eine Demokratie umgewandelt werden. Die ersten Schritte dazu werden in diesen Tagen des Sieges gelegt. Der \u00dcbergangsrat der Rebellen hat dazu aufgerufen, sich [&hellip;]","og_url":"https:\/\/blog.zeit.de\/ladurnerulrich\/2011\/08\/22\/nach-dem-despoten-sturz\/","og_site_name":"Unterwegs in Europa","article_published_time":"2011-08-22T10:17:50+00:00","article_modified_time":"2011-08-22T12:26:47+00:00","og_image":[{"url":"https:\/\/blog.zeit.de\/ladurnerulrich\/files\/2011\/08\/tripolis-3-540x304.jpg"}],"author":"Ulrich Ladurner","twitter_misc":{"Geschrieben von":"Ulrich Ladurner","Gesch\u00e4tzte Lesezeit":"3\u00a0Minuten"},"schema":{"@context":"https:\/\/schema.org","@graph":[{"@type":"WebPage","@id":"https:\/\/blog.zeit.de\/ladurnerulrich\/2011\/08\/22\/nach-dem-despoten-sturz\/","url":"https:\/\/blog.zeit.de\/ladurnerulrich\/2011\/08\/22\/nach-dem-despoten-sturz\/","name":"Nach dem Despoten-Sturz - Unterwegs in Europa","isPartOf":{"@id":"https:\/\/blog.zeit.de\/ladurnerulrich\/#website"},"datePublished":"2011-08-22T10:17:50+00:00","dateModified":"2011-08-22T12:26:47+00:00","author":{"@id":"https:\/\/blog.zeit.de\/ladurnerulrich\/#\/schema\/person\/41f9ab2ef02a3e3602daf321c07007f6"},"breadcrumb":{"@id":"https:\/\/blog.zeit.de\/ladurnerulrich\/2011\/08\/22\/nach-dem-despoten-sturz\/#breadcrumb"},"inLanguage":"de","potentialAction":[{"@type":"ReadAction","target":["https:\/\/blog.zeit.de\/ladurnerulrich\/2011\/08\/22\/nach-dem-despoten-sturz\/"]}]},{"@type":"BreadcrumbList","@id":"https:\/\/blog.zeit.de\/ladurnerulrich\/2011\/08\/22\/nach-dem-despoten-sturz\/#breadcrumb","itemListElement":[{"@type":"ListItem","position":1,"name":"Startseite","item":"https:\/\/blog.zeit.de\/ladurnerulrich\/"},{"@type":"ListItem","position":2,"name":"Nach dem Despoten-Sturz"}]},{"@type":"WebSite","@id":"https:\/\/blog.zeit.de\/ladurnerulrich\/#website","url":"https:\/\/blog.zeit.de\/ladurnerulrich\/","name":"Unterwegs in Europa","description":"Ladurners Blog f\u00fcr Einblicke in un\u00fcbersichtliche Landschaften","potentialAction":[{"@type":"SearchAction","target":{"@type":"EntryPoint","urlTemplate":"https:\/\/blog.zeit.de\/ladurnerulrich\/?s={search_term_string}"},"query-input":"required name=search_term_string"}],"inLanguage":"de"},{"@type":"Person","@id":"https:\/\/blog.zeit.de\/ladurnerulrich\/#\/schema\/person\/41f9ab2ef02a3e3602daf321c07007f6","name":"Ulrich Ladurner","image":{"@type":"ImageObject","inLanguage":"de","@id":"https:\/\/blog.zeit.de\/ladurnerulrich\/#\/schema\/person\/image\/","url":"https:\/\/secure.gravatar.com\/avatar\/d01052e766579414676df807ab6fd98f6598a3bceab8af45b2984cba94333280?s=96&d=mm&r=g","contentUrl":"https:\/\/secure.gravatar.com\/avatar\/d01052e766579414676df807ab6fd98f6598a3bceab8af45b2984cba94333280?s=96&d=mm&r=g","caption":"Ulrich Ladurner"},"description":"lebt seit 1999 in Hamburg. Seitdem staunt er dar\u00fcber, was man in dieser Stadt erleben kann. Weil das mit dem Wundern nicht aufh\u00f6rt, gibt es diese Kolumne.","sameAs":["http:\/\/www.zeit.de"],"url":"https:\/\/blog.zeit.de\/ladurnerulrich\/author\/ulli-ladurner\/"}]}},"jetpack_featured_media_url":"","jetpack_sharing_enabled":true,"_links":{"self":[{"href":"https:\/\/blog.zeit.de\/ladurnerulrich\/wp-json\/wp\/v2\/posts\/960","targetHints":{"allow":["GET"]}}],"collection":[{"href":"https:\/\/blog.zeit.de\/ladurnerulrich\/wp-json\/wp\/v2\/posts"}],"about":[{"href":"https:\/\/blog.zeit.de\/ladurnerulrich\/wp-json\/wp\/v2\/types\/post"}],"author":[{"embeddable":true,"href":"https:\/\/blog.zeit.de\/ladurnerulrich\/wp-json\/wp\/v2\/users\/87"}],"replies":[{"embeddable":true,"href":"https:\/\/blog.zeit.de\/ladurnerulrich\/wp-json\/wp\/v2\/comments?post=960"}],"version-history":[{"count":10,"href":"https:\/\/blog.zeit.de\/ladurnerulrich\/wp-json\/wp\/v2\/posts\/960\/revisions"}],"predecessor-version":[{"id":972,"href":"https:\/\/blog.zeit.de\/ladurnerulrich\/wp-json\/wp\/v2\/posts\/960\/revisions\/972"}],"wp:attachment":[{"href":"https:\/\/blog.zeit.de\/ladurnerulrich\/wp-json\/wp\/v2\/media?parent=960"}],"wp:term":[{"taxonomy":"category","embeddable":true,"href":"https:\/\/blog.zeit.de\/ladurnerulrich\/wp-json\/wp\/v2\/categories?post=960"},{"taxonomy":"post_tag","embeddable":true,"href":"https:\/\/blog.zeit.de\/ladurnerulrich\/wp-json\/wp\/v2\/tags?post=960"}],"curies":[{"name":"wp","href":"https:\/\/api.w.org\/{rel}","templated":true}]}}