{"id":974,"date":"2011-08-23T13:32:39","date_gmt":"2011-08-23T11:32:39","guid":{"rendered":"http:\/\/blog.zeit.de\/ladurnerulrich\/?p=974"},"modified":"2011-08-23T13:32:39","modified_gmt":"2011-08-23T11:32:39","slug":"lehren-aus-dem-irak","status":"publish","type":"post","link":"https:\/\/blog.zeit.de\/ladurnerulrich\/2011\/08\/23\/lehren-aus-dem-irak\/","title":{"rendered":"Lehren aus dem Irak"},"content":{"rendered":"<p><figure id=\"attachment_978\" aria-describedby=\"caption-attachment-978\" style=\"width: 540px\" class=\"wp-caption alignnone\"><a href=\"https:\/\/blog.zeit.de\/ladurnerulrich\/files\/2011\/08\/tripolis-bruecke-540x304.jpg\"><img loading=\"lazy\" decoding=\"async\" class=\"size-full wp-image-978\" title=\"tripolis-bruecke-540x304\" src=\"https:\/\/blog.zeit.de\/ladurnerulrich\/files\/2011\/08\/tripolis-bruecke-540x304.jpg\" alt=\"Ein Rebell auf der 27. Br\u00fccke, mehrere Kilometer au\u00dferhalb des Zentrums von Tripolis (c) FILIPPO MONTEFORTE\/AFP\/Getty Images\" width=\"540\" height=\"304\" srcset=\"https:\/\/blog.zeit.de\/ladurnerulrich\/files\/2011\/08\/tripolis-bruecke-540x304.jpg 540w, https:\/\/blog.zeit.de\/ladurnerulrich\/files\/2011\/08\/tripolis-bruecke-540x304-300x168.jpg 300w\" sizes=\"auto, (max-width: 540px) 100vw, 540px\" \/><\/a><figcaption id=\"caption-attachment-978\" class=\"wp-caption-text\">Ein Rebell auf der 27. Br\u00fccke, mehrere Kilometer au\u00dferhalb des Zentrums von Tripolis (c) FILIPPO MONTEFORTE\/AFP\/Getty Images<\/figcaption><\/figure><\/p>\n<p>Muammar al-Gadhafi leistet erbitterten Widerstand. Er wird noch viele Menschen mit ins Verderben ziehen, doch sein Ende ist gewiss. Die Sieger k\u00f6nnen und m\u00fcssen sich deshalb eiligst mit der Nachkriegsordnung befassen. Sie wollen nach eigenem Bekunden ein demokratisches Libyen errichten. Dieses Ziel ist die Grundlage f\u00fcr die Unterst\u00fctzung des Westens.<\/p>\n<p>Gadhafi hat das Land 42 Jahre lang regiert. Es gibt weder organisierte Parteien, noch definierte und feste Institutionen. Alles war auf den Diktator und seine Anh\u00e4nger ausgerichtet. Die neuen Herren Libyens stehen also vor einer gewaltigen Aufgabe. Sie m\u00fcssen einen Staat aufbauen. Aber mit wem sollen sie es tun? Wer darf dazu geh\u00f6ren? Wer soll ausgeschlossen bleiben? Wie ist es mit den Anh\u00e4ngern Gadhafis? Sollen sie Teil des neuen Staates werden?<\/p>\n<p>Ein Blick auf den Irak und Afghanistan ist dabei hilfreich. Im Irak war eine der organisatorischen Klammern f\u00fcr Saddam Husseins Diktatur die Mitgliedschaft in seiner regierenden Baath-Partei. Nach der raschen Macht\u00fcbernahme in Bagdad hatte die amerikanische \u00dcbergangsverwaltung mit als erstes die Mitglieder der Baath-Partei aus allen politischen \u00c4mtern ausgeschlossen, sie entlie\u00dfen das Gros der Sicherheitskr\u00e4fte und l\u00f6sten auch die Armee Saddams auf.<\/p>\n<p>Die \u00dcbergangsverwaltung dachte, man k\u00f6nne einen Staat von Null an aufbauen, ganz so, als sei der Irak ohne Geschichte, ein wei\u00dfes Blatt Papier, das man nach Belieben beschreiben k\u00f6nnte. F\u00fcr die US-Statthalter war die Baath-Partei immer nur und ausschlie\u00dflich ein Instrument der Unterdr\u00fcckung in den H\u00e4nden eines Diktators gewesen.<\/p>\n<p>Doch erwiesen sich das Verbot der Baath-Partei und die Aufl\u00f6sung der Armee schnell als schwerwiegende Fehler. Die Ausgeschlossenen wehrten sich mit Waffengewalt. Sie k\u00e4mpften gegen die Besatzer, weil sie einen Platz im neuen Irak haben und sich nicht von ihren Posten verdr\u00e4ngen lassen wollten. \u00c4hnliches gilt f\u00fcr Afghanistan. Dort ist es nach dem Sturz der Taliban nicht gelungen, die Volksgruppe der Paschtunen \u2013 aus denen sich die Taliban rekrutieren \u2013 in das neue Afghanistan zu integrieren. Die Entfremdung vieler Paschtunen st\u00e4rkte die Taliban.<\/p>\n<p>Darum wird es f\u00fcr eine stabile Zukunft Libyens entscheidend sein, dass die Anh\u00e4nger Gadhafis nicht ausgeschlossen werden. Sie m\u00fcssen in den neuen Staat integriert werden. Sch\u00f6n ist das nicht, aber n\u00fctzlich und notwendig, um m\u00f6gliche gr\u00f6\u00dfere \u00dcbel vom Land abzuwenden \u2014 einen lang schwelenden Guerillakrieg zum Beispiel.<\/p>\n","protected":false},"excerpt":{"rendered":"<p>Muammar al-Gadhafi leistet erbitterten Widerstand. Er wird noch viele Menschen mit ins Verderben ziehen, doch sein Ende ist gewiss. Die Sieger k\u00f6nnen und m\u00fcssen sich deshalb eiligst mit der Nachkriegsordnung befassen. Sie wollen nach eigenem Bekunden ein demokratisches Libyen errichten. Dieses Ziel ist die Grundlage f\u00fcr die Unterst\u00fctzung des Westens. Gadhafi hat das Land 42 [&hellip;]<\/p>\n","protected":false},"author":87,"featured_media":0,"comment_status":"open","ping_status":"open","sticky":false,"template":"","format":"standard","meta":{"_jetpack_memberships_contains_paid_content":false,"footnotes":""},"categories":[1],"tags":[],"class_list":["post-974","post","type-post","status-publish","format-standard","hentry","category-allgemein"],"yoast_head":"<!-- This site is optimized with the Yoast SEO plugin v21.0 - https:\/\/yoast.com\/wordpress\/plugins\/seo\/ -->\n<title>Lehren aus dem Irak  - Unterwegs in Europa<\/title>\n<meta name=\"robots\" content=\"index, follow, max-snippet:-1, max-image-preview:large, max-video-preview:-1\" \/>\n<link rel=\"canonical\" href=\"https:\/\/blog.zeit.de\/ladurnerulrich\/2011\/08\/23\/lehren-aus-dem-irak\/\" \/>\n<meta property=\"og:locale\" content=\"de_DE\" \/>\n<meta property=\"og:type\" content=\"article\" \/>\n<meta property=\"og:title\" content=\"Lehren aus dem Irak  - Unterwegs in Europa\" \/>\n<meta property=\"og:description\" content=\"Muammar al-Gadhafi leistet erbitterten Widerstand. Er wird noch viele Menschen mit ins Verderben ziehen, doch sein Ende ist gewiss. Die Sieger k\u00f6nnen und m\u00fcssen sich deshalb eiligst mit der Nachkriegsordnung befassen. Sie wollen nach eigenem Bekunden ein demokratisches Libyen errichten. Dieses Ziel ist die Grundlage f\u00fcr die Unterst\u00fctzung des Westens. Gadhafi hat das Land 42 [&hellip;]\" \/>\n<meta property=\"og:url\" content=\"https:\/\/blog.zeit.de\/ladurnerulrich\/2011\/08\/23\/lehren-aus-dem-irak\/\" \/>\n<meta property=\"og:site_name\" content=\"Unterwegs in Europa\" \/>\n<meta property=\"article:published_time\" content=\"2011-08-23T11:32:39+00:00\" \/>\n<meta property=\"og:image\" content=\"https:\/\/blog.zeit.de\/ladurnerulrich\/files\/2011\/08\/tripolis-bruecke-540x304.jpg\" \/>\n<meta name=\"author\" content=\"Ulrich Ladurner\" \/>\n<meta name=\"twitter:label1\" content=\"Geschrieben von\" \/>\n\t<meta name=\"twitter:data1\" content=\"Ulrich Ladurner\" \/>\n\t<meta name=\"twitter:label2\" content=\"Gesch\u00e4tzte Lesezeit\" \/>\n\t<meta name=\"twitter:data2\" content=\"2\u00a0Minuten\" \/>\n<script type=\"application\/ld+json\" class=\"yoast-schema-graph\">{\"@context\":\"https:\/\/schema.org\",\"@graph\":[{\"@type\":\"WebPage\",\"@id\":\"https:\/\/blog.zeit.de\/ladurnerulrich\/2011\/08\/23\/lehren-aus-dem-irak\/\",\"url\":\"https:\/\/blog.zeit.de\/ladurnerulrich\/2011\/08\/23\/lehren-aus-dem-irak\/\",\"name\":\"Lehren aus dem Irak - Unterwegs in Europa\",\"isPartOf\":{\"@id\":\"https:\/\/blog.zeit.de\/ladurnerulrich\/#website\"},\"datePublished\":\"2011-08-23T11:32:39+00:00\",\"dateModified\":\"2011-08-23T11:32:39+00:00\",\"author\":{\"@id\":\"https:\/\/blog.zeit.de\/ladurnerulrich\/#\/schema\/person\/41f9ab2ef02a3e3602daf321c07007f6\"},\"breadcrumb\":{\"@id\":\"https:\/\/blog.zeit.de\/ladurnerulrich\/2011\/08\/23\/lehren-aus-dem-irak\/#breadcrumb\"},\"inLanguage\":\"de\",\"potentialAction\":[{\"@type\":\"ReadAction\",\"target\":[\"https:\/\/blog.zeit.de\/ladurnerulrich\/2011\/08\/23\/lehren-aus-dem-irak\/\"]}]},{\"@type\":\"BreadcrumbList\",\"@id\":\"https:\/\/blog.zeit.de\/ladurnerulrich\/2011\/08\/23\/lehren-aus-dem-irak\/#breadcrumb\",\"itemListElement\":[{\"@type\":\"ListItem\",\"position\":1,\"name\":\"Startseite\",\"item\":\"https:\/\/blog.zeit.de\/ladurnerulrich\/\"},{\"@type\":\"ListItem\",\"position\":2,\"name\":\"Lehren aus dem Irak\"}]},{\"@type\":\"WebSite\",\"@id\":\"https:\/\/blog.zeit.de\/ladurnerulrich\/#website\",\"url\":\"https:\/\/blog.zeit.de\/ladurnerulrich\/\",\"name\":\"Unterwegs in Europa\",\"description\":\"Ladurners Blog f\u00fcr Einblicke in un\u00fcbersichtliche Landschaften\",\"potentialAction\":[{\"@type\":\"SearchAction\",\"target\":{\"@type\":\"EntryPoint\",\"urlTemplate\":\"https:\/\/blog.zeit.de\/ladurnerulrich\/?s={search_term_string}\"},\"query-input\":\"required name=search_term_string\"}],\"inLanguage\":\"de\"},{\"@type\":\"Person\",\"@id\":\"https:\/\/blog.zeit.de\/ladurnerulrich\/#\/schema\/person\/41f9ab2ef02a3e3602daf321c07007f6\",\"name\":\"Ulrich Ladurner\",\"image\":{\"@type\":\"ImageObject\",\"inLanguage\":\"de\",\"@id\":\"https:\/\/blog.zeit.de\/ladurnerulrich\/#\/schema\/person\/image\/\",\"url\":\"https:\/\/secure.gravatar.com\/avatar\/d01052e766579414676df807ab6fd98f6598a3bceab8af45b2984cba94333280?s=96&d=mm&r=g\",\"contentUrl\":\"https:\/\/secure.gravatar.com\/avatar\/d01052e766579414676df807ab6fd98f6598a3bceab8af45b2984cba94333280?s=96&d=mm&r=g\",\"caption\":\"Ulrich Ladurner\"},\"description\":\"lebt seit 1999 in Hamburg. Seitdem staunt er dar\u00fcber, was man in dieser Stadt erleben kann. Weil das mit dem Wundern nicht aufh\u00f6rt, gibt es diese Kolumne.\",\"sameAs\":[\"http:\/\/www.zeit.de\"],\"url\":\"https:\/\/blog.zeit.de\/ladurnerulrich\/author\/ulli-ladurner\/\"}]}<\/script>\n<!-- \/ Yoast SEO plugin. -->","yoast_head_json":{"title":"Lehren aus dem Irak  - Unterwegs in Europa","robots":{"index":"index","follow":"follow","max-snippet":"max-snippet:-1","max-image-preview":"max-image-preview:large","max-video-preview":"max-video-preview:-1"},"canonical":"https:\/\/blog.zeit.de\/ladurnerulrich\/2011\/08\/23\/lehren-aus-dem-irak\/","og_locale":"de_DE","og_type":"article","og_title":"Lehren aus dem Irak  - Unterwegs in Europa","og_description":"Muammar al-Gadhafi leistet erbitterten Widerstand. Er wird noch viele Menschen mit ins Verderben ziehen, doch sein Ende ist gewiss. Die Sieger k\u00f6nnen und m\u00fcssen sich deshalb eiligst mit der Nachkriegsordnung befassen. Sie wollen nach eigenem Bekunden ein demokratisches Libyen errichten. Dieses Ziel ist die Grundlage f\u00fcr die Unterst\u00fctzung des Westens. Gadhafi hat das Land 42 [&hellip;]","og_url":"https:\/\/blog.zeit.de\/ladurnerulrich\/2011\/08\/23\/lehren-aus-dem-irak\/","og_site_name":"Unterwegs in Europa","article_published_time":"2011-08-23T11:32:39+00:00","og_image":[{"url":"https:\/\/blog.zeit.de\/ladurnerulrich\/files\/2011\/08\/tripolis-bruecke-540x304.jpg"}],"author":"Ulrich Ladurner","twitter_misc":{"Geschrieben von":"Ulrich Ladurner","Gesch\u00e4tzte Lesezeit":"2\u00a0Minuten"},"schema":{"@context":"https:\/\/schema.org","@graph":[{"@type":"WebPage","@id":"https:\/\/blog.zeit.de\/ladurnerulrich\/2011\/08\/23\/lehren-aus-dem-irak\/","url":"https:\/\/blog.zeit.de\/ladurnerulrich\/2011\/08\/23\/lehren-aus-dem-irak\/","name":"Lehren aus dem Irak - Unterwegs in Europa","isPartOf":{"@id":"https:\/\/blog.zeit.de\/ladurnerulrich\/#website"},"datePublished":"2011-08-23T11:32:39+00:00","dateModified":"2011-08-23T11:32:39+00:00","author":{"@id":"https:\/\/blog.zeit.de\/ladurnerulrich\/#\/schema\/person\/41f9ab2ef02a3e3602daf321c07007f6"},"breadcrumb":{"@id":"https:\/\/blog.zeit.de\/ladurnerulrich\/2011\/08\/23\/lehren-aus-dem-irak\/#breadcrumb"},"inLanguage":"de","potentialAction":[{"@type":"ReadAction","target":["https:\/\/blog.zeit.de\/ladurnerulrich\/2011\/08\/23\/lehren-aus-dem-irak\/"]}]},{"@type":"BreadcrumbList","@id":"https:\/\/blog.zeit.de\/ladurnerulrich\/2011\/08\/23\/lehren-aus-dem-irak\/#breadcrumb","itemListElement":[{"@type":"ListItem","position":1,"name":"Startseite","item":"https:\/\/blog.zeit.de\/ladurnerulrich\/"},{"@type":"ListItem","position":2,"name":"Lehren aus dem Irak"}]},{"@type":"WebSite","@id":"https:\/\/blog.zeit.de\/ladurnerulrich\/#website","url":"https:\/\/blog.zeit.de\/ladurnerulrich\/","name":"Unterwegs in Europa","description":"Ladurners Blog f\u00fcr Einblicke in un\u00fcbersichtliche Landschaften","potentialAction":[{"@type":"SearchAction","target":{"@type":"EntryPoint","urlTemplate":"https:\/\/blog.zeit.de\/ladurnerulrich\/?s={search_term_string}"},"query-input":"required name=search_term_string"}],"inLanguage":"de"},{"@type":"Person","@id":"https:\/\/blog.zeit.de\/ladurnerulrich\/#\/schema\/person\/41f9ab2ef02a3e3602daf321c07007f6","name":"Ulrich Ladurner","image":{"@type":"ImageObject","inLanguage":"de","@id":"https:\/\/blog.zeit.de\/ladurnerulrich\/#\/schema\/person\/image\/","url":"https:\/\/secure.gravatar.com\/avatar\/d01052e766579414676df807ab6fd98f6598a3bceab8af45b2984cba94333280?s=96&d=mm&r=g","contentUrl":"https:\/\/secure.gravatar.com\/avatar\/d01052e766579414676df807ab6fd98f6598a3bceab8af45b2984cba94333280?s=96&d=mm&r=g","caption":"Ulrich Ladurner"},"description":"lebt seit 1999 in Hamburg. Seitdem staunt er dar\u00fcber, was man in dieser Stadt erleben kann. Weil das mit dem Wundern nicht aufh\u00f6rt, gibt es diese Kolumne.","sameAs":["http:\/\/www.zeit.de"],"url":"https:\/\/blog.zeit.de\/ladurnerulrich\/author\/ulli-ladurner\/"}]}},"jetpack_featured_media_url":"","jetpack_sharing_enabled":true,"_links":{"self":[{"href":"https:\/\/blog.zeit.de\/ladurnerulrich\/wp-json\/wp\/v2\/posts\/974","targetHints":{"allow":["GET"]}}],"collection":[{"href":"https:\/\/blog.zeit.de\/ladurnerulrich\/wp-json\/wp\/v2\/posts"}],"about":[{"href":"https:\/\/blog.zeit.de\/ladurnerulrich\/wp-json\/wp\/v2\/types\/post"}],"author":[{"embeddable":true,"href":"https:\/\/blog.zeit.de\/ladurnerulrich\/wp-json\/wp\/v2\/users\/87"}],"replies":[{"embeddable":true,"href":"https:\/\/blog.zeit.de\/ladurnerulrich\/wp-json\/wp\/v2\/comments?post=974"}],"version-history":[{"count":6,"href":"https:\/\/blog.zeit.de\/ladurnerulrich\/wp-json\/wp\/v2\/posts\/974\/revisions"}],"predecessor-version":[{"id":981,"href":"https:\/\/blog.zeit.de\/ladurnerulrich\/wp-json\/wp\/v2\/posts\/974\/revisions\/981"}],"wp:attachment":[{"href":"https:\/\/blog.zeit.de\/ladurnerulrich\/wp-json\/wp\/v2\/media?parent=974"}],"wp:term":[{"taxonomy":"category","embeddable":true,"href":"https:\/\/blog.zeit.de\/ladurnerulrich\/wp-json\/wp\/v2\/categories?post=974"},{"taxonomy":"post_tag","embeddable":true,"href":"https:\/\/blog.zeit.de\/ladurnerulrich\/wp-json\/wp\/v2\/tags?post=974"}],"curies":[{"name":"wp","href":"https:\/\/api.w.org\/{rel}","templated":true}]}}