{"id":983,"date":"2011-08-24T14:43:07","date_gmt":"2011-08-24T12:43:07","guid":{"rendered":"http:\/\/blog.zeit.de\/ladurnerulrich\/?p=983"},"modified":"2011-08-24T16:38:56","modified_gmt":"2011-08-24T14:38:56","slug":"was-wissen-wir-uber-den-libyen-krieg","status":"publish","type":"post","link":"https:\/\/blog.zeit.de\/ladurnerulrich\/2011\/08\/24\/was-wissen-wir-uber-den-libyen-krieg\/","title":{"rendered":"Was wissen wir \u00fcber den Libyen-Krieg?"},"content":{"rendered":"<p>Die Nato und die libyschen Rebellen haben Muammar al-Gadhafi so gut wie besiegt. Die Freude \u00fcber den Sturz des Diktators ist gro\u00df. Trotzdem sollten ein paar dringende Fragen gestellt werden.<\/p>\n<p><em>Welche Rolle hat die Nato gespielt?<\/em><\/p>\n<p>Der Beschluss des Sicherheitsrates der Vereinten Nationen erm\u00e4chtigte eine Intervention zum Schutz von Zivilisten. Mit &#8222;allen Mitteln&#8220;, au\u00dfer mit Bodentruppen. Was genau aber hat die Nato in Libyen getan? Wir wissen von den Bombardements. Wir wissen aber nichts Genaues \u00fcber den Einsatz von Spezialeinheiten auf dem Boden. Es gab dar\u00fcber immer wieder Meldungen, die sich aber nie zu einem Gesamtbild zusammengesetzt haben. Doch man kann mit ziemlicher Sicherheit annehmen, dass Spezialeinheiten der Nato-L\u00e4nder in Libyen operiert haben. Und sei es nur, um die Zielvorgaben f\u00fcr die Bombardements durchzugeben.<\/p>\n<p>Wir wissen von Ausbildern, die die Rebellen f\u00fcr den Krieg trainiert haben. Wie viele waren es? Wer hat die Ausbilder geschickt? Hat die Nato die Ausbildung der Rebellenarmee an private Sicherheitsfirmen ausgelagert? Wir wissen auch von massiven Waffenlieferungen der Franzosen an die Rebellen, was nicht von der Resolution gedeckt ist. Gab es in der UN Proteste dagegen? Wer hat die Rebellen an diesen Waffen ausgebildet? Selbst das Wenige, was wir wissen, zeigt uns, dass die Nato sich nicht an die UN-Resolution gehalten hat, sie hat sie mehrfach gebrochen.<\/p>\n<p><em>Warum ist es \u00fcberhaupt wichtig zu wissen, was die Nato in Libyen gemacht hat? Gibt der Erfolg ihr nicht Recht? Heiligt der Zweck nicht die Mittel?<\/em><\/p>\n<p>Seit der Westen gegen den Terror Krieg f\u00fchrt \u2013 also seit zehn Jahren \u2013 hat sich die Kriegsf\u00fchrung ver\u00e4ndert. Sie hat sich mehr und mehr ins Dunkle verschoben. Geheimdienste, Spezialeinheiten, Drohnen, Killerkommandos \u2014 das sind die Akteure der neuen Kriege. Das ist ein gewaltiges Problem, weil sich das Milit\u00e4r damit mehr und mehr der demokratischen Kontrolle entzieht. Demokratie braucht Transparenz, doch Geheimoperationen sind das Gegenteil davon.<\/p>\n<p><em>Wie viele Zivilisten sind ums Leben gekommen?<\/em><\/p>\n<p>Als Muammar al-Gadhafi im Februar versuchte, den Aufstand niederzuschlagen, spekulierte man schnell mit Opferzahlen. Tausende, Zehntausende w\u00fcrden es werden, wenn der Diktator sich durchsetzte, auch das Wort Genozid tauchte auf. Das alles diente zur Rechtfertigung der Intervention. Es gibt allerdings so gut wie keine Angaben und keine Spekulationen dar\u00fcber, wie viele Zivilisten durch die Intervention ums Leben gekommen sind. Wer f\u00fcr das Gute bombt, muss offenbar die Toten nicht z\u00e4hlen. Laut Resolution ist die Nato verpflichtet, an den Generalsekret\u00e4r der UN \u00fcber den Fortgang der Kampagne zu berichten. Dazu geh\u00f6rte auch eine Sch\u00e4tzung der Opferzahlen.<\/p>\n<p><em>Welchen Pl\u00e4ne hat die Nato?<\/em><\/p>\n<p>Es gibt eine kaum verhohlene Skepsis \u00fcber den Nationalen \u00dcbergangsrat, der jetzt in Libyen die Macht erringt. Doch die westlichen Regierungen haben sich entschlossen, diese Sorgen zur\u00fcckzustellen. Zuerst einmal sollte der Diktator aus dem Weg ger\u00e4umt werden. Das ist nun so gut wie geschehen. Jetzt w\u00fcrde man gerne wissen, ob die Nato auch Pl\u00e4ne \u00fcber einen Einsatz von Bodentruppen in der Schublade hat \u2013 f\u00fcr den Fall, dass Libyen sich nicht schnell stabilisiert.<\/p>\n","protected":false},"excerpt":{"rendered":"<p>Die Nato und die libyschen Rebellen haben Muammar al-Gadhafi so gut wie besiegt. Die Freude \u00fcber den Sturz des Diktators ist gro\u00df. Trotzdem sollten ein paar dringende Fragen gestellt werden. Welche Rolle hat die Nato gespielt? Der Beschluss des Sicherheitsrates der Vereinten Nationen erm\u00e4chtigte eine Intervention zum Schutz von Zivilisten. Mit &#8222;allen Mitteln&#8220;, au\u00dfer mit [&hellip;]<\/p>\n","protected":false},"author":87,"featured_media":0,"comment_status":"open","ping_status":"open","sticky":false,"template":"","format":"standard","meta":{"_jetpack_memberships_contains_paid_content":false,"footnotes":""},"categories":[1],"tags":[],"class_list":["post-983","post","type-post","status-publish","format-standard","hentry","category-allgemein"],"yoast_head":"<!-- This site is optimized with the Yoast SEO plugin v21.0 - https:\/\/yoast.com\/wordpress\/plugins\/seo\/ -->\n<title>Was wissen wir \u00fcber den Libyen-Krieg?  - Unterwegs in Europa<\/title>\n<meta name=\"robots\" content=\"index, follow, max-snippet:-1, max-image-preview:large, max-video-preview:-1\" \/>\n<link rel=\"canonical\" href=\"https:\/\/blog.zeit.de\/ladurnerulrich\/2011\/08\/24\/was-wissen-wir-uber-den-libyen-krieg\/\" \/>\n<meta property=\"og:locale\" content=\"de_DE\" \/>\n<meta property=\"og:type\" content=\"article\" \/>\n<meta property=\"og:title\" content=\"Was wissen wir \u00fcber den Libyen-Krieg?  - Unterwegs in Europa\" \/>\n<meta property=\"og:description\" content=\"Die Nato und die libyschen Rebellen haben Muammar al-Gadhafi so gut wie besiegt. Die Freude \u00fcber den Sturz des Diktators ist gro\u00df. Trotzdem sollten ein paar dringende Fragen gestellt werden. Welche Rolle hat die Nato gespielt? Der Beschluss des Sicherheitsrates der Vereinten Nationen erm\u00e4chtigte eine Intervention zum Schutz von Zivilisten. Mit &#8222;allen Mitteln&#8220;, au\u00dfer mit [&hellip;]\" \/>\n<meta property=\"og:url\" content=\"https:\/\/blog.zeit.de\/ladurnerulrich\/2011\/08\/24\/was-wissen-wir-uber-den-libyen-krieg\/\" \/>\n<meta property=\"og:site_name\" content=\"Unterwegs in Europa\" \/>\n<meta property=\"article:published_time\" content=\"2011-08-24T12:43:07+00:00\" \/>\n<meta property=\"article:modified_time\" content=\"2011-08-24T14:38:56+00:00\" \/>\n<meta name=\"author\" content=\"Ulrich Ladurner\" \/>\n<meta name=\"twitter:label1\" content=\"Geschrieben von\" \/>\n\t<meta name=\"twitter:data1\" content=\"Ulrich Ladurner\" \/>\n\t<meta name=\"twitter:label2\" content=\"Gesch\u00e4tzte Lesezeit\" \/>\n\t<meta name=\"twitter:data2\" content=\"3\u00a0Minuten\" \/>\n<script type=\"application\/ld+json\" class=\"yoast-schema-graph\">{\"@context\":\"https:\/\/schema.org\",\"@graph\":[{\"@type\":\"WebPage\",\"@id\":\"https:\/\/blog.zeit.de\/ladurnerulrich\/2011\/08\/24\/was-wissen-wir-uber-den-libyen-krieg\/\",\"url\":\"https:\/\/blog.zeit.de\/ladurnerulrich\/2011\/08\/24\/was-wissen-wir-uber-den-libyen-krieg\/\",\"name\":\"Was wissen wir \u00fcber den Libyen-Krieg? - Unterwegs in Europa\",\"isPartOf\":{\"@id\":\"https:\/\/blog.zeit.de\/ladurnerulrich\/#website\"},\"datePublished\":\"2011-08-24T12:43:07+00:00\",\"dateModified\":\"2011-08-24T14:38:56+00:00\",\"author\":{\"@id\":\"https:\/\/blog.zeit.de\/ladurnerulrich\/#\/schema\/person\/41f9ab2ef02a3e3602daf321c07007f6\"},\"breadcrumb\":{\"@id\":\"https:\/\/blog.zeit.de\/ladurnerulrich\/2011\/08\/24\/was-wissen-wir-uber-den-libyen-krieg\/#breadcrumb\"},\"inLanguage\":\"de\",\"potentialAction\":[{\"@type\":\"ReadAction\",\"target\":[\"https:\/\/blog.zeit.de\/ladurnerulrich\/2011\/08\/24\/was-wissen-wir-uber-den-libyen-krieg\/\"]}]},{\"@type\":\"BreadcrumbList\",\"@id\":\"https:\/\/blog.zeit.de\/ladurnerulrich\/2011\/08\/24\/was-wissen-wir-uber-den-libyen-krieg\/#breadcrumb\",\"itemListElement\":[{\"@type\":\"ListItem\",\"position\":1,\"name\":\"Startseite\",\"item\":\"https:\/\/blog.zeit.de\/ladurnerulrich\/\"},{\"@type\":\"ListItem\",\"position\":2,\"name\":\"Was wissen wir \u00fcber den Libyen-Krieg?\"}]},{\"@type\":\"WebSite\",\"@id\":\"https:\/\/blog.zeit.de\/ladurnerulrich\/#website\",\"url\":\"https:\/\/blog.zeit.de\/ladurnerulrich\/\",\"name\":\"Unterwegs in Europa\",\"description\":\"Ladurners Blog f\u00fcr Einblicke in un\u00fcbersichtliche Landschaften\",\"potentialAction\":[{\"@type\":\"SearchAction\",\"target\":{\"@type\":\"EntryPoint\",\"urlTemplate\":\"https:\/\/blog.zeit.de\/ladurnerulrich\/?s={search_term_string}\"},\"query-input\":\"required name=search_term_string\"}],\"inLanguage\":\"de\"},{\"@type\":\"Person\",\"@id\":\"https:\/\/blog.zeit.de\/ladurnerulrich\/#\/schema\/person\/41f9ab2ef02a3e3602daf321c07007f6\",\"name\":\"Ulrich Ladurner\",\"image\":{\"@type\":\"ImageObject\",\"inLanguage\":\"de\",\"@id\":\"https:\/\/blog.zeit.de\/ladurnerulrich\/#\/schema\/person\/image\/\",\"url\":\"https:\/\/secure.gravatar.com\/avatar\/d01052e766579414676df807ab6fd98f6598a3bceab8af45b2984cba94333280?s=96&d=mm&r=g\",\"contentUrl\":\"https:\/\/secure.gravatar.com\/avatar\/d01052e766579414676df807ab6fd98f6598a3bceab8af45b2984cba94333280?s=96&d=mm&r=g\",\"caption\":\"Ulrich Ladurner\"},\"description\":\"lebt seit 1999 in Hamburg. Seitdem staunt er dar\u00fcber, was man in dieser Stadt erleben kann. Weil das mit dem Wundern nicht aufh\u00f6rt, gibt es diese Kolumne.\",\"sameAs\":[\"http:\/\/www.zeit.de\"],\"url\":\"https:\/\/blog.zeit.de\/ladurnerulrich\/author\/ulli-ladurner\/\"}]}<\/script>\n<!-- \/ Yoast SEO plugin. -->","yoast_head_json":{"title":"Was wissen wir \u00fcber den Libyen-Krieg?  - Unterwegs in Europa","robots":{"index":"index","follow":"follow","max-snippet":"max-snippet:-1","max-image-preview":"max-image-preview:large","max-video-preview":"max-video-preview:-1"},"canonical":"https:\/\/blog.zeit.de\/ladurnerulrich\/2011\/08\/24\/was-wissen-wir-uber-den-libyen-krieg\/","og_locale":"de_DE","og_type":"article","og_title":"Was wissen wir \u00fcber den Libyen-Krieg?  - Unterwegs in Europa","og_description":"Die Nato und die libyschen Rebellen haben Muammar al-Gadhafi so gut wie besiegt. Die Freude \u00fcber den Sturz des Diktators ist gro\u00df. Trotzdem sollten ein paar dringende Fragen gestellt werden. Welche Rolle hat die Nato gespielt? Der Beschluss des Sicherheitsrates der Vereinten Nationen erm\u00e4chtigte eine Intervention zum Schutz von Zivilisten. Mit &#8222;allen Mitteln&#8220;, au\u00dfer mit [&hellip;]","og_url":"https:\/\/blog.zeit.de\/ladurnerulrich\/2011\/08\/24\/was-wissen-wir-uber-den-libyen-krieg\/","og_site_name":"Unterwegs in Europa","article_published_time":"2011-08-24T12:43:07+00:00","article_modified_time":"2011-08-24T14:38:56+00:00","author":"Ulrich Ladurner","twitter_misc":{"Geschrieben von":"Ulrich Ladurner","Gesch\u00e4tzte Lesezeit":"3\u00a0Minuten"},"schema":{"@context":"https:\/\/schema.org","@graph":[{"@type":"WebPage","@id":"https:\/\/blog.zeit.de\/ladurnerulrich\/2011\/08\/24\/was-wissen-wir-uber-den-libyen-krieg\/","url":"https:\/\/blog.zeit.de\/ladurnerulrich\/2011\/08\/24\/was-wissen-wir-uber-den-libyen-krieg\/","name":"Was wissen wir \u00fcber den Libyen-Krieg? - Unterwegs in Europa","isPartOf":{"@id":"https:\/\/blog.zeit.de\/ladurnerulrich\/#website"},"datePublished":"2011-08-24T12:43:07+00:00","dateModified":"2011-08-24T14:38:56+00:00","author":{"@id":"https:\/\/blog.zeit.de\/ladurnerulrich\/#\/schema\/person\/41f9ab2ef02a3e3602daf321c07007f6"},"breadcrumb":{"@id":"https:\/\/blog.zeit.de\/ladurnerulrich\/2011\/08\/24\/was-wissen-wir-uber-den-libyen-krieg\/#breadcrumb"},"inLanguage":"de","potentialAction":[{"@type":"ReadAction","target":["https:\/\/blog.zeit.de\/ladurnerulrich\/2011\/08\/24\/was-wissen-wir-uber-den-libyen-krieg\/"]}]},{"@type":"BreadcrumbList","@id":"https:\/\/blog.zeit.de\/ladurnerulrich\/2011\/08\/24\/was-wissen-wir-uber-den-libyen-krieg\/#breadcrumb","itemListElement":[{"@type":"ListItem","position":1,"name":"Startseite","item":"https:\/\/blog.zeit.de\/ladurnerulrich\/"},{"@type":"ListItem","position":2,"name":"Was wissen wir \u00fcber den Libyen-Krieg?"}]},{"@type":"WebSite","@id":"https:\/\/blog.zeit.de\/ladurnerulrich\/#website","url":"https:\/\/blog.zeit.de\/ladurnerulrich\/","name":"Unterwegs in Europa","description":"Ladurners Blog f\u00fcr Einblicke in un\u00fcbersichtliche Landschaften","potentialAction":[{"@type":"SearchAction","target":{"@type":"EntryPoint","urlTemplate":"https:\/\/blog.zeit.de\/ladurnerulrich\/?s={search_term_string}"},"query-input":"required name=search_term_string"}],"inLanguage":"de"},{"@type":"Person","@id":"https:\/\/blog.zeit.de\/ladurnerulrich\/#\/schema\/person\/41f9ab2ef02a3e3602daf321c07007f6","name":"Ulrich Ladurner","image":{"@type":"ImageObject","inLanguage":"de","@id":"https:\/\/blog.zeit.de\/ladurnerulrich\/#\/schema\/person\/image\/","url":"https:\/\/secure.gravatar.com\/avatar\/d01052e766579414676df807ab6fd98f6598a3bceab8af45b2984cba94333280?s=96&d=mm&r=g","contentUrl":"https:\/\/secure.gravatar.com\/avatar\/d01052e766579414676df807ab6fd98f6598a3bceab8af45b2984cba94333280?s=96&d=mm&r=g","caption":"Ulrich Ladurner"},"description":"lebt seit 1999 in Hamburg. Seitdem staunt er dar\u00fcber, was man in dieser Stadt erleben kann. Weil das mit dem Wundern nicht aufh\u00f6rt, gibt es diese Kolumne.","sameAs":["http:\/\/www.zeit.de"],"url":"https:\/\/blog.zeit.de\/ladurnerulrich\/author\/ulli-ladurner\/"}]}},"jetpack_featured_media_url":"","jetpack_sharing_enabled":true,"_links":{"self":[{"href":"https:\/\/blog.zeit.de\/ladurnerulrich\/wp-json\/wp\/v2\/posts\/983","targetHints":{"allow":["GET"]}}],"collection":[{"href":"https:\/\/blog.zeit.de\/ladurnerulrich\/wp-json\/wp\/v2\/posts"}],"about":[{"href":"https:\/\/blog.zeit.de\/ladurnerulrich\/wp-json\/wp\/v2\/types\/post"}],"author":[{"embeddable":true,"href":"https:\/\/blog.zeit.de\/ladurnerulrich\/wp-json\/wp\/v2\/users\/87"}],"replies":[{"embeddable":true,"href":"https:\/\/blog.zeit.de\/ladurnerulrich\/wp-json\/wp\/v2\/comments?post=983"}],"version-history":[{"count":4,"href":"https:\/\/blog.zeit.de\/ladurnerulrich\/wp-json\/wp\/v2\/posts\/983\/revisions"}],"predecessor-version":[{"id":987,"href":"https:\/\/blog.zeit.de\/ladurnerulrich\/wp-json\/wp\/v2\/posts\/983\/revisions\/987"}],"wp:attachment":[{"href":"https:\/\/blog.zeit.de\/ladurnerulrich\/wp-json\/wp\/v2\/media?parent=983"}],"wp:term":[{"taxonomy":"category","embeddable":true,"href":"https:\/\/blog.zeit.de\/ladurnerulrich\/wp-json\/wp\/v2\/categories?post=983"},{"taxonomy":"post_tag","embeddable":true,"href":"https:\/\/blog.zeit.de\/ladurnerulrich\/wp-json\/wp\/v2\/tags?post=983"}],"curies":[{"name":"wp","href":"https:\/\/api.w.org\/{rel}","templated":true}]}}