{"id":110,"date":"2014-10-22T16:21:17","date_gmt":"2014-10-22T14:21:17","guid":{"rendered":"http:\/\/blog.zeit.de\/mauerfall\/?p=110"},"modified":"2014-10-22T16:21:17","modified_gmt":"2014-10-22T14:21:17","slug":"bedeutet-ddr","status":"publish","type":"post","link":"https:\/\/blog.zeit.de\/mauerfall\/2014\/10\/22\/bedeutet-ddr\/","title":{"rendered":"Was bedeutet DDR?"},"content":{"rendered":"<p>Neulich kam eine westdeutsche Redakteurin zu mir. Sagte, sie wollte dringend mal was loswerden. Sie habe vor einigen Jahren Abitur in NRW gemacht und im Geschichtsunterricht bis zur zehnten Klasse jede Menge \u00fcber das Heilige R\u00f6mische und das Dritte Reich gelernt. Aber nichts (nichts) \u00fcber die DDR. Eine Kollegin aus Bayern drehte sich zu uns und sagte, bei ihr sei das genauso gewesen.<\/p>\n<p>Seitdem \u00fcberlegen wir, aus diesem Thema etwas zu machen. Die Defizite im Unterricht im Osten sind bekannt, aber wie steht es im Westen? Es w\u00e4re ein schweres Defizit, wenn bald nur noch Zeitzeugen \u00fcber die DDR bescheid w\u00fcssten.<\/p>\n<p>Zun\u00e4chst einmal wollen wir Sie, liebe Leser, nach Ihren Erfahrungen befragen. Haben Sie nach der Wende ihr Abitur im Westen gemacht? Was haben Sie \u00fcber die DDR gelernt? F\u00fchlen Sie sich \u00fcber den 13.8.1961, Walter Ulbricht und den Mauerfall einigerma\u00dfen informiert?<\/p>\n<p>Sie k\u00f6nnen Ihre Antworten hier im Blog hinterlassen oder mir eine Mail schicken. Bitte schreiben Sie unter dem Betreff &#8222;DDR in der Schule&#8220; an leseraufruf@zeit.de.<\/p>\n<p>F\u00fcr die, die mehr \u00fcber das Thema wissen wollen, empfehlen wir <a href=\"http:\/\/www.deutschlandfunk.de\/wissen-ueber-die-ddr-zeitgeschichte-ist-ein-stiefkind-des.694.de.html?dram:article_id=294422\">dieses Deutschlandfunk-Interview<\/a> mit Klaus Schroeder aus dem Jahr 2007. Noch immer sehr informativ.<\/p>\n","protected":false},"excerpt":{"rendered":"<p>Neulich kam eine westdeutsche Redakteurin zu mir. Sagte, sie wollte dringend mal was loswerden. Sie habe vor einigen Jahren Abitur in NRW gemacht und im Geschichtsunterricht bis zur zehnten Klasse jede Menge \u00fcber das Heilige R\u00f6mische und das Dritte Reich gelernt. Aber nichts (nichts) \u00fcber die DDR. Eine Kollegin aus Bayern drehte sich zu uns [&hellip;]<\/p>\n","protected":false},"author":527,"featured_media":0,"comment_status":"open","ping_status":"open","sticky":false,"template":"","format":"standard","meta":{"_jetpack_memberships_contains_paid_content":false,"footnotes":""},"categories":[16],"tags":[],"class_list":["post-110","post","type-post","status-publish","format-standard","hentry","category-allgemein"],"yoast_head":"<!-- This site is optimized with the Yoast SEO plugin v21.0 - https:\/\/yoast.com\/wordpress\/plugins\/seo\/ -->\n<title>Was bedeutet DDR? - Mauerfall \u2013 Die ersten 25 Jahre<\/title>\n<meta name=\"robots\" content=\"index, follow, max-snippet:-1, max-image-preview:large, max-video-preview:-1\" \/>\n<link rel=\"canonical\" href=\"https:\/\/blog.zeit.de\/mauerfall\/2014\/10\/22\/bedeutet-ddr\/\" \/>\n<meta property=\"og:locale\" content=\"de_DE\" \/>\n<meta property=\"og:type\" content=\"article\" \/>\n<meta property=\"og:title\" content=\"Was bedeutet DDR? - Mauerfall \u2013 Die ersten 25 Jahre\" \/>\n<meta property=\"og:description\" content=\"Neulich kam eine westdeutsche Redakteurin zu mir. Sagte, sie wollte dringend mal was loswerden. Sie habe vor einigen Jahren Abitur in NRW gemacht und im Geschichtsunterricht bis zur zehnten Klasse jede Menge \u00fcber das Heilige R\u00f6mische und das Dritte Reich gelernt. Aber nichts (nichts) \u00fcber die DDR. Eine Kollegin aus Bayern drehte sich zu uns [&hellip;]\" \/>\n<meta property=\"og:url\" content=\"https:\/\/blog.zeit.de\/mauerfall\/2014\/10\/22\/bedeutet-ddr\/\" \/>\n<meta property=\"og:site_name\" content=\"Mauerfall \u2013 Die ersten 25 Jahre\" \/>\n<meta property=\"article:published_time\" content=\"2014-10-22T14:21:17+00:00\" \/>\n<meta name=\"author\" content=\"Christian Bangel\" \/>\n<meta name=\"twitter:label1\" content=\"Geschrieben von\" \/>\n\t<meta name=\"twitter:data1\" content=\"Christian Bangel\" \/>\n\t<meta name=\"twitter:label2\" content=\"Gesch\u00e4tzte Lesezeit\" \/>\n\t<meta name=\"twitter:data2\" content=\"1\u00a0Minute\" \/>\n<script type=\"application\/ld+json\" class=\"yoast-schema-graph\">{\"@context\":\"https:\/\/schema.org\",\"@graph\":[{\"@type\":\"WebPage\",\"@id\":\"https:\/\/blog.zeit.de\/mauerfall\/2014\/10\/22\/bedeutet-ddr\/\",\"url\":\"https:\/\/blog.zeit.de\/mauerfall\/2014\/10\/22\/bedeutet-ddr\/\",\"name\":\"Was bedeutet DDR? - Mauerfall \u2013 Die ersten 25 Jahre\",\"isPartOf\":{\"@id\":\"https:\/\/blog.zeit.de\/mauerfall\/#website\"},\"datePublished\":\"2014-10-22T14:21:17+00:00\",\"dateModified\":\"2014-10-22T14:21:17+00:00\",\"author\":{\"@id\":\"https:\/\/blog.zeit.de\/mauerfall\/#\/schema\/person\/759f3d532d4c0798aa653d33ff5af9d9\"},\"breadcrumb\":{\"@id\":\"https:\/\/blog.zeit.de\/mauerfall\/2014\/10\/22\/bedeutet-ddr\/#breadcrumb\"},\"inLanguage\":\"de\",\"potentialAction\":[{\"@type\":\"ReadAction\",\"target\":[\"https:\/\/blog.zeit.de\/mauerfall\/2014\/10\/22\/bedeutet-ddr\/\"]}]},{\"@type\":\"BreadcrumbList\",\"@id\":\"https:\/\/blog.zeit.de\/mauerfall\/2014\/10\/22\/bedeutet-ddr\/#breadcrumb\",\"itemListElement\":[{\"@type\":\"ListItem\",\"position\":1,\"name\":\"Startseite\",\"item\":\"https:\/\/blog.zeit.de\/mauerfall\/\"},{\"@type\":\"ListItem\",\"position\":2,\"name\":\"Was bedeutet DDR?\"}]},{\"@type\":\"WebSite\",\"@id\":\"https:\/\/blog.zeit.de\/mauerfall\/#website\",\"url\":\"https:\/\/blog.zeit.de\/mauerfall\/\",\"name\":\"Mauerfall \u2013 Die ersten 25 Jahre\",\"description\":\"Das ZEIT ONLINE Blog zum Mauerfall\",\"potentialAction\":[{\"@type\":\"SearchAction\",\"target\":{\"@type\":\"EntryPoint\",\"urlTemplate\":\"https:\/\/blog.zeit.de\/mauerfall\/?s={search_term_string}\"},\"query-input\":\"required name=search_term_string\"}],\"inLanguage\":\"de\"},{\"@type\":\"Person\",\"@id\":\"https:\/\/blog.zeit.de\/mauerfall\/#\/schema\/person\/759f3d532d4c0798aa653d33ff5af9d9\",\"name\":\"Christian Bangel\",\"description\":\"ist Redakteur bei ZEIT ONLINE.\",\"url\":\"https:\/\/blog.zeit.de\/mauerfall\/author\/cbangel\/\"}]}<\/script>\n<!-- \/ Yoast SEO plugin. -->","yoast_head_json":{"title":"Was bedeutet DDR? - Mauerfall \u2013 Die ersten 25 Jahre","robots":{"index":"index","follow":"follow","max-snippet":"max-snippet:-1","max-image-preview":"max-image-preview:large","max-video-preview":"max-video-preview:-1"},"canonical":"https:\/\/blog.zeit.de\/mauerfall\/2014\/10\/22\/bedeutet-ddr\/","og_locale":"de_DE","og_type":"article","og_title":"Was bedeutet DDR? - Mauerfall \u2013 Die ersten 25 Jahre","og_description":"Neulich kam eine westdeutsche Redakteurin zu mir. Sagte, sie wollte dringend mal was loswerden. Sie habe vor einigen Jahren Abitur in NRW gemacht und im Geschichtsunterricht bis zur zehnten Klasse jede Menge \u00fcber das Heilige R\u00f6mische und das Dritte Reich gelernt. Aber nichts (nichts) \u00fcber die DDR. Eine Kollegin aus Bayern drehte sich zu uns [&hellip;]","og_url":"https:\/\/blog.zeit.de\/mauerfall\/2014\/10\/22\/bedeutet-ddr\/","og_site_name":"Mauerfall \u2013 Die ersten 25 Jahre","article_published_time":"2014-10-22T14:21:17+00:00","author":"Christian Bangel","twitter_misc":{"Geschrieben von":"Christian Bangel","Gesch\u00e4tzte Lesezeit":"1\u00a0Minute"},"schema":{"@context":"https:\/\/schema.org","@graph":[{"@type":"WebPage","@id":"https:\/\/blog.zeit.de\/mauerfall\/2014\/10\/22\/bedeutet-ddr\/","url":"https:\/\/blog.zeit.de\/mauerfall\/2014\/10\/22\/bedeutet-ddr\/","name":"Was bedeutet DDR? - Mauerfall \u2013 Die ersten 25 Jahre","isPartOf":{"@id":"https:\/\/blog.zeit.de\/mauerfall\/#website"},"datePublished":"2014-10-22T14:21:17+00:00","dateModified":"2014-10-22T14:21:17+00:00","author":{"@id":"https:\/\/blog.zeit.de\/mauerfall\/#\/schema\/person\/759f3d532d4c0798aa653d33ff5af9d9"},"breadcrumb":{"@id":"https:\/\/blog.zeit.de\/mauerfall\/2014\/10\/22\/bedeutet-ddr\/#breadcrumb"},"inLanguage":"de","potentialAction":[{"@type":"ReadAction","target":["https:\/\/blog.zeit.de\/mauerfall\/2014\/10\/22\/bedeutet-ddr\/"]}]},{"@type":"BreadcrumbList","@id":"https:\/\/blog.zeit.de\/mauerfall\/2014\/10\/22\/bedeutet-ddr\/#breadcrumb","itemListElement":[{"@type":"ListItem","position":1,"name":"Startseite","item":"https:\/\/blog.zeit.de\/mauerfall\/"},{"@type":"ListItem","position":2,"name":"Was bedeutet DDR?"}]},{"@type":"WebSite","@id":"https:\/\/blog.zeit.de\/mauerfall\/#website","url":"https:\/\/blog.zeit.de\/mauerfall\/","name":"Mauerfall \u2013 Die ersten 25 Jahre","description":"Das ZEIT ONLINE Blog zum Mauerfall","potentialAction":[{"@type":"SearchAction","target":{"@type":"EntryPoint","urlTemplate":"https:\/\/blog.zeit.de\/mauerfall\/?s={search_term_string}"},"query-input":"required name=search_term_string"}],"inLanguage":"de"},{"@type":"Person","@id":"https:\/\/blog.zeit.de\/mauerfall\/#\/schema\/person\/759f3d532d4c0798aa653d33ff5af9d9","name":"Christian Bangel","description":"ist Redakteur bei ZEIT ONLINE.","url":"https:\/\/blog.zeit.de\/mauerfall\/author\/cbangel\/"}]}},"jetpack_featured_media_url":"","jetpack_sharing_enabled":true,"_links":{"self":[{"href":"https:\/\/blog.zeit.de\/mauerfall\/wp-json\/wp\/v2\/posts\/110","targetHints":{"allow":["GET"]}}],"collection":[{"href":"https:\/\/blog.zeit.de\/mauerfall\/wp-json\/wp\/v2\/posts"}],"about":[{"href":"https:\/\/blog.zeit.de\/mauerfall\/wp-json\/wp\/v2\/types\/post"}],"author":[{"embeddable":true,"href":"https:\/\/blog.zeit.de\/mauerfall\/wp-json\/wp\/v2\/users\/527"}],"replies":[{"embeddable":true,"href":"https:\/\/blog.zeit.de\/mauerfall\/wp-json\/wp\/v2\/comments?post=110"}],"version-history":[{"count":2,"href":"https:\/\/blog.zeit.de\/mauerfall\/wp-json\/wp\/v2\/posts\/110\/revisions"}],"predecessor-version":[{"id":115,"href":"https:\/\/blog.zeit.de\/mauerfall\/wp-json\/wp\/v2\/posts\/110\/revisions\/115"}],"wp:attachment":[{"href":"https:\/\/blog.zeit.de\/mauerfall\/wp-json\/wp\/v2\/media?parent=110"}],"wp:term":[{"taxonomy":"category","embeddable":true,"href":"https:\/\/blog.zeit.de\/mauerfall\/wp-json\/wp\/v2\/categories?post=110"},{"taxonomy":"post_tag","embeddable":true,"href":"https:\/\/blog.zeit.de\/mauerfall\/wp-json\/wp\/v2\/tags?post=110"}],"curies":[{"name":"wp","href":"https:\/\/api.w.org\/{rel}","templated":true}]}}