{"id":131,"date":"2014-11-09T12:15:40","date_gmt":"2014-11-09T11:15:40","guid":{"rendered":"http:\/\/blog.zeit.de\/mauerfall\/?p=131"},"modified":"2014-11-09T13:18:08","modified_gmt":"2014-11-09T12:18:08","slug":"wie-sich-die-jungen-ost-und-westdeutschen-unterscheiden","status":"publish","type":"post","link":"https:\/\/blog.zeit.de\/mauerfall\/2014\/11\/09\/wie-sich-die-jungen-ost-und-westdeutschen-unterscheiden\/","title":{"rendered":"Wie sich die jungen Ost- und Westdeutschen unterscheiden"},"content":{"rendered":"<p>Vor allem die jungen Ost- und Westdeutschen repr\u00e4sentieren die Hoffnung auf ein Zusammenwachsen von Ost und West. Die Umfragen, die das Gesis-Institut 2010 und 2012 unter 18- bis 29-j\u00e4hrigen durchf\u00fchrte, sind allerdings ern\u00fcchternd.<\/p>\n<p><strong>Auf die Frage, ob es f\u00fcr sie denkbar sei, in den Osten\/Westen \u00fcberzusiedeln, antworten mit Ja:<\/strong><br \/>\nWest: 40,7<br \/>\nOst: 57,9<\/p>\n<p><strong>Der Sozialismus ist im Prinzip eine gute Idee, die nur schlecht umgesetzt wurde, glauben:<\/strong><br \/>\nWest: 40,4<br \/>\nOst: 63,4<\/p>\n<p><strong><em>Zur Unter- oder Arbeiterschicht zugeh\u00f6rig erkl\u00e4ren sich:<\/em><\/strong><br \/>\nWest: 21,3<br \/>\nOst: 41,6<\/p>\n<p><strong>Man kann kaum verantworten, heute Kinder auf die Welt zu bringen, sagen:<\/strong><br \/>\nWest: 25,0<br \/>\nOst: 43,8<\/p>\n<p><strong>Dass sie weniger als ihren gerechten Anteil erhalten, meinen:<\/strong><br \/>\nWest: 35,1<br \/>\nOst: 57,7<\/p>\n<p><em>Seit 1980 f\u00fchrt das GESIS \u2013 Leibniz-Institut f\u00fcr Sozialwissenschaften die <a href=\"http:\/\/www.gesis.org\/allbus\" target=\"_blank\">Allgemeine Bev\u00f6lkerungsumfrage der Sozialwissenschaften<\/a> (ALLBUS) durch. Alle zwei Jahre liefert sie neue Daten dar\u00fcber, wie die Deutschen leben und was sie \u00fcber Themen wie Familie, Politik, Religion oder Ausl\u00e4nder denken. Die hier genannten Zahlen wurden in den Jahren 2010 und 2012 erhoben. Befragt wurden rund 500 Menschen zwischen 18 und 29 Jahren in ganz Deutschland. Alle Antworten sind in Prozentzahlen abgebildet.<\/em><\/p>\n","protected":false},"excerpt":{"rendered":"<p>Vor allem die jungen Ost- und Westdeutschen repr\u00e4sentieren die Hoffnung auf ein Zusammenwachsen von Ost und West. Die Umfragen, die das Gesis-Institut 2010 und 2012 unter 18- bis 29-j\u00e4hrigen durchf\u00fchrte, sind allerdings ern\u00fcchternd. Auf die Frage, ob es f\u00fcr sie denkbar sei, in den Osten\/Westen \u00fcberzusiedeln, antworten mit Ja: West: 40,7 Ost: 57,9 Der Sozialismus [&hellip;]<\/p>\n","protected":false},"author":527,"featured_media":0,"comment_status":"open","ping_status":"open","sticky":false,"template":"","format":"standard","meta":{"_jetpack_memberships_contains_paid_content":false,"footnotes":""},"categories":[16],"tags":[],"class_list":["post-131","post","type-post","status-publish","format-standard","hentry","category-allgemein"],"yoast_head":"<!-- This site is optimized with the Yoast SEO plugin v21.0 - https:\/\/yoast.com\/wordpress\/plugins\/seo\/ -->\n<title>Wie sich die jungen Ost- und Westdeutschen unterscheiden - Mauerfall \u2013 Die ersten 25 Jahre<\/title>\n<meta name=\"robots\" content=\"index, follow, max-snippet:-1, max-image-preview:large, max-video-preview:-1\" \/>\n<link rel=\"canonical\" href=\"https:\/\/blog.zeit.de\/mauerfall\/2014\/11\/09\/wie-sich-die-jungen-ost-und-westdeutschen-unterscheiden\/\" \/>\n<meta property=\"og:locale\" content=\"de_DE\" \/>\n<meta property=\"og:type\" content=\"article\" \/>\n<meta property=\"og:title\" content=\"Wie sich die jungen Ost- und Westdeutschen unterscheiden - Mauerfall \u2013 Die ersten 25 Jahre\" \/>\n<meta property=\"og:description\" content=\"Vor allem die jungen Ost- und Westdeutschen repr\u00e4sentieren die Hoffnung auf ein Zusammenwachsen von Ost und West. Die Umfragen, die das Gesis-Institut 2010 und 2012 unter 18- bis 29-j\u00e4hrigen durchf\u00fchrte, sind allerdings ern\u00fcchternd. Auf die Frage, ob es f\u00fcr sie denkbar sei, in den Osten\/Westen \u00fcberzusiedeln, antworten mit Ja: West: 40,7 Ost: 57,9 Der Sozialismus [&hellip;]\" \/>\n<meta property=\"og:url\" content=\"https:\/\/blog.zeit.de\/mauerfall\/2014\/11\/09\/wie-sich-die-jungen-ost-und-westdeutschen-unterscheiden\/\" \/>\n<meta property=\"og:site_name\" content=\"Mauerfall \u2013 Die ersten 25 Jahre\" \/>\n<meta property=\"article:published_time\" content=\"2014-11-09T11:15:40+00:00\" \/>\n<meta property=\"article:modified_time\" content=\"2014-11-09T12:18:08+00:00\" \/>\n<meta name=\"author\" content=\"Christian Bangel\" \/>\n<meta name=\"twitter:label1\" content=\"Geschrieben von\" \/>\n\t<meta name=\"twitter:data1\" content=\"Christian Bangel\" \/>\n\t<meta name=\"twitter:label2\" content=\"Gesch\u00e4tzte Lesezeit\" \/>\n\t<meta name=\"twitter:data2\" content=\"1\u00a0Minute\" \/>\n<script type=\"application\/ld+json\" class=\"yoast-schema-graph\">{\"@context\":\"https:\/\/schema.org\",\"@graph\":[{\"@type\":\"WebPage\",\"@id\":\"https:\/\/blog.zeit.de\/mauerfall\/2014\/11\/09\/wie-sich-die-jungen-ost-und-westdeutschen-unterscheiden\/\",\"url\":\"https:\/\/blog.zeit.de\/mauerfall\/2014\/11\/09\/wie-sich-die-jungen-ost-und-westdeutschen-unterscheiden\/\",\"name\":\"Wie sich die jungen Ost- und Westdeutschen unterscheiden - Mauerfall \u2013 Die ersten 25 Jahre\",\"isPartOf\":{\"@id\":\"https:\/\/blog.zeit.de\/mauerfall\/#website\"},\"datePublished\":\"2014-11-09T11:15:40+00:00\",\"dateModified\":\"2014-11-09T12:18:08+00:00\",\"author\":{\"@id\":\"https:\/\/blog.zeit.de\/mauerfall\/#\/schema\/person\/759f3d532d4c0798aa653d33ff5af9d9\"},\"breadcrumb\":{\"@id\":\"https:\/\/blog.zeit.de\/mauerfall\/2014\/11\/09\/wie-sich-die-jungen-ost-und-westdeutschen-unterscheiden\/#breadcrumb\"},\"inLanguage\":\"de\",\"potentialAction\":[{\"@type\":\"ReadAction\",\"target\":[\"https:\/\/blog.zeit.de\/mauerfall\/2014\/11\/09\/wie-sich-die-jungen-ost-und-westdeutschen-unterscheiden\/\"]}]},{\"@type\":\"BreadcrumbList\",\"@id\":\"https:\/\/blog.zeit.de\/mauerfall\/2014\/11\/09\/wie-sich-die-jungen-ost-und-westdeutschen-unterscheiden\/#breadcrumb\",\"itemListElement\":[{\"@type\":\"ListItem\",\"position\":1,\"name\":\"Startseite\",\"item\":\"https:\/\/blog.zeit.de\/mauerfall\/\"},{\"@type\":\"ListItem\",\"position\":2,\"name\":\"Wie sich die jungen Ost- und Westdeutschen unterscheiden\"}]},{\"@type\":\"WebSite\",\"@id\":\"https:\/\/blog.zeit.de\/mauerfall\/#website\",\"url\":\"https:\/\/blog.zeit.de\/mauerfall\/\",\"name\":\"Mauerfall \u2013 Die ersten 25 Jahre\",\"description\":\"Das ZEIT ONLINE Blog zum Mauerfall\",\"potentialAction\":[{\"@type\":\"SearchAction\",\"target\":{\"@type\":\"EntryPoint\",\"urlTemplate\":\"https:\/\/blog.zeit.de\/mauerfall\/?s={search_term_string}\"},\"query-input\":\"required name=search_term_string\"}],\"inLanguage\":\"de\"},{\"@type\":\"Person\",\"@id\":\"https:\/\/blog.zeit.de\/mauerfall\/#\/schema\/person\/759f3d532d4c0798aa653d33ff5af9d9\",\"name\":\"Christian Bangel\",\"description\":\"ist Redakteur bei ZEIT ONLINE.\",\"url\":\"https:\/\/blog.zeit.de\/mauerfall\/author\/cbangel\/\"}]}<\/script>\n<!-- \/ Yoast SEO plugin. -->","yoast_head_json":{"title":"Wie sich die jungen Ost- und Westdeutschen unterscheiden - Mauerfall \u2013 Die ersten 25 Jahre","robots":{"index":"index","follow":"follow","max-snippet":"max-snippet:-1","max-image-preview":"max-image-preview:large","max-video-preview":"max-video-preview:-1"},"canonical":"https:\/\/blog.zeit.de\/mauerfall\/2014\/11\/09\/wie-sich-die-jungen-ost-und-westdeutschen-unterscheiden\/","og_locale":"de_DE","og_type":"article","og_title":"Wie sich die jungen Ost- und Westdeutschen unterscheiden - Mauerfall \u2013 Die ersten 25 Jahre","og_description":"Vor allem die jungen Ost- und Westdeutschen repr\u00e4sentieren die Hoffnung auf ein Zusammenwachsen von Ost und West. Die Umfragen, die das Gesis-Institut 2010 und 2012 unter 18- bis 29-j\u00e4hrigen durchf\u00fchrte, sind allerdings ern\u00fcchternd. Auf die Frage, ob es f\u00fcr sie denkbar sei, in den Osten\/Westen \u00fcberzusiedeln, antworten mit Ja: West: 40,7 Ost: 57,9 Der Sozialismus [&hellip;]","og_url":"https:\/\/blog.zeit.de\/mauerfall\/2014\/11\/09\/wie-sich-die-jungen-ost-und-westdeutschen-unterscheiden\/","og_site_name":"Mauerfall \u2013 Die ersten 25 Jahre","article_published_time":"2014-11-09T11:15:40+00:00","article_modified_time":"2014-11-09T12:18:08+00:00","author":"Christian Bangel","twitter_misc":{"Geschrieben von":"Christian Bangel","Gesch\u00e4tzte Lesezeit":"1\u00a0Minute"},"schema":{"@context":"https:\/\/schema.org","@graph":[{"@type":"WebPage","@id":"https:\/\/blog.zeit.de\/mauerfall\/2014\/11\/09\/wie-sich-die-jungen-ost-und-westdeutschen-unterscheiden\/","url":"https:\/\/blog.zeit.de\/mauerfall\/2014\/11\/09\/wie-sich-die-jungen-ost-und-westdeutschen-unterscheiden\/","name":"Wie sich die jungen Ost- und Westdeutschen unterscheiden - Mauerfall \u2013 Die ersten 25 Jahre","isPartOf":{"@id":"https:\/\/blog.zeit.de\/mauerfall\/#website"},"datePublished":"2014-11-09T11:15:40+00:00","dateModified":"2014-11-09T12:18:08+00:00","author":{"@id":"https:\/\/blog.zeit.de\/mauerfall\/#\/schema\/person\/759f3d532d4c0798aa653d33ff5af9d9"},"breadcrumb":{"@id":"https:\/\/blog.zeit.de\/mauerfall\/2014\/11\/09\/wie-sich-die-jungen-ost-und-westdeutschen-unterscheiden\/#breadcrumb"},"inLanguage":"de","potentialAction":[{"@type":"ReadAction","target":["https:\/\/blog.zeit.de\/mauerfall\/2014\/11\/09\/wie-sich-die-jungen-ost-und-westdeutschen-unterscheiden\/"]}]},{"@type":"BreadcrumbList","@id":"https:\/\/blog.zeit.de\/mauerfall\/2014\/11\/09\/wie-sich-die-jungen-ost-und-westdeutschen-unterscheiden\/#breadcrumb","itemListElement":[{"@type":"ListItem","position":1,"name":"Startseite","item":"https:\/\/blog.zeit.de\/mauerfall\/"},{"@type":"ListItem","position":2,"name":"Wie sich die jungen Ost- und Westdeutschen unterscheiden"}]},{"@type":"WebSite","@id":"https:\/\/blog.zeit.de\/mauerfall\/#website","url":"https:\/\/blog.zeit.de\/mauerfall\/","name":"Mauerfall \u2013 Die ersten 25 Jahre","description":"Das ZEIT ONLINE Blog zum Mauerfall","potentialAction":[{"@type":"SearchAction","target":{"@type":"EntryPoint","urlTemplate":"https:\/\/blog.zeit.de\/mauerfall\/?s={search_term_string}"},"query-input":"required name=search_term_string"}],"inLanguage":"de"},{"@type":"Person","@id":"https:\/\/blog.zeit.de\/mauerfall\/#\/schema\/person\/759f3d532d4c0798aa653d33ff5af9d9","name":"Christian Bangel","description":"ist Redakteur bei ZEIT ONLINE.","url":"https:\/\/blog.zeit.de\/mauerfall\/author\/cbangel\/"}]}},"jetpack_featured_media_url":"","jetpack_sharing_enabled":true,"_links":{"self":[{"href":"https:\/\/blog.zeit.de\/mauerfall\/wp-json\/wp\/v2\/posts\/131","targetHints":{"allow":["GET"]}}],"collection":[{"href":"https:\/\/blog.zeit.de\/mauerfall\/wp-json\/wp\/v2\/posts"}],"about":[{"href":"https:\/\/blog.zeit.de\/mauerfall\/wp-json\/wp\/v2\/types\/post"}],"author":[{"embeddable":true,"href":"https:\/\/blog.zeit.de\/mauerfall\/wp-json\/wp\/v2\/users\/527"}],"replies":[{"embeddable":true,"href":"https:\/\/blog.zeit.de\/mauerfall\/wp-json\/wp\/v2\/comments?post=131"}],"version-history":[{"count":3,"href":"https:\/\/blog.zeit.de\/mauerfall\/wp-json\/wp\/v2\/posts\/131\/revisions"}],"predecessor-version":[{"id":134,"href":"https:\/\/blog.zeit.de\/mauerfall\/wp-json\/wp\/v2\/posts\/131\/revisions\/134"}],"wp:attachment":[{"href":"https:\/\/blog.zeit.de\/mauerfall\/wp-json\/wp\/v2\/media?parent=131"}],"wp:term":[{"taxonomy":"category","embeddable":true,"href":"https:\/\/blog.zeit.de\/mauerfall\/wp-json\/wp\/v2\/categories?post=131"},{"taxonomy":"post_tag","embeddable":true,"href":"https:\/\/blog.zeit.de\/mauerfall\/wp-json\/wp\/v2\/tags?post=131"}],"curies":[{"name":"wp","href":"https:\/\/api.w.org\/{rel}","templated":true}]}}