{"id":14,"date":"2014-09-10T17:57:15","date_gmt":"2014-09-10T15:57:15","guid":{"rendered":"http:\/\/blog.zeit.de\/mauerfall\/?p=14"},"modified":"2014-09-10T17:57:15","modified_gmt":"2014-09-10T15:57:15","slug":"schnell-wir-brauchen-einen-ossi","status":"publish","type":"post","link":"https:\/\/blog.zeit.de\/mauerfall\/2014\/09\/10\/schnell-wir-brauchen-einen-ossi\/","title":{"rendered":"Schnell, wir brauchen einen Ossi!"},"content":{"rendered":"<p>Der 25. Mauerfall-Jahrestag kommt n\u00e4her und damit eine gewaltige mediale Schmalzwelle. Ja, auch wir geh\u00f6ren dazu.<br \/>\nIch glaube aber, wir sind anders als der Sender, dessen Redakteurin heute bei einem Bekannten anrief und fragte, ob er Ossis vermitteln k\u00f6nne, die im Fernsehen reden \u00fcber sich w\u00fcrden. Es sei ganz egal, was.<\/p>\n","protected":false},"excerpt":{"rendered":"<p>Der 25. Mauerfall-Jahrestag kommt n\u00e4her und damit eine gewaltige mediale Schmalzwelle. Ja, auch wir geh\u00f6ren dazu. Ich glaube aber, wir sind anders als der Sender, dessen Redakteurin heute bei einem Bekannten anrief und fragte, ob er Ossis vermitteln k\u00f6nne, die im Fernsehen reden \u00fcber sich w\u00fcrden. Es sei ganz egal, was.<\/p>\n","protected":false},"author":527,"featured_media":0,"comment_status":"open","ping_status":"open","sticky":false,"template":"","format":"standard","meta":{"_jetpack_memberships_contains_paid_content":false,"footnotes":""},"categories":[16],"tags":[],"class_list":["post-14","post","type-post","status-publish","format-standard","hentry","category-allgemein"],"yoast_head":"<!-- This site is optimized with the Yoast SEO plugin v21.0 - https:\/\/yoast.com\/wordpress\/plugins\/seo\/ -->\n<title>Schnell, wir brauchen einen Ossi! - Mauerfall \u2013 Die ersten 25 Jahre<\/title>\n<meta name=\"robots\" content=\"index, follow, max-snippet:-1, max-image-preview:large, max-video-preview:-1\" \/>\n<link rel=\"canonical\" href=\"https:\/\/blog.zeit.de\/mauerfall\/2014\/09\/10\/schnell-wir-brauchen-einen-ossi\/\" \/>\n<meta property=\"og:locale\" content=\"de_DE\" \/>\n<meta property=\"og:type\" content=\"article\" \/>\n<meta property=\"og:title\" content=\"Schnell, wir brauchen einen Ossi! - Mauerfall \u2013 Die ersten 25 Jahre\" \/>\n<meta property=\"og:description\" content=\"Der 25. Mauerfall-Jahrestag kommt n\u00e4her und damit eine gewaltige mediale Schmalzwelle. Ja, auch wir geh\u00f6ren dazu. Ich glaube aber, wir sind anders als der Sender, dessen Redakteurin heute bei einem Bekannten anrief und fragte, ob er Ossis vermitteln k\u00f6nne, die im Fernsehen reden \u00fcber sich w\u00fcrden. Es sei ganz egal, was.\" \/>\n<meta property=\"og:url\" content=\"https:\/\/blog.zeit.de\/mauerfall\/2014\/09\/10\/schnell-wir-brauchen-einen-ossi\/\" \/>\n<meta property=\"og:site_name\" content=\"Mauerfall \u2013 Die ersten 25 Jahre\" \/>\n<meta property=\"article:published_time\" content=\"2014-09-10T15:57:15+00:00\" \/>\n<meta name=\"author\" content=\"Christian Bangel\" \/>\n<meta name=\"twitter:label1\" content=\"Geschrieben von\" \/>\n\t<meta name=\"twitter:data1\" content=\"Christian Bangel\" \/>\n<script type=\"application\/ld+json\" class=\"yoast-schema-graph\">{\"@context\":\"https:\/\/schema.org\",\"@graph\":[{\"@type\":\"WebPage\",\"@id\":\"https:\/\/blog.zeit.de\/mauerfall\/2014\/09\/10\/schnell-wir-brauchen-einen-ossi\/\",\"url\":\"https:\/\/blog.zeit.de\/mauerfall\/2014\/09\/10\/schnell-wir-brauchen-einen-ossi\/\",\"name\":\"Schnell, wir brauchen einen Ossi! - Mauerfall \u2013 Die ersten 25 Jahre\",\"isPartOf\":{\"@id\":\"https:\/\/blog.zeit.de\/mauerfall\/#website\"},\"datePublished\":\"2014-09-10T15:57:15+00:00\",\"dateModified\":\"2014-09-10T15:57:15+00:00\",\"author\":{\"@id\":\"https:\/\/blog.zeit.de\/mauerfall\/#\/schema\/person\/759f3d532d4c0798aa653d33ff5af9d9\"},\"breadcrumb\":{\"@id\":\"https:\/\/blog.zeit.de\/mauerfall\/2014\/09\/10\/schnell-wir-brauchen-einen-ossi\/#breadcrumb\"},\"inLanguage\":\"de\",\"potentialAction\":[{\"@type\":\"ReadAction\",\"target\":[\"https:\/\/blog.zeit.de\/mauerfall\/2014\/09\/10\/schnell-wir-brauchen-einen-ossi\/\"]}]},{\"@type\":\"BreadcrumbList\",\"@id\":\"https:\/\/blog.zeit.de\/mauerfall\/2014\/09\/10\/schnell-wir-brauchen-einen-ossi\/#breadcrumb\",\"itemListElement\":[{\"@type\":\"ListItem\",\"position\":1,\"name\":\"Startseite\",\"item\":\"https:\/\/blog.zeit.de\/mauerfall\/\"},{\"@type\":\"ListItem\",\"position\":2,\"name\":\"Schnell, wir brauchen einen Ossi!\"}]},{\"@type\":\"WebSite\",\"@id\":\"https:\/\/blog.zeit.de\/mauerfall\/#website\",\"url\":\"https:\/\/blog.zeit.de\/mauerfall\/\",\"name\":\"Mauerfall \u2013 Die ersten 25 Jahre\",\"description\":\"Das ZEIT ONLINE Blog zum Mauerfall\",\"potentialAction\":[{\"@type\":\"SearchAction\",\"target\":{\"@type\":\"EntryPoint\",\"urlTemplate\":\"https:\/\/blog.zeit.de\/mauerfall\/?s={search_term_string}\"},\"query-input\":\"required name=search_term_string\"}],\"inLanguage\":\"de\"},{\"@type\":\"Person\",\"@id\":\"https:\/\/blog.zeit.de\/mauerfall\/#\/schema\/person\/759f3d532d4c0798aa653d33ff5af9d9\",\"name\":\"Christian Bangel\",\"description\":\"ist Redakteur bei ZEIT ONLINE.\",\"url\":\"https:\/\/blog.zeit.de\/mauerfall\/author\/cbangel\/\"}]}<\/script>\n<!-- \/ Yoast SEO plugin. -->","yoast_head_json":{"title":"Schnell, wir brauchen einen Ossi! - Mauerfall \u2013 Die ersten 25 Jahre","robots":{"index":"index","follow":"follow","max-snippet":"max-snippet:-1","max-image-preview":"max-image-preview:large","max-video-preview":"max-video-preview:-1"},"canonical":"https:\/\/blog.zeit.de\/mauerfall\/2014\/09\/10\/schnell-wir-brauchen-einen-ossi\/","og_locale":"de_DE","og_type":"article","og_title":"Schnell, wir brauchen einen Ossi! - Mauerfall \u2013 Die ersten 25 Jahre","og_description":"Der 25. Mauerfall-Jahrestag kommt n\u00e4her und damit eine gewaltige mediale Schmalzwelle. Ja, auch wir geh\u00f6ren dazu. Ich glaube aber, wir sind anders als der Sender, dessen Redakteurin heute bei einem Bekannten anrief und fragte, ob er Ossis vermitteln k\u00f6nne, die im Fernsehen reden \u00fcber sich w\u00fcrden. Es sei ganz egal, was.","og_url":"https:\/\/blog.zeit.de\/mauerfall\/2014\/09\/10\/schnell-wir-brauchen-einen-ossi\/","og_site_name":"Mauerfall \u2013 Die ersten 25 Jahre","article_published_time":"2014-09-10T15:57:15+00:00","author":"Christian Bangel","twitter_misc":{"Geschrieben von":"Christian Bangel"},"schema":{"@context":"https:\/\/schema.org","@graph":[{"@type":"WebPage","@id":"https:\/\/blog.zeit.de\/mauerfall\/2014\/09\/10\/schnell-wir-brauchen-einen-ossi\/","url":"https:\/\/blog.zeit.de\/mauerfall\/2014\/09\/10\/schnell-wir-brauchen-einen-ossi\/","name":"Schnell, wir brauchen einen Ossi! - Mauerfall \u2013 Die ersten 25 Jahre","isPartOf":{"@id":"https:\/\/blog.zeit.de\/mauerfall\/#website"},"datePublished":"2014-09-10T15:57:15+00:00","dateModified":"2014-09-10T15:57:15+00:00","author":{"@id":"https:\/\/blog.zeit.de\/mauerfall\/#\/schema\/person\/759f3d532d4c0798aa653d33ff5af9d9"},"breadcrumb":{"@id":"https:\/\/blog.zeit.de\/mauerfall\/2014\/09\/10\/schnell-wir-brauchen-einen-ossi\/#breadcrumb"},"inLanguage":"de","potentialAction":[{"@type":"ReadAction","target":["https:\/\/blog.zeit.de\/mauerfall\/2014\/09\/10\/schnell-wir-brauchen-einen-ossi\/"]}]},{"@type":"BreadcrumbList","@id":"https:\/\/blog.zeit.de\/mauerfall\/2014\/09\/10\/schnell-wir-brauchen-einen-ossi\/#breadcrumb","itemListElement":[{"@type":"ListItem","position":1,"name":"Startseite","item":"https:\/\/blog.zeit.de\/mauerfall\/"},{"@type":"ListItem","position":2,"name":"Schnell, wir brauchen einen Ossi!"}]},{"@type":"WebSite","@id":"https:\/\/blog.zeit.de\/mauerfall\/#website","url":"https:\/\/blog.zeit.de\/mauerfall\/","name":"Mauerfall \u2013 Die ersten 25 Jahre","description":"Das ZEIT ONLINE Blog zum Mauerfall","potentialAction":[{"@type":"SearchAction","target":{"@type":"EntryPoint","urlTemplate":"https:\/\/blog.zeit.de\/mauerfall\/?s={search_term_string}"},"query-input":"required name=search_term_string"}],"inLanguage":"de"},{"@type":"Person","@id":"https:\/\/blog.zeit.de\/mauerfall\/#\/schema\/person\/759f3d532d4c0798aa653d33ff5af9d9","name":"Christian Bangel","description":"ist Redakteur bei ZEIT ONLINE.","url":"https:\/\/blog.zeit.de\/mauerfall\/author\/cbangel\/"}]}},"jetpack_featured_media_url":"","jetpack_sharing_enabled":true,"_links":{"self":[{"href":"https:\/\/blog.zeit.de\/mauerfall\/wp-json\/wp\/v2\/posts\/14","targetHints":{"allow":["GET"]}}],"collection":[{"href":"https:\/\/blog.zeit.de\/mauerfall\/wp-json\/wp\/v2\/posts"}],"about":[{"href":"https:\/\/blog.zeit.de\/mauerfall\/wp-json\/wp\/v2\/types\/post"}],"author":[{"embeddable":true,"href":"https:\/\/blog.zeit.de\/mauerfall\/wp-json\/wp\/v2\/users\/527"}],"replies":[{"embeddable":true,"href":"https:\/\/blog.zeit.de\/mauerfall\/wp-json\/wp\/v2\/comments?post=14"}],"version-history":[{"count":2,"href":"https:\/\/blog.zeit.de\/mauerfall\/wp-json\/wp\/v2\/posts\/14\/revisions"}],"predecessor-version":[{"id":58,"href":"https:\/\/blog.zeit.de\/mauerfall\/wp-json\/wp\/v2\/posts\/14\/revisions\/58"}],"wp:attachment":[{"href":"https:\/\/blog.zeit.de\/mauerfall\/wp-json\/wp\/v2\/media?parent=14"}],"wp:term":[{"taxonomy":"category","embeddable":true,"href":"https:\/\/blog.zeit.de\/mauerfall\/wp-json\/wp\/v2\/categories?post=14"},{"taxonomy":"post_tag","embeddable":true,"href":"https:\/\/blog.zeit.de\/mauerfall\/wp-json\/wp\/v2\/tags?post=14"}],"curies":[{"name":"wp","href":"https:\/\/api.w.org\/{rel}","templated":true}]}}