{"id":19,"date":"2014-09-04T11:09:47","date_gmt":"2014-09-04T09:09:47","guid":{"rendered":"http:\/\/blog.zeit.de\/mauerfall\/?p=19"},"modified":"2014-09-04T19:11:48","modified_gmt":"2014-09-04T17:11:48","slug":"bananen","status":"publish","type":"post","link":"https:\/\/blog.zeit.de\/mauerfall\/2014\/09\/04\/bananen\/","title":{"rendered":"Bananen"},"content":{"rendered":"<p>Vor einigen Tagen stand ich am Schreibtisch eines Redakteurs. Wir sprachen \u00fcber die Kosten der Deutschen Einheit und wie man es schaffen k\u00f6nnte, Ost- und Westdeutsche f\u00fcr das Thema zu intessieren, ohne Vorurteile zu bedienen. Kein Monty-Python-Film also. Trotzdem begann der Redakteur irgendwann zu l\u00e4cheln.<\/p>\n<p><!--more--><\/p>\n<p>Ich schlug vor, die Grafikabteilung \u00fcber unser Projekt zu informieren. Oder sollten wir die Infografiken lieber selbst machen? Da war sein L\u00e4cheln schon breiter geworden.<\/p>\n<p>Dann sprach ich mich daf\u00fcr aus, nicht nur die Kosten der Deutschen Einheit zu errechnen, sondern auch die Einnahmen. Das! erregte ich mich, Geh\u00f6re! Schlie\u00dflich! Dazu!<\/p>\n<p>W\u00e4hrend ich gestikulierte, sah ich pl\u00f6tzlich, warum der Redakteur grinste. In meiner rechten Hand war: Eine Banane. Ich lie\u00df meinen Arm sinken.<\/p>\n<p>Alle, denen ich hinterher davon erz\u00e4hlte, haben sich kaputtgelacht.<\/p>\n<p>Ich dachte: Wenn es ein Symbol gibt, das die Wiedervereinigung verk\u00f6rpern kann, ist es \u2013 das Brandenburger Tor. Aber das ist so \u00f6de, dass sich man schon beim Schreiben langweilt. Das Brandenburger Tor steht f\u00fcr die staubtrockene Geschichtsdeutung der Politiker-Einheitsreden: Sch\u00f6n, dass wir soweit &#8230; weiter Weg hinter uns .. vor uns .. bla.<\/p>\n<p>W\u00e4re uns die Deutsche Einheit wirklich schon gelungen, k\u00f6nnten wir uns ganz ohne Sorge gegenseitig veralbern. Und uns w\u00e4re es m\u00f6glich, als Logo der Mauerfallserie das zweite gro\u00dfe Symbol der Einheit zu verwenden: Eine sch\u00f6ne, gro\u00dfe, gelbe Banane.<\/p>\n<p>Das ist leider noch nicht so.<\/p>\n<p>Aber das Brandenburger Tor haben wir auch nicht genommen.<\/p>\n","protected":false},"excerpt":{"rendered":"<p>Vor einigen Tagen stand ich am Schreibtisch eines Redakteurs. Wir sprachen \u00fcber die Kosten der Deutschen Einheit und wie man es schaffen k\u00f6nnte, Ost- und Westdeutsche f\u00fcr das Thema zu intessieren, ohne Vorurteile zu bedienen. Kein Monty-Python-Film also. Trotzdem begann der Redakteur irgendwann zu l\u00e4cheln.<\/p>\n","protected":false},"author":527,"featured_media":0,"comment_status":"open","ping_status":"open","sticky":false,"template":"","format":"standard","meta":{"_jetpack_memberships_contains_paid_content":false,"footnotes":""},"categories":[16],"tags":[],"class_list":["post-19","post","type-post","status-publish","format-standard","hentry","category-allgemein"],"yoast_head":"<!-- This site is optimized with the Yoast SEO plugin v21.0 - https:\/\/yoast.com\/wordpress\/plugins\/seo\/ -->\n<title>Alles Banane<\/title>\n<meta name=\"description\" content=\"Wenn ein Symbol die Wiedervereinigung verk\u00f6rpern kann, ist es das Brandenburger Tor. Dachte unser Autor. Oder passt eine Banane doch besser?\" \/>\n<meta name=\"robots\" content=\"index, follow, max-snippet:-1, max-image-preview:large, max-video-preview:-1\" \/>\n<link rel=\"canonical\" href=\"https:\/\/blog.zeit.de\/mauerfall\/2014\/09\/04\/bananen\/\" \/>\n<meta property=\"og:locale\" content=\"de_DE\" \/>\n<meta property=\"og:type\" content=\"article\" \/>\n<meta property=\"og:title\" content=\"Alles Banane\" \/>\n<meta property=\"og:description\" content=\"Wenn ein Symbol die Wiedervereinigung verk\u00f6rpern kann, ist es das Brandenburger Tor. Dachte unser Autor. Oder passt eine Banane doch besser?\" \/>\n<meta property=\"og:url\" content=\"https:\/\/blog.zeit.de\/mauerfall\/2014\/09\/04\/bananen\/\" \/>\n<meta property=\"og:site_name\" content=\"Mauerfall \u2013 Die ersten 25 Jahre\" \/>\n<meta property=\"article:published_time\" content=\"2014-09-04T09:09:47+00:00\" \/>\n<meta property=\"article:modified_time\" content=\"2014-09-04T17:11:48+00:00\" \/>\n<meta name=\"author\" content=\"Christian Bangel\" \/>\n<meta name=\"twitter:label1\" content=\"Geschrieben von\" \/>\n\t<meta name=\"twitter:data1\" content=\"Christian Bangel\" \/>\n\t<meta name=\"twitter:label2\" content=\"Gesch\u00e4tzte Lesezeit\" \/>\n\t<meta name=\"twitter:data2\" content=\"1\u00a0Minute\" \/>\n<script type=\"application\/ld+json\" class=\"yoast-schema-graph\">{\"@context\":\"https:\/\/schema.org\",\"@graph\":[{\"@type\":\"WebPage\",\"@id\":\"https:\/\/blog.zeit.de\/mauerfall\/2014\/09\/04\/bananen\/\",\"url\":\"https:\/\/blog.zeit.de\/mauerfall\/2014\/09\/04\/bananen\/\",\"name\":\"Alles Banane\",\"isPartOf\":{\"@id\":\"https:\/\/blog.zeit.de\/mauerfall\/#website\"},\"datePublished\":\"2014-09-04T09:09:47+00:00\",\"dateModified\":\"2014-09-04T17:11:48+00:00\",\"author\":{\"@id\":\"https:\/\/blog.zeit.de\/mauerfall\/#\/schema\/person\/759f3d532d4c0798aa653d33ff5af9d9\"},\"description\":\"Wenn ein Symbol die Wiedervereinigung verk\u00f6rpern kann, ist es das Brandenburger Tor. Dachte unser Autor. Oder passt eine Banane doch besser?\",\"breadcrumb\":{\"@id\":\"https:\/\/blog.zeit.de\/mauerfall\/2014\/09\/04\/bananen\/#breadcrumb\"},\"inLanguage\":\"de\",\"potentialAction\":[{\"@type\":\"ReadAction\",\"target\":[\"https:\/\/blog.zeit.de\/mauerfall\/2014\/09\/04\/bananen\/\"]}]},{\"@type\":\"BreadcrumbList\",\"@id\":\"https:\/\/blog.zeit.de\/mauerfall\/2014\/09\/04\/bananen\/#breadcrumb\",\"itemListElement\":[{\"@type\":\"ListItem\",\"position\":1,\"name\":\"Startseite\",\"item\":\"https:\/\/blog.zeit.de\/mauerfall\/\"},{\"@type\":\"ListItem\",\"position\":2,\"name\":\"Bananen\"}]},{\"@type\":\"WebSite\",\"@id\":\"https:\/\/blog.zeit.de\/mauerfall\/#website\",\"url\":\"https:\/\/blog.zeit.de\/mauerfall\/\",\"name\":\"Mauerfall \u2013 Die ersten 25 Jahre\",\"description\":\"Das ZEIT ONLINE Blog zum Mauerfall\",\"potentialAction\":[{\"@type\":\"SearchAction\",\"target\":{\"@type\":\"EntryPoint\",\"urlTemplate\":\"https:\/\/blog.zeit.de\/mauerfall\/?s={search_term_string}\"},\"query-input\":\"required name=search_term_string\"}],\"inLanguage\":\"de\"},{\"@type\":\"Person\",\"@id\":\"https:\/\/blog.zeit.de\/mauerfall\/#\/schema\/person\/759f3d532d4c0798aa653d33ff5af9d9\",\"name\":\"Christian Bangel\",\"description\":\"ist Redakteur bei ZEIT ONLINE.\",\"url\":\"https:\/\/blog.zeit.de\/mauerfall\/author\/cbangel\/\"}]}<\/script>\n<!-- \/ Yoast SEO plugin. -->","yoast_head_json":{"title":"Alles Banane","description":"Wenn ein Symbol die Wiedervereinigung verk\u00f6rpern kann, ist es das Brandenburger Tor. Dachte unser Autor. Oder passt eine Banane doch besser?","robots":{"index":"index","follow":"follow","max-snippet":"max-snippet:-1","max-image-preview":"max-image-preview:large","max-video-preview":"max-video-preview:-1"},"canonical":"https:\/\/blog.zeit.de\/mauerfall\/2014\/09\/04\/bananen\/","og_locale":"de_DE","og_type":"article","og_title":"Alles Banane","og_description":"Wenn ein Symbol die Wiedervereinigung verk\u00f6rpern kann, ist es das Brandenburger Tor. Dachte unser Autor. Oder passt eine Banane doch besser?","og_url":"https:\/\/blog.zeit.de\/mauerfall\/2014\/09\/04\/bananen\/","og_site_name":"Mauerfall \u2013 Die ersten 25 Jahre","article_published_time":"2014-09-04T09:09:47+00:00","article_modified_time":"2014-09-04T17:11:48+00:00","author":"Christian Bangel","twitter_misc":{"Geschrieben von":"Christian Bangel","Gesch\u00e4tzte Lesezeit":"1\u00a0Minute"},"schema":{"@context":"https:\/\/schema.org","@graph":[{"@type":"WebPage","@id":"https:\/\/blog.zeit.de\/mauerfall\/2014\/09\/04\/bananen\/","url":"https:\/\/blog.zeit.de\/mauerfall\/2014\/09\/04\/bananen\/","name":"Alles Banane","isPartOf":{"@id":"https:\/\/blog.zeit.de\/mauerfall\/#website"},"datePublished":"2014-09-04T09:09:47+00:00","dateModified":"2014-09-04T17:11:48+00:00","author":{"@id":"https:\/\/blog.zeit.de\/mauerfall\/#\/schema\/person\/759f3d532d4c0798aa653d33ff5af9d9"},"description":"Wenn ein Symbol die Wiedervereinigung verk\u00f6rpern kann, ist es das Brandenburger Tor. Dachte unser Autor. Oder passt eine Banane doch besser?","breadcrumb":{"@id":"https:\/\/blog.zeit.de\/mauerfall\/2014\/09\/04\/bananen\/#breadcrumb"},"inLanguage":"de","potentialAction":[{"@type":"ReadAction","target":["https:\/\/blog.zeit.de\/mauerfall\/2014\/09\/04\/bananen\/"]}]},{"@type":"BreadcrumbList","@id":"https:\/\/blog.zeit.de\/mauerfall\/2014\/09\/04\/bananen\/#breadcrumb","itemListElement":[{"@type":"ListItem","position":1,"name":"Startseite","item":"https:\/\/blog.zeit.de\/mauerfall\/"},{"@type":"ListItem","position":2,"name":"Bananen"}]},{"@type":"WebSite","@id":"https:\/\/blog.zeit.de\/mauerfall\/#website","url":"https:\/\/blog.zeit.de\/mauerfall\/","name":"Mauerfall \u2013 Die ersten 25 Jahre","description":"Das ZEIT ONLINE Blog zum Mauerfall","potentialAction":[{"@type":"SearchAction","target":{"@type":"EntryPoint","urlTemplate":"https:\/\/blog.zeit.de\/mauerfall\/?s={search_term_string}"},"query-input":"required name=search_term_string"}],"inLanguage":"de"},{"@type":"Person","@id":"https:\/\/blog.zeit.de\/mauerfall\/#\/schema\/person\/759f3d532d4c0798aa653d33ff5af9d9","name":"Christian Bangel","description":"ist Redakteur bei ZEIT ONLINE.","url":"https:\/\/blog.zeit.de\/mauerfall\/author\/cbangel\/"}]}},"jetpack_featured_media_url":"","jetpack_sharing_enabled":true,"_links":{"self":[{"href":"https:\/\/blog.zeit.de\/mauerfall\/wp-json\/wp\/v2\/posts\/19","targetHints":{"allow":["GET"]}}],"collection":[{"href":"https:\/\/blog.zeit.de\/mauerfall\/wp-json\/wp\/v2\/posts"}],"about":[{"href":"https:\/\/blog.zeit.de\/mauerfall\/wp-json\/wp\/v2\/types\/post"}],"author":[{"embeddable":true,"href":"https:\/\/blog.zeit.de\/mauerfall\/wp-json\/wp\/v2\/users\/527"}],"replies":[{"embeddable":true,"href":"https:\/\/blog.zeit.de\/mauerfall\/wp-json\/wp\/v2\/comments?post=19"}],"version-history":[{"count":4,"href":"https:\/\/blog.zeit.de\/mauerfall\/wp-json\/wp\/v2\/posts\/19\/revisions"}],"predecessor-version":[{"id":46,"href":"https:\/\/blog.zeit.de\/mauerfall\/wp-json\/wp\/v2\/posts\/19\/revisions\/46"}],"wp:attachment":[{"href":"https:\/\/blog.zeit.de\/mauerfall\/wp-json\/wp\/v2\/media?parent=19"}],"wp:term":[{"taxonomy":"category","embeddable":true,"href":"https:\/\/blog.zeit.de\/mauerfall\/wp-json\/wp\/v2\/categories?post=19"},{"taxonomy":"post_tag","embeddable":true,"href":"https:\/\/blog.zeit.de\/mauerfall\/wp-json\/wp\/v2\/tags?post=19"}],"curies":[{"name":"wp","href":"https:\/\/api.w.org\/{rel}","templated":true}]}}