{"id":99,"date":"2014-10-06T17:05:30","date_gmt":"2014-10-06T15:05:30","guid":{"rendered":"http:\/\/blog.zeit.de\/mauerfall\/?p=99"},"modified":"2014-10-06T17:11:03","modified_gmt":"2014-10-06T15:11:03","slug":"lesen-sie-nur-uschi-glas","status":"publish","type":"post","link":"https:\/\/blog.zeit.de\/mauerfall\/2014\/10\/06\/lesen-sie-nur-uschi-glas\/","title":{"rendered":"Lesen Sie nur, Uschi Glas!"},"content":{"rendered":"<p>Es war ein Skandal, als Uschi Glas im letzten Jahr bei Markus Lanz <a href=\"https:\/\/www.youtube.com\/watch?v=Y7ZEcoC0Bbw\">den Mindestlohn mit dem Argument ablehnte<\/a>, dass &#8222;wir vor allem in den neuen Bundesl\u00e4ndern [Stimme senken, Blick nach unten] nicht gut qualifizierte Menschen haben&#8220;, die dann keine Jobs mehr bek\u00e4men.<\/p>\n<p>Zu Recht. Hier f\u00fcr Uschi Glas und alle anderen ein St\u00fcck kostenlose Zusatzqualifikation: <a href=\"http:\/\/www.zeit.de\/wirtschaft\/2014-10\/arbeitslosigkeit-osten\">Im Osten gibt es mehr Akademiker, mehr Ausgelernte und weniger Menschen ohne Ausbildung im Westen.<\/a><\/p>\n<p>Weitermachen!<\/p>\n","protected":false},"excerpt":{"rendered":"<p>Es war ein Skandal, als Uschi Glas im letzten Jahr bei Markus Lanz den Mindestlohn mit dem Argument ablehnte, dass &#8222;wir vor allem in den neuen Bundesl\u00e4ndern [Stimme senken, Blick nach unten] nicht gut qualifizierte Menschen haben&#8220;, die dann keine Jobs mehr bek\u00e4men. Zu Recht. Hier f\u00fcr Uschi Glas und alle anderen ein St\u00fcck kostenlose [&hellip;]<\/p>\n","protected":false},"author":527,"featured_media":0,"comment_status":"open","ping_status":"open","sticky":false,"template":"","format":"standard","meta":{"_jetpack_memberships_contains_paid_content":false,"footnotes":""},"categories":[16],"tags":[],"class_list":["post-99","post","type-post","status-publish","format-standard","hentry","category-allgemein"],"yoast_head":"<!-- This site is optimized with the Yoast SEO plugin v21.0 - https:\/\/yoast.com\/wordpress\/plugins\/seo\/ -->\n<title>Lesen Sie nur, Uschi Glas! - Mauerfall \u2013 Die ersten 25 Jahre<\/title>\n<meta name=\"robots\" content=\"index, follow, max-snippet:-1, max-image-preview:large, max-video-preview:-1\" \/>\n<link rel=\"canonical\" href=\"https:\/\/blog.zeit.de\/mauerfall\/2014\/10\/06\/lesen-sie-nur-uschi-glas\/\" \/>\n<meta property=\"og:locale\" content=\"de_DE\" \/>\n<meta property=\"og:type\" content=\"article\" \/>\n<meta property=\"og:title\" content=\"Lesen Sie nur, Uschi Glas! - Mauerfall \u2013 Die ersten 25 Jahre\" \/>\n<meta property=\"og:description\" content=\"Es war ein Skandal, als Uschi Glas im letzten Jahr bei Markus Lanz den Mindestlohn mit dem Argument ablehnte, dass &#8222;wir vor allem in den neuen Bundesl\u00e4ndern [Stimme senken, Blick nach unten] nicht gut qualifizierte Menschen haben&#8220;, die dann keine Jobs mehr bek\u00e4men. Zu Recht. Hier f\u00fcr Uschi Glas und alle anderen ein St\u00fcck kostenlose [&hellip;]\" \/>\n<meta property=\"og:url\" content=\"https:\/\/blog.zeit.de\/mauerfall\/2014\/10\/06\/lesen-sie-nur-uschi-glas\/\" \/>\n<meta property=\"og:site_name\" content=\"Mauerfall \u2013 Die ersten 25 Jahre\" \/>\n<meta property=\"article:published_time\" content=\"2014-10-06T15:05:30+00:00\" \/>\n<meta property=\"article:modified_time\" content=\"2014-10-06T15:11:03+00:00\" \/>\n<meta name=\"author\" content=\"Christian Bangel\" \/>\n<meta name=\"twitter:label1\" content=\"Geschrieben von\" \/>\n\t<meta name=\"twitter:data1\" content=\"Christian Bangel\" \/>\n<script type=\"application\/ld+json\" class=\"yoast-schema-graph\">{\"@context\":\"https:\/\/schema.org\",\"@graph\":[{\"@type\":\"WebPage\",\"@id\":\"https:\/\/blog.zeit.de\/mauerfall\/2014\/10\/06\/lesen-sie-nur-uschi-glas\/\",\"url\":\"https:\/\/blog.zeit.de\/mauerfall\/2014\/10\/06\/lesen-sie-nur-uschi-glas\/\",\"name\":\"Lesen Sie nur, Uschi Glas! - Mauerfall \u2013 Die ersten 25 Jahre\",\"isPartOf\":{\"@id\":\"https:\/\/blog.zeit.de\/mauerfall\/#website\"},\"datePublished\":\"2014-10-06T15:05:30+00:00\",\"dateModified\":\"2014-10-06T15:11:03+00:00\",\"author\":{\"@id\":\"https:\/\/blog.zeit.de\/mauerfall\/#\/schema\/person\/759f3d532d4c0798aa653d33ff5af9d9\"},\"breadcrumb\":{\"@id\":\"https:\/\/blog.zeit.de\/mauerfall\/2014\/10\/06\/lesen-sie-nur-uschi-glas\/#breadcrumb\"},\"inLanguage\":\"de\",\"potentialAction\":[{\"@type\":\"ReadAction\",\"target\":[\"https:\/\/blog.zeit.de\/mauerfall\/2014\/10\/06\/lesen-sie-nur-uschi-glas\/\"]}]},{\"@type\":\"BreadcrumbList\",\"@id\":\"https:\/\/blog.zeit.de\/mauerfall\/2014\/10\/06\/lesen-sie-nur-uschi-glas\/#breadcrumb\",\"itemListElement\":[{\"@type\":\"ListItem\",\"position\":1,\"name\":\"Startseite\",\"item\":\"https:\/\/blog.zeit.de\/mauerfall\/\"},{\"@type\":\"ListItem\",\"position\":2,\"name\":\"Lesen Sie nur, Uschi Glas!\"}]},{\"@type\":\"WebSite\",\"@id\":\"https:\/\/blog.zeit.de\/mauerfall\/#website\",\"url\":\"https:\/\/blog.zeit.de\/mauerfall\/\",\"name\":\"Mauerfall \u2013 Die ersten 25 Jahre\",\"description\":\"Das ZEIT ONLINE Blog zum Mauerfall\",\"potentialAction\":[{\"@type\":\"SearchAction\",\"target\":{\"@type\":\"EntryPoint\",\"urlTemplate\":\"https:\/\/blog.zeit.de\/mauerfall\/?s={search_term_string}\"},\"query-input\":\"required name=search_term_string\"}],\"inLanguage\":\"de\"},{\"@type\":\"Person\",\"@id\":\"https:\/\/blog.zeit.de\/mauerfall\/#\/schema\/person\/759f3d532d4c0798aa653d33ff5af9d9\",\"name\":\"Christian Bangel\",\"description\":\"ist Redakteur bei ZEIT ONLINE.\",\"url\":\"https:\/\/blog.zeit.de\/mauerfall\/author\/cbangel\/\"}]}<\/script>\n<!-- \/ Yoast SEO plugin. -->","yoast_head_json":{"title":"Lesen Sie nur, Uschi Glas! - Mauerfall \u2013 Die ersten 25 Jahre","robots":{"index":"index","follow":"follow","max-snippet":"max-snippet:-1","max-image-preview":"max-image-preview:large","max-video-preview":"max-video-preview:-1"},"canonical":"https:\/\/blog.zeit.de\/mauerfall\/2014\/10\/06\/lesen-sie-nur-uschi-glas\/","og_locale":"de_DE","og_type":"article","og_title":"Lesen Sie nur, Uschi Glas! - Mauerfall \u2013 Die ersten 25 Jahre","og_description":"Es war ein Skandal, als Uschi Glas im letzten Jahr bei Markus Lanz den Mindestlohn mit dem Argument ablehnte, dass &#8222;wir vor allem in den neuen Bundesl\u00e4ndern [Stimme senken, Blick nach unten] nicht gut qualifizierte Menschen haben&#8220;, die dann keine Jobs mehr bek\u00e4men. Zu Recht. Hier f\u00fcr Uschi Glas und alle anderen ein St\u00fcck kostenlose [&hellip;]","og_url":"https:\/\/blog.zeit.de\/mauerfall\/2014\/10\/06\/lesen-sie-nur-uschi-glas\/","og_site_name":"Mauerfall \u2013 Die ersten 25 Jahre","article_published_time":"2014-10-06T15:05:30+00:00","article_modified_time":"2014-10-06T15:11:03+00:00","author":"Christian Bangel","twitter_misc":{"Geschrieben von":"Christian Bangel"},"schema":{"@context":"https:\/\/schema.org","@graph":[{"@type":"WebPage","@id":"https:\/\/blog.zeit.de\/mauerfall\/2014\/10\/06\/lesen-sie-nur-uschi-glas\/","url":"https:\/\/blog.zeit.de\/mauerfall\/2014\/10\/06\/lesen-sie-nur-uschi-glas\/","name":"Lesen Sie nur, Uschi Glas! - Mauerfall \u2013 Die ersten 25 Jahre","isPartOf":{"@id":"https:\/\/blog.zeit.de\/mauerfall\/#website"},"datePublished":"2014-10-06T15:05:30+00:00","dateModified":"2014-10-06T15:11:03+00:00","author":{"@id":"https:\/\/blog.zeit.de\/mauerfall\/#\/schema\/person\/759f3d532d4c0798aa653d33ff5af9d9"},"breadcrumb":{"@id":"https:\/\/blog.zeit.de\/mauerfall\/2014\/10\/06\/lesen-sie-nur-uschi-glas\/#breadcrumb"},"inLanguage":"de","potentialAction":[{"@type":"ReadAction","target":["https:\/\/blog.zeit.de\/mauerfall\/2014\/10\/06\/lesen-sie-nur-uschi-glas\/"]}]},{"@type":"BreadcrumbList","@id":"https:\/\/blog.zeit.de\/mauerfall\/2014\/10\/06\/lesen-sie-nur-uschi-glas\/#breadcrumb","itemListElement":[{"@type":"ListItem","position":1,"name":"Startseite","item":"https:\/\/blog.zeit.de\/mauerfall\/"},{"@type":"ListItem","position":2,"name":"Lesen Sie nur, Uschi Glas!"}]},{"@type":"WebSite","@id":"https:\/\/blog.zeit.de\/mauerfall\/#website","url":"https:\/\/blog.zeit.de\/mauerfall\/","name":"Mauerfall \u2013 Die ersten 25 Jahre","description":"Das ZEIT ONLINE Blog zum Mauerfall","potentialAction":[{"@type":"SearchAction","target":{"@type":"EntryPoint","urlTemplate":"https:\/\/blog.zeit.de\/mauerfall\/?s={search_term_string}"},"query-input":"required name=search_term_string"}],"inLanguage":"de"},{"@type":"Person","@id":"https:\/\/blog.zeit.de\/mauerfall\/#\/schema\/person\/759f3d532d4c0798aa653d33ff5af9d9","name":"Christian Bangel","description":"ist Redakteur bei ZEIT ONLINE.","url":"https:\/\/blog.zeit.de\/mauerfall\/author\/cbangel\/"}]}},"jetpack_featured_media_url":"","jetpack_sharing_enabled":true,"_links":{"self":[{"href":"https:\/\/blog.zeit.de\/mauerfall\/wp-json\/wp\/v2\/posts\/99","targetHints":{"allow":["GET"]}}],"collection":[{"href":"https:\/\/blog.zeit.de\/mauerfall\/wp-json\/wp\/v2\/posts"}],"about":[{"href":"https:\/\/blog.zeit.de\/mauerfall\/wp-json\/wp\/v2\/types\/post"}],"author":[{"embeddable":true,"href":"https:\/\/blog.zeit.de\/mauerfall\/wp-json\/wp\/v2\/users\/527"}],"replies":[{"embeddable":true,"href":"https:\/\/blog.zeit.de\/mauerfall\/wp-json\/wp\/v2\/comments?post=99"}],"version-history":[{"count":5,"href":"https:\/\/blog.zeit.de\/mauerfall\/wp-json\/wp\/v2\/posts\/99\/revisions"}],"predecessor-version":[{"id":104,"href":"https:\/\/blog.zeit.de\/mauerfall\/wp-json\/wp\/v2\/posts\/99\/revisions\/104"}],"wp:attachment":[{"href":"https:\/\/blog.zeit.de\/mauerfall\/wp-json\/wp\/v2\/media?parent=99"}],"wp:term":[{"taxonomy":"category","embeddable":true,"href":"https:\/\/blog.zeit.de\/mauerfall\/wp-json\/wp\/v2\/categories?post=99"},{"taxonomy":"post_tag","embeddable":true,"href":"https:\/\/blog.zeit.de\/mauerfall\/wp-json\/wp\/v2\/tags?post=99"}],"curies":[{"name":"wp","href":"https:\/\/api.w.org\/{rel}","templated":true}]}}