{"id":114,"date":"2006-04-19T12:36:30","date_gmt":"2006-04-19T11:36:30","guid":{"rendered":"http:\/\/blog.zeit.de\/nachgesalzen\/2006\/04\/19\/tutti-frutti-senza-cervello_114"},"modified":"2006-04-19T12:36:30","modified_gmt":"2006-04-19T11:36:30","slug":"tutti-frutti-senza-cervello","status":"publish","type":"post","link":"https:\/\/blog.zeit.de\/nachgesalzen\/2006\/04\/19\/tutti-frutti-senza-cervello_114","title":{"rendered":"Tutti Frutti senza cervello"},"content":{"rendered":"<p>Frutarier<\/p>\n<p><img decoding=\"async\" id=\"image113\" alt=apfel.jpg src=\"https:\/\/blog.zeit.de\/nachgesalzen\/files\/2007\/03\/apfel.jpg\" \/><\/p>\n<p>Als Wei\u00dfwurstvertilger oder Schlachtplattenaficionado hat man mit Veganern weniger Probleme als der Veganer mit den Vegetariern. F\u00fcr den echten Vegi sind Vegetarier Luschen und Luschinnen. Eine kenne ich, die isst keine Kaninchen, Rehe oder sonstige Pelztiere, weil sie so s\u00fc\u00df anzuschauen sind. Einen Pelzmantel hat sie. Da ist man als Veganer schnell der bessere Mensch, v\u00f6llig logisch.<br \/>\nNun aber droht echte Gutmenschenkonkurrenz. Die Frutarier brechen ins Idyll und stellen die Veganer als M\u00f6hrenm\u00f6rder in die Verbrecherecke. Ganz unrecht haben sie ja nicht. Wie kann man einem Apfelbaum die \u00c4pfel rauben, den Kopfsalat aus dem Humus ziehen und ihn so brutal um die Ecke bringen?<\/p>\n<p>Der Frutarier ist der wesentlich bessere Mensch. Er hat sich mit seinem Pazifismus eine Religion beschafft, die ihn fast neben Gott stellt. Er isst nur das, was vom Baum f\u00e4llt, Fallobst oder N\u00fcsse. Was, Sie kennen keinen von dieser Sorte? Kein Wunder &#8211; sie sind so d\u00fcnn, dass man sie nur mit Drei-Dioptrien-Brillen ausmachen kann. Besonders ihre K\u00f6pfchen sind recht zierlich, nicht viel gr\u00f6\u00dfer als eine Erbse.<\/p>\n","protected":false},"excerpt":{"rendered":"<p>Frutarier Als Wei\u00dfwurstvertilger oder Schlachtplattenaficionado hat man mit Veganern weniger Probleme als der Veganer mit den Vegetariern. F\u00fcr den echten Vegi sind Vegetarier Luschen und Luschinnen. Eine kenne ich, die isst keine Kaninchen, Rehe oder sonstige Pelztiere, weil sie so s\u00fc\u00df anzuschauen sind. Einen Pelzmantel hat sie. Da ist man als Veganer schnell der bessere [&hellip;]<\/p>\n","protected":false},"author":75,"featured_media":0,"comment_status":"open","ping_status":"closed","sticky":false,"template":"","format":"standard","meta":{"_jetpack_memberships_contains_paid_content":false,"footnotes":""},"categories":[749],"tags":[],"class_list":["post-114","post","type-post","status-publish","format-standard","hentry","category-obst-und-gemuse"],"yoast_head":"<!-- This site is optimized with the Yoast SEO plugin v21.0 - https:\/\/yoast.com\/wordpress\/plugins\/seo\/ -->\n<title>Tutti Frutti senza cervello - Nachgesalzen<\/title>\n<meta name=\"robots\" content=\"index, follow, max-snippet:-1, max-image-preview:large, max-video-preview:-1\" \/>\n<link rel=\"canonical\" href=\"https:\/\/blog.zeit.de\/nachgesalzen\/2006\/04\/19\/tutti-frutti-senza-cervello_114\" \/>\n<meta property=\"og:locale\" content=\"de_DE\" \/>\n<meta property=\"og:type\" content=\"article\" \/>\n<meta property=\"og:title\" content=\"Tutti Frutti senza cervello - Nachgesalzen\" \/>\n<meta property=\"og:description\" content=\"Frutarier Als Wei\u00dfwurstvertilger oder Schlachtplattenaficionado hat man mit Veganern weniger Probleme als der Veganer mit den Vegetariern. F\u00fcr den echten Vegi sind Vegetarier Luschen und Luschinnen. Eine kenne ich, die isst keine Kaninchen, Rehe oder sonstige Pelztiere, weil sie so s\u00fc\u00df anzuschauen sind. Einen Pelzmantel hat sie. Da ist man als Veganer schnell der bessere [&hellip;]\" \/>\n<meta property=\"og:url\" content=\"https:\/\/blog.zeit.de\/nachgesalzen\/2006\/04\/19\/tutti-frutti-senza-cervello_114\" \/>\n<meta property=\"og:site_name\" content=\"Nachgesalzen\" \/>\n<meta property=\"article:published_time\" content=\"2006-04-19T11:36:30+00:00\" \/>\n<meta property=\"og:image\" content=\"https:\/\/blog.zeit.de\/nachgesalzen\/files\/2007\/03\/apfel.jpg\" \/>\n<meta name=\"author\" content=\"Vincent Klink\" \/>\n<meta name=\"twitter:card\" content=\"summary_large_image\" \/>\n<meta name=\"twitter:label1\" content=\"Geschrieben von\" \/>\n\t<meta name=\"twitter:data1\" content=\"Vincent Klink\" \/>\n\t<meta name=\"twitter:label2\" content=\"Gesch\u00e4tzte Lesezeit\" \/>\n\t<meta name=\"twitter:data2\" content=\"1\u00a0Minute\" \/>\n<script type=\"application\/ld+json\" class=\"yoast-schema-graph\">{\"@context\":\"https:\/\/schema.org\",\"@graph\":[{\"@type\":\"WebPage\",\"@id\":\"https:\/\/blog.zeit.de\/nachgesalzen\/2006\/04\/19\/tutti-frutti-senza-cervello_114\",\"url\":\"https:\/\/blog.zeit.de\/nachgesalzen\/2006\/04\/19\/tutti-frutti-senza-cervello_114\",\"name\":\"Tutti Frutti senza cervello - Nachgesalzen\",\"isPartOf\":{\"@id\":\"https:\/\/blog.zeit.de\/nachgesalzen\/#website\"},\"datePublished\":\"2006-04-19T11:36:30+00:00\",\"dateModified\":\"2006-04-19T11:36:30+00:00\",\"author\":{\"@id\":\"https:\/\/blog.zeit.de\/nachgesalzen\/#\/schema\/person\/cdd345c2d0a8458fe9af904889e544be\"},\"breadcrumb\":{\"@id\":\"https:\/\/blog.zeit.de\/nachgesalzen\/2006\/04\/19\/tutti-frutti-senza-cervello_114#breadcrumb\"},\"inLanguage\":\"de\",\"potentialAction\":[{\"@type\":\"ReadAction\",\"target\":[\"https:\/\/blog.zeit.de\/nachgesalzen\/2006\/04\/19\/tutti-frutti-senza-cervello_114\"]}]},{\"@type\":\"BreadcrumbList\",\"@id\":\"https:\/\/blog.zeit.de\/nachgesalzen\/2006\/04\/19\/tutti-frutti-senza-cervello_114#breadcrumb\",\"itemListElement\":[{\"@type\":\"ListItem\",\"position\":1,\"name\":\"Startseite\",\"item\":\"https:\/\/blog.zeit.de\/nachgesalzen\"},{\"@type\":\"ListItem\",\"position\":2,\"name\":\"Tutti Frutti senza cervello\"}]},{\"@type\":\"WebSite\",\"@id\":\"https:\/\/blog.zeit.de\/nachgesalzen\/#website\",\"url\":\"https:\/\/blog.zeit.de\/nachgesalzen\/\",\"name\":\"Nachgesalzen\",\"description\":\"Das Blog der K\u00f6che, Gastronomen und Gourmets\",\"potentialAction\":[{\"@type\":\"SearchAction\",\"target\":{\"@type\":\"EntryPoint\",\"urlTemplate\":\"https:\/\/blog.zeit.de\/nachgesalzen\/?s={search_term_string}\"},\"query-input\":\"required name=search_term_string\"}],\"inLanguage\":\"de\"},{\"@type\":\"Person\",\"@id\":\"https:\/\/blog.zeit.de\/nachgesalzen\/#\/schema\/person\/cdd345c2d0a8458fe9af904889e544be\",\"name\":\"Vincent Klink\",\"image\":{\"@type\":\"ImageObject\",\"inLanguage\":\"de\",\"@id\":\"https:\/\/blog.zeit.de\/nachgesalzen\/#\/schema\/person\/image\/\",\"url\":\"https:\/\/secure.gravatar.com\/avatar\/1180e1cf90a70886fd5b98037c8cf28c4d8c19aec023516f0d1c407dcc16a678?s=96&d=mm&r=g\",\"contentUrl\":\"https:\/\/secure.gravatar.com\/avatar\/1180e1cf90a70886fd5b98037c8cf28c4d8c19aec023516f0d1c407dcc16a678?s=96&d=mm&r=g\",\"caption\":\"Vincent Klink\"},\"url\":\"https:\/\/blog.zeit.de\/nachgesalzen\/author\/vincent-klink\"}]}<\/script>\n<!-- \/ Yoast SEO plugin. -->","yoast_head_json":{"title":"Tutti Frutti senza cervello - Nachgesalzen","robots":{"index":"index","follow":"follow","max-snippet":"max-snippet:-1","max-image-preview":"max-image-preview:large","max-video-preview":"max-video-preview:-1"},"canonical":"https:\/\/blog.zeit.de\/nachgesalzen\/2006\/04\/19\/tutti-frutti-senza-cervello_114","og_locale":"de_DE","og_type":"article","og_title":"Tutti Frutti senza cervello - Nachgesalzen","og_description":"Frutarier Als Wei\u00dfwurstvertilger oder Schlachtplattenaficionado hat man mit Veganern weniger Probleme als der Veganer mit den Vegetariern. F\u00fcr den echten Vegi sind Vegetarier Luschen und Luschinnen. Eine kenne ich, die isst keine Kaninchen, Rehe oder sonstige Pelztiere, weil sie so s\u00fc\u00df anzuschauen sind. Einen Pelzmantel hat sie. Da ist man als Veganer schnell der bessere [&hellip;]","og_url":"https:\/\/blog.zeit.de\/nachgesalzen\/2006\/04\/19\/tutti-frutti-senza-cervello_114","og_site_name":"Nachgesalzen","article_published_time":"2006-04-19T11:36:30+00:00","og_image":[{"url":"https:\/\/blog.zeit.de\/nachgesalzen\/files\/2007\/03\/apfel.jpg"}],"author":"Vincent Klink","twitter_card":"summary_large_image","twitter_misc":{"Geschrieben von":"Vincent Klink","Gesch\u00e4tzte Lesezeit":"1\u00a0Minute"},"schema":{"@context":"https:\/\/schema.org","@graph":[{"@type":"WebPage","@id":"https:\/\/blog.zeit.de\/nachgesalzen\/2006\/04\/19\/tutti-frutti-senza-cervello_114","url":"https:\/\/blog.zeit.de\/nachgesalzen\/2006\/04\/19\/tutti-frutti-senza-cervello_114","name":"Tutti Frutti senza cervello - Nachgesalzen","isPartOf":{"@id":"https:\/\/blog.zeit.de\/nachgesalzen\/#website"},"datePublished":"2006-04-19T11:36:30+00:00","dateModified":"2006-04-19T11:36:30+00:00","author":{"@id":"https:\/\/blog.zeit.de\/nachgesalzen\/#\/schema\/person\/cdd345c2d0a8458fe9af904889e544be"},"breadcrumb":{"@id":"https:\/\/blog.zeit.de\/nachgesalzen\/2006\/04\/19\/tutti-frutti-senza-cervello_114#breadcrumb"},"inLanguage":"de","potentialAction":[{"@type":"ReadAction","target":["https:\/\/blog.zeit.de\/nachgesalzen\/2006\/04\/19\/tutti-frutti-senza-cervello_114"]}]},{"@type":"BreadcrumbList","@id":"https:\/\/blog.zeit.de\/nachgesalzen\/2006\/04\/19\/tutti-frutti-senza-cervello_114#breadcrumb","itemListElement":[{"@type":"ListItem","position":1,"name":"Startseite","item":"https:\/\/blog.zeit.de\/nachgesalzen"},{"@type":"ListItem","position":2,"name":"Tutti Frutti senza cervello"}]},{"@type":"WebSite","@id":"https:\/\/blog.zeit.de\/nachgesalzen\/#website","url":"https:\/\/blog.zeit.de\/nachgesalzen\/","name":"Nachgesalzen","description":"Das Blog der K\u00f6che, Gastronomen und Gourmets","potentialAction":[{"@type":"SearchAction","target":{"@type":"EntryPoint","urlTemplate":"https:\/\/blog.zeit.de\/nachgesalzen\/?s={search_term_string}"},"query-input":"required name=search_term_string"}],"inLanguage":"de"},{"@type":"Person","@id":"https:\/\/blog.zeit.de\/nachgesalzen\/#\/schema\/person\/cdd345c2d0a8458fe9af904889e544be","name":"Vincent Klink","image":{"@type":"ImageObject","inLanguage":"de","@id":"https:\/\/blog.zeit.de\/nachgesalzen\/#\/schema\/person\/image\/","url":"https:\/\/secure.gravatar.com\/avatar\/1180e1cf90a70886fd5b98037c8cf28c4d8c19aec023516f0d1c407dcc16a678?s=96&d=mm&r=g","contentUrl":"https:\/\/secure.gravatar.com\/avatar\/1180e1cf90a70886fd5b98037c8cf28c4d8c19aec023516f0d1c407dcc16a678?s=96&d=mm&r=g","caption":"Vincent Klink"},"url":"https:\/\/blog.zeit.de\/nachgesalzen\/author\/vincent-klink"}]}},"jetpack_featured_media_url":"","jetpack_sharing_enabled":true,"_links":{"self":[{"href":"https:\/\/blog.zeit.de\/nachgesalzen\/wp-json\/wp\/v2\/posts\/114","targetHints":{"allow":["GET"]}}],"collection":[{"href":"https:\/\/blog.zeit.de\/nachgesalzen\/wp-json\/wp\/v2\/posts"}],"about":[{"href":"https:\/\/blog.zeit.de\/nachgesalzen\/wp-json\/wp\/v2\/types\/post"}],"author":[{"embeddable":true,"href":"https:\/\/blog.zeit.de\/nachgesalzen\/wp-json\/wp\/v2\/users\/75"}],"replies":[{"embeddable":true,"href":"https:\/\/blog.zeit.de\/nachgesalzen\/wp-json\/wp\/v2\/comments?post=114"}],"version-history":[{"count":0,"href":"https:\/\/blog.zeit.de\/nachgesalzen\/wp-json\/wp\/v2\/posts\/114\/revisions"}],"wp:attachment":[{"href":"https:\/\/blog.zeit.de\/nachgesalzen\/wp-json\/wp\/v2\/media?parent=114"}],"wp:term":[{"taxonomy":"category","embeddable":true,"href":"https:\/\/blog.zeit.de\/nachgesalzen\/wp-json\/wp\/v2\/categories?post=114"},{"taxonomy":"post_tag","embeddable":true,"href":"https:\/\/blog.zeit.de\/nachgesalzen\/wp-json\/wp\/v2\/tags?post=114"}],"curies":[{"name":"wp","href":"https:\/\/api.w.org\/{rel}","templated":true}]}}