{"id":117,"date":"2006-04-22T12:38:20","date_gmt":"2006-04-22T11:38:20","guid":{"rendered":"http:\/\/blog.zeit.de\/nachgesalzen\/2006\/04\/22\/wie-kommen-die-locher-in-den-kase_117"},"modified":"2006-04-22T12:38:20","modified_gmt":"2006-04-22T11:38:20","slug":"wie-kommen-die-locher-in-den-kase","status":"publish","type":"post","link":"https:\/\/blog.zeit.de\/nachgesalzen\/2006\/04\/22\/wie-kommen-die-locher-in-den-kase_117","title":{"rendered":"Wie kommen die L\u00f6cher in den K\u00e4se?"},"content":{"rendered":"<p>Habe gerade einen Bergk\u00e4se aus eigener Produktion angeschnitten.<br \/>\nEr hat genau die richtigen, gewollt kleinen Bergk\u00e4sel\u00f6cher, &#8222;Kirschkerngro\u00df&#8220;.<br \/>\nIn fast jedem Hartk\u00e4se stecken Bakterien, die w\u00e4hrend der Reifung mehr oder weniger CO2 erzeugen k\u00f6nnen, wenn man sie l\u00e4sst.<br \/>\nDas hei\u00dft, je k\u00e4lter der Reiferaum, desto kleiner sind die L\u00f6cher, bzw. sie sind gar nicht vorhanden.<br \/>\nBeim Emmentaler wird der K\u00e4se einige Wochen in einen G\u00e4rkeller bei 23\u00b0C verbracht, und so entstehen die gro\u00dfen, typischen L\u00f6cher.<br \/>\nMein Bergk\u00e4se lagert bei 9-12\u00b0C, und bildet sozusagen L\u00f6cher mit angezogener Handbremse. Ein Bergk\u00e4se muss im halben Anschnitt immer ein Rechteck darstellen, ohne gew\u00f6lbe Oberfl\u00e4che.<br \/>\n<img decoding=\"async\" src=\"https:\/\/blog.zeit.de\/nachgesalzen\/files\/2007\/03\/kaeseloecher2-150x150.jpg\" alt=\"kaeseloecher2.jpg\" id=\"image116\" \/><\/p>\n<p><a href=\"https:\/\/blog.zeit.de\/nachgesalzen\/files\/2008\/03\/kaeseloecher2thumbnail.jpg\" title=\"kaeseloecher2thumbnail.jpg\"><\/a><\/p>\n","protected":false},"excerpt":{"rendered":"<p>Habe gerade einen Bergk\u00e4se aus eigener Produktion angeschnitten. Er hat genau die richtigen, gewollt kleinen Bergk\u00e4sel\u00f6cher, &#8222;Kirschkerngro\u00df&#8220;. In fast jedem Hartk\u00e4se stecken Bakterien, die w\u00e4hrend der Reifung mehr oder weniger CO2 erzeugen k\u00f6nnen, wenn man sie l\u00e4sst. Das hei\u00dft, je k\u00e4lter der Reiferaum, desto kleiner sind die L\u00f6cher, bzw. sie sind gar nicht vorhanden. Beim [&hellip;]<\/p>\n","protected":false},"author":76,"featured_media":0,"comment_status":"open","ping_status":"closed","sticky":false,"template":"","format":"standard","meta":{"_jetpack_memberships_contains_paid_content":false,"footnotes":""},"categories":[743],"tags":[],"class_list":["post-117","post","type-post","status-publish","format-standard","hentry","category-kase"],"yoast_head":"<!-- This site is optimized with the Yoast SEO plugin v21.0 - https:\/\/yoast.com\/wordpress\/plugins\/seo\/ -->\n<title>Wie kommen die L\u00f6cher in den K\u00e4se? - Nachgesalzen<\/title>\n<meta name=\"robots\" content=\"index, follow, max-snippet:-1, max-image-preview:large, max-video-preview:-1\" \/>\n<link rel=\"canonical\" href=\"https:\/\/blog.zeit.de\/nachgesalzen\/2006\/04\/22\/wie-kommen-die-locher-in-den-kase_117\" \/>\n<meta property=\"og:locale\" content=\"de_DE\" \/>\n<meta property=\"og:type\" content=\"article\" \/>\n<meta property=\"og:title\" content=\"Wie kommen die L\u00f6cher in den K\u00e4se? - Nachgesalzen\" \/>\n<meta property=\"og:description\" content=\"Habe gerade einen Bergk\u00e4se aus eigener Produktion angeschnitten. Er hat genau die richtigen, gewollt kleinen Bergk\u00e4sel\u00f6cher, &#8222;Kirschkerngro\u00df&#8220;. In fast jedem Hartk\u00e4se stecken Bakterien, die w\u00e4hrend der Reifung mehr oder weniger CO2 erzeugen k\u00f6nnen, wenn man sie l\u00e4sst. Das hei\u00dft, je k\u00e4lter der Reiferaum, desto kleiner sind die L\u00f6cher, bzw. sie sind gar nicht vorhanden. Beim [&hellip;]\" \/>\n<meta property=\"og:url\" content=\"https:\/\/blog.zeit.de\/nachgesalzen\/2006\/04\/22\/wie-kommen-die-locher-in-den-kase_117\" \/>\n<meta property=\"og:site_name\" content=\"Nachgesalzen\" \/>\n<meta property=\"article:published_time\" content=\"2006-04-22T11:38:20+00:00\" \/>\n<meta property=\"og:image\" content=\"https:\/\/blog.zeit.de\/nachgesalzen\/files\/2007\/03\/kaeseloecher2-150x150.jpg\" \/>\n<meta name=\"author\" content=\"Karl-Josef Fuchs\" \/>\n<meta name=\"twitter:card\" content=\"summary_large_image\" \/>\n<meta name=\"twitter:label1\" content=\"Geschrieben von\" \/>\n\t<meta name=\"twitter:data1\" content=\"Karl-Josef Fuchs\" \/>\n\t<meta name=\"twitter:label2\" content=\"Gesch\u00e4tzte Lesezeit\" \/>\n\t<meta name=\"twitter:data2\" content=\"1\u00a0Minute\" \/>\n<script type=\"application\/ld+json\" class=\"yoast-schema-graph\">{\"@context\":\"https:\/\/schema.org\",\"@graph\":[{\"@type\":\"WebPage\",\"@id\":\"https:\/\/blog.zeit.de\/nachgesalzen\/2006\/04\/22\/wie-kommen-die-locher-in-den-kase_117\",\"url\":\"https:\/\/blog.zeit.de\/nachgesalzen\/2006\/04\/22\/wie-kommen-die-locher-in-den-kase_117\",\"name\":\"Wie kommen die L\u00f6cher in den K\u00e4se? - Nachgesalzen\",\"isPartOf\":{\"@id\":\"https:\/\/blog.zeit.de\/nachgesalzen\/#website\"},\"datePublished\":\"2006-04-22T11:38:20+00:00\",\"dateModified\":\"2006-04-22T11:38:20+00:00\",\"author\":{\"@id\":\"https:\/\/blog.zeit.de\/nachgesalzen\/#\/schema\/person\/7ae9b66a0552216a7269a9b1a5cfefc6\"},\"breadcrumb\":{\"@id\":\"https:\/\/blog.zeit.de\/nachgesalzen\/2006\/04\/22\/wie-kommen-die-locher-in-den-kase_117#breadcrumb\"},\"inLanguage\":\"de\",\"potentialAction\":[{\"@type\":\"ReadAction\",\"target\":[\"https:\/\/blog.zeit.de\/nachgesalzen\/2006\/04\/22\/wie-kommen-die-locher-in-den-kase_117\"]}]},{\"@type\":\"BreadcrumbList\",\"@id\":\"https:\/\/blog.zeit.de\/nachgesalzen\/2006\/04\/22\/wie-kommen-die-locher-in-den-kase_117#breadcrumb\",\"itemListElement\":[{\"@type\":\"ListItem\",\"position\":1,\"name\":\"Startseite\",\"item\":\"https:\/\/blog.zeit.de\/nachgesalzen\"},{\"@type\":\"ListItem\",\"position\":2,\"name\":\"Wie kommen die L\u00f6cher in den K\u00e4se?\"}]},{\"@type\":\"WebSite\",\"@id\":\"https:\/\/blog.zeit.de\/nachgesalzen\/#website\",\"url\":\"https:\/\/blog.zeit.de\/nachgesalzen\/\",\"name\":\"Nachgesalzen\",\"description\":\"Das Blog der K\u00f6che, Gastronomen und Gourmets\",\"potentialAction\":[{\"@type\":\"SearchAction\",\"target\":{\"@type\":\"EntryPoint\",\"urlTemplate\":\"https:\/\/blog.zeit.de\/nachgesalzen\/?s={search_term_string}\"},\"query-input\":\"required name=search_term_string\"}],\"inLanguage\":\"de\"},{\"@type\":\"Person\",\"@id\":\"https:\/\/blog.zeit.de\/nachgesalzen\/#\/schema\/person\/7ae9b66a0552216a7269a9b1a5cfefc6\",\"name\":\"Karl-Josef Fuchs\",\"image\":{\"@type\":\"ImageObject\",\"inLanguage\":\"de\",\"@id\":\"https:\/\/blog.zeit.de\/nachgesalzen\/#\/schema\/person\/image\/\",\"url\":\"https:\/\/secure.gravatar.com\/avatar\/0c9710bab3152b4b1514161da5b8f7e311595fb8a80ea29b158fbffee83f89f4?s=96&d=mm&r=g\",\"contentUrl\":\"https:\/\/secure.gravatar.com\/avatar\/0c9710bab3152b4b1514161da5b8f7e311595fb8a80ea29b158fbffee83f89f4?s=96&d=mm&r=g\",\"caption\":\"Karl-Josef Fuchs\"},\"url\":\"https:\/\/blog.zeit.de\/nachgesalzen\/author\/karl-josef-fuchs\"}]}<\/script>\n<!-- \/ Yoast SEO plugin. -->","yoast_head_json":{"title":"Wie kommen die L\u00f6cher in den K\u00e4se? - Nachgesalzen","robots":{"index":"index","follow":"follow","max-snippet":"max-snippet:-1","max-image-preview":"max-image-preview:large","max-video-preview":"max-video-preview:-1"},"canonical":"https:\/\/blog.zeit.de\/nachgesalzen\/2006\/04\/22\/wie-kommen-die-locher-in-den-kase_117","og_locale":"de_DE","og_type":"article","og_title":"Wie kommen die L\u00f6cher in den K\u00e4se? - Nachgesalzen","og_description":"Habe gerade einen Bergk\u00e4se aus eigener Produktion angeschnitten. Er hat genau die richtigen, gewollt kleinen Bergk\u00e4sel\u00f6cher, &#8222;Kirschkerngro\u00df&#8220;. In fast jedem Hartk\u00e4se stecken Bakterien, die w\u00e4hrend der Reifung mehr oder weniger CO2 erzeugen k\u00f6nnen, wenn man sie l\u00e4sst. Das hei\u00dft, je k\u00e4lter der Reiferaum, desto kleiner sind die L\u00f6cher, bzw. sie sind gar nicht vorhanden. Beim [&hellip;]","og_url":"https:\/\/blog.zeit.de\/nachgesalzen\/2006\/04\/22\/wie-kommen-die-locher-in-den-kase_117","og_site_name":"Nachgesalzen","article_published_time":"2006-04-22T11:38:20+00:00","og_image":[{"url":"https:\/\/blog.zeit.de\/nachgesalzen\/files\/2007\/03\/kaeseloecher2-150x150.jpg"}],"author":"Karl-Josef Fuchs","twitter_card":"summary_large_image","twitter_misc":{"Geschrieben von":"Karl-Josef Fuchs","Gesch\u00e4tzte Lesezeit":"1\u00a0Minute"},"schema":{"@context":"https:\/\/schema.org","@graph":[{"@type":"WebPage","@id":"https:\/\/blog.zeit.de\/nachgesalzen\/2006\/04\/22\/wie-kommen-die-locher-in-den-kase_117","url":"https:\/\/blog.zeit.de\/nachgesalzen\/2006\/04\/22\/wie-kommen-die-locher-in-den-kase_117","name":"Wie kommen die L\u00f6cher in den K\u00e4se? - Nachgesalzen","isPartOf":{"@id":"https:\/\/blog.zeit.de\/nachgesalzen\/#website"},"datePublished":"2006-04-22T11:38:20+00:00","dateModified":"2006-04-22T11:38:20+00:00","author":{"@id":"https:\/\/blog.zeit.de\/nachgesalzen\/#\/schema\/person\/7ae9b66a0552216a7269a9b1a5cfefc6"},"breadcrumb":{"@id":"https:\/\/blog.zeit.de\/nachgesalzen\/2006\/04\/22\/wie-kommen-die-locher-in-den-kase_117#breadcrumb"},"inLanguage":"de","potentialAction":[{"@type":"ReadAction","target":["https:\/\/blog.zeit.de\/nachgesalzen\/2006\/04\/22\/wie-kommen-die-locher-in-den-kase_117"]}]},{"@type":"BreadcrumbList","@id":"https:\/\/blog.zeit.de\/nachgesalzen\/2006\/04\/22\/wie-kommen-die-locher-in-den-kase_117#breadcrumb","itemListElement":[{"@type":"ListItem","position":1,"name":"Startseite","item":"https:\/\/blog.zeit.de\/nachgesalzen"},{"@type":"ListItem","position":2,"name":"Wie kommen die L\u00f6cher in den K\u00e4se?"}]},{"@type":"WebSite","@id":"https:\/\/blog.zeit.de\/nachgesalzen\/#website","url":"https:\/\/blog.zeit.de\/nachgesalzen\/","name":"Nachgesalzen","description":"Das Blog der K\u00f6che, Gastronomen und Gourmets","potentialAction":[{"@type":"SearchAction","target":{"@type":"EntryPoint","urlTemplate":"https:\/\/blog.zeit.de\/nachgesalzen\/?s={search_term_string}"},"query-input":"required name=search_term_string"}],"inLanguage":"de"},{"@type":"Person","@id":"https:\/\/blog.zeit.de\/nachgesalzen\/#\/schema\/person\/7ae9b66a0552216a7269a9b1a5cfefc6","name":"Karl-Josef Fuchs","image":{"@type":"ImageObject","inLanguage":"de","@id":"https:\/\/blog.zeit.de\/nachgesalzen\/#\/schema\/person\/image\/","url":"https:\/\/secure.gravatar.com\/avatar\/0c9710bab3152b4b1514161da5b8f7e311595fb8a80ea29b158fbffee83f89f4?s=96&d=mm&r=g","contentUrl":"https:\/\/secure.gravatar.com\/avatar\/0c9710bab3152b4b1514161da5b8f7e311595fb8a80ea29b158fbffee83f89f4?s=96&d=mm&r=g","caption":"Karl-Josef Fuchs"},"url":"https:\/\/blog.zeit.de\/nachgesalzen\/author\/karl-josef-fuchs"}]}},"jetpack_featured_media_url":"","jetpack_sharing_enabled":true,"_links":{"self":[{"href":"https:\/\/blog.zeit.de\/nachgesalzen\/wp-json\/wp\/v2\/posts\/117","targetHints":{"allow":["GET"]}}],"collection":[{"href":"https:\/\/blog.zeit.de\/nachgesalzen\/wp-json\/wp\/v2\/posts"}],"about":[{"href":"https:\/\/blog.zeit.de\/nachgesalzen\/wp-json\/wp\/v2\/types\/post"}],"author":[{"embeddable":true,"href":"https:\/\/blog.zeit.de\/nachgesalzen\/wp-json\/wp\/v2\/users\/76"}],"replies":[{"embeddable":true,"href":"https:\/\/blog.zeit.de\/nachgesalzen\/wp-json\/wp\/v2\/comments?post=117"}],"version-history":[{"count":0,"href":"https:\/\/blog.zeit.de\/nachgesalzen\/wp-json\/wp\/v2\/posts\/117\/revisions"}],"wp:attachment":[{"href":"https:\/\/blog.zeit.de\/nachgesalzen\/wp-json\/wp\/v2\/media?parent=117"}],"wp:term":[{"taxonomy":"category","embeddable":true,"href":"https:\/\/blog.zeit.de\/nachgesalzen\/wp-json\/wp\/v2\/categories?post=117"},{"taxonomy":"post_tag","embeddable":true,"href":"https:\/\/blog.zeit.de\/nachgesalzen\/wp-json\/wp\/v2\/tags?post=117"}],"curies":[{"name":"wp","href":"https:\/\/api.w.org\/{rel}","templated":true}]}}