{"id":1220,"date":"2009-04-02T09:12:54","date_gmt":"2009-04-02T08:12:54","guid":{"rendered":"http:\/\/blog.zeit.de\/nachgesalzen\/?p=1220"},"modified":"2009-04-02T09:12:54","modified_gmt":"2009-04-02T08:12:54","slug":"badner-trifft-badnerin-in-berlin","status":"publish","type":"post","link":"https:\/\/blog.zeit.de\/nachgesalzen\/2009\/04\/02\/badner-trifft-badnerin-in-berlin_1220","title":{"rendered":"Badner trifft &#8222;Badnerin in Berlin&#8220;&#8230;"},"content":{"rendered":"<p>&#8230;und das alles wegen meinem K\u00e4se!<\/p>\n<p><a href=\"https:\/\/blog.zeit.de\/nachgesalzen\/files\/2009\/04\/fuchs-1-410.jpg\"><img loading=\"lazy\" decoding=\"async\" src=\"https:\/\/blog.zeit.de\/nachgesalzen\/files\/2009\/04\/fuchs-1-410.jpg\" alt=\"\" title=\"fuchs-1-410\" width=\"410\" height=\"354\" class=\"alignnone size-full wp-image-1231\" srcset=\"https:\/\/blog.zeit.de\/nachgesalzen\/files\/2009\/04\/fuchs-1-410.jpg 410w, https:\/\/blog.zeit.de\/nachgesalzen\/files\/2009\/04\/fuchs-1-410-300x259.jpg 300w\" sizes=\"auto, (max-width: 410px) 100vw, 410px\" \/><\/a><br \/>\n<a href=\"http:\/\/www.fischerverlage.de\/autor\/Ursula_Heinzelmann\/16804\"target=\"_blank\">Ursula Heinzelmann<\/a>, gelernte K\u00f6chin, Sommeli\u00e8re und Journalistin, hat <a href=\"http:\/\/www.fischerverlage.de\/sixcms\/media.php\/117\/Presseinformation_Heinzelmann_2009.pdf\"target=\"_blank\">ein umfassendes Bu<\/a>ch \u00fcber die deutschen (Klein-)K\u00e4ser geschrieben. Ein tolles Werk (nicht nur weil ich drin erw\u00e4hnt bin), das von Nord nach S\u00fcd &#038; Ost und West ca. 70 Ziegen- Schaf- und Kuhmilchk\u00e4ser vorstellt.<br \/>\nGanz pers\u00f6nlich geschrieben &#8211; alle Betriebe wurden besucht &#8211; stellt sie die neue deutsche K\u00e4selandschaft dar.<\/p>\n<p><a href=\"https:\/\/blog.zeit.de\/nachgesalzen\/files\/2009\/04\/fuchs-2-410.jpg\"><img loading=\"lazy\" decoding=\"async\" src=\"https:\/\/blog.zeit.de\/nachgesalzen\/files\/2009\/04\/fuchs-2-410.jpg\" alt=\"\" title=\"fuchs-2-410\" width=\"410\" height=\"461\" class=\"alignnone size-full wp-image-1232\" srcset=\"https:\/\/blog.zeit.de\/nachgesalzen\/files\/2009\/04\/fuchs-2-410.jpg 410w, https:\/\/blog.zeit.de\/nachgesalzen\/files\/2009\/04\/fuchs-2-410-266x300.jpg 266w\" sizes=\"auto, (max-width: 410px) 100vw, 410px\" \/><\/a><br \/>\nAbgerundet werden die Erlebnisse von Besuchen bei interessanten Winzern, und die Tipps kommen von keinem geringeren als <a href=\"http:\/\/www.stuartpigott.de\/stuartpigott\/home\/\"target=\"_blank\">Stuart Pigott<\/a>, der ist Frau Heinzelmanns Ehemann.<\/p>\n<p>Und so ganz zuf\u00e4llig machte sich w\u00e4hrend der Buchvorstellung unsere &#8222;Badnerin in Berlin&#8220; bei mir bemerkbar, und wir hatten einen lustigen Abend mit vielen gemeinsamen Bekannten und probierten das eine oder andere Glas Wein und verschiedene K\u00e4se aus allen Regionen der Republik!<\/p>\n<p>Nur dass ich am n\u00e4chsten Tag wieder gen S\u00fcden abgereist bin, die Badnerin aber ist seit vielen Jahren in Berlin &#8222;h\u00e4ngengeblieben&#8220;&#8230;.<\/p>\n","protected":false},"excerpt":{"rendered":"<p>&#8230;und das alles wegen meinem K\u00e4se! Ursula Heinzelmann, gelernte K\u00f6chin, Sommeli\u00e8re und Journalistin, hat ein umfassendes Buch \u00fcber die deutschen (Klein-)K\u00e4ser geschrieben. Ein tolles Werk (nicht nur weil ich drin erw\u00e4hnt bin), das von Nord nach S\u00fcd &#038; Ost und West ca. 70 Ziegen- Schaf- und Kuhmilchk\u00e4ser vorstellt. Ganz pers\u00f6nlich geschrieben &#8211; alle Betriebe wurden [&hellip;]<\/p>\n","protected":false},"author":76,"featured_media":0,"comment_status":"open","ping_status":"closed","sticky":false,"template":"","format":"standard","meta":{"_jetpack_memberships_contains_paid_content":false,"footnotes":""},"categories":[735,743,427,755],"tags":[],"class_list":["post-1220","post","type-post","status-publish","format-standard","hentry","category-bucher","category-kase","category-menschen","category-unterwegs"],"yoast_head":"<!-- This site is optimized with the Yoast SEO plugin v21.0 - https:\/\/yoast.com\/wordpress\/plugins\/seo\/ -->\n<title>Badner trifft &quot;Badnerin in Berlin&quot;... - Nachgesalzen<\/title>\n<meta name=\"robots\" content=\"index, follow, max-snippet:-1, max-image-preview:large, max-video-preview:-1\" \/>\n<link rel=\"canonical\" href=\"https:\/\/blog.zeit.de\/nachgesalzen\/2009\/04\/02\/badner-trifft-badnerin-in-berlin_1220\" \/>\n<meta property=\"og:locale\" content=\"de_DE\" \/>\n<meta property=\"og:type\" content=\"article\" \/>\n<meta property=\"og:title\" content=\"Badner trifft &quot;Badnerin in Berlin&quot;... - Nachgesalzen\" \/>\n<meta property=\"og:description\" content=\"&#8230;und das alles wegen meinem K\u00e4se! Ursula Heinzelmann, gelernte K\u00f6chin, Sommeli\u00e8re und Journalistin, hat ein umfassendes Buch \u00fcber die deutschen (Klein-)K\u00e4ser geschrieben. Ein tolles Werk (nicht nur weil ich drin erw\u00e4hnt bin), das von Nord nach S\u00fcd &#038; Ost und West ca. 70 Ziegen- Schaf- und Kuhmilchk\u00e4ser vorstellt. Ganz pers\u00f6nlich geschrieben &#8211; alle Betriebe wurden [&hellip;]\" \/>\n<meta property=\"og:url\" content=\"https:\/\/blog.zeit.de\/nachgesalzen\/2009\/04\/02\/badner-trifft-badnerin-in-berlin_1220\" \/>\n<meta property=\"og:site_name\" content=\"Nachgesalzen\" \/>\n<meta property=\"article:published_time\" content=\"2009-04-02T08:12:54+00:00\" \/>\n<meta property=\"og:image\" content=\"https:\/\/blog.zeit.de\/nachgesalzen\/files\/2009\/04\/fuchs-1-410.jpg\" \/>\n<meta name=\"author\" content=\"Karl-Josef Fuchs\" \/>\n<meta name=\"twitter:card\" content=\"summary_large_image\" \/>\n<meta name=\"twitter:label1\" content=\"Geschrieben von\" \/>\n\t<meta name=\"twitter:data1\" content=\"Karl-Josef Fuchs\" \/>\n\t<meta name=\"twitter:label2\" content=\"Gesch\u00e4tzte Lesezeit\" \/>\n\t<meta name=\"twitter:data2\" content=\"1\u00a0Minute\" \/>\n<script type=\"application\/ld+json\" class=\"yoast-schema-graph\">{\"@context\":\"https:\/\/schema.org\",\"@graph\":[{\"@type\":\"WebPage\",\"@id\":\"https:\/\/blog.zeit.de\/nachgesalzen\/2009\/04\/02\/badner-trifft-badnerin-in-berlin_1220\",\"url\":\"https:\/\/blog.zeit.de\/nachgesalzen\/2009\/04\/02\/badner-trifft-badnerin-in-berlin_1220\",\"name\":\"Badner trifft \\\"Badnerin in Berlin\\\"... - Nachgesalzen\",\"isPartOf\":{\"@id\":\"https:\/\/blog.zeit.de\/nachgesalzen\/#website\"},\"datePublished\":\"2009-04-02T08:12:54+00:00\",\"dateModified\":\"2009-04-02T08:12:54+00:00\",\"author\":{\"@id\":\"https:\/\/blog.zeit.de\/nachgesalzen\/#\/schema\/person\/7ae9b66a0552216a7269a9b1a5cfefc6\"},\"breadcrumb\":{\"@id\":\"https:\/\/blog.zeit.de\/nachgesalzen\/2009\/04\/02\/badner-trifft-badnerin-in-berlin_1220#breadcrumb\"},\"inLanguage\":\"de\",\"potentialAction\":[{\"@type\":\"ReadAction\",\"target\":[\"https:\/\/blog.zeit.de\/nachgesalzen\/2009\/04\/02\/badner-trifft-badnerin-in-berlin_1220\"]}]},{\"@type\":\"BreadcrumbList\",\"@id\":\"https:\/\/blog.zeit.de\/nachgesalzen\/2009\/04\/02\/badner-trifft-badnerin-in-berlin_1220#breadcrumb\",\"itemListElement\":[{\"@type\":\"ListItem\",\"position\":1,\"name\":\"Startseite\",\"item\":\"https:\/\/blog.zeit.de\/nachgesalzen\"},{\"@type\":\"ListItem\",\"position\":2,\"name\":\"Badner trifft &#8222;Badnerin in Berlin&#8220;&#8230;\"}]},{\"@type\":\"WebSite\",\"@id\":\"https:\/\/blog.zeit.de\/nachgesalzen\/#website\",\"url\":\"https:\/\/blog.zeit.de\/nachgesalzen\/\",\"name\":\"Nachgesalzen\",\"description\":\"Das Blog der K\u00f6che, Gastronomen und Gourmets\",\"potentialAction\":[{\"@type\":\"SearchAction\",\"target\":{\"@type\":\"EntryPoint\",\"urlTemplate\":\"https:\/\/blog.zeit.de\/nachgesalzen\/?s={search_term_string}\"},\"query-input\":\"required name=search_term_string\"}],\"inLanguage\":\"de\"},{\"@type\":\"Person\",\"@id\":\"https:\/\/blog.zeit.de\/nachgesalzen\/#\/schema\/person\/7ae9b66a0552216a7269a9b1a5cfefc6\",\"name\":\"Karl-Josef Fuchs\",\"image\":{\"@type\":\"ImageObject\",\"inLanguage\":\"de\",\"@id\":\"https:\/\/blog.zeit.de\/nachgesalzen\/#\/schema\/person\/image\/\",\"url\":\"https:\/\/secure.gravatar.com\/avatar\/0c9710bab3152b4b1514161da5b8f7e311595fb8a80ea29b158fbffee83f89f4?s=96&d=mm&r=g\",\"contentUrl\":\"https:\/\/secure.gravatar.com\/avatar\/0c9710bab3152b4b1514161da5b8f7e311595fb8a80ea29b158fbffee83f89f4?s=96&d=mm&r=g\",\"caption\":\"Karl-Josef Fuchs\"},\"url\":\"https:\/\/blog.zeit.de\/nachgesalzen\/author\/karl-josef-fuchs\"}]}<\/script>\n<!-- \/ Yoast SEO plugin. -->","yoast_head_json":{"title":"Badner trifft \"Badnerin in Berlin\"... - Nachgesalzen","robots":{"index":"index","follow":"follow","max-snippet":"max-snippet:-1","max-image-preview":"max-image-preview:large","max-video-preview":"max-video-preview:-1"},"canonical":"https:\/\/blog.zeit.de\/nachgesalzen\/2009\/04\/02\/badner-trifft-badnerin-in-berlin_1220","og_locale":"de_DE","og_type":"article","og_title":"Badner trifft \"Badnerin in Berlin\"... - Nachgesalzen","og_description":"&#8230;und das alles wegen meinem K\u00e4se! Ursula Heinzelmann, gelernte K\u00f6chin, Sommeli\u00e8re und Journalistin, hat ein umfassendes Buch \u00fcber die deutschen (Klein-)K\u00e4ser geschrieben. Ein tolles Werk (nicht nur weil ich drin erw\u00e4hnt bin), das von Nord nach S\u00fcd &#038; Ost und West ca. 70 Ziegen- Schaf- und Kuhmilchk\u00e4ser vorstellt. Ganz pers\u00f6nlich geschrieben &#8211; alle Betriebe wurden [&hellip;]","og_url":"https:\/\/blog.zeit.de\/nachgesalzen\/2009\/04\/02\/badner-trifft-badnerin-in-berlin_1220","og_site_name":"Nachgesalzen","article_published_time":"2009-04-02T08:12:54+00:00","og_image":[{"url":"https:\/\/blog.zeit.de\/nachgesalzen\/files\/2009\/04\/fuchs-1-410.jpg"}],"author":"Karl-Josef Fuchs","twitter_card":"summary_large_image","twitter_misc":{"Geschrieben von":"Karl-Josef Fuchs","Gesch\u00e4tzte Lesezeit":"1\u00a0Minute"},"schema":{"@context":"https:\/\/schema.org","@graph":[{"@type":"WebPage","@id":"https:\/\/blog.zeit.de\/nachgesalzen\/2009\/04\/02\/badner-trifft-badnerin-in-berlin_1220","url":"https:\/\/blog.zeit.de\/nachgesalzen\/2009\/04\/02\/badner-trifft-badnerin-in-berlin_1220","name":"Badner trifft \"Badnerin in Berlin\"... - Nachgesalzen","isPartOf":{"@id":"https:\/\/blog.zeit.de\/nachgesalzen\/#website"},"datePublished":"2009-04-02T08:12:54+00:00","dateModified":"2009-04-02T08:12:54+00:00","author":{"@id":"https:\/\/blog.zeit.de\/nachgesalzen\/#\/schema\/person\/7ae9b66a0552216a7269a9b1a5cfefc6"},"breadcrumb":{"@id":"https:\/\/blog.zeit.de\/nachgesalzen\/2009\/04\/02\/badner-trifft-badnerin-in-berlin_1220#breadcrumb"},"inLanguage":"de","potentialAction":[{"@type":"ReadAction","target":["https:\/\/blog.zeit.de\/nachgesalzen\/2009\/04\/02\/badner-trifft-badnerin-in-berlin_1220"]}]},{"@type":"BreadcrumbList","@id":"https:\/\/blog.zeit.de\/nachgesalzen\/2009\/04\/02\/badner-trifft-badnerin-in-berlin_1220#breadcrumb","itemListElement":[{"@type":"ListItem","position":1,"name":"Startseite","item":"https:\/\/blog.zeit.de\/nachgesalzen"},{"@type":"ListItem","position":2,"name":"Badner trifft &#8222;Badnerin in Berlin&#8220;&#8230;"}]},{"@type":"WebSite","@id":"https:\/\/blog.zeit.de\/nachgesalzen\/#website","url":"https:\/\/blog.zeit.de\/nachgesalzen\/","name":"Nachgesalzen","description":"Das Blog der K\u00f6che, Gastronomen und Gourmets","potentialAction":[{"@type":"SearchAction","target":{"@type":"EntryPoint","urlTemplate":"https:\/\/blog.zeit.de\/nachgesalzen\/?s={search_term_string}"},"query-input":"required name=search_term_string"}],"inLanguage":"de"},{"@type":"Person","@id":"https:\/\/blog.zeit.de\/nachgesalzen\/#\/schema\/person\/7ae9b66a0552216a7269a9b1a5cfefc6","name":"Karl-Josef Fuchs","image":{"@type":"ImageObject","inLanguage":"de","@id":"https:\/\/blog.zeit.de\/nachgesalzen\/#\/schema\/person\/image\/","url":"https:\/\/secure.gravatar.com\/avatar\/0c9710bab3152b4b1514161da5b8f7e311595fb8a80ea29b158fbffee83f89f4?s=96&d=mm&r=g","contentUrl":"https:\/\/secure.gravatar.com\/avatar\/0c9710bab3152b4b1514161da5b8f7e311595fb8a80ea29b158fbffee83f89f4?s=96&d=mm&r=g","caption":"Karl-Josef Fuchs"},"url":"https:\/\/blog.zeit.de\/nachgesalzen\/author\/karl-josef-fuchs"}]}},"jetpack_featured_media_url":"","jetpack_sharing_enabled":true,"_links":{"self":[{"href":"https:\/\/blog.zeit.de\/nachgesalzen\/wp-json\/wp\/v2\/posts\/1220","targetHints":{"allow":["GET"]}}],"collection":[{"href":"https:\/\/blog.zeit.de\/nachgesalzen\/wp-json\/wp\/v2\/posts"}],"about":[{"href":"https:\/\/blog.zeit.de\/nachgesalzen\/wp-json\/wp\/v2\/types\/post"}],"author":[{"embeddable":true,"href":"https:\/\/blog.zeit.de\/nachgesalzen\/wp-json\/wp\/v2\/users\/76"}],"replies":[{"embeddable":true,"href":"https:\/\/blog.zeit.de\/nachgesalzen\/wp-json\/wp\/v2\/comments?post=1220"}],"version-history":[{"count":0,"href":"https:\/\/blog.zeit.de\/nachgesalzen\/wp-json\/wp\/v2\/posts\/1220\/revisions"}],"wp:attachment":[{"href":"https:\/\/blog.zeit.de\/nachgesalzen\/wp-json\/wp\/v2\/media?parent=1220"}],"wp:term":[{"taxonomy":"category","embeddable":true,"href":"https:\/\/blog.zeit.de\/nachgesalzen\/wp-json\/wp\/v2\/categories?post=1220"},{"taxonomy":"post_tag","embeddable":true,"href":"https:\/\/blog.zeit.de\/nachgesalzen\/wp-json\/wp\/v2\/tags?post=1220"}],"curies":[{"name":"wp","href":"https:\/\/api.w.org\/{rel}","templated":true}]}}