{"id":1340,"date":"2009-05-05T08:52:15","date_gmt":"2009-05-05T07:52:15","guid":{"rendered":"http:\/\/blog.zeit.de\/nachgesalzen\/?p=1340"},"modified":"2009-05-05T08:52:15","modified_gmt":"2009-05-05T07:52:15","slug":"seltenes-gluck-im-gasthof-gentner","status":"publish","type":"post","link":"https:\/\/blog.zeit.de\/nachgesalzen\/2009\/05\/05\/seltenes-gluck-im-gasthof-gentner_1340","title":{"rendered":"Seltenes Gl\u00fcck dank Gasthof Gentner"},"content":{"rendered":"<p>Das, was wir am letzten freien Tag erlebt haben, dazu muss ich sagen: &#8222;So ein Gl\u00fcck hat man selten.&#8220;<\/p>\n<p>Wir fanden einen Gasthof, den ich \u00fcber alle Sternegastronomie stelle.<\/p>\n<p>Das Haus ist ein wirklich formidabler Platz f\u00fcr Individualisten. Sehr sch\u00f6ne Zimmer, sehr gutes Essen. \u00dcberall im Haus, egal wo, gelten absolute Qualit\u00e4tsanspr\u00fcche und nicht das in der Gastronomie so h\u00e4ufig verzweifelte Ringen um mehr Schein als Sein. Das Hofgut liegt in einer urspr\u00fcnglichen Landschaft, in sch\u00f6ner Ruhe und weit vom n\u00e4chsten Golfplatz oder sonstigen doofen Ablenkungen.<br \/>\nWandern, Fahrradfahren, Seen sind in der N\u00e4he, und die Preise in der ganzen Gegend sowieso noch nachkriegs\u00e4hnlich.<\/p>\n<p>Meine Frau frug etwas unvorsichtig, warum das Haus nicht im Michelin verzeichnet sei? Da sagte die kluge Servicedame: Unser Koch hat solche Auszeichnungen und Meriten l\u00e4ngst hinter sich. Michelin und sonstige Verkrampfungen? Nein Danke!<\/p>\n<p><a href=\"https:\/\/blog.zeit.de\/nachgesalzen\/files\/2009\/05\/gentner_2.jpg\"><img loading=\"lazy\" decoding=\"async\" src=\"https:\/\/blog.zeit.de\/nachgesalzen\/files\/2009\/05\/gentner_2.jpg\" alt=\"\" title=\"gentner_2\" width=\"250\" height=\"188\" class=\"alignnone size-full wp-image-1341\" \/><\/a><\/p>\n<p><a href=\"https:\/\/blog.zeit.de\/nachgesalzen\/files\/2009\/05\/gentner_1.jpg\"><img loading=\"lazy\" decoding=\"async\" src=\"https:\/\/blog.zeit.de\/nachgesalzen\/files\/2009\/05\/gentner_1.jpg\" alt=\"\" title=\"gentner_1\" width=\"220\" height=\"330\" class=\"alignnone size-full wp-image-1342\" srcset=\"https:\/\/blog.zeit.de\/nachgesalzen\/files\/2009\/05\/gentner_1.jpg 220w, https:\/\/blog.zeit.de\/nachgesalzen\/files\/2009\/05\/gentner_1-200x300.jpg 200w\" sizes=\"auto, (max-width: 220px) 100vw, 220px\" \/><\/a><\/p>\n<p>Das hat mir auch sehr gefallen: Oben ist die Gaststube noch nicht eingedeckt, sp\u00e4ter kamen dann \u00fcppige Wiesenblumen auf den Tisch.<\/p>\n<p><a href=\"http:\/\/www.gasthof-gentner.de \"target=\"_blank\">Mehr zum Gasthaus Gentner hier.<\/a><\/p>\n","protected":false},"excerpt":{"rendered":"<p>Das, was wir am letzten freien Tag erlebt haben, dazu muss ich sagen: &#8222;So ein Gl\u00fcck hat man selten.&#8220; Wir fanden einen Gasthof, den ich \u00fcber alle Sternegastronomie stelle. Das Haus ist ein wirklich formidabler Platz f\u00fcr Individualisten. Sehr sch\u00f6ne Zimmer, sehr gutes Essen. \u00dcberall im Haus, egal wo, gelten absolute Qualit\u00e4tsanspr\u00fcche und nicht das [&hellip;]<\/p>\n","protected":false},"author":75,"featured_media":0,"comment_status":"open","ping_status":"closed","sticky":false,"template":"","format":"standard","meta":{"_jetpack_memberships_contains_paid_content":false,"footnotes":""},"categories":[755],"tags":[],"class_list":["post-1340","post","type-post","status-publish","format-standard","hentry","category-unterwegs"],"yoast_head":"<!-- This site is optimized with the Yoast SEO plugin v21.0 - https:\/\/yoast.com\/wordpress\/plugins\/seo\/ -->\n<title>Seltenes Gl\u00fcck dank Gasthof Gentner - Nachgesalzen<\/title>\n<meta name=\"robots\" content=\"index, follow, max-snippet:-1, max-image-preview:large, max-video-preview:-1\" \/>\n<link rel=\"canonical\" href=\"https:\/\/blog.zeit.de\/nachgesalzen\/2009\/05\/05\/seltenes-gluck-im-gasthof-gentner_1340\" \/>\n<meta property=\"og:locale\" content=\"de_DE\" \/>\n<meta property=\"og:type\" content=\"article\" \/>\n<meta property=\"og:title\" content=\"Seltenes Gl\u00fcck dank Gasthof Gentner - Nachgesalzen\" \/>\n<meta property=\"og:description\" content=\"Das, was wir am letzten freien Tag erlebt haben, dazu muss ich sagen: &#8222;So ein Gl\u00fcck hat man selten.&#8220; Wir fanden einen Gasthof, den ich \u00fcber alle Sternegastronomie stelle. Das Haus ist ein wirklich formidabler Platz f\u00fcr Individualisten. Sehr sch\u00f6ne Zimmer, sehr gutes Essen. \u00dcberall im Haus, egal wo, gelten absolute Qualit\u00e4tsanspr\u00fcche und nicht das [&hellip;]\" \/>\n<meta property=\"og:url\" content=\"https:\/\/blog.zeit.de\/nachgesalzen\/2009\/05\/05\/seltenes-gluck-im-gasthof-gentner_1340\" \/>\n<meta property=\"og:site_name\" content=\"Nachgesalzen\" \/>\n<meta property=\"article:published_time\" content=\"2009-05-05T07:52:15+00:00\" \/>\n<meta property=\"og:image\" content=\"https:\/\/blog.zeit.de\/nachgesalzen\/files\/2009\/05\/gentner_2.jpg\" \/>\n<meta name=\"author\" content=\"Vincent Klink\" \/>\n<meta name=\"twitter:card\" content=\"summary_large_image\" \/>\n<meta name=\"twitter:label1\" content=\"Geschrieben von\" \/>\n\t<meta name=\"twitter:data1\" content=\"Vincent Klink\" \/>\n\t<meta name=\"twitter:label2\" content=\"Gesch\u00e4tzte Lesezeit\" \/>\n\t<meta name=\"twitter:data2\" content=\"1\u00a0Minute\" \/>\n<script type=\"application\/ld+json\" class=\"yoast-schema-graph\">{\"@context\":\"https:\/\/schema.org\",\"@graph\":[{\"@type\":\"WebPage\",\"@id\":\"https:\/\/blog.zeit.de\/nachgesalzen\/2009\/05\/05\/seltenes-gluck-im-gasthof-gentner_1340\",\"url\":\"https:\/\/blog.zeit.de\/nachgesalzen\/2009\/05\/05\/seltenes-gluck-im-gasthof-gentner_1340\",\"name\":\"Seltenes Gl\u00fcck dank Gasthof Gentner - Nachgesalzen\",\"isPartOf\":{\"@id\":\"https:\/\/blog.zeit.de\/nachgesalzen\/#website\"},\"datePublished\":\"2009-05-05T07:52:15+00:00\",\"dateModified\":\"2009-05-05T07:52:15+00:00\",\"author\":{\"@id\":\"https:\/\/blog.zeit.de\/nachgesalzen\/#\/schema\/person\/cdd345c2d0a8458fe9af904889e544be\"},\"breadcrumb\":{\"@id\":\"https:\/\/blog.zeit.de\/nachgesalzen\/2009\/05\/05\/seltenes-gluck-im-gasthof-gentner_1340#breadcrumb\"},\"inLanguage\":\"de\",\"potentialAction\":[{\"@type\":\"ReadAction\",\"target\":[\"https:\/\/blog.zeit.de\/nachgesalzen\/2009\/05\/05\/seltenes-gluck-im-gasthof-gentner_1340\"]}]},{\"@type\":\"BreadcrumbList\",\"@id\":\"https:\/\/blog.zeit.de\/nachgesalzen\/2009\/05\/05\/seltenes-gluck-im-gasthof-gentner_1340#breadcrumb\",\"itemListElement\":[{\"@type\":\"ListItem\",\"position\":1,\"name\":\"Startseite\",\"item\":\"https:\/\/blog.zeit.de\/nachgesalzen\"},{\"@type\":\"ListItem\",\"position\":2,\"name\":\"Seltenes Gl\u00fcck dank Gasthof Gentner\"}]},{\"@type\":\"WebSite\",\"@id\":\"https:\/\/blog.zeit.de\/nachgesalzen\/#website\",\"url\":\"https:\/\/blog.zeit.de\/nachgesalzen\/\",\"name\":\"Nachgesalzen\",\"description\":\"Das Blog der K\u00f6che, Gastronomen und Gourmets\",\"potentialAction\":[{\"@type\":\"SearchAction\",\"target\":{\"@type\":\"EntryPoint\",\"urlTemplate\":\"https:\/\/blog.zeit.de\/nachgesalzen\/?s={search_term_string}\"},\"query-input\":\"required name=search_term_string\"}],\"inLanguage\":\"de\"},{\"@type\":\"Person\",\"@id\":\"https:\/\/blog.zeit.de\/nachgesalzen\/#\/schema\/person\/cdd345c2d0a8458fe9af904889e544be\",\"name\":\"Vincent Klink\",\"image\":{\"@type\":\"ImageObject\",\"inLanguage\":\"de\",\"@id\":\"https:\/\/blog.zeit.de\/nachgesalzen\/#\/schema\/person\/image\/\",\"url\":\"https:\/\/secure.gravatar.com\/avatar\/1180e1cf90a70886fd5b98037c8cf28c4d8c19aec023516f0d1c407dcc16a678?s=96&d=mm&r=g\",\"contentUrl\":\"https:\/\/secure.gravatar.com\/avatar\/1180e1cf90a70886fd5b98037c8cf28c4d8c19aec023516f0d1c407dcc16a678?s=96&d=mm&r=g\",\"caption\":\"Vincent Klink\"},\"url\":\"https:\/\/blog.zeit.de\/nachgesalzen\/author\/vincent-klink\"}]}<\/script>\n<!-- \/ Yoast SEO plugin. -->","yoast_head_json":{"title":"Seltenes Gl\u00fcck dank Gasthof Gentner - Nachgesalzen","robots":{"index":"index","follow":"follow","max-snippet":"max-snippet:-1","max-image-preview":"max-image-preview:large","max-video-preview":"max-video-preview:-1"},"canonical":"https:\/\/blog.zeit.de\/nachgesalzen\/2009\/05\/05\/seltenes-gluck-im-gasthof-gentner_1340","og_locale":"de_DE","og_type":"article","og_title":"Seltenes Gl\u00fcck dank Gasthof Gentner - Nachgesalzen","og_description":"Das, was wir am letzten freien Tag erlebt haben, dazu muss ich sagen: &#8222;So ein Gl\u00fcck hat man selten.&#8220; Wir fanden einen Gasthof, den ich \u00fcber alle Sternegastronomie stelle. Das Haus ist ein wirklich formidabler Platz f\u00fcr Individualisten. Sehr sch\u00f6ne Zimmer, sehr gutes Essen. \u00dcberall im Haus, egal wo, gelten absolute Qualit\u00e4tsanspr\u00fcche und nicht das [&hellip;]","og_url":"https:\/\/blog.zeit.de\/nachgesalzen\/2009\/05\/05\/seltenes-gluck-im-gasthof-gentner_1340","og_site_name":"Nachgesalzen","article_published_time":"2009-05-05T07:52:15+00:00","og_image":[{"url":"https:\/\/blog.zeit.de\/nachgesalzen\/files\/2009\/05\/gentner_2.jpg"}],"author":"Vincent Klink","twitter_card":"summary_large_image","twitter_misc":{"Geschrieben von":"Vincent Klink","Gesch\u00e4tzte Lesezeit":"1\u00a0Minute"},"schema":{"@context":"https:\/\/schema.org","@graph":[{"@type":"WebPage","@id":"https:\/\/blog.zeit.de\/nachgesalzen\/2009\/05\/05\/seltenes-gluck-im-gasthof-gentner_1340","url":"https:\/\/blog.zeit.de\/nachgesalzen\/2009\/05\/05\/seltenes-gluck-im-gasthof-gentner_1340","name":"Seltenes Gl\u00fcck dank Gasthof Gentner - Nachgesalzen","isPartOf":{"@id":"https:\/\/blog.zeit.de\/nachgesalzen\/#website"},"datePublished":"2009-05-05T07:52:15+00:00","dateModified":"2009-05-05T07:52:15+00:00","author":{"@id":"https:\/\/blog.zeit.de\/nachgesalzen\/#\/schema\/person\/cdd345c2d0a8458fe9af904889e544be"},"breadcrumb":{"@id":"https:\/\/blog.zeit.de\/nachgesalzen\/2009\/05\/05\/seltenes-gluck-im-gasthof-gentner_1340#breadcrumb"},"inLanguage":"de","potentialAction":[{"@type":"ReadAction","target":["https:\/\/blog.zeit.de\/nachgesalzen\/2009\/05\/05\/seltenes-gluck-im-gasthof-gentner_1340"]}]},{"@type":"BreadcrumbList","@id":"https:\/\/blog.zeit.de\/nachgesalzen\/2009\/05\/05\/seltenes-gluck-im-gasthof-gentner_1340#breadcrumb","itemListElement":[{"@type":"ListItem","position":1,"name":"Startseite","item":"https:\/\/blog.zeit.de\/nachgesalzen"},{"@type":"ListItem","position":2,"name":"Seltenes Gl\u00fcck dank Gasthof Gentner"}]},{"@type":"WebSite","@id":"https:\/\/blog.zeit.de\/nachgesalzen\/#website","url":"https:\/\/blog.zeit.de\/nachgesalzen\/","name":"Nachgesalzen","description":"Das Blog der K\u00f6che, Gastronomen und Gourmets","potentialAction":[{"@type":"SearchAction","target":{"@type":"EntryPoint","urlTemplate":"https:\/\/blog.zeit.de\/nachgesalzen\/?s={search_term_string}"},"query-input":"required name=search_term_string"}],"inLanguage":"de"},{"@type":"Person","@id":"https:\/\/blog.zeit.de\/nachgesalzen\/#\/schema\/person\/cdd345c2d0a8458fe9af904889e544be","name":"Vincent Klink","image":{"@type":"ImageObject","inLanguage":"de","@id":"https:\/\/blog.zeit.de\/nachgesalzen\/#\/schema\/person\/image\/","url":"https:\/\/secure.gravatar.com\/avatar\/1180e1cf90a70886fd5b98037c8cf28c4d8c19aec023516f0d1c407dcc16a678?s=96&d=mm&r=g","contentUrl":"https:\/\/secure.gravatar.com\/avatar\/1180e1cf90a70886fd5b98037c8cf28c4d8c19aec023516f0d1c407dcc16a678?s=96&d=mm&r=g","caption":"Vincent Klink"},"url":"https:\/\/blog.zeit.de\/nachgesalzen\/author\/vincent-klink"}]}},"jetpack_featured_media_url":"","jetpack_sharing_enabled":true,"_links":{"self":[{"href":"https:\/\/blog.zeit.de\/nachgesalzen\/wp-json\/wp\/v2\/posts\/1340","targetHints":{"allow":["GET"]}}],"collection":[{"href":"https:\/\/blog.zeit.de\/nachgesalzen\/wp-json\/wp\/v2\/posts"}],"about":[{"href":"https:\/\/blog.zeit.de\/nachgesalzen\/wp-json\/wp\/v2\/types\/post"}],"author":[{"embeddable":true,"href":"https:\/\/blog.zeit.de\/nachgesalzen\/wp-json\/wp\/v2\/users\/75"}],"replies":[{"embeddable":true,"href":"https:\/\/blog.zeit.de\/nachgesalzen\/wp-json\/wp\/v2\/comments?post=1340"}],"version-history":[{"count":0,"href":"https:\/\/blog.zeit.de\/nachgesalzen\/wp-json\/wp\/v2\/posts\/1340\/revisions"}],"wp:attachment":[{"href":"https:\/\/blog.zeit.de\/nachgesalzen\/wp-json\/wp\/v2\/media?parent=1340"}],"wp:term":[{"taxonomy":"category","embeddable":true,"href":"https:\/\/blog.zeit.de\/nachgesalzen\/wp-json\/wp\/v2\/categories?post=1340"},{"taxonomy":"post_tag","embeddable":true,"href":"https:\/\/blog.zeit.de\/nachgesalzen\/wp-json\/wp\/v2\/tags?post=1340"}],"curies":[{"name":"wp","href":"https:\/\/api.w.org\/{rel}","templated":true}]}}