{"id":1479,"date":"2009-05-28T08:46:53","date_gmt":"2009-05-28T07:46:53","guid":{"rendered":"http:\/\/blog.zeit.de\/nachgesalzen\/?p=1479"},"modified":"2009-05-28T08:46:53","modified_gmt":"2009-05-28T07:46:53","slug":"qualfleisch","status":"publish","type":"post","link":"https:\/\/blog.zeit.de\/nachgesalzen\/2009\/05\/28\/qualfleisch_1479","title":{"rendered":"Qu\u00e4lfleisch"},"content":{"rendered":"<p>Der neue \u201c<a href=\"http:\/\/www.haeuptling-eigener-herd.de\/\"target=\"_blank\">H\u00e4uptling Eigner Herd <\/a>\u201c wird demn\u00e4chst erscheinen. Er besch\u00e4ftigt sich mit \u201cLandidylle\u201d. Wunderbare Autorinnen und Autoren konnten daf\u00fcr gewonnen werden.<\/p>\n<p><a href=\"http:\/\/www.zeit.de\/autoren\/M\/Anna_Muenchhausen\/index.xml\"target=\"_blank\">Anna v. M\u00fcnchhausen<\/a>, <a href=\"http:\/\/de.wikipedia.org\/wiki\/Joseph_von_Westphalen\"target=\"_blank\">Joseph von Westphalen<\/a>, <a href=\"http:\/\/www.biermoesl-blosn.de\/polt\/\"target=\"_blank\">Gerhard Polt<\/a>, <a href=\"http:\/\/de.wikipedia.org\/wiki\/Wiglaf_Droste\"target=\"_blank\">Wiglaf Droste <\/a>sowieso und von <a href=\"http:\/\/de.wikipedia.org\/wiki\/Peter_R%C3%BChmkorf\"target=\"_blank\">Peter R\u00fchmkorf <\/a>ist auch etwas dabei und Vincent Klink schreibt eine Saustallgeschichte, die mit Thomas Bernhard zu tun hat. Geistige Lebensmittel f\u00fcr kluge K\u00f6pfe werden geboten. Die kulinarisch-literarische Zeitschrift \u201cH\u00e4uptling Eigener Herd\u201d Nr. 39 wird freudig, aber Idylle l\u00e4sst auch jede Menge Raum f\u00fcr Ironie, f\u00fcr Sarkasmus und es gibt auch das, was hier weiter unten gechrieben steht.<\/p>\n<p><a href=\"https:\/\/blog.zeit.de\/nachgesalzen\/files\/2009\/05\/aldi.jpg\"><img loading=\"lazy\" decoding=\"async\" src=\"https:\/\/blog.zeit.de\/nachgesalzen\/files\/2009\/05\/aldi.jpg\" alt=\"\" title=\"aldi\" width=\"300\" height=\"350\" class=\"alignnone size-full wp-image-1481\" srcset=\"https:\/\/blog.zeit.de\/nachgesalzen\/files\/2009\/05\/aldi.jpg 300w, https:\/\/blog.zeit.de\/nachgesalzen\/files\/2009\/05\/aldi-257x300.jpg 257w\" sizes=\"auto, (max-width: 300px) 100vw, 300px\" \/><\/a><\/p>\n<p>Eine besondere Genussidylle sind sogenannte seri\u00f6se Tageszeitungen. Anzeigen sind f\u00fcr das \u00dcberleben solcher Medien sehr wichtig, deshalb, und vielleicht auch aus demokratischen Erw\u00e4gungen, sind Sexannoncen keine v\u00f6llige Verunzierung f\u00fcr ein gehobenes Blatt der gehobenen St\u00e4nde. Die seri\u00f6se Zeitung hat M\u00fche, seri\u00f6se Annoncen zu requirieren und nimmt es deshalb nicht so genau, wenn Superm\u00e4rkte ihren Ramsch anpreisen. Viele Leser regen sich \u00fcber die Sexangebots-Annoncen auf, aber die sind, wenn es so weitergeht, der ehrlichere Teil des Anzeigengesch\u00e4fts. Mit kritischem Auge beobachten Zeitungen, was um sie herum geschieht. Gut so, aber, das muss man auch anmerken: Damit daheim der B\u00fcrger wei\u00df, wo er den billigsten M\u00fcll kaufen kann, sind Zeitungen zum Megaphonen der Lebensmittelm\u00fcllkonzerne verhurt.<\/p>\n<p>Beispiel Stuttgarter Zeitung Nr. 121 vom 28. Mai 2009<\/p>\n<p>S. 5 Pennymarkt<\/p>\n<p>Gro\u00dfformatig jede Menge Mist im Angebot. Iglo Schlemmerfilet und Langnese Cremissimo Eis, und wer gar kein Herz f\u00fcr Tiere hat, kann sich grillfertige Schweiner\u00fcckensteaks ergattern, gerade mal f\u00fcr 5.98.<\/p>\n<p>Zwei Seiten weiter versucht REWE, den Konkurrenten Penny fertig zu machen, ohne dabei zu denken, dass damit auch die nichtsahnende Kundschaft traktiert wird, n\u00e4mlich mit dem Glanzst\u00fcck der bunten Seite: Rollsaftschinken 100 Gramm 0,99 Cent.<\/p>\n<p>Und wieder zwei Seiten weiter geht es ganzseitig tierisch bunt zu. Aldi, der Retter des Geldbeutels, bietet eine Schweine-Grillplatte an, die 800 Gramm Qu\u00e4lfleisch zu 5.99 offeriert. Damit sich den Grillern das Hirn sich vollends ganz verdreht gibt\u2019s noch eine Grillschnecke zum Kilopreis 5.97<\/p>\n<p>Liebe Leute, ein guter Koch kauft solche Produkte zum doppelten Preis ein, wenn er nicht seine Kundschaft verarschen will. Und glaubt irgend jemand, dass es zum halben Preis etwas gibt, dass den ganzen Preis wert w\u00e4re. Beim Auto l\u00e4sst sich der Deutsche Geizkragen nicht so schnell ver\u00e4ppeln. Wer sich keinen ganzen Porsche leisten kann, der w\u00e4re mit einem halben nicht zufrieden. Jedem Teutonen leuchtet ein, dass ein Porsche mit nur zwei R\u00e4dern Mist ist. Beim Essen jedoch gen\u00fcgt Viertelsqualit\u00e4t.<\/p>\n<p>Nun kommt in der Stuttgarter Zeitung auf Seite 19 eine viertelsseitige Werbung. Relativ mickig, ohne Farbe, aber dem Kaufhofkonzern geht\u2019s, glaube ich, nicht so richtig gut. Immerhin bieten sie \u201cGutfleisch\u201d an. Niemand wei\u00df, was das bedeuten soll, und es ist sicher auch nicht zu empfehlen mit der Wahrheit, n\u00e4mlich &#8222;Drecksfleisch&#8220;, an den Start zu gehen. Daf\u00fcr wird K\u00e4se geboten der sich &#8222;Felsenk\u00e4se&#8220; nennt. Da ist dem Werbetexter kein feudalerer Begriff eingefallen, jedenfalls handelte es sich dabei um deutschen K\u00e4se, was ja auch kein Qualit\u00e4tsbegriff ist, wenn man an die vielen Tonnen griechischen Fetak\u00e4se denkt, der in der Gegend um Kempten fabriziert wird.  Jedenfalls handelt es sich beim &#8222;Felsenk\u00e4se&#8220; um ein Produkt aus tagesfrischer Heumilch. Immerhin wird der K\u00e4se f\u00fcr obsz\u00f6ne 4.44 das Kilo nicht aus Rei\u00dfn\u00e4geln gepresst, wie ein gewisser Marinetti vor 80 Jahren rezeptierte&#8230;<\/p>\n<p>\u00dcberhaupt lesen sich die ganzen Lebensmittelwerbetexte wie ein Abgesang auf den Dadaismus, so dass man sich f\u00fcr die schlichte Art einen Fisch anzupreisen fast wundert: Steinbei\u00dfer-R\u00fcckenfilet gr\u00e4tenfrei, 100g 2.29. Da h\u00e4tte man wirklich noch ein bisschen weiter texten k\u00f6nnen, und erw\u00e4hnen \u201eLeute, die Meere sind gnadenlos abger\u00e4umt, hier aber gibt es noch das, was dumme \u00c4rzte seit dem letzten Krieg ahnungslosen Patienten nachrufen: &#8222;Esst mehr Fisch!&#8220;<\/p>\n<p>Was f\u00fcr ein Tag, dieser 28. Mai, welch ein Mampfwerbeaufkommen und Segen f\u00fcr die Stuttgarter Zeitung Nr. 121. Seite 25 ging an den EDEKA-Konzern. Da signalisiert der Schweinepreis von 9.99 noch relativ naschvollziehbare Zust\u00e4nde. Da m\u00f6chte man glatt sagen, auch wenn man das restriche Angebot pr\u00fcft: &#8222;Kauft bei Edeka!&#8220; Auf Seite 27 dann die finale Botschaft des Lebensmitteldealers Marktkauf: Schweinebraten, Schulter mit Knochen und Speck f\u00fcr nur fies-mickrige 2.22 das Kilo.<\/p>\n<p>Letzte Woche wurde ich in einem Interview des Bayerischen Rundfunks gefragt wie Schweinefleisch schmecke. Wie ich es formuliert habe wei\u00df ich nicht mehr, aber liebe Leser, k\u00f6nnen Sie sich vorstellen wie ein Mensch riecht der ein Jahr in seinen eigenen Exkrementen auf einem Spaltenboden steht und schl\u00e4ft. Nicht auszudenken. Deshalb sollte man daran denken, wie das Schweinefleisch dieser Angebote schmecken k\u00f6nnte. Gottseidank kam jemand auf die Idee, solches Schweinefleisch mit W\u00fcrzmitteln zu marinieren. Ah, ja, ja lieber Knoblauchpulver in der Nase als Klogeruch. Ich wei\u00df, der Deutsche hat Anspruch auf t\u00e4gliches Fleisch, die Politiker verkaufen uns das als ein St\u00fcck Freiheit und die Lebensmittebranche pocht darauf, dass Fleisch &#8222;Leben und Kraft&#8220; gibt.<\/p>\n<p>Es bleibt zu hoffen, dass Zeitungen noch andere andere Einkommensquellen haben als die Abonnenten und den Lebensmittel-Anzeigenbetrug. Man fragt sich, wenn diese Ausgabe 121 der Stuttgarter Zeitung nahezu total von den Lebensmittelkonzernen bezahlt wurde, kann es \u00fcber diese dann noch eine unbeeinflusste Berichterstattung geben. Immer wieder heult der Journalismus \u00fcber die Beschneidung der Pressefreiheit, \u00fcberhaupt dann, wenn ein Prominenter wegen der Reportage um das Innenleben seiner Unterhose vor den Kadi zieht. Ich frage mich haben sich die Printmedien nicht schon l\u00e4ngst selbst um die Pressefreiheit gebracht?<\/p>\n","protected":false},"excerpt":{"rendered":"<p>Der neue \u201cH\u00e4uptling Eigner Herd \u201c wird demn\u00e4chst erscheinen. Er besch\u00e4ftigt sich mit \u201cLandidylle\u201d. Wunderbare Autorinnen und Autoren konnten daf\u00fcr gewonnen werden. Anna v. M\u00fcnchhausen, Joseph von Westphalen, Gerhard Polt, Wiglaf Droste sowieso und von Peter R\u00fchmkorf ist auch etwas dabei und Vincent Klink schreibt eine Saustallgeschichte, die mit Thomas Bernhard zu tun hat. Geistige [&hellip;]<\/p>\n","protected":false},"author":75,"featured_media":0,"comment_status":"open","ping_status":"closed","sticky":false,"template":"","format":"standard","meta":{"_jetpack_memberships_contains_paid_content":false,"footnotes":""},"categories":[1,732],"tags":[],"class_list":["post-1479","post","type-post","status-publish","format-standard","hentry","category-allgemein","category-aufreger"],"yoast_head":"<!-- This site is optimized with the Yoast SEO plugin v21.0 - https:\/\/yoast.com\/wordpress\/plugins\/seo\/ -->\n<title>Qu\u00e4lfleisch - Nachgesalzen<\/title>\n<meta name=\"robots\" content=\"index, follow, max-snippet:-1, max-image-preview:large, max-video-preview:-1\" \/>\n<link rel=\"canonical\" href=\"https:\/\/blog.zeit.de\/nachgesalzen\/2009\/05\/28\/qualfleisch_1479\" \/>\n<meta property=\"og:locale\" content=\"de_DE\" \/>\n<meta property=\"og:type\" content=\"article\" \/>\n<meta property=\"og:title\" content=\"Qu\u00e4lfleisch - Nachgesalzen\" \/>\n<meta property=\"og:description\" content=\"Der neue \u201cH\u00e4uptling Eigner Herd \u201c wird demn\u00e4chst erscheinen. Er besch\u00e4ftigt sich mit \u201cLandidylle\u201d. Wunderbare Autorinnen und Autoren konnten daf\u00fcr gewonnen werden. Anna v. M\u00fcnchhausen, Joseph von Westphalen, Gerhard Polt, Wiglaf Droste sowieso und von Peter R\u00fchmkorf ist auch etwas dabei und Vincent Klink schreibt eine Saustallgeschichte, die mit Thomas Bernhard zu tun hat. Geistige [&hellip;]\" \/>\n<meta property=\"og:url\" content=\"https:\/\/blog.zeit.de\/nachgesalzen\/2009\/05\/28\/qualfleisch_1479\" \/>\n<meta property=\"og:site_name\" content=\"Nachgesalzen\" \/>\n<meta property=\"article:published_time\" content=\"2009-05-28T07:46:53+00:00\" \/>\n<meta property=\"og:image\" content=\"https:\/\/blog.zeit.de\/nachgesalzen\/files\/2009\/05\/aldi.jpg\" \/>\n<meta name=\"author\" content=\"Vincent Klink\" \/>\n<meta name=\"twitter:card\" content=\"summary_large_image\" \/>\n<meta name=\"twitter:label1\" content=\"Geschrieben von\" \/>\n\t<meta name=\"twitter:data1\" content=\"Vincent Klink\" \/>\n\t<meta name=\"twitter:label2\" content=\"Gesch\u00e4tzte Lesezeit\" \/>\n\t<meta name=\"twitter:data2\" content=\"5\u00a0Minuten\" \/>\n<script type=\"application\/ld+json\" class=\"yoast-schema-graph\">{\"@context\":\"https:\/\/schema.org\",\"@graph\":[{\"@type\":\"WebPage\",\"@id\":\"https:\/\/blog.zeit.de\/nachgesalzen\/2009\/05\/28\/qualfleisch_1479\",\"url\":\"https:\/\/blog.zeit.de\/nachgesalzen\/2009\/05\/28\/qualfleisch_1479\",\"name\":\"Qu\u00e4lfleisch - Nachgesalzen\",\"isPartOf\":{\"@id\":\"https:\/\/blog.zeit.de\/nachgesalzen\/#website\"},\"datePublished\":\"2009-05-28T07:46:53+00:00\",\"dateModified\":\"2009-05-28T07:46:53+00:00\",\"author\":{\"@id\":\"https:\/\/blog.zeit.de\/nachgesalzen\/#\/schema\/person\/cdd345c2d0a8458fe9af904889e544be\"},\"breadcrumb\":{\"@id\":\"https:\/\/blog.zeit.de\/nachgesalzen\/2009\/05\/28\/qualfleisch_1479#breadcrumb\"},\"inLanguage\":\"de\",\"potentialAction\":[{\"@type\":\"ReadAction\",\"target\":[\"https:\/\/blog.zeit.de\/nachgesalzen\/2009\/05\/28\/qualfleisch_1479\"]}]},{\"@type\":\"BreadcrumbList\",\"@id\":\"https:\/\/blog.zeit.de\/nachgesalzen\/2009\/05\/28\/qualfleisch_1479#breadcrumb\",\"itemListElement\":[{\"@type\":\"ListItem\",\"position\":1,\"name\":\"Startseite\",\"item\":\"https:\/\/blog.zeit.de\/nachgesalzen\"},{\"@type\":\"ListItem\",\"position\":2,\"name\":\"Qu\u00e4lfleisch\"}]},{\"@type\":\"WebSite\",\"@id\":\"https:\/\/blog.zeit.de\/nachgesalzen\/#website\",\"url\":\"https:\/\/blog.zeit.de\/nachgesalzen\/\",\"name\":\"Nachgesalzen\",\"description\":\"Das Blog der K\u00f6che, Gastronomen und Gourmets\",\"potentialAction\":[{\"@type\":\"SearchAction\",\"target\":{\"@type\":\"EntryPoint\",\"urlTemplate\":\"https:\/\/blog.zeit.de\/nachgesalzen\/?s={search_term_string}\"},\"query-input\":\"required name=search_term_string\"}],\"inLanguage\":\"de\"},{\"@type\":\"Person\",\"@id\":\"https:\/\/blog.zeit.de\/nachgesalzen\/#\/schema\/person\/cdd345c2d0a8458fe9af904889e544be\",\"name\":\"Vincent Klink\",\"image\":{\"@type\":\"ImageObject\",\"inLanguage\":\"de\",\"@id\":\"https:\/\/blog.zeit.de\/nachgesalzen\/#\/schema\/person\/image\/\",\"url\":\"https:\/\/secure.gravatar.com\/avatar\/1180e1cf90a70886fd5b98037c8cf28c4d8c19aec023516f0d1c407dcc16a678?s=96&d=mm&r=g\",\"contentUrl\":\"https:\/\/secure.gravatar.com\/avatar\/1180e1cf90a70886fd5b98037c8cf28c4d8c19aec023516f0d1c407dcc16a678?s=96&d=mm&r=g\",\"caption\":\"Vincent Klink\"},\"url\":\"https:\/\/blog.zeit.de\/nachgesalzen\/author\/vincent-klink\"}]}<\/script>\n<!-- \/ Yoast SEO plugin. -->","yoast_head_json":{"title":"Qu\u00e4lfleisch - Nachgesalzen","robots":{"index":"index","follow":"follow","max-snippet":"max-snippet:-1","max-image-preview":"max-image-preview:large","max-video-preview":"max-video-preview:-1"},"canonical":"https:\/\/blog.zeit.de\/nachgesalzen\/2009\/05\/28\/qualfleisch_1479","og_locale":"de_DE","og_type":"article","og_title":"Qu\u00e4lfleisch - Nachgesalzen","og_description":"Der neue \u201cH\u00e4uptling Eigner Herd \u201c wird demn\u00e4chst erscheinen. Er besch\u00e4ftigt sich mit \u201cLandidylle\u201d. Wunderbare Autorinnen und Autoren konnten daf\u00fcr gewonnen werden. Anna v. M\u00fcnchhausen, Joseph von Westphalen, Gerhard Polt, Wiglaf Droste sowieso und von Peter R\u00fchmkorf ist auch etwas dabei und Vincent Klink schreibt eine Saustallgeschichte, die mit Thomas Bernhard zu tun hat. Geistige [&hellip;]","og_url":"https:\/\/blog.zeit.de\/nachgesalzen\/2009\/05\/28\/qualfleisch_1479","og_site_name":"Nachgesalzen","article_published_time":"2009-05-28T07:46:53+00:00","og_image":[{"url":"https:\/\/blog.zeit.de\/nachgesalzen\/files\/2009\/05\/aldi.jpg"}],"author":"Vincent Klink","twitter_card":"summary_large_image","twitter_misc":{"Geschrieben von":"Vincent Klink","Gesch\u00e4tzte Lesezeit":"5\u00a0Minuten"},"schema":{"@context":"https:\/\/schema.org","@graph":[{"@type":"WebPage","@id":"https:\/\/blog.zeit.de\/nachgesalzen\/2009\/05\/28\/qualfleisch_1479","url":"https:\/\/blog.zeit.de\/nachgesalzen\/2009\/05\/28\/qualfleisch_1479","name":"Qu\u00e4lfleisch - Nachgesalzen","isPartOf":{"@id":"https:\/\/blog.zeit.de\/nachgesalzen\/#website"},"datePublished":"2009-05-28T07:46:53+00:00","dateModified":"2009-05-28T07:46:53+00:00","author":{"@id":"https:\/\/blog.zeit.de\/nachgesalzen\/#\/schema\/person\/cdd345c2d0a8458fe9af904889e544be"},"breadcrumb":{"@id":"https:\/\/blog.zeit.de\/nachgesalzen\/2009\/05\/28\/qualfleisch_1479#breadcrumb"},"inLanguage":"de","potentialAction":[{"@type":"ReadAction","target":["https:\/\/blog.zeit.de\/nachgesalzen\/2009\/05\/28\/qualfleisch_1479"]}]},{"@type":"BreadcrumbList","@id":"https:\/\/blog.zeit.de\/nachgesalzen\/2009\/05\/28\/qualfleisch_1479#breadcrumb","itemListElement":[{"@type":"ListItem","position":1,"name":"Startseite","item":"https:\/\/blog.zeit.de\/nachgesalzen"},{"@type":"ListItem","position":2,"name":"Qu\u00e4lfleisch"}]},{"@type":"WebSite","@id":"https:\/\/blog.zeit.de\/nachgesalzen\/#website","url":"https:\/\/blog.zeit.de\/nachgesalzen\/","name":"Nachgesalzen","description":"Das Blog der K\u00f6che, Gastronomen und Gourmets","potentialAction":[{"@type":"SearchAction","target":{"@type":"EntryPoint","urlTemplate":"https:\/\/blog.zeit.de\/nachgesalzen\/?s={search_term_string}"},"query-input":"required name=search_term_string"}],"inLanguage":"de"},{"@type":"Person","@id":"https:\/\/blog.zeit.de\/nachgesalzen\/#\/schema\/person\/cdd345c2d0a8458fe9af904889e544be","name":"Vincent Klink","image":{"@type":"ImageObject","inLanguage":"de","@id":"https:\/\/blog.zeit.de\/nachgesalzen\/#\/schema\/person\/image\/","url":"https:\/\/secure.gravatar.com\/avatar\/1180e1cf90a70886fd5b98037c8cf28c4d8c19aec023516f0d1c407dcc16a678?s=96&d=mm&r=g","contentUrl":"https:\/\/secure.gravatar.com\/avatar\/1180e1cf90a70886fd5b98037c8cf28c4d8c19aec023516f0d1c407dcc16a678?s=96&d=mm&r=g","caption":"Vincent Klink"},"url":"https:\/\/blog.zeit.de\/nachgesalzen\/author\/vincent-klink"}]}},"jetpack_featured_media_url":"","jetpack_sharing_enabled":true,"_links":{"self":[{"href":"https:\/\/blog.zeit.de\/nachgesalzen\/wp-json\/wp\/v2\/posts\/1479","targetHints":{"allow":["GET"]}}],"collection":[{"href":"https:\/\/blog.zeit.de\/nachgesalzen\/wp-json\/wp\/v2\/posts"}],"about":[{"href":"https:\/\/blog.zeit.de\/nachgesalzen\/wp-json\/wp\/v2\/types\/post"}],"author":[{"embeddable":true,"href":"https:\/\/blog.zeit.de\/nachgesalzen\/wp-json\/wp\/v2\/users\/75"}],"replies":[{"embeddable":true,"href":"https:\/\/blog.zeit.de\/nachgesalzen\/wp-json\/wp\/v2\/comments?post=1479"}],"version-history":[{"count":0,"href":"https:\/\/blog.zeit.de\/nachgesalzen\/wp-json\/wp\/v2\/posts\/1479\/revisions"}],"wp:attachment":[{"href":"https:\/\/blog.zeit.de\/nachgesalzen\/wp-json\/wp\/v2\/media?parent=1479"}],"wp:term":[{"taxonomy":"category","embeddable":true,"href":"https:\/\/blog.zeit.de\/nachgesalzen\/wp-json\/wp\/v2\/categories?post=1479"},{"taxonomy":"post_tag","embeddable":true,"href":"https:\/\/blog.zeit.de\/nachgesalzen\/wp-json\/wp\/v2\/tags?post=1479"}],"curies":[{"name":"wp","href":"https:\/\/api.w.org\/{rel}","templated":true}]}}