{"id":157,"date":"2006-06-25T08:28:40","date_gmt":"2006-06-25T07:28:40","guid":{"rendered":"http:\/\/blog.zeit.de\/nachgesalzen\/2006\/06\/25\/kratzete_157"},"modified":"2006-06-25T08:28:40","modified_gmt":"2006-06-25T07:28:40","slug":"kratzete","status":"publish","type":"post","link":"https:\/\/blog.zeit.de\/nachgesalzen\/2006\/06\/25\/kratzete_157","title":{"rendered":"Kratzete"},"content":{"rendered":"<p>Am 24. Juni ist die Spargelzeit zu Ende. Damit geht auch f\u00fcr den &#8222;Entremetier-Posten&#8220; in der K\u00fcche, der f\u00fcr die Beilagen zust\u00e4ndig ist, eine hei\u00dfe Zeit vorbei&#8230;.<br \/>\nBei uns im Badischen wird traditionell &#8222;Kratzete&#8220;, also zerkratzte Pfannkuchen, zum Spargel gegessen. Und die haben es in sich! Blo\u00df nicht im Voraus machen, immer nur auf Abruf, sonst werden sie teigig und schmecken nicht! Und so sind der Lorenz und seine Mitstreiterin Martina recht froh \u00fcber die letzte Pfanne Kratzete in diesem Jahr gewesen.<br \/>\nAch ja, die Pflege der gro\u00dfen, relativ d\u00fcnnen Schwenk-Eisenpfannen nimmt, wenn sie nicht gesp\u00fclt, sondern nur ausgerieben werden, gar nicht so viel Zeit in Anspruch. Aber wehe, wenn sie h\u00e4ngen, d.h. der Teig klebt am Pfannenboden fest.<br \/>\nKommentar eines Kochs, der nicht mit auf dem Bild ist: &#8222;Chef, schreiben Sie dazu, dass Salz gefehlt hat!&#8220;<br \/>\n<a href=\"https:\/\/blog.zeit.de\/nachgesalzen\/files\/2008\/12\/kratzete1.jpg\"><img loading=\"lazy\" decoding=\"async\" class=\"alignnone size-full wp-image-824\" title=\"kratzete1\" src=\"https:\/\/blog.zeit.de\/nachgesalzen\/files\/2008\/12\/kratzete1.jpg\" alt=\"\" width=\"428\" height=\"328\" \/><\/a><\/p>\n<p><img decoding=\"async\" id=\"image156\" src=\"https:\/\/blog.zeit.de\/nachgesalzen\/files\/2007\/03\/kratzete2.jpg\" alt=\"kratzete2.jpg\" \/><\/p>\n","protected":false},"excerpt":{"rendered":"<p>Am 24. Juni ist die Spargelzeit zu Ende. Damit geht auch f\u00fcr den &#8222;Entremetier-Posten&#8220; in der K\u00fcche, der f\u00fcr die Beilagen zust\u00e4ndig ist, eine hei\u00dfe Zeit vorbei&#8230;. Bei uns im Badischen wird traditionell &#8222;Kratzete&#8220;, also zerkratzte Pfannkuchen, zum Spargel gegessen. Und die haben es in sich! Blo\u00df nicht im Voraus machen, immer nur auf Abruf, [&hellip;]<\/p>\n","protected":false},"author":76,"featured_media":0,"comment_status":"open","ping_status":"closed","sticky":false,"template":"","format":"standard","meta":{"_jetpack_memberships_contains_paid_content":false,"footnotes":""},"categories":[751,753],"tags":[],"class_list":["post-157","post","type-post","status-publish","format-standard","hentry","category-saisonales","category-spargel"],"yoast_head":"<!-- This site is optimized with the Yoast SEO plugin v21.0 - https:\/\/yoast.com\/wordpress\/plugins\/seo\/ -->\n<title>Kratzete - Nachgesalzen<\/title>\n<meta name=\"robots\" content=\"index, follow, max-snippet:-1, max-image-preview:large, max-video-preview:-1\" \/>\n<link rel=\"canonical\" href=\"https:\/\/blog.zeit.de\/nachgesalzen\/2006\/06\/25\/kratzete_157\" \/>\n<meta property=\"og:locale\" content=\"de_DE\" \/>\n<meta property=\"og:type\" content=\"article\" \/>\n<meta property=\"og:title\" content=\"Kratzete - Nachgesalzen\" \/>\n<meta property=\"og:description\" content=\"Am 24. Juni ist die Spargelzeit zu Ende. Damit geht auch f\u00fcr den &#8222;Entremetier-Posten&#8220; in der K\u00fcche, der f\u00fcr die Beilagen zust\u00e4ndig ist, eine hei\u00dfe Zeit vorbei&#8230;. Bei uns im Badischen wird traditionell &#8222;Kratzete&#8220;, also zerkratzte Pfannkuchen, zum Spargel gegessen. Und die haben es in sich! Blo\u00df nicht im Voraus machen, immer nur auf Abruf, [&hellip;]\" \/>\n<meta property=\"og:url\" content=\"https:\/\/blog.zeit.de\/nachgesalzen\/2006\/06\/25\/kratzete_157\" \/>\n<meta property=\"og:site_name\" content=\"Nachgesalzen\" \/>\n<meta property=\"article:published_time\" content=\"2006-06-25T07:28:40+00:00\" \/>\n<meta property=\"og:image\" content=\"https:\/\/blog.zeit.de\/nachgesalzen\/files\/2008\/12\/kratzete1.jpg\" \/>\n<meta name=\"author\" content=\"Karl-Josef Fuchs\" \/>\n<meta name=\"twitter:card\" content=\"summary_large_image\" \/>\n<meta name=\"twitter:label1\" content=\"Geschrieben von\" \/>\n\t<meta name=\"twitter:data1\" content=\"Karl-Josef Fuchs\" \/>\n\t<meta name=\"twitter:label2\" content=\"Gesch\u00e4tzte Lesezeit\" \/>\n\t<meta name=\"twitter:data2\" content=\"1\u00a0Minute\" \/>\n<script type=\"application\/ld+json\" class=\"yoast-schema-graph\">{\"@context\":\"https:\/\/schema.org\",\"@graph\":[{\"@type\":\"WebPage\",\"@id\":\"https:\/\/blog.zeit.de\/nachgesalzen\/2006\/06\/25\/kratzete_157\",\"url\":\"https:\/\/blog.zeit.de\/nachgesalzen\/2006\/06\/25\/kratzete_157\",\"name\":\"Kratzete - Nachgesalzen\",\"isPartOf\":{\"@id\":\"https:\/\/blog.zeit.de\/nachgesalzen\/#website\"},\"datePublished\":\"2006-06-25T07:28:40+00:00\",\"dateModified\":\"2006-06-25T07:28:40+00:00\",\"author\":{\"@id\":\"https:\/\/blog.zeit.de\/nachgesalzen\/#\/schema\/person\/7ae9b66a0552216a7269a9b1a5cfefc6\"},\"breadcrumb\":{\"@id\":\"https:\/\/blog.zeit.de\/nachgesalzen\/2006\/06\/25\/kratzete_157#breadcrumb\"},\"inLanguage\":\"de\",\"potentialAction\":[{\"@type\":\"ReadAction\",\"target\":[\"https:\/\/blog.zeit.de\/nachgesalzen\/2006\/06\/25\/kratzete_157\"]}]},{\"@type\":\"BreadcrumbList\",\"@id\":\"https:\/\/blog.zeit.de\/nachgesalzen\/2006\/06\/25\/kratzete_157#breadcrumb\",\"itemListElement\":[{\"@type\":\"ListItem\",\"position\":1,\"name\":\"Startseite\",\"item\":\"https:\/\/blog.zeit.de\/nachgesalzen\"},{\"@type\":\"ListItem\",\"position\":2,\"name\":\"Kratzete\"}]},{\"@type\":\"WebSite\",\"@id\":\"https:\/\/blog.zeit.de\/nachgesalzen\/#website\",\"url\":\"https:\/\/blog.zeit.de\/nachgesalzen\/\",\"name\":\"Nachgesalzen\",\"description\":\"Das Blog der K\u00f6che, Gastronomen und Gourmets\",\"potentialAction\":[{\"@type\":\"SearchAction\",\"target\":{\"@type\":\"EntryPoint\",\"urlTemplate\":\"https:\/\/blog.zeit.de\/nachgesalzen\/?s={search_term_string}\"},\"query-input\":\"required name=search_term_string\"}],\"inLanguage\":\"de\"},{\"@type\":\"Person\",\"@id\":\"https:\/\/blog.zeit.de\/nachgesalzen\/#\/schema\/person\/7ae9b66a0552216a7269a9b1a5cfefc6\",\"name\":\"Karl-Josef Fuchs\",\"image\":{\"@type\":\"ImageObject\",\"inLanguage\":\"de\",\"@id\":\"https:\/\/blog.zeit.de\/nachgesalzen\/#\/schema\/person\/image\/\",\"url\":\"https:\/\/secure.gravatar.com\/avatar\/0c9710bab3152b4b1514161da5b8f7e311595fb8a80ea29b158fbffee83f89f4?s=96&d=mm&r=g\",\"contentUrl\":\"https:\/\/secure.gravatar.com\/avatar\/0c9710bab3152b4b1514161da5b8f7e311595fb8a80ea29b158fbffee83f89f4?s=96&d=mm&r=g\",\"caption\":\"Karl-Josef Fuchs\"},\"url\":\"https:\/\/blog.zeit.de\/nachgesalzen\/author\/karl-josef-fuchs\"}]}<\/script>\n<!-- \/ Yoast SEO plugin. -->","yoast_head_json":{"title":"Kratzete - Nachgesalzen","robots":{"index":"index","follow":"follow","max-snippet":"max-snippet:-1","max-image-preview":"max-image-preview:large","max-video-preview":"max-video-preview:-1"},"canonical":"https:\/\/blog.zeit.de\/nachgesalzen\/2006\/06\/25\/kratzete_157","og_locale":"de_DE","og_type":"article","og_title":"Kratzete - Nachgesalzen","og_description":"Am 24. Juni ist die Spargelzeit zu Ende. Damit geht auch f\u00fcr den &#8222;Entremetier-Posten&#8220; in der K\u00fcche, der f\u00fcr die Beilagen zust\u00e4ndig ist, eine hei\u00dfe Zeit vorbei&#8230;. Bei uns im Badischen wird traditionell &#8222;Kratzete&#8220;, also zerkratzte Pfannkuchen, zum Spargel gegessen. Und die haben es in sich! Blo\u00df nicht im Voraus machen, immer nur auf Abruf, [&hellip;]","og_url":"https:\/\/blog.zeit.de\/nachgesalzen\/2006\/06\/25\/kratzete_157","og_site_name":"Nachgesalzen","article_published_time":"2006-06-25T07:28:40+00:00","og_image":[{"url":"https:\/\/blog.zeit.de\/nachgesalzen\/files\/2008\/12\/kratzete1.jpg"}],"author":"Karl-Josef Fuchs","twitter_card":"summary_large_image","twitter_misc":{"Geschrieben von":"Karl-Josef Fuchs","Gesch\u00e4tzte Lesezeit":"1\u00a0Minute"},"schema":{"@context":"https:\/\/schema.org","@graph":[{"@type":"WebPage","@id":"https:\/\/blog.zeit.de\/nachgesalzen\/2006\/06\/25\/kratzete_157","url":"https:\/\/blog.zeit.de\/nachgesalzen\/2006\/06\/25\/kratzete_157","name":"Kratzete - Nachgesalzen","isPartOf":{"@id":"https:\/\/blog.zeit.de\/nachgesalzen\/#website"},"datePublished":"2006-06-25T07:28:40+00:00","dateModified":"2006-06-25T07:28:40+00:00","author":{"@id":"https:\/\/blog.zeit.de\/nachgesalzen\/#\/schema\/person\/7ae9b66a0552216a7269a9b1a5cfefc6"},"breadcrumb":{"@id":"https:\/\/blog.zeit.de\/nachgesalzen\/2006\/06\/25\/kratzete_157#breadcrumb"},"inLanguage":"de","potentialAction":[{"@type":"ReadAction","target":["https:\/\/blog.zeit.de\/nachgesalzen\/2006\/06\/25\/kratzete_157"]}]},{"@type":"BreadcrumbList","@id":"https:\/\/blog.zeit.de\/nachgesalzen\/2006\/06\/25\/kratzete_157#breadcrumb","itemListElement":[{"@type":"ListItem","position":1,"name":"Startseite","item":"https:\/\/blog.zeit.de\/nachgesalzen"},{"@type":"ListItem","position":2,"name":"Kratzete"}]},{"@type":"WebSite","@id":"https:\/\/blog.zeit.de\/nachgesalzen\/#website","url":"https:\/\/blog.zeit.de\/nachgesalzen\/","name":"Nachgesalzen","description":"Das Blog der K\u00f6che, Gastronomen und Gourmets","potentialAction":[{"@type":"SearchAction","target":{"@type":"EntryPoint","urlTemplate":"https:\/\/blog.zeit.de\/nachgesalzen\/?s={search_term_string}"},"query-input":"required name=search_term_string"}],"inLanguage":"de"},{"@type":"Person","@id":"https:\/\/blog.zeit.de\/nachgesalzen\/#\/schema\/person\/7ae9b66a0552216a7269a9b1a5cfefc6","name":"Karl-Josef Fuchs","image":{"@type":"ImageObject","inLanguage":"de","@id":"https:\/\/blog.zeit.de\/nachgesalzen\/#\/schema\/person\/image\/","url":"https:\/\/secure.gravatar.com\/avatar\/0c9710bab3152b4b1514161da5b8f7e311595fb8a80ea29b158fbffee83f89f4?s=96&d=mm&r=g","contentUrl":"https:\/\/secure.gravatar.com\/avatar\/0c9710bab3152b4b1514161da5b8f7e311595fb8a80ea29b158fbffee83f89f4?s=96&d=mm&r=g","caption":"Karl-Josef Fuchs"},"url":"https:\/\/blog.zeit.de\/nachgesalzen\/author\/karl-josef-fuchs"}]}},"jetpack_featured_media_url":"","jetpack_sharing_enabled":true,"_links":{"self":[{"href":"https:\/\/blog.zeit.de\/nachgesalzen\/wp-json\/wp\/v2\/posts\/157","targetHints":{"allow":["GET"]}}],"collection":[{"href":"https:\/\/blog.zeit.de\/nachgesalzen\/wp-json\/wp\/v2\/posts"}],"about":[{"href":"https:\/\/blog.zeit.de\/nachgesalzen\/wp-json\/wp\/v2\/types\/post"}],"author":[{"embeddable":true,"href":"https:\/\/blog.zeit.de\/nachgesalzen\/wp-json\/wp\/v2\/users\/76"}],"replies":[{"embeddable":true,"href":"https:\/\/blog.zeit.de\/nachgesalzen\/wp-json\/wp\/v2\/comments?post=157"}],"version-history":[{"count":0,"href":"https:\/\/blog.zeit.de\/nachgesalzen\/wp-json\/wp\/v2\/posts\/157\/revisions"}],"wp:attachment":[{"href":"https:\/\/blog.zeit.de\/nachgesalzen\/wp-json\/wp\/v2\/media?parent=157"}],"wp:term":[{"taxonomy":"category","embeddable":true,"href":"https:\/\/blog.zeit.de\/nachgesalzen\/wp-json\/wp\/v2\/categories?post=157"},{"taxonomy":"post_tag","embeddable":true,"href":"https:\/\/blog.zeit.de\/nachgesalzen\/wp-json\/wp\/v2\/tags?post=157"}],"curies":[{"name":"wp","href":"https:\/\/api.w.org\/{rel}","templated":true}]}}