{"id":194,"date":"2006-12-19T09:23:16","date_gmt":"2006-12-19T08:23:16","guid":{"rendered":"http:\/\/blog.zeit.de\/nachgesalzen\/2006\/12\/19\/staub-gusseisengeschirr-aus-dem-elsass_194"},"modified":"2006-12-19T09:23:16","modified_gmt":"2006-12-19T08:23:16","slug":"staub-gusseisengeschirr-aus-dem-elsass","status":"publish","type":"post","link":"https:\/\/blog.zeit.de\/nachgesalzen\/2006\/12\/19\/staub-gusseisengeschirr-aus-dem-elsass_194","title":{"rendered":"Staub &#8211; Gusseisengeschirr aus dem Elsass"},"content":{"rendered":"<p>war letzte Woche auf Empfehlung eines Kollegen bei der Firma Staub in Turckheim. Zu erreichen, wenn man von Colmar aus in Richtung Munster in die Vogesen f\u00e4hrt, gleich hinter Colmar gelegen.<\/p>\n<p>Die produzieren da gusseiserne Casserollen, T\u00f6pfe, Cocotten, Fonduegeschirre usw., auch klassische Gugelhupfformen oder Gratingeschirr aus Keramik. Beim Gusseisen kan man zwischen &#8222;natur&#8220; und emailliert in verschiedenen Farben w\u00e4hlen.<\/p>\n<p>Der dem Werk angeschlossene Laden bietet auch einen Teil des Sortimentes in 2. Wahl, und daf\u00fcr recht g\u00fcnstig, an.<\/p>\n<p>Ich fand es wirklich sehr gut, habe ganz sch\u00f6n zugeschlagen, und die ersten beschenkten Hobbyk\u00f6che und Freunde brachen schon in Freudent\u00e4nze aus.<\/p>\n<p>Die Internetseite ist <a href=\"http:\/\/www.staub.fr\/fr\/index.htm?lang=fr&#038;index=1\" Target=\"_blank\">www.staub.fr<\/a>, dort erf\u00e4hrt man alles weitere, wer also einmal im Elsass ist, der macht keinen Fehler wenn er dort vorbeischaut.<\/p>\n","protected":false},"excerpt":{"rendered":"<p>war letzte Woche auf Empfehlung eines Kollegen bei der Firma Staub in Turckheim. Zu erreichen, wenn man von Colmar aus in Richtung Munster in die Vogesen f\u00e4hrt, gleich hinter Colmar gelegen. Die produzieren da gusseiserne Casserollen, T\u00f6pfe, Cocotten, Fonduegeschirre usw., auch klassische Gugelhupfformen oder Gratingeschirr aus Keramik. Beim Gusseisen kan man zwischen &#8222;natur&#8220; und emailliert [&hellip;]<\/p>\n","protected":false},"author":76,"featured_media":0,"comment_status":"open","ping_status":"closed","sticky":false,"template":"","format":"standard","meta":{"_jetpack_memberships_contains_paid_content":false,"footnotes":""},"categories":[755],"tags":[],"class_list":["post-194","post","type-post","status-publish","format-standard","hentry","category-unterwegs"],"yoast_head":"<!-- This site is optimized with the Yoast SEO plugin v21.0 - https:\/\/yoast.com\/wordpress\/plugins\/seo\/ -->\n<title>Staub - Gusseisengeschirr aus dem Elsass - Nachgesalzen<\/title>\n<meta name=\"robots\" content=\"index, follow, max-snippet:-1, max-image-preview:large, max-video-preview:-1\" \/>\n<link rel=\"canonical\" href=\"https:\/\/blog.zeit.de\/nachgesalzen\/2006\/12\/19\/staub-gusseisengeschirr-aus-dem-elsass_194\" \/>\n<meta property=\"og:locale\" content=\"de_DE\" \/>\n<meta property=\"og:type\" content=\"article\" \/>\n<meta property=\"og:title\" content=\"Staub - Gusseisengeschirr aus dem Elsass - Nachgesalzen\" \/>\n<meta property=\"og:description\" content=\"war letzte Woche auf Empfehlung eines Kollegen bei der Firma Staub in Turckheim. Zu erreichen, wenn man von Colmar aus in Richtung Munster in die Vogesen f\u00e4hrt, gleich hinter Colmar gelegen. Die produzieren da gusseiserne Casserollen, T\u00f6pfe, Cocotten, Fonduegeschirre usw., auch klassische Gugelhupfformen oder Gratingeschirr aus Keramik. Beim Gusseisen kan man zwischen &#8222;natur&#8220; und emailliert [&hellip;]\" \/>\n<meta property=\"og:url\" content=\"https:\/\/blog.zeit.de\/nachgesalzen\/2006\/12\/19\/staub-gusseisengeschirr-aus-dem-elsass_194\" \/>\n<meta property=\"og:site_name\" content=\"Nachgesalzen\" \/>\n<meta property=\"article:published_time\" content=\"2006-12-19T08:23:16+00:00\" \/>\n<meta name=\"author\" content=\"Karl-Josef Fuchs\" \/>\n<meta name=\"twitter:card\" content=\"summary_large_image\" \/>\n<meta name=\"twitter:label1\" content=\"Geschrieben von\" \/>\n\t<meta name=\"twitter:data1\" content=\"Karl-Josef Fuchs\" \/>\n\t<meta name=\"twitter:label2\" content=\"Gesch\u00e4tzte Lesezeit\" \/>\n\t<meta name=\"twitter:data2\" content=\"1\u00a0Minute\" \/>\n<script type=\"application\/ld+json\" class=\"yoast-schema-graph\">{\"@context\":\"https:\/\/schema.org\",\"@graph\":[{\"@type\":\"WebPage\",\"@id\":\"https:\/\/blog.zeit.de\/nachgesalzen\/2006\/12\/19\/staub-gusseisengeschirr-aus-dem-elsass_194\",\"url\":\"https:\/\/blog.zeit.de\/nachgesalzen\/2006\/12\/19\/staub-gusseisengeschirr-aus-dem-elsass_194\",\"name\":\"Staub - Gusseisengeschirr aus dem Elsass - Nachgesalzen\",\"isPartOf\":{\"@id\":\"https:\/\/blog.zeit.de\/nachgesalzen\/#website\"},\"datePublished\":\"2006-12-19T08:23:16+00:00\",\"dateModified\":\"2006-12-19T08:23:16+00:00\",\"author\":{\"@id\":\"https:\/\/blog.zeit.de\/nachgesalzen\/#\/schema\/person\/7ae9b66a0552216a7269a9b1a5cfefc6\"},\"breadcrumb\":{\"@id\":\"https:\/\/blog.zeit.de\/nachgesalzen\/2006\/12\/19\/staub-gusseisengeschirr-aus-dem-elsass_194#breadcrumb\"},\"inLanguage\":\"de\",\"potentialAction\":[{\"@type\":\"ReadAction\",\"target\":[\"https:\/\/blog.zeit.de\/nachgesalzen\/2006\/12\/19\/staub-gusseisengeschirr-aus-dem-elsass_194\"]}]},{\"@type\":\"BreadcrumbList\",\"@id\":\"https:\/\/blog.zeit.de\/nachgesalzen\/2006\/12\/19\/staub-gusseisengeschirr-aus-dem-elsass_194#breadcrumb\",\"itemListElement\":[{\"@type\":\"ListItem\",\"position\":1,\"name\":\"Startseite\",\"item\":\"https:\/\/blog.zeit.de\/nachgesalzen\"},{\"@type\":\"ListItem\",\"position\":2,\"name\":\"Staub &#8211; Gusseisengeschirr aus dem Elsass\"}]},{\"@type\":\"WebSite\",\"@id\":\"https:\/\/blog.zeit.de\/nachgesalzen\/#website\",\"url\":\"https:\/\/blog.zeit.de\/nachgesalzen\/\",\"name\":\"Nachgesalzen\",\"description\":\"Das Blog der K\u00f6che, Gastronomen und Gourmets\",\"potentialAction\":[{\"@type\":\"SearchAction\",\"target\":{\"@type\":\"EntryPoint\",\"urlTemplate\":\"https:\/\/blog.zeit.de\/nachgesalzen\/?s={search_term_string}\"},\"query-input\":\"required name=search_term_string\"}],\"inLanguage\":\"de\"},{\"@type\":\"Person\",\"@id\":\"https:\/\/blog.zeit.de\/nachgesalzen\/#\/schema\/person\/7ae9b66a0552216a7269a9b1a5cfefc6\",\"name\":\"Karl-Josef Fuchs\",\"image\":{\"@type\":\"ImageObject\",\"inLanguage\":\"de\",\"@id\":\"https:\/\/blog.zeit.de\/nachgesalzen\/#\/schema\/person\/image\/\",\"url\":\"https:\/\/secure.gravatar.com\/avatar\/0c9710bab3152b4b1514161da5b8f7e311595fb8a80ea29b158fbffee83f89f4?s=96&d=mm&r=g\",\"contentUrl\":\"https:\/\/secure.gravatar.com\/avatar\/0c9710bab3152b4b1514161da5b8f7e311595fb8a80ea29b158fbffee83f89f4?s=96&d=mm&r=g\",\"caption\":\"Karl-Josef Fuchs\"},\"url\":\"https:\/\/blog.zeit.de\/nachgesalzen\/author\/karl-josef-fuchs\"}]}<\/script>\n<!-- \/ Yoast SEO plugin. -->","yoast_head_json":{"title":"Staub - Gusseisengeschirr aus dem Elsass - Nachgesalzen","robots":{"index":"index","follow":"follow","max-snippet":"max-snippet:-1","max-image-preview":"max-image-preview:large","max-video-preview":"max-video-preview:-1"},"canonical":"https:\/\/blog.zeit.de\/nachgesalzen\/2006\/12\/19\/staub-gusseisengeschirr-aus-dem-elsass_194","og_locale":"de_DE","og_type":"article","og_title":"Staub - Gusseisengeschirr aus dem Elsass - Nachgesalzen","og_description":"war letzte Woche auf Empfehlung eines Kollegen bei der Firma Staub in Turckheim. Zu erreichen, wenn man von Colmar aus in Richtung Munster in die Vogesen f\u00e4hrt, gleich hinter Colmar gelegen. Die produzieren da gusseiserne Casserollen, T\u00f6pfe, Cocotten, Fonduegeschirre usw., auch klassische Gugelhupfformen oder Gratingeschirr aus Keramik. Beim Gusseisen kan man zwischen &#8222;natur&#8220; und emailliert [&hellip;]","og_url":"https:\/\/blog.zeit.de\/nachgesalzen\/2006\/12\/19\/staub-gusseisengeschirr-aus-dem-elsass_194","og_site_name":"Nachgesalzen","article_published_time":"2006-12-19T08:23:16+00:00","author":"Karl-Josef Fuchs","twitter_card":"summary_large_image","twitter_misc":{"Geschrieben von":"Karl-Josef Fuchs","Gesch\u00e4tzte Lesezeit":"1\u00a0Minute"},"schema":{"@context":"https:\/\/schema.org","@graph":[{"@type":"WebPage","@id":"https:\/\/blog.zeit.de\/nachgesalzen\/2006\/12\/19\/staub-gusseisengeschirr-aus-dem-elsass_194","url":"https:\/\/blog.zeit.de\/nachgesalzen\/2006\/12\/19\/staub-gusseisengeschirr-aus-dem-elsass_194","name":"Staub - Gusseisengeschirr aus dem Elsass - Nachgesalzen","isPartOf":{"@id":"https:\/\/blog.zeit.de\/nachgesalzen\/#website"},"datePublished":"2006-12-19T08:23:16+00:00","dateModified":"2006-12-19T08:23:16+00:00","author":{"@id":"https:\/\/blog.zeit.de\/nachgesalzen\/#\/schema\/person\/7ae9b66a0552216a7269a9b1a5cfefc6"},"breadcrumb":{"@id":"https:\/\/blog.zeit.de\/nachgesalzen\/2006\/12\/19\/staub-gusseisengeschirr-aus-dem-elsass_194#breadcrumb"},"inLanguage":"de","potentialAction":[{"@type":"ReadAction","target":["https:\/\/blog.zeit.de\/nachgesalzen\/2006\/12\/19\/staub-gusseisengeschirr-aus-dem-elsass_194"]}]},{"@type":"BreadcrumbList","@id":"https:\/\/blog.zeit.de\/nachgesalzen\/2006\/12\/19\/staub-gusseisengeschirr-aus-dem-elsass_194#breadcrumb","itemListElement":[{"@type":"ListItem","position":1,"name":"Startseite","item":"https:\/\/blog.zeit.de\/nachgesalzen"},{"@type":"ListItem","position":2,"name":"Staub &#8211; Gusseisengeschirr aus dem Elsass"}]},{"@type":"WebSite","@id":"https:\/\/blog.zeit.de\/nachgesalzen\/#website","url":"https:\/\/blog.zeit.de\/nachgesalzen\/","name":"Nachgesalzen","description":"Das Blog der K\u00f6che, Gastronomen und Gourmets","potentialAction":[{"@type":"SearchAction","target":{"@type":"EntryPoint","urlTemplate":"https:\/\/blog.zeit.de\/nachgesalzen\/?s={search_term_string}"},"query-input":"required name=search_term_string"}],"inLanguage":"de"},{"@type":"Person","@id":"https:\/\/blog.zeit.de\/nachgesalzen\/#\/schema\/person\/7ae9b66a0552216a7269a9b1a5cfefc6","name":"Karl-Josef Fuchs","image":{"@type":"ImageObject","inLanguage":"de","@id":"https:\/\/blog.zeit.de\/nachgesalzen\/#\/schema\/person\/image\/","url":"https:\/\/secure.gravatar.com\/avatar\/0c9710bab3152b4b1514161da5b8f7e311595fb8a80ea29b158fbffee83f89f4?s=96&d=mm&r=g","contentUrl":"https:\/\/secure.gravatar.com\/avatar\/0c9710bab3152b4b1514161da5b8f7e311595fb8a80ea29b158fbffee83f89f4?s=96&d=mm&r=g","caption":"Karl-Josef Fuchs"},"url":"https:\/\/blog.zeit.de\/nachgesalzen\/author\/karl-josef-fuchs"}]}},"jetpack_featured_media_url":"","jetpack_sharing_enabled":true,"_links":{"self":[{"href":"https:\/\/blog.zeit.de\/nachgesalzen\/wp-json\/wp\/v2\/posts\/194","targetHints":{"allow":["GET"]}}],"collection":[{"href":"https:\/\/blog.zeit.de\/nachgesalzen\/wp-json\/wp\/v2\/posts"}],"about":[{"href":"https:\/\/blog.zeit.de\/nachgesalzen\/wp-json\/wp\/v2\/types\/post"}],"author":[{"embeddable":true,"href":"https:\/\/blog.zeit.de\/nachgesalzen\/wp-json\/wp\/v2\/users\/76"}],"replies":[{"embeddable":true,"href":"https:\/\/blog.zeit.de\/nachgesalzen\/wp-json\/wp\/v2\/comments?post=194"}],"version-history":[{"count":0,"href":"https:\/\/blog.zeit.de\/nachgesalzen\/wp-json\/wp\/v2\/posts\/194\/revisions"}],"wp:attachment":[{"href":"https:\/\/blog.zeit.de\/nachgesalzen\/wp-json\/wp\/v2\/media?parent=194"}],"wp:term":[{"taxonomy":"category","embeddable":true,"href":"https:\/\/blog.zeit.de\/nachgesalzen\/wp-json\/wp\/v2\/categories?post=194"},{"taxonomy":"post_tag","embeddable":true,"href":"https:\/\/blog.zeit.de\/nachgesalzen\/wp-json\/wp\/v2\/tags?post=194"}],"curies":[{"name":"wp","href":"https:\/\/api.w.org\/{rel}","templated":true}]}}