{"id":1983,"date":"2009-10-23T18:27:15","date_gmt":"2009-10-23T16:27:15","guid":{"rendered":"http:\/\/blog.zeit.de\/nachgesalzen\/?p=1983"},"modified":"2009-10-23T18:27:15","modified_gmt":"2009-10-23T16:27:15","slug":"und-jetzt-auch-noch-bloggen-ja","status":"publish","type":"post","link":"https:\/\/blog.zeit.de\/nachgesalzen\/2009\/10\/23\/und-jetzt-auch-noch-bloggen-ja_1983","title":{"rendered":"Und jetzt auch noch bloggen? JA!"},"content":{"rendered":"<p>Dabei hat mich meine ehemalige Mitarbeiterin Katja K. (Gr\u00fc\u00dfle) schon vor Jahren gewarnt:<br \/>\n\u201eHerr Koch das ist nichts f\u00fcr Sie\u201c<br \/>\n\u201eWarum?\u201c<br \/>\n\u201eSie kochen doch lieber\u201c<br \/>\nAber irgendwie kommen die Dinge dann doch zusammen.<\/p>\n<p>So, dies ist kein Rezeptblog, dennoch fange ich mal einfach mit einem Rezept an.<br \/>\nEs handelt sich um mein heutiges Abendessen, gleichzeitig ein Klassiker unseres Hauses.<\/p>\n<p>Denn so koche ich am liebsten: 1. schlicht und 2. ergreifend<br \/>\nPart 2 ist bedeutend schwieriger, es gelingt nicht immer, das gebe ich zu. Aber wir sind oft ganz nah dran und das ist doch schon sehr sch\u00f6n f\u00fcr unser kleines Team.<\/p>\n<p><img loading=\"lazy\" decoding=\"async\" src=\"https:\/\/blog.zeit.de\/nachgesalzen\/files\/2009\/10\/jk.jpg\" alt=\"jk\" title=\"jk\" width=\"476\" height=\"347\" class=\"alignleft size-full wp-image-1992\" srcset=\"https:\/\/blog.zeit.de\/nachgesalzen\/files\/2009\/10\/jk.jpg 476w, https:\/\/blog.zeit.de\/nachgesalzen\/files\/2009\/10\/jk-300x218.jpg 300w\" sizes=\"auto, (max-width: 476px) 100vw, 476px\" \/><\/p>\n<p>Zanderschnitte im Kartoffel-Gurkensud mit Tauberhasen Mostrich<\/p>\n<p>Zutaten f\u00fcr 4 Personen<\/p>\n<p>4 \tZanderfilets<br \/>\n3 \tfeste kleine Gartengurken<br \/>\n400g\tgesch\u00e4lte Kartoffeln (mehlig-festkochend)<br \/>\n\u00bc l \tKalbsbr\u00fche<br \/>\n\u00bc l \tRiesling<br \/>\n100g\tKarotten<br \/>\n100g \tSellerie<br \/>\n\tetwas Selleriegr\u00fcn und Borretsch (Gurkenkraut)<br \/>\n\tDill, Kerbel, Kr\u00e4uter nach Saison und Laune<br \/>\n50g\tTauberhasen-Mostrich<br \/>\n50g \tgeschlagene Sahne (nur wer m\u00f6chte)<br \/>\n\tSalz, Pfeffer, Muskat, Zitrone, Lorbeer, Wacholder<br \/>\n1 St.\tBiozitrone<\/p>\n<p>Zubereitung:<br \/>\nDie Kartoffeln in 3-4 mm dicke Scheiben schneiden, ebenfalls die gesch\u00e4lten Karotten<br \/>\nund den Sellerie. Alles in der Kalbsbr\u00fche und dem Riesling zusammen mit den Gew\u00fcrzen in einem hohen Topf langsam garen.<br \/>\nZanderfilets in eine Auflaufform oder einen flachen Topf geben.<br \/>\nDie Gurken streifenweise absch\u00e4len, Kernhaus entfernen und ebenfalls in 3-4 mm dicke Scheiben schneiden.<br \/>\nWenn die Kartoffeln und die Gem\u00fcse weich sind, gehackte Kr\u00e4uter und Gurkenscheiben und Tauberhasenmostrich (oder grober Senf nach Wahl) zuf\u00fcgen und herzhaft abschmecken (Salz, Pfeffer, Muskat, mehr Senf ? Zitronensaft \u2013 Zeste f\u00fcr Garnitur).<br \/>\nGeschlagenen Sahne unterheben. Den Kartoffelgurkensud hei\u00df und reichlich \u00fcber die Zanderfilets geben.<br \/>\nAuf dem Herd oder im Ofen, je nach Dicke des Zanders, noch sechs bis acht Minuten bei mittlerer Hitze ziehen lassen (Sud darf nicht mehr kochen). Mit etwas Zitronenzeste bestreuen.<br \/>\nIm Gef\u00e4\u00df sofort servieren.<\/p>\n","protected":false},"excerpt":{"rendered":"<p>Dabei hat mich meine ehemalige Mitarbeiterin Katja K. (Gr\u00fc\u00dfle) schon vor Jahren gewarnt: \u201eHerr Koch das ist nichts f\u00fcr Sie\u201c \u201eWarum?\u201c \u201eSie kochen doch lieber\u201c Aber irgendwie kommen die Dinge dann doch zusammen. So, dies ist kein Rezeptblog, dennoch fange ich mal einfach mit einem Rezept an. Es handelt sich um mein heutiges Abendessen, gleichzeitig [&hellip;]<\/p>\n","protected":false},"author":197,"featured_media":0,"comment_status":"open","ping_status":"closed","sticky":false,"template":"","format":"standard","meta":{"_jetpack_memberships_contains_paid_content":false,"footnotes":""},"categories":[739,750],"tags":[],"class_list":["post-1983","post","type-post","status-publish","format-standard","hentry","category-fisch","category-rezepte"],"yoast_head":"<!-- This site is optimized with the Yoast SEO plugin v21.0 - https:\/\/yoast.com\/wordpress\/plugins\/seo\/ -->\n<title>Und jetzt auch noch bloggen? JA! - Nachgesalzen<\/title>\n<meta name=\"robots\" content=\"index, follow, max-snippet:-1, max-image-preview:large, max-video-preview:-1\" \/>\n<link rel=\"canonical\" href=\"https:\/\/blog.zeit.de\/nachgesalzen\/2009\/10\/23\/und-jetzt-auch-noch-bloggen-ja_1983\" \/>\n<meta property=\"og:locale\" content=\"de_DE\" \/>\n<meta property=\"og:type\" content=\"article\" \/>\n<meta property=\"og:title\" content=\"Und jetzt auch noch bloggen? JA! - Nachgesalzen\" \/>\n<meta property=\"og:description\" content=\"Dabei hat mich meine ehemalige Mitarbeiterin Katja K. (Gr\u00fc\u00dfle) schon vor Jahren gewarnt: \u201eHerr Koch das ist nichts f\u00fcr Sie\u201c \u201eWarum?\u201c \u201eSie kochen doch lieber\u201c Aber irgendwie kommen die Dinge dann doch zusammen. So, dies ist kein Rezeptblog, dennoch fange ich mal einfach mit einem Rezept an. Es handelt sich um mein heutiges Abendessen, gleichzeitig [&hellip;]\" \/>\n<meta property=\"og:url\" content=\"https:\/\/blog.zeit.de\/nachgesalzen\/2009\/10\/23\/und-jetzt-auch-noch-bloggen-ja_1983\" \/>\n<meta property=\"og:site_name\" content=\"Nachgesalzen\" \/>\n<meta property=\"article:published_time\" content=\"2009-10-23T16:27:15+00:00\" \/>\n<meta property=\"og:image\" content=\"https:\/\/blog.zeit.de\/nachgesalzen\/files\/2009\/10\/jk.jpg\" \/>\n<meta name=\"author\" content=\"J\u00fcrgen Koch\" \/>\n<meta name=\"twitter:card\" content=\"summary_large_image\" \/>\n<meta name=\"twitter:label1\" content=\"Geschrieben von\" \/>\n\t<meta name=\"twitter:data1\" content=\"J\u00fcrgen Koch\" \/>\n\t<meta name=\"twitter:label2\" content=\"Gesch\u00e4tzte Lesezeit\" \/>\n\t<meta name=\"twitter:data2\" content=\"2\u00a0Minuten\" \/>\n<script type=\"application\/ld+json\" class=\"yoast-schema-graph\">{\"@context\":\"https:\/\/schema.org\",\"@graph\":[{\"@type\":\"WebPage\",\"@id\":\"https:\/\/blog.zeit.de\/nachgesalzen\/2009\/10\/23\/und-jetzt-auch-noch-bloggen-ja_1983\",\"url\":\"https:\/\/blog.zeit.de\/nachgesalzen\/2009\/10\/23\/und-jetzt-auch-noch-bloggen-ja_1983\",\"name\":\"Und jetzt auch noch bloggen? JA! - Nachgesalzen\",\"isPartOf\":{\"@id\":\"https:\/\/blog.zeit.de\/nachgesalzen\/#website\"},\"datePublished\":\"2009-10-23T16:27:15+00:00\",\"dateModified\":\"2009-10-23T16:27:15+00:00\",\"author\":{\"@id\":\"https:\/\/blog.zeit.de\/nachgesalzen\/#\/schema\/person\/2d40619a2ff1be49ac5a3f7721ff4ebb\"},\"breadcrumb\":{\"@id\":\"https:\/\/blog.zeit.de\/nachgesalzen\/2009\/10\/23\/und-jetzt-auch-noch-bloggen-ja_1983#breadcrumb\"},\"inLanguage\":\"de\",\"potentialAction\":[{\"@type\":\"ReadAction\",\"target\":[\"https:\/\/blog.zeit.de\/nachgesalzen\/2009\/10\/23\/und-jetzt-auch-noch-bloggen-ja_1983\"]}]},{\"@type\":\"BreadcrumbList\",\"@id\":\"https:\/\/blog.zeit.de\/nachgesalzen\/2009\/10\/23\/und-jetzt-auch-noch-bloggen-ja_1983#breadcrumb\",\"itemListElement\":[{\"@type\":\"ListItem\",\"position\":1,\"name\":\"Startseite\",\"item\":\"https:\/\/blog.zeit.de\/nachgesalzen\"},{\"@type\":\"ListItem\",\"position\":2,\"name\":\"Und jetzt auch noch bloggen? JA!\"}]},{\"@type\":\"WebSite\",\"@id\":\"https:\/\/blog.zeit.de\/nachgesalzen\/#website\",\"url\":\"https:\/\/blog.zeit.de\/nachgesalzen\/\",\"name\":\"Nachgesalzen\",\"description\":\"Das Blog der K\u00f6che, Gastronomen und Gourmets\",\"potentialAction\":[{\"@type\":\"SearchAction\",\"target\":{\"@type\":\"EntryPoint\",\"urlTemplate\":\"https:\/\/blog.zeit.de\/nachgesalzen\/?s={search_term_string}\"},\"query-input\":\"required name=search_term_string\"}],\"inLanguage\":\"de\"},{\"@type\":\"Person\",\"@id\":\"https:\/\/blog.zeit.de\/nachgesalzen\/#\/schema\/person\/2d40619a2ff1be49ac5a3f7721ff4ebb\",\"name\":\"J\u00fcrgen Koch\",\"image\":{\"@type\":\"ImageObject\",\"inLanguage\":\"de\",\"@id\":\"https:\/\/blog.zeit.de\/nachgesalzen\/#\/schema\/person\/image\/\",\"url\":\"https:\/\/secure.gravatar.com\/avatar\/7a7f49fd210a238ff1c39e4b861f88661953618430272ce24be58b16daf2141f?s=96&d=mm&r=g\",\"contentUrl\":\"https:\/\/secure.gravatar.com\/avatar\/7a7f49fd210a238ff1c39e4b861f88661953618430272ce24be58b16daf2141f?s=96&d=mm&r=g\",\"caption\":\"J\u00fcrgen Koch\"},\"url\":\"https:\/\/blog.zeit.de\/nachgesalzen\/author\/juergen-koch\"}]}<\/script>\n<!-- \/ Yoast SEO plugin. -->","yoast_head_json":{"title":"Und jetzt auch noch bloggen? JA! - Nachgesalzen","robots":{"index":"index","follow":"follow","max-snippet":"max-snippet:-1","max-image-preview":"max-image-preview:large","max-video-preview":"max-video-preview:-1"},"canonical":"https:\/\/blog.zeit.de\/nachgesalzen\/2009\/10\/23\/und-jetzt-auch-noch-bloggen-ja_1983","og_locale":"de_DE","og_type":"article","og_title":"Und jetzt auch noch bloggen? JA! - Nachgesalzen","og_description":"Dabei hat mich meine ehemalige Mitarbeiterin Katja K. (Gr\u00fc\u00dfle) schon vor Jahren gewarnt: \u201eHerr Koch das ist nichts f\u00fcr Sie\u201c \u201eWarum?\u201c \u201eSie kochen doch lieber\u201c Aber irgendwie kommen die Dinge dann doch zusammen. So, dies ist kein Rezeptblog, dennoch fange ich mal einfach mit einem Rezept an. Es handelt sich um mein heutiges Abendessen, gleichzeitig [&hellip;]","og_url":"https:\/\/blog.zeit.de\/nachgesalzen\/2009\/10\/23\/und-jetzt-auch-noch-bloggen-ja_1983","og_site_name":"Nachgesalzen","article_published_time":"2009-10-23T16:27:15+00:00","og_image":[{"url":"https:\/\/blog.zeit.de\/nachgesalzen\/files\/2009\/10\/jk.jpg"}],"author":"J\u00fcrgen Koch","twitter_card":"summary_large_image","twitter_misc":{"Geschrieben von":"J\u00fcrgen Koch","Gesch\u00e4tzte Lesezeit":"2\u00a0Minuten"},"schema":{"@context":"https:\/\/schema.org","@graph":[{"@type":"WebPage","@id":"https:\/\/blog.zeit.de\/nachgesalzen\/2009\/10\/23\/und-jetzt-auch-noch-bloggen-ja_1983","url":"https:\/\/blog.zeit.de\/nachgesalzen\/2009\/10\/23\/und-jetzt-auch-noch-bloggen-ja_1983","name":"Und jetzt auch noch bloggen? JA! - Nachgesalzen","isPartOf":{"@id":"https:\/\/blog.zeit.de\/nachgesalzen\/#website"},"datePublished":"2009-10-23T16:27:15+00:00","dateModified":"2009-10-23T16:27:15+00:00","author":{"@id":"https:\/\/blog.zeit.de\/nachgesalzen\/#\/schema\/person\/2d40619a2ff1be49ac5a3f7721ff4ebb"},"breadcrumb":{"@id":"https:\/\/blog.zeit.de\/nachgesalzen\/2009\/10\/23\/und-jetzt-auch-noch-bloggen-ja_1983#breadcrumb"},"inLanguage":"de","potentialAction":[{"@type":"ReadAction","target":["https:\/\/blog.zeit.de\/nachgesalzen\/2009\/10\/23\/und-jetzt-auch-noch-bloggen-ja_1983"]}]},{"@type":"BreadcrumbList","@id":"https:\/\/blog.zeit.de\/nachgesalzen\/2009\/10\/23\/und-jetzt-auch-noch-bloggen-ja_1983#breadcrumb","itemListElement":[{"@type":"ListItem","position":1,"name":"Startseite","item":"https:\/\/blog.zeit.de\/nachgesalzen"},{"@type":"ListItem","position":2,"name":"Und jetzt auch noch bloggen? JA!"}]},{"@type":"WebSite","@id":"https:\/\/blog.zeit.de\/nachgesalzen\/#website","url":"https:\/\/blog.zeit.de\/nachgesalzen\/","name":"Nachgesalzen","description":"Das Blog der K\u00f6che, Gastronomen und Gourmets","potentialAction":[{"@type":"SearchAction","target":{"@type":"EntryPoint","urlTemplate":"https:\/\/blog.zeit.de\/nachgesalzen\/?s={search_term_string}"},"query-input":"required name=search_term_string"}],"inLanguage":"de"},{"@type":"Person","@id":"https:\/\/blog.zeit.de\/nachgesalzen\/#\/schema\/person\/2d40619a2ff1be49ac5a3f7721ff4ebb","name":"J\u00fcrgen Koch","image":{"@type":"ImageObject","inLanguage":"de","@id":"https:\/\/blog.zeit.de\/nachgesalzen\/#\/schema\/person\/image\/","url":"https:\/\/secure.gravatar.com\/avatar\/7a7f49fd210a238ff1c39e4b861f88661953618430272ce24be58b16daf2141f?s=96&d=mm&r=g","contentUrl":"https:\/\/secure.gravatar.com\/avatar\/7a7f49fd210a238ff1c39e4b861f88661953618430272ce24be58b16daf2141f?s=96&d=mm&r=g","caption":"J\u00fcrgen Koch"},"url":"https:\/\/blog.zeit.de\/nachgesalzen\/author\/juergen-koch"}]}},"jetpack_featured_media_url":"","jetpack_sharing_enabled":true,"_links":{"self":[{"href":"https:\/\/blog.zeit.de\/nachgesalzen\/wp-json\/wp\/v2\/posts\/1983","targetHints":{"allow":["GET"]}}],"collection":[{"href":"https:\/\/blog.zeit.de\/nachgesalzen\/wp-json\/wp\/v2\/posts"}],"about":[{"href":"https:\/\/blog.zeit.de\/nachgesalzen\/wp-json\/wp\/v2\/types\/post"}],"author":[{"embeddable":true,"href":"https:\/\/blog.zeit.de\/nachgesalzen\/wp-json\/wp\/v2\/users\/197"}],"replies":[{"embeddable":true,"href":"https:\/\/blog.zeit.de\/nachgesalzen\/wp-json\/wp\/v2\/comments?post=1983"}],"version-history":[{"count":0,"href":"https:\/\/blog.zeit.de\/nachgesalzen\/wp-json\/wp\/v2\/posts\/1983\/revisions"}],"wp:attachment":[{"href":"https:\/\/blog.zeit.de\/nachgesalzen\/wp-json\/wp\/v2\/media?parent=1983"}],"wp:term":[{"taxonomy":"category","embeddable":true,"href":"https:\/\/blog.zeit.de\/nachgesalzen\/wp-json\/wp\/v2\/categories?post=1983"},{"taxonomy":"post_tag","embeddable":true,"href":"https:\/\/blog.zeit.de\/nachgesalzen\/wp-json\/wp\/v2\/tags?post=1983"}],"curies":[{"name":"wp","href":"https:\/\/api.w.org\/{rel}","templated":true}]}}