{"id":2212,"date":"2009-12-03T12:58:46","date_gmt":"2009-12-03T11:58:46","guid":{"rendered":"http:\/\/blog.zeit.de\/nachgesalzen\/?p=2212"},"modified":"2009-12-04T13:15:50","modified_gmt":"2009-12-04T12:15:50","slug":"warum-ich-es-gersotto-nenne","status":"publish","type":"post","link":"https:\/\/blog.zeit.de\/nachgesalzen\/2009\/12\/03\/warum-ich-es-gersotto-nenne_2212","title":{"rendered":"Warum ich es Gersotto nenne"},"content":{"rendered":"<p><figure id=\"attachment_2219\" aria-describedby=\"caption-attachment-2219\" style=\"width: 540px\" class=\"wp-caption aligncenter\"><img loading=\"lazy\" decoding=\"async\" src=\"https:\/\/blog.zeit.de\/nachgesalzen\/files\/2009\/12\/Gersotto-0011-540x405.jpg\" alt=\"Steinpilzgersotto\" title=\"Gersotto 001\" width=\"540\" height=\"405\" class=\"size-large wp-image-2219\" srcset=\"https:\/\/blog.zeit.de\/nachgesalzen\/files\/2009\/12\/Gersotto-0011-540x405.jpg 540w, https:\/\/blog.zeit.de\/nachgesalzen\/files\/2009\/12\/Gersotto-0011-300x225.jpg 300w, https:\/\/blog.zeit.de\/nachgesalzen\/files\/2009\/12\/Gersotto-0011.jpg 2048w\" sizes=\"auto, (max-width: 540px) 100vw, 540px\" \/><figcaption id=\"caption-attachment-2219\" class=\"wp-caption-text\">Steinpilzgersotto<\/figcaption><\/figure><\/p>\n<p>Der Winter naht. Jetzt wird es Zeit f\u00fcr Steinpilzgersotto mit Tomatenpesto und Via Aurelia.<br \/>\n<a href=\"http:\/\/de.wikipedia.org\/wiki\/Umami\"target=\"_blank\">Umami<\/a> pur &#8211; ganz breite Spur.<\/p>\n<p>Doch erst zum Namen: Wir kochen eine Zubereitung aus Gerste, in unseren Breiten vor vielen vielen Jahren eines der Hauptnahrungsmittel. W\u00fcrde ich auf die Speisekarte schreiben: Gerstenbrei mit so und so, dann klingt es nicht wirklich sexy &#8211; und die G\u00e4ste bestellen es zumindest nicht freiwillig. Also \u00fcberlegte ich mir Folgendes: Gerste zubereitet wie Risotto=Gersotto. Seitdem l\u00e4uft es wie geschmiert. <\/p>\n<p>Nun zum Thema Umami. Neben den Geschmacksrichtungen s\u00fc\u00df, sauer, salzig, bitter nimmt Umami als f\u00fcnftes Mitglied im Geschmackskreis eine Sonderstellung ein. Das Wort kommt aus dem Japanischen und bedeutet &#8222;Wohlgeschmack&#8220;, fleischig, herzhaft. Die Wirkung kommt von der Glutamins\u00e4ure, Glutamat.<br \/>\nB\u00f6se, b\u00f6se&#8230;Nachtigall, ich h\u00f6r dir trapsen! Man muss jedoch wissen, dass\u00a0das\u00a0nat\u00fcrliche Vorkommen der Glutamins\u00e4ure in einigen Lebensmitteln besonders konzentriert ist.<br \/>\nHier die Geheimwaffen des Wohlgeschmacks: Getrocknete vollreife Tomaten, getrocknete Steinpilze, gereifte Hartk\u00e4se und Sojaso\u00dfe. In Kombination mit Kohlehydraten und nicht zuviel Fett (Butter oder Oliven\u00f6l) ein garantiert\u00a0wirksamer Seelenschmeichler f\u00fcr die langen Wintern\u00e4chte.<\/p>\n<p>Hier mein Rezept:<br \/>\n<strong>Steinpilzgersotto<\/strong><br \/>\n100g \u00a0Gerste, ganz in 250 ml Wasser 3 Stunden eingeweicht<br \/>\n30g\u00a0\u00a0\u00a0\u00a0getrockenete Steinpilze in 100 ml Wasser eingeweicht<br \/>\n1 Essl\u00f6ffel Butter<br \/>\n2 Schalotten, fein gew\u00fcrfelt<br \/>\n1 Essl\u00f6ffel\u00a0Schnittlauch<br \/>\n1 Essl\u00f6ffel\u00a0Trockentomatenstreifen<br \/>\n50g\u00a0\u00a0geriebener Parmesan oder Via Aurelia<br \/>\n50g\u00a0 geschlagene Sahne<br \/>\n0,5 Liter\u00a0Gefl\u00fcgelbouillon<br \/>\n1 Teel\u00f6ffel Steinpilzmehl<br \/>\n1 Teel\u00f6ffel\u00a0Sojaso\u00dfe<\/p>\n<p>Meersalz, Pfeffer aus der M\u00fchle, geriebener Muskat, gemahlener Koriander<\/p>\n<p><strong>Zubereitung:<\/strong><br \/>\nSchalotten in Butter and\u00fcnsten. Eingeweichte Gerste ohne Einweichwasser hinzuf\u00fcgen. Steinpilze grob schneiden, hinzuf\u00fcgen, das Einweichwasser durch einen Kaffeefilter sieben und ebenfalls hinzugeben. Gefl\u00fcgelbr\u00fche nach und nach beigeben. Unter stetigem R\u00fchren langsam weichkochen, wie Risotto. Mit Steinpilzmehl, Sojaso\u00dfe, geriebenem Hartk\u00e4se, Kr\u00e4utern, Trockentomaten und Sahne herzhaft abschmecken und vollenden.<\/p>\n","protected":false},"excerpt":{"rendered":"<p>Der Winter naht. Jetzt wird es Zeit f\u00fcr Steinpilzgersotto mit Tomatenpesto und Via Aurelia. Umami pur &#8211; ganz breite Spur. Doch erst zum Namen: Wir kochen eine Zubereitung aus Gerste, in unseren Breiten vor vielen vielen Jahren eines der Hauptnahrungsmittel. W\u00fcrde ich auf die Speisekarte schreiben: Gerstenbrei mit so und so, dann klingt es nicht [&hellip;]<\/p>\n","protected":false},"author":197,"featured_media":0,"comment_status":"open","ping_status":"closed","sticky":false,"template":"","format":"standard","meta":{"_jetpack_memberships_contains_paid_content":false,"footnotes":""},"categories":[750,751],"tags":[],"class_list":["post-2212","post","type-post","status-publish","format-standard","hentry","category-rezepte","category-saisonales"],"yoast_head":"<!-- This site is optimized with the Yoast SEO plugin v21.0 - https:\/\/yoast.com\/wordpress\/plugins\/seo\/ -->\n<title>Warum ich es Gersotto nenne - Nachgesalzen<\/title>\n<meta name=\"robots\" content=\"index, follow, max-snippet:-1, max-image-preview:large, max-video-preview:-1\" \/>\n<link rel=\"canonical\" href=\"https:\/\/blog.zeit.de\/nachgesalzen\/2009\/12\/03\/warum-ich-es-gersotto-nenne_2212\" \/>\n<meta property=\"og:locale\" content=\"de_DE\" \/>\n<meta property=\"og:type\" content=\"article\" \/>\n<meta property=\"og:title\" content=\"Warum ich es Gersotto nenne - Nachgesalzen\" \/>\n<meta property=\"og:description\" content=\"Der Winter naht. Jetzt wird es Zeit f\u00fcr Steinpilzgersotto mit Tomatenpesto und Via Aurelia. Umami pur &#8211; ganz breite Spur. Doch erst zum Namen: Wir kochen eine Zubereitung aus Gerste, in unseren Breiten vor vielen vielen Jahren eines der Hauptnahrungsmittel. W\u00fcrde ich auf die Speisekarte schreiben: Gerstenbrei mit so und so, dann klingt es nicht [&hellip;]\" \/>\n<meta property=\"og:url\" content=\"https:\/\/blog.zeit.de\/nachgesalzen\/2009\/12\/03\/warum-ich-es-gersotto-nenne_2212\" \/>\n<meta property=\"og:site_name\" content=\"Nachgesalzen\" \/>\n<meta property=\"article:published_time\" content=\"2009-12-03T11:58:46+00:00\" \/>\n<meta property=\"article:modified_time\" content=\"2009-12-04T12:15:50+00:00\" \/>\n<meta property=\"og:image\" content=\"https:\/\/blog.zeit.de\/nachgesalzen\/files\/2009\/12\/Gersotto-0011-540x405.jpg\" \/>\n<meta name=\"author\" content=\"J\u00fcrgen Koch\" \/>\n<meta name=\"twitter:card\" content=\"summary_large_image\" \/>\n<meta name=\"twitter:label1\" content=\"Geschrieben von\" \/>\n\t<meta name=\"twitter:data1\" content=\"J\u00fcrgen Koch\" \/>\n\t<meta name=\"twitter:label2\" content=\"Gesch\u00e4tzte Lesezeit\" \/>\n\t<meta name=\"twitter:data2\" content=\"2\u00a0Minuten\" \/>\n<script type=\"application\/ld+json\" class=\"yoast-schema-graph\">{\"@context\":\"https:\/\/schema.org\",\"@graph\":[{\"@type\":\"WebPage\",\"@id\":\"https:\/\/blog.zeit.de\/nachgesalzen\/2009\/12\/03\/warum-ich-es-gersotto-nenne_2212\",\"url\":\"https:\/\/blog.zeit.de\/nachgesalzen\/2009\/12\/03\/warum-ich-es-gersotto-nenne_2212\",\"name\":\"Warum ich es Gersotto nenne - Nachgesalzen\",\"isPartOf\":{\"@id\":\"https:\/\/blog.zeit.de\/nachgesalzen\/#website\"},\"datePublished\":\"2009-12-03T11:58:46+00:00\",\"dateModified\":\"2009-12-04T12:15:50+00:00\",\"author\":{\"@id\":\"https:\/\/blog.zeit.de\/nachgesalzen\/#\/schema\/person\/2d40619a2ff1be49ac5a3f7721ff4ebb\"},\"breadcrumb\":{\"@id\":\"https:\/\/blog.zeit.de\/nachgesalzen\/2009\/12\/03\/warum-ich-es-gersotto-nenne_2212#breadcrumb\"},\"inLanguage\":\"de\",\"potentialAction\":[{\"@type\":\"ReadAction\",\"target\":[\"https:\/\/blog.zeit.de\/nachgesalzen\/2009\/12\/03\/warum-ich-es-gersotto-nenne_2212\"]}]},{\"@type\":\"BreadcrumbList\",\"@id\":\"https:\/\/blog.zeit.de\/nachgesalzen\/2009\/12\/03\/warum-ich-es-gersotto-nenne_2212#breadcrumb\",\"itemListElement\":[{\"@type\":\"ListItem\",\"position\":1,\"name\":\"Startseite\",\"item\":\"https:\/\/blog.zeit.de\/nachgesalzen\"},{\"@type\":\"ListItem\",\"position\":2,\"name\":\"Warum ich es Gersotto nenne\"}]},{\"@type\":\"WebSite\",\"@id\":\"https:\/\/blog.zeit.de\/nachgesalzen\/#website\",\"url\":\"https:\/\/blog.zeit.de\/nachgesalzen\/\",\"name\":\"Nachgesalzen\",\"description\":\"Das Blog der K\u00f6che, Gastronomen und Gourmets\",\"potentialAction\":[{\"@type\":\"SearchAction\",\"target\":{\"@type\":\"EntryPoint\",\"urlTemplate\":\"https:\/\/blog.zeit.de\/nachgesalzen\/?s={search_term_string}\"},\"query-input\":\"required name=search_term_string\"}],\"inLanguage\":\"de\"},{\"@type\":\"Person\",\"@id\":\"https:\/\/blog.zeit.de\/nachgesalzen\/#\/schema\/person\/2d40619a2ff1be49ac5a3f7721ff4ebb\",\"name\":\"J\u00fcrgen Koch\",\"image\":{\"@type\":\"ImageObject\",\"inLanguage\":\"de\",\"@id\":\"https:\/\/blog.zeit.de\/nachgesalzen\/#\/schema\/person\/image\/\",\"url\":\"https:\/\/secure.gravatar.com\/avatar\/7a7f49fd210a238ff1c39e4b861f88661953618430272ce24be58b16daf2141f?s=96&d=mm&r=g\",\"contentUrl\":\"https:\/\/secure.gravatar.com\/avatar\/7a7f49fd210a238ff1c39e4b861f88661953618430272ce24be58b16daf2141f?s=96&d=mm&r=g\",\"caption\":\"J\u00fcrgen Koch\"},\"url\":\"https:\/\/blog.zeit.de\/nachgesalzen\/author\/juergen-koch\"}]}<\/script>\n<!-- \/ Yoast SEO plugin. -->","yoast_head_json":{"title":"Warum ich es Gersotto nenne - Nachgesalzen","robots":{"index":"index","follow":"follow","max-snippet":"max-snippet:-1","max-image-preview":"max-image-preview:large","max-video-preview":"max-video-preview:-1"},"canonical":"https:\/\/blog.zeit.de\/nachgesalzen\/2009\/12\/03\/warum-ich-es-gersotto-nenne_2212","og_locale":"de_DE","og_type":"article","og_title":"Warum ich es Gersotto nenne - Nachgesalzen","og_description":"Der Winter naht. Jetzt wird es Zeit f\u00fcr Steinpilzgersotto mit Tomatenpesto und Via Aurelia. Umami pur &#8211; ganz breite Spur. Doch erst zum Namen: Wir kochen eine Zubereitung aus Gerste, in unseren Breiten vor vielen vielen Jahren eines der Hauptnahrungsmittel. W\u00fcrde ich auf die Speisekarte schreiben: Gerstenbrei mit so und so, dann klingt es nicht [&hellip;]","og_url":"https:\/\/blog.zeit.de\/nachgesalzen\/2009\/12\/03\/warum-ich-es-gersotto-nenne_2212","og_site_name":"Nachgesalzen","article_published_time":"2009-12-03T11:58:46+00:00","article_modified_time":"2009-12-04T12:15:50+00:00","og_image":[{"url":"https:\/\/blog.zeit.de\/nachgesalzen\/files\/2009\/12\/Gersotto-0011-540x405.jpg"}],"author":"J\u00fcrgen Koch","twitter_card":"summary_large_image","twitter_misc":{"Geschrieben von":"J\u00fcrgen Koch","Gesch\u00e4tzte Lesezeit":"2\u00a0Minuten"},"schema":{"@context":"https:\/\/schema.org","@graph":[{"@type":"WebPage","@id":"https:\/\/blog.zeit.de\/nachgesalzen\/2009\/12\/03\/warum-ich-es-gersotto-nenne_2212","url":"https:\/\/blog.zeit.de\/nachgesalzen\/2009\/12\/03\/warum-ich-es-gersotto-nenne_2212","name":"Warum ich es Gersotto nenne - Nachgesalzen","isPartOf":{"@id":"https:\/\/blog.zeit.de\/nachgesalzen\/#website"},"datePublished":"2009-12-03T11:58:46+00:00","dateModified":"2009-12-04T12:15:50+00:00","author":{"@id":"https:\/\/blog.zeit.de\/nachgesalzen\/#\/schema\/person\/2d40619a2ff1be49ac5a3f7721ff4ebb"},"breadcrumb":{"@id":"https:\/\/blog.zeit.de\/nachgesalzen\/2009\/12\/03\/warum-ich-es-gersotto-nenne_2212#breadcrumb"},"inLanguage":"de","potentialAction":[{"@type":"ReadAction","target":["https:\/\/blog.zeit.de\/nachgesalzen\/2009\/12\/03\/warum-ich-es-gersotto-nenne_2212"]}]},{"@type":"BreadcrumbList","@id":"https:\/\/blog.zeit.de\/nachgesalzen\/2009\/12\/03\/warum-ich-es-gersotto-nenne_2212#breadcrumb","itemListElement":[{"@type":"ListItem","position":1,"name":"Startseite","item":"https:\/\/blog.zeit.de\/nachgesalzen"},{"@type":"ListItem","position":2,"name":"Warum ich es Gersotto nenne"}]},{"@type":"WebSite","@id":"https:\/\/blog.zeit.de\/nachgesalzen\/#website","url":"https:\/\/blog.zeit.de\/nachgesalzen\/","name":"Nachgesalzen","description":"Das Blog der K\u00f6che, Gastronomen und Gourmets","potentialAction":[{"@type":"SearchAction","target":{"@type":"EntryPoint","urlTemplate":"https:\/\/blog.zeit.de\/nachgesalzen\/?s={search_term_string}"},"query-input":"required name=search_term_string"}],"inLanguage":"de"},{"@type":"Person","@id":"https:\/\/blog.zeit.de\/nachgesalzen\/#\/schema\/person\/2d40619a2ff1be49ac5a3f7721ff4ebb","name":"J\u00fcrgen Koch","image":{"@type":"ImageObject","inLanguage":"de","@id":"https:\/\/blog.zeit.de\/nachgesalzen\/#\/schema\/person\/image\/","url":"https:\/\/secure.gravatar.com\/avatar\/7a7f49fd210a238ff1c39e4b861f88661953618430272ce24be58b16daf2141f?s=96&d=mm&r=g","contentUrl":"https:\/\/secure.gravatar.com\/avatar\/7a7f49fd210a238ff1c39e4b861f88661953618430272ce24be58b16daf2141f?s=96&d=mm&r=g","caption":"J\u00fcrgen Koch"},"url":"https:\/\/blog.zeit.de\/nachgesalzen\/author\/juergen-koch"}]}},"jetpack_featured_media_url":"","jetpack_sharing_enabled":true,"_links":{"self":[{"href":"https:\/\/blog.zeit.de\/nachgesalzen\/wp-json\/wp\/v2\/posts\/2212","targetHints":{"allow":["GET"]}}],"collection":[{"href":"https:\/\/blog.zeit.de\/nachgesalzen\/wp-json\/wp\/v2\/posts"}],"about":[{"href":"https:\/\/blog.zeit.de\/nachgesalzen\/wp-json\/wp\/v2\/types\/post"}],"author":[{"embeddable":true,"href":"https:\/\/blog.zeit.de\/nachgesalzen\/wp-json\/wp\/v2\/users\/197"}],"replies":[{"embeddable":true,"href":"https:\/\/blog.zeit.de\/nachgesalzen\/wp-json\/wp\/v2\/comments?post=2212"}],"version-history":[{"count":0,"href":"https:\/\/blog.zeit.de\/nachgesalzen\/wp-json\/wp\/v2\/posts\/2212\/revisions"}],"wp:attachment":[{"href":"https:\/\/blog.zeit.de\/nachgesalzen\/wp-json\/wp\/v2\/media?parent=2212"}],"wp:term":[{"taxonomy":"category","embeddable":true,"href":"https:\/\/blog.zeit.de\/nachgesalzen\/wp-json\/wp\/v2\/categories?post=2212"},{"taxonomy":"post_tag","embeddable":true,"href":"https:\/\/blog.zeit.de\/nachgesalzen\/wp-json\/wp\/v2\/tags?post=2212"}],"curies":[{"name":"wp","href":"https:\/\/api.w.org\/{rel}","templated":true}]}}