{"id":23,"date":"2005-10-05T14:20:52","date_gmt":"2005-10-05T13:20:52","guid":{"rendered":"http:\/\/blog.zeit.de\/nachgesalzen\/2007\/03\/01\/lehrerschelte_23"},"modified":"2005-10-05T14:20:52","modified_gmt":"2005-10-05T13:20:52","slug":"lehrerschelte","status":"publish","type":"post","link":"https:\/\/blog.zeit.de\/nachgesalzen\/2005\/10\/05\/lehrerschelte_23","title":{"rendered":"Lehrerschelte"},"content":{"rendered":"<p>Seit meiner Kindheit ist es ein Ritual, dass ich schimpfe auf Lehrer. Zuerst f\u00fchlte ich mich als Genie verkannt, sp\u00e4ter war es der Neid wegen der Ferien.<\/p>\n<p>Gestern hatte ich einen Kochkurs gegeben und war hinterher so richtig fertig. Lehren strengt unglaublich an. Ich entschuldige mich nun in aller Form beim der Lehrerschaft f\u00fcr all die Schm\u00e4hungen der letzten Jahre. Gottseidank waren meine Kochsch\u00fcler bisher immer sehr sympathisch. Nie war ein Hardcore-Kocher, ein &#8222;Feinschmecker-Wettbewerbs-Gourmet&#8220; dabei. Diese Leute nerven ja unglaublich. Es geht ihnen eigentlich nur darum, im Bekanntenkreis den Larry raus zu h\u00e4ngen. Da dient das Kochen dem stolzen Ego und dem Status. Letztendlich funktioniert gl\u00fcckliches Kochen genau umgekehrt. Nicht um den eignen Ehrgeiz geht es, sondern darum, anderere gl\u00fccklich zu machen. Wie sagt mein Busenfreund immer, wenn er sich verabschiedet: &#8222;Muss nach Hause, meine Liebste f\u00fcttern!&#8220;<\/p>\n","protected":false},"excerpt":{"rendered":"<p>Seit meiner Kindheit ist es ein Ritual, dass ich schimpfe auf Lehrer. Zuerst f\u00fchlte ich mich als Genie verkannt, sp\u00e4ter war es der Neid wegen der Ferien. Gestern hatte ich einen Kochkurs gegeben und war hinterher so richtig fertig. Lehren strengt unglaublich an. Ich entschuldige mich nun in aller Form beim der Lehrerschaft f\u00fcr all [&hellip;]<\/p>\n","protected":false},"author":75,"featured_media":0,"comment_status":"open","ping_status":"closed","sticky":false,"template":"","format":"standard","meta":{"_jetpack_memberships_contains_paid_content":false,"footnotes":""},"categories":[752],"tags":[],"class_list":["post-23","post","type-post","status-publish","format-standard","hentry","category-sonstiges"],"yoast_head":"<!-- This site is optimized with the Yoast SEO plugin v21.0 - https:\/\/yoast.com\/wordpress\/plugins\/seo\/ -->\n<title>Lehrerschelte - Nachgesalzen<\/title>\n<meta name=\"robots\" content=\"index, follow, max-snippet:-1, max-image-preview:large, max-video-preview:-1\" \/>\n<link rel=\"canonical\" href=\"https:\/\/blog.zeit.de\/nachgesalzen\/2005\/10\/05\/lehrerschelte_23\" \/>\n<meta property=\"og:locale\" content=\"de_DE\" \/>\n<meta property=\"og:type\" content=\"article\" \/>\n<meta property=\"og:title\" content=\"Lehrerschelte - Nachgesalzen\" \/>\n<meta property=\"og:description\" content=\"Seit meiner Kindheit ist es ein Ritual, dass ich schimpfe auf Lehrer. Zuerst f\u00fchlte ich mich als Genie verkannt, sp\u00e4ter war es der Neid wegen der Ferien. Gestern hatte ich einen Kochkurs gegeben und war hinterher so richtig fertig. Lehren strengt unglaublich an. Ich entschuldige mich nun in aller Form beim der Lehrerschaft f\u00fcr all [&hellip;]\" \/>\n<meta property=\"og:url\" content=\"https:\/\/blog.zeit.de\/nachgesalzen\/2005\/10\/05\/lehrerschelte_23\" \/>\n<meta property=\"og:site_name\" content=\"Nachgesalzen\" \/>\n<meta property=\"article:published_time\" content=\"2005-10-05T13:20:52+00:00\" \/>\n<meta name=\"author\" content=\"Vincent Klink\" \/>\n<meta name=\"twitter:card\" content=\"summary_large_image\" \/>\n<meta name=\"twitter:label1\" content=\"Geschrieben von\" \/>\n\t<meta name=\"twitter:data1\" content=\"Vincent Klink\" \/>\n\t<meta name=\"twitter:label2\" content=\"Gesch\u00e4tzte Lesezeit\" \/>\n\t<meta name=\"twitter:data2\" content=\"1\u00a0Minute\" \/>\n<script type=\"application\/ld+json\" class=\"yoast-schema-graph\">{\"@context\":\"https:\/\/schema.org\",\"@graph\":[{\"@type\":\"WebPage\",\"@id\":\"https:\/\/blog.zeit.de\/nachgesalzen\/2005\/10\/05\/lehrerschelte_23\",\"url\":\"https:\/\/blog.zeit.de\/nachgesalzen\/2005\/10\/05\/lehrerschelte_23\",\"name\":\"Lehrerschelte - Nachgesalzen\",\"isPartOf\":{\"@id\":\"https:\/\/blog.zeit.de\/nachgesalzen\/#website\"},\"datePublished\":\"2005-10-05T13:20:52+00:00\",\"dateModified\":\"2005-10-05T13:20:52+00:00\",\"author\":{\"@id\":\"https:\/\/blog.zeit.de\/nachgesalzen\/#\/schema\/person\/cdd345c2d0a8458fe9af904889e544be\"},\"breadcrumb\":{\"@id\":\"https:\/\/blog.zeit.de\/nachgesalzen\/2005\/10\/05\/lehrerschelte_23#breadcrumb\"},\"inLanguage\":\"de\",\"potentialAction\":[{\"@type\":\"ReadAction\",\"target\":[\"https:\/\/blog.zeit.de\/nachgesalzen\/2005\/10\/05\/lehrerschelte_23\"]}]},{\"@type\":\"BreadcrumbList\",\"@id\":\"https:\/\/blog.zeit.de\/nachgesalzen\/2005\/10\/05\/lehrerschelte_23#breadcrumb\",\"itemListElement\":[{\"@type\":\"ListItem\",\"position\":1,\"name\":\"Startseite\",\"item\":\"https:\/\/blog.zeit.de\/nachgesalzen\"},{\"@type\":\"ListItem\",\"position\":2,\"name\":\"Lehrerschelte\"}]},{\"@type\":\"WebSite\",\"@id\":\"https:\/\/blog.zeit.de\/nachgesalzen\/#website\",\"url\":\"https:\/\/blog.zeit.de\/nachgesalzen\/\",\"name\":\"Nachgesalzen\",\"description\":\"Das Blog der K\u00f6che, Gastronomen und Gourmets\",\"potentialAction\":[{\"@type\":\"SearchAction\",\"target\":{\"@type\":\"EntryPoint\",\"urlTemplate\":\"https:\/\/blog.zeit.de\/nachgesalzen\/?s={search_term_string}\"},\"query-input\":\"required name=search_term_string\"}],\"inLanguage\":\"de\"},{\"@type\":\"Person\",\"@id\":\"https:\/\/blog.zeit.de\/nachgesalzen\/#\/schema\/person\/cdd345c2d0a8458fe9af904889e544be\",\"name\":\"Vincent Klink\",\"image\":{\"@type\":\"ImageObject\",\"inLanguage\":\"de\",\"@id\":\"https:\/\/blog.zeit.de\/nachgesalzen\/#\/schema\/person\/image\/\",\"url\":\"https:\/\/secure.gravatar.com\/avatar\/1180e1cf90a70886fd5b98037c8cf28c4d8c19aec023516f0d1c407dcc16a678?s=96&d=mm&r=g\",\"contentUrl\":\"https:\/\/secure.gravatar.com\/avatar\/1180e1cf90a70886fd5b98037c8cf28c4d8c19aec023516f0d1c407dcc16a678?s=96&d=mm&r=g\",\"caption\":\"Vincent Klink\"},\"url\":\"https:\/\/blog.zeit.de\/nachgesalzen\/author\/vincent-klink\"}]}<\/script>\n<!-- \/ Yoast SEO plugin. -->","yoast_head_json":{"title":"Lehrerschelte - Nachgesalzen","robots":{"index":"index","follow":"follow","max-snippet":"max-snippet:-1","max-image-preview":"max-image-preview:large","max-video-preview":"max-video-preview:-1"},"canonical":"https:\/\/blog.zeit.de\/nachgesalzen\/2005\/10\/05\/lehrerschelte_23","og_locale":"de_DE","og_type":"article","og_title":"Lehrerschelte - Nachgesalzen","og_description":"Seit meiner Kindheit ist es ein Ritual, dass ich schimpfe auf Lehrer. Zuerst f\u00fchlte ich mich als Genie verkannt, sp\u00e4ter war es der Neid wegen der Ferien. Gestern hatte ich einen Kochkurs gegeben und war hinterher so richtig fertig. Lehren strengt unglaublich an. Ich entschuldige mich nun in aller Form beim der Lehrerschaft f\u00fcr all [&hellip;]","og_url":"https:\/\/blog.zeit.de\/nachgesalzen\/2005\/10\/05\/lehrerschelte_23","og_site_name":"Nachgesalzen","article_published_time":"2005-10-05T13:20:52+00:00","author":"Vincent Klink","twitter_card":"summary_large_image","twitter_misc":{"Geschrieben von":"Vincent Klink","Gesch\u00e4tzte Lesezeit":"1\u00a0Minute"},"schema":{"@context":"https:\/\/schema.org","@graph":[{"@type":"WebPage","@id":"https:\/\/blog.zeit.de\/nachgesalzen\/2005\/10\/05\/lehrerschelte_23","url":"https:\/\/blog.zeit.de\/nachgesalzen\/2005\/10\/05\/lehrerschelte_23","name":"Lehrerschelte - Nachgesalzen","isPartOf":{"@id":"https:\/\/blog.zeit.de\/nachgesalzen\/#website"},"datePublished":"2005-10-05T13:20:52+00:00","dateModified":"2005-10-05T13:20:52+00:00","author":{"@id":"https:\/\/blog.zeit.de\/nachgesalzen\/#\/schema\/person\/cdd345c2d0a8458fe9af904889e544be"},"breadcrumb":{"@id":"https:\/\/blog.zeit.de\/nachgesalzen\/2005\/10\/05\/lehrerschelte_23#breadcrumb"},"inLanguage":"de","potentialAction":[{"@type":"ReadAction","target":["https:\/\/blog.zeit.de\/nachgesalzen\/2005\/10\/05\/lehrerschelte_23"]}]},{"@type":"BreadcrumbList","@id":"https:\/\/blog.zeit.de\/nachgesalzen\/2005\/10\/05\/lehrerschelte_23#breadcrumb","itemListElement":[{"@type":"ListItem","position":1,"name":"Startseite","item":"https:\/\/blog.zeit.de\/nachgesalzen"},{"@type":"ListItem","position":2,"name":"Lehrerschelte"}]},{"@type":"WebSite","@id":"https:\/\/blog.zeit.de\/nachgesalzen\/#website","url":"https:\/\/blog.zeit.de\/nachgesalzen\/","name":"Nachgesalzen","description":"Das Blog der K\u00f6che, Gastronomen und Gourmets","potentialAction":[{"@type":"SearchAction","target":{"@type":"EntryPoint","urlTemplate":"https:\/\/blog.zeit.de\/nachgesalzen\/?s={search_term_string}"},"query-input":"required name=search_term_string"}],"inLanguage":"de"},{"@type":"Person","@id":"https:\/\/blog.zeit.de\/nachgesalzen\/#\/schema\/person\/cdd345c2d0a8458fe9af904889e544be","name":"Vincent Klink","image":{"@type":"ImageObject","inLanguage":"de","@id":"https:\/\/blog.zeit.de\/nachgesalzen\/#\/schema\/person\/image\/","url":"https:\/\/secure.gravatar.com\/avatar\/1180e1cf90a70886fd5b98037c8cf28c4d8c19aec023516f0d1c407dcc16a678?s=96&d=mm&r=g","contentUrl":"https:\/\/secure.gravatar.com\/avatar\/1180e1cf90a70886fd5b98037c8cf28c4d8c19aec023516f0d1c407dcc16a678?s=96&d=mm&r=g","caption":"Vincent Klink"},"url":"https:\/\/blog.zeit.de\/nachgesalzen\/author\/vincent-klink"}]}},"jetpack_featured_media_url":"","jetpack_sharing_enabled":true,"_links":{"self":[{"href":"https:\/\/blog.zeit.de\/nachgesalzen\/wp-json\/wp\/v2\/posts\/23","targetHints":{"allow":["GET"]}}],"collection":[{"href":"https:\/\/blog.zeit.de\/nachgesalzen\/wp-json\/wp\/v2\/posts"}],"about":[{"href":"https:\/\/blog.zeit.de\/nachgesalzen\/wp-json\/wp\/v2\/types\/post"}],"author":[{"embeddable":true,"href":"https:\/\/blog.zeit.de\/nachgesalzen\/wp-json\/wp\/v2\/users\/75"}],"replies":[{"embeddable":true,"href":"https:\/\/blog.zeit.de\/nachgesalzen\/wp-json\/wp\/v2\/comments?post=23"}],"version-history":[{"count":0,"href":"https:\/\/blog.zeit.de\/nachgesalzen\/wp-json\/wp\/v2\/posts\/23\/revisions"}],"wp:attachment":[{"href":"https:\/\/blog.zeit.de\/nachgesalzen\/wp-json\/wp\/v2\/media?parent=23"}],"wp:term":[{"taxonomy":"category","embeddable":true,"href":"https:\/\/blog.zeit.de\/nachgesalzen\/wp-json\/wp\/v2\/categories?post=23"},{"taxonomy":"post_tag","embeddable":true,"href":"https:\/\/blog.zeit.de\/nachgesalzen\/wp-json\/wp\/v2\/tags?post=23"}],"curies":[{"name":"wp","href":"https:\/\/api.w.org\/{rel}","templated":true}]}}