{"id":2404,"date":"2009-12-30T09:39:39","date_gmt":"2009-12-30T08:39:39","guid":{"rendered":"http:\/\/blog.zeit.de\/nachgesalzen\/?p=2404"},"modified":"2009-12-30T09:39:39","modified_gmt":"2009-12-30T08:39:39","slug":"schweiztour","status":"publish","type":"post","link":"https:\/\/blog.zeit.de\/nachgesalzen\/2009\/12\/30\/schweiztour_2404","title":{"rendered":"Schweiztour"},"content":{"rendered":"<p>\u00dcber Weihnachten bin ich ein bisschen herumgegondelt. Zu Essen gab es bei der Schweiztour recht viel. Auch sonst konnte ich mir einiges einverleiben. <\/p>\n<p>Tierschutz Schweiz: Wie die Schweizer mit ihren Tieren, notabene mit gutem Fleisch umgehen, davon sind wir Deutschen mehrheitlich Lichtjahre entfernt. Schon klar, es ist ein kleines Land und manches spricht sich schneller herum. Als einst jemand einen Aufruf gegen K\u00e4figh\u00fchner startete, brauchte es daf\u00fcr keine Regierung und kein Gesetz. Innerhalb von Wochen kaufte niemand mehr die Qu\u00e4leier und das Problem war vom Tisch.<\/p>\n<p>Mich f\u00fchrte diesmal der Weg nach <a href=\"http:\/\/www.scuol.ch\/de\/welcome.cfm?v\"target=\"_blank\">Scuol<\/a> im Unterengadin. Dort entdeckte ich eine Metzgerei von Weltklasse. Sieht man sich die Homepage an, dann wei\u00df man, was ich meine: <a href=\"http:\/\/www.hatecke.ch \"target=\"_blank\">www.hatecke.ch <\/a><\/p>\n<p> Die Metzgerei nennt sich HATECKE und Ludwig Hatecke ist der sympathische Chef. Ein hochintelligenter, weitergereister Sch\u00f6ngeist, der aussieht, als w\u00fcrde er st\u00e4ndig Hollywoodangebote ablehnen.<\/p>\n<p><img loading=\"lazy\" decoding=\"async\" src=\"https:\/\/blog.zeit.de\/nachgesalzen\/files\/2009\/12\/hatecke.jpg\" alt=\"hatecke\" title=\"hatecke\" width=\"250\" height=\"333\" class=\"aligncenter size-full wp-image-2406\" srcset=\"https:\/\/blog.zeit.de\/nachgesalzen\/files\/2009\/12\/hatecke.jpg 250w, https:\/\/blog.zeit.de\/nachgesalzen\/files\/2009\/12\/hatecke-225x300.jpg 225w\" sizes=\"auto, (max-width: 250px) 100vw, 250px\" \/><\/p>\n<p>Mit meinem Handy habe ich die Theke aufgenommen. Vorne lagert Fleisch, unglaublich marmoriert und gepflegt pr\u00e4sentiert, dahinter kommen ungef\u00e4hr acht Sorten Wurst. Die Quertheke beherbergt die wahren Wunder der Metzgerei, n\u00e4mlich luftgetrocknete Spezialit\u00e4ten aus den Bergw\u00e4ldern des Unterengadins, oder beispielsweise B\u00fcndnerfleisch von Rindern aus dem Tal. <\/p>\n<p>Was bei uns Bio ist, k\u00f6nnte man im Engadin bei der Tierzucht als den Normalfall sehen. Einen gro\u00dfen Teil tragen die Verbraucher dazu bei. Eine Rote Wurst kostet selbst in einer Bergh\u00fctte 12 Franken, damit k\u00f6nnen alle gut leben, auch der Bauer und letztlich das Tier. \u00dcbrigens: acht Sorten Wust finde ich genug. Man denke an die Vielfalt des Brotes und was davon wirklich schmeckt.<\/p>\n","protected":false},"excerpt":{"rendered":"<p>\u00dcber Weihnachten bin ich ein bisschen herumgegondelt. Zu Essen gab es bei der Schweiztour recht viel. Auch sonst konnte ich mir einiges einverleiben. Tierschutz Schweiz: Wie die Schweizer mit ihren Tieren, notabene mit gutem Fleisch umgehen, davon sind wir Deutschen mehrheitlich Lichtjahre entfernt. Schon klar, es ist ein kleines Land und manches spricht sich schneller [&hellip;]<\/p>\n","protected":false},"author":75,"featured_media":0,"comment_status":"open","ping_status":"closed","sticky":false,"template":"","format":"standard","meta":{"_jetpack_memberships_contains_paid_content":false,"footnotes":""},"categories":[740,755],"tags":[],"class_list":["post-2404","post","type-post","status-publish","format-standard","hentry","category-fleisch","category-unterwegs"],"yoast_head":"<!-- This site is optimized with the Yoast SEO plugin v21.0 - https:\/\/yoast.com\/wordpress\/plugins\/seo\/ -->\n<title>Schweiztour - Nachgesalzen<\/title>\n<meta name=\"robots\" content=\"index, follow, max-snippet:-1, max-image-preview:large, max-video-preview:-1\" \/>\n<link rel=\"canonical\" href=\"https:\/\/blog.zeit.de\/nachgesalzen\/2009\/12\/30\/schweiztour_2404\" \/>\n<meta property=\"og:locale\" content=\"de_DE\" \/>\n<meta property=\"og:type\" content=\"article\" \/>\n<meta property=\"og:title\" content=\"Schweiztour - Nachgesalzen\" \/>\n<meta property=\"og:description\" content=\"\u00dcber Weihnachten bin ich ein bisschen herumgegondelt. Zu Essen gab es bei der Schweiztour recht viel. Auch sonst konnte ich mir einiges einverleiben. Tierschutz Schweiz: Wie die Schweizer mit ihren Tieren, notabene mit gutem Fleisch umgehen, davon sind wir Deutschen mehrheitlich Lichtjahre entfernt. Schon klar, es ist ein kleines Land und manches spricht sich schneller [&hellip;]\" \/>\n<meta property=\"og:url\" content=\"https:\/\/blog.zeit.de\/nachgesalzen\/2009\/12\/30\/schweiztour_2404\" \/>\n<meta property=\"og:site_name\" content=\"Nachgesalzen\" \/>\n<meta property=\"article:published_time\" content=\"2009-12-30T08:39:39+00:00\" \/>\n<meta property=\"og:image\" content=\"https:\/\/blog.zeit.de\/nachgesalzen\/files\/2009\/12\/hatecke.jpg\" \/>\n<meta name=\"author\" content=\"Vincent Klink\" \/>\n<meta name=\"twitter:card\" content=\"summary_large_image\" \/>\n<meta name=\"twitter:label1\" content=\"Geschrieben von\" \/>\n\t<meta name=\"twitter:data1\" content=\"Vincent Klink\" \/>\n\t<meta name=\"twitter:label2\" content=\"Gesch\u00e4tzte Lesezeit\" \/>\n\t<meta name=\"twitter:data2\" content=\"1\u00a0Minute\" \/>\n<script type=\"application\/ld+json\" class=\"yoast-schema-graph\">{\"@context\":\"https:\/\/schema.org\",\"@graph\":[{\"@type\":\"WebPage\",\"@id\":\"https:\/\/blog.zeit.de\/nachgesalzen\/2009\/12\/30\/schweiztour_2404\",\"url\":\"https:\/\/blog.zeit.de\/nachgesalzen\/2009\/12\/30\/schweiztour_2404\",\"name\":\"Schweiztour - Nachgesalzen\",\"isPartOf\":{\"@id\":\"https:\/\/blog.zeit.de\/nachgesalzen\/#website\"},\"datePublished\":\"2009-12-30T08:39:39+00:00\",\"dateModified\":\"2009-12-30T08:39:39+00:00\",\"author\":{\"@id\":\"https:\/\/blog.zeit.de\/nachgesalzen\/#\/schema\/person\/cdd345c2d0a8458fe9af904889e544be\"},\"breadcrumb\":{\"@id\":\"https:\/\/blog.zeit.de\/nachgesalzen\/2009\/12\/30\/schweiztour_2404#breadcrumb\"},\"inLanguage\":\"de\",\"potentialAction\":[{\"@type\":\"ReadAction\",\"target\":[\"https:\/\/blog.zeit.de\/nachgesalzen\/2009\/12\/30\/schweiztour_2404\"]}]},{\"@type\":\"BreadcrumbList\",\"@id\":\"https:\/\/blog.zeit.de\/nachgesalzen\/2009\/12\/30\/schweiztour_2404#breadcrumb\",\"itemListElement\":[{\"@type\":\"ListItem\",\"position\":1,\"name\":\"Startseite\",\"item\":\"https:\/\/blog.zeit.de\/nachgesalzen\"},{\"@type\":\"ListItem\",\"position\":2,\"name\":\"Schweiztour\"}]},{\"@type\":\"WebSite\",\"@id\":\"https:\/\/blog.zeit.de\/nachgesalzen\/#website\",\"url\":\"https:\/\/blog.zeit.de\/nachgesalzen\/\",\"name\":\"Nachgesalzen\",\"description\":\"Das Blog der K\u00f6che, Gastronomen und Gourmets\",\"potentialAction\":[{\"@type\":\"SearchAction\",\"target\":{\"@type\":\"EntryPoint\",\"urlTemplate\":\"https:\/\/blog.zeit.de\/nachgesalzen\/?s={search_term_string}\"},\"query-input\":\"required name=search_term_string\"}],\"inLanguage\":\"de\"},{\"@type\":\"Person\",\"@id\":\"https:\/\/blog.zeit.de\/nachgesalzen\/#\/schema\/person\/cdd345c2d0a8458fe9af904889e544be\",\"name\":\"Vincent Klink\",\"image\":{\"@type\":\"ImageObject\",\"inLanguage\":\"de\",\"@id\":\"https:\/\/blog.zeit.de\/nachgesalzen\/#\/schema\/person\/image\/\",\"url\":\"https:\/\/secure.gravatar.com\/avatar\/1180e1cf90a70886fd5b98037c8cf28c4d8c19aec023516f0d1c407dcc16a678?s=96&d=mm&r=g\",\"contentUrl\":\"https:\/\/secure.gravatar.com\/avatar\/1180e1cf90a70886fd5b98037c8cf28c4d8c19aec023516f0d1c407dcc16a678?s=96&d=mm&r=g\",\"caption\":\"Vincent Klink\"},\"url\":\"https:\/\/blog.zeit.de\/nachgesalzen\/author\/vincent-klink\"}]}<\/script>\n<!-- \/ Yoast SEO plugin. -->","yoast_head_json":{"title":"Schweiztour - Nachgesalzen","robots":{"index":"index","follow":"follow","max-snippet":"max-snippet:-1","max-image-preview":"max-image-preview:large","max-video-preview":"max-video-preview:-1"},"canonical":"https:\/\/blog.zeit.de\/nachgesalzen\/2009\/12\/30\/schweiztour_2404","og_locale":"de_DE","og_type":"article","og_title":"Schweiztour - Nachgesalzen","og_description":"\u00dcber Weihnachten bin ich ein bisschen herumgegondelt. Zu Essen gab es bei der Schweiztour recht viel. Auch sonst konnte ich mir einiges einverleiben. Tierschutz Schweiz: Wie die Schweizer mit ihren Tieren, notabene mit gutem Fleisch umgehen, davon sind wir Deutschen mehrheitlich Lichtjahre entfernt. Schon klar, es ist ein kleines Land und manches spricht sich schneller [&hellip;]","og_url":"https:\/\/blog.zeit.de\/nachgesalzen\/2009\/12\/30\/schweiztour_2404","og_site_name":"Nachgesalzen","article_published_time":"2009-12-30T08:39:39+00:00","og_image":[{"url":"https:\/\/blog.zeit.de\/nachgesalzen\/files\/2009\/12\/hatecke.jpg"}],"author":"Vincent Klink","twitter_card":"summary_large_image","twitter_misc":{"Geschrieben von":"Vincent Klink","Gesch\u00e4tzte Lesezeit":"1\u00a0Minute"},"schema":{"@context":"https:\/\/schema.org","@graph":[{"@type":"WebPage","@id":"https:\/\/blog.zeit.de\/nachgesalzen\/2009\/12\/30\/schweiztour_2404","url":"https:\/\/blog.zeit.de\/nachgesalzen\/2009\/12\/30\/schweiztour_2404","name":"Schweiztour - Nachgesalzen","isPartOf":{"@id":"https:\/\/blog.zeit.de\/nachgesalzen\/#website"},"datePublished":"2009-12-30T08:39:39+00:00","dateModified":"2009-12-30T08:39:39+00:00","author":{"@id":"https:\/\/blog.zeit.de\/nachgesalzen\/#\/schema\/person\/cdd345c2d0a8458fe9af904889e544be"},"breadcrumb":{"@id":"https:\/\/blog.zeit.de\/nachgesalzen\/2009\/12\/30\/schweiztour_2404#breadcrumb"},"inLanguage":"de","potentialAction":[{"@type":"ReadAction","target":["https:\/\/blog.zeit.de\/nachgesalzen\/2009\/12\/30\/schweiztour_2404"]}]},{"@type":"BreadcrumbList","@id":"https:\/\/blog.zeit.de\/nachgesalzen\/2009\/12\/30\/schweiztour_2404#breadcrumb","itemListElement":[{"@type":"ListItem","position":1,"name":"Startseite","item":"https:\/\/blog.zeit.de\/nachgesalzen"},{"@type":"ListItem","position":2,"name":"Schweiztour"}]},{"@type":"WebSite","@id":"https:\/\/blog.zeit.de\/nachgesalzen\/#website","url":"https:\/\/blog.zeit.de\/nachgesalzen\/","name":"Nachgesalzen","description":"Das Blog der K\u00f6che, Gastronomen und Gourmets","potentialAction":[{"@type":"SearchAction","target":{"@type":"EntryPoint","urlTemplate":"https:\/\/blog.zeit.de\/nachgesalzen\/?s={search_term_string}"},"query-input":"required name=search_term_string"}],"inLanguage":"de"},{"@type":"Person","@id":"https:\/\/blog.zeit.de\/nachgesalzen\/#\/schema\/person\/cdd345c2d0a8458fe9af904889e544be","name":"Vincent Klink","image":{"@type":"ImageObject","inLanguage":"de","@id":"https:\/\/blog.zeit.de\/nachgesalzen\/#\/schema\/person\/image\/","url":"https:\/\/secure.gravatar.com\/avatar\/1180e1cf90a70886fd5b98037c8cf28c4d8c19aec023516f0d1c407dcc16a678?s=96&d=mm&r=g","contentUrl":"https:\/\/secure.gravatar.com\/avatar\/1180e1cf90a70886fd5b98037c8cf28c4d8c19aec023516f0d1c407dcc16a678?s=96&d=mm&r=g","caption":"Vincent Klink"},"url":"https:\/\/blog.zeit.de\/nachgesalzen\/author\/vincent-klink"}]}},"jetpack_featured_media_url":"","jetpack_sharing_enabled":true,"_links":{"self":[{"href":"https:\/\/blog.zeit.de\/nachgesalzen\/wp-json\/wp\/v2\/posts\/2404","targetHints":{"allow":["GET"]}}],"collection":[{"href":"https:\/\/blog.zeit.de\/nachgesalzen\/wp-json\/wp\/v2\/posts"}],"about":[{"href":"https:\/\/blog.zeit.de\/nachgesalzen\/wp-json\/wp\/v2\/types\/post"}],"author":[{"embeddable":true,"href":"https:\/\/blog.zeit.de\/nachgesalzen\/wp-json\/wp\/v2\/users\/75"}],"replies":[{"embeddable":true,"href":"https:\/\/blog.zeit.de\/nachgesalzen\/wp-json\/wp\/v2\/comments?post=2404"}],"version-history":[{"count":0,"href":"https:\/\/blog.zeit.de\/nachgesalzen\/wp-json\/wp\/v2\/posts\/2404\/revisions"}],"wp:attachment":[{"href":"https:\/\/blog.zeit.de\/nachgesalzen\/wp-json\/wp\/v2\/media?parent=2404"}],"wp:term":[{"taxonomy":"category","embeddable":true,"href":"https:\/\/blog.zeit.de\/nachgesalzen\/wp-json\/wp\/v2\/categories?post=2404"},{"taxonomy":"post_tag","embeddable":true,"href":"https:\/\/blog.zeit.de\/nachgesalzen\/wp-json\/wp\/v2\/tags?post=2404"}],"curies":[{"name":"wp","href":"https:\/\/api.w.org\/{rel}","templated":true}]}}