{"id":2500,"date":"2010-02-01T19:38:26","date_gmt":"2010-02-01T18:38:26","guid":{"rendered":"http:\/\/blog.zeit.de\/nachgesalzen\/?p=2500"},"modified":"2010-02-03T11:34:13","modified_gmt":"2010-02-03T10:34:13","slug":"schwarzwurzeln","status":"publish","type":"post","link":"https:\/\/blog.zeit.de\/nachgesalzen\/2010\/02\/01\/schwarzwurzeln_2500","title":{"rendered":"Schwarzwurzeln"},"content":{"rendered":"<p><a rel=\"attachment wp-att-2501\" href=\"https:\/\/blog.zeit.de\/nachgesalzen\/2010\/02\/01\/schwarzwurzeln_2500\/schwarzwurzeln\"><img loading=\"lazy\" decoding=\"async\" class=\"aligncenter size-full wp-image-2501\" title=\"Schwarzwurzeln\" src=\"https:\/\/blog.zeit.de\/nachgesalzen\/files\/2010\/02\/Schwarzwurzeln.jpg\" alt=\"\" width=\"540\" height=\"304\" srcset=\"https:\/\/blog.zeit.de\/nachgesalzen\/files\/2010\/02\/Schwarzwurzeln.jpg 540w, https:\/\/blog.zeit.de\/nachgesalzen\/files\/2010\/02\/Schwarzwurzeln-300x168.jpg 300w\" sizes=\"auto, (max-width: 540px) 100vw, 540px\" \/><\/a><\/p>\n<p>Die Schwarzwurzel ist ein Gem\u00fcse, das sich in der deutschen und d\u00e4nischen K\u00fcche bis jetzt noch nicht so fest etablieren konnte.<br \/>\nEin erdiges und m\u00fchsam zuzubereitendes Gem\u00fcse. Aber ihr m\u00fcsst es ja Gott sei Dank nicht wegen des Namens essen, sondern weil es ganz speziell und besonders fantastisch schmeckt!<\/p>\n<p>Die Schwarzwurzel hat eine bis zu 30 cm lange, wei\u00dfe, knollige Wurzel mit einer schwarz-braunen Borke.<br \/>\nDie Pflanze \u00fcberwintert und bildet im zweiten Jahr eine Bl\u00fcte, im Gegensatz zu anderem Gem\u00fcse kann man die Wurzel jedoch auch im zweiten Jahr noch verwenden. Sie enth\u00e4lt keine St\u00e4rke, sondern Inulin, welches ein Kohlenhydrat ist \u2013 dies ist in erster Linie durch Fruchtzucker aufgebaut und der Verdauung sehr f\u00f6rderlich. Die Schwarzwurzel beinhaltet nur wenig Glucose, was sie dadurch sehr interessant f\u00fcr Diabetiker macht.<\/p>\n<p>Doch unsere guten Schwarzwurzeln wissen nicht so wirklich, was sie wert sind. &#8222;Arme Leute-Spargel&#8220; hat man sie genannt. Dabei geht es weniger um Geld, sondern um den zu betreibenden Aufwand, wenn man sich in ein Schwarzwurzel-Abenteuer begeben m\u00f6chte.<br \/>\nIn erster Linie ist da viel Erde und darin befindet sich eine Wurzel. Man fragt sich, was man eigentlich alles mit all dieser Erde machen soll?<br \/>\nSchwarzwurzeln sind der ultimative Test, wie \u201einconvenient\u201c ein Lebensmittel sein kann. <strong>Sie schaffen es, in jeder K\u00fcche Chaos zu stiften<\/strong>, die mitgef\u00fchrte Erde breitet sich aus wie ein unaufhaltsamer Lavastrom. Jedoch, wenn du es schaffst, die Wurzeln zu putzen und zu sch\u00e4len, ohne dass dein Abfluss verstopft, und ohne dass du deine K\u00fcche neu streichen musst, erwartet dich jede Menge Geschmack!<\/p>\n<p>Es ist die gute, ein wenig teure Erfahrung: am Ende vergisst du den Preis, erinnerst dich aber an das tolle Geschmackserlebnis. Alles in allem musst du dich einfach ins kalte Wasser st\u00fcrzen \u2013 waschen \u2013 sch\u00e4len \u2013 sp\u00fclen \u2013 schneiden und geniiiiiie\u00dfen.<\/p>\n<p>Am Ende vergisst du hoffentlich all die Arbeit und erinnerst dich nur an das Gute. Vielleicht habe ich hier eine Anregung gegeben, sich mal wieder in das Abenteuer zu wagen. Hier ein paar Rezepte, zwei weitere meiner Schwarzwurzel-Rezepte findet ihr auf meiner Seite:<br \/>\n<a href=\"http:\/\/de.aarstiderne.com\/rezepte\/Recept\/gebackene-schwarzwurzel-mit-clementinen-und-mohn.aspx\">Gebackene Schwarzwurzeln mit Clementinen und Mohn<\/a><br \/>\nund<br \/>\n<a href=\"http:\/\/de.aarstiderne.com\/rezepte\/Recept\/eingelegte-schwarzwurzeln-mit-austernpilze-und-lime.aspx\">selbst eingelegte Schwarzwurzeln mit Austernpilzen und Lime<\/a><\/p>\n<p>Viel Spa\u00df beim Ausprobieren<br \/>\nGr\u00fc\u00dfe, Thomas<\/p>\n<p><strong>Gebratene Schwarzwurzeln mit Zitrus und Kapern <\/strong><br \/>\nAls Beilage f\u00fcr 4 Personen \u2013 Zubereitungszeit ca. 20 Minuten<\/p>\n<p>1 Bund oder Beutel Schwarzwurzeln<br \/>\nWasser<br \/>\nSaft und Schale von einer Zitrone<br \/>\n2 El. Raps\u00f6l<br \/>\nSalz und schwarzer gesto\u00dfener Pfeffer<br \/>\n2 El. Kapern<\/p>\n<p>Sch\u00e4le die Wurzeln und schneide sie dann schr\u00e4g in 2 cm gro\u00dfe St\u00fccke. Diese sofort in Wasser mit Zitronensaft legen, damit sie nicht braun anlaufen.<br \/>\nEin wenig \u00d6l in einer Pfanne erhitzen, die abgetropften Wurzeln dazugeben und so lange schwenken, bis sie golden und leicht gar sind.<br \/>\nGeriebene Zitronenschale und Saft \u00fcber die Wurzeln geben, ein wenig einkochen lassen, Kapern dazugeben und mit Salz und Pfeffer abschmecken.<br \/>\nAnrichten und zu ged\u00fcnstetem oder gebratenem Fisch servieren.<\/p>\n<p><strong>Schwarzwurzeln in Vinaigrette<\/strong><br \/>\nF\u00fcr 4 Personen als Vorspeise oder Zubeh\u00f6r. Zubereitungszeit ca. 25 Minuten<\/p>\n<p>\u00bd Zitrone<br \/>\n8 hart gekochte Eier<br \/>\n100g Schalotten<br \/>\n1 kleines Bund Kr\u00e4uter, z.B. Estragon, Kerbel oder Petersilie<br \/>\n4 EL Oliven\u00f6l<br \/>\n500 g Schwarzwurzeln<br \/>\n4 El. Kapern<br \/>\n4 El. Weinessig<\/p>\n<p>Die Schalotten fein schneiden und mit Kapern, Essig, \u00d6l und Kr\u00e4uter vermengen. Das Dressing mit Meersalz und frisch gemahlenem schwarzem Pfeffer abschmecken. Die hart gekochten Eier hacken und mit dem Dressing vermischen.<br \/>\nDie Schwarzwurzeln waschen, sch\u00e4len und in ca. 5cm lange St\u00e4bchen schneiden. In kochendes, leicht gesalzenes Wasser mit Zitronensaft geben und 5 Minuten k\u00f6cheln lassen.<br \/>\nDas Wasser abgie\u00dfen und die Schwarzwurzeln auf einem Teller anrichten. Das Dressing dar\u00fcber geben und das Gericht lauwarm, mit frisch gebackenem kaltem oder noch warmen Weizenbrot servieren.<\/p>\n","protected":false},"excerpt":{"rendered":"<p>Die Schwarzwurzel ist ein Gem\u00fcse, das sich in der deutschen und d\u00e4nischen K\u00fcche bis jetzt noch nicht so fest etablieren konnte. Ein erdiges und m\u00fchsam zuzubereitendes Gem\u00fcse. Aber ihr m\u00fcsst es ja Gott sei Dank nicht wegen des Namens essen, sondern weil es ganz speziell und besonders fantastisch schmeckt! Die Schwarzwurzel hat eine bis zu [&hellip;]<\/p>\n","protected":false},"author":201,"featured_media":0,"comment_status":"open","ping_status":"closed","sticky":false,"template":"","format":"standard","meta":{"_jetpack_memberships_contains_paid_content":false,"footnotes":""},"categories":[749,750],"tags":[],"class_list":["post-2500","post","type-post","status-publish","format-standard","hentry","category-obst-und-gemuse","category-rezepte"],"yoast_head":"<!-- This site is optimized with the Yoast SEO plugin v21.0 - https:\/\/yoast.com\/wordpress\/plugins\/seo\/ -->\n<title>Schwarzwurzeln - Nachgesalzen<\/title>\n<meta name=\"robots\" content=\"index, follow, max-snippet:-1, max-image-preview:large, max-video-preview:-1\" \/>\n<link rel=\"canonical\" href=\"https:\/\/blog.zeit.de\/nachgesalzen\/2010\/02\/01\/schwarzwurzeln_2500\" \/>\n<meta property=\"og:locale\" content=\"de_DE\" \/>\n<meta property=\"og:type\" content=\"article\" \/>\n<meta property=\"og:title\" content=\"Schwarzwurzeln - Nachgesalzen\" \/>\n<meta property=\"og:description\" content=\"Die Schwarzwurzel ist ein Gem\u00fcse, das sich in der deutschen und d\u00e4nischen K\u00fcche bis jetzt noch nicht so fest etablieren konnte. Ein erdiges und m\u00fchsam zuzubereitendes Gem\u00fcse. Aber ihr m\u00fcsst es ja Gott sei Dank nicht wegen des Namens essen, sondern weil es ganz speziell und besonders fantastisch schmeckt! Die Schwarzwurzel hat eine bis zu [&hellip;]\" \/>\n<meta property=\"og:url\" content=\"https:\/\/blog.zeit.de\/nachgesalzen\/2010\/02\/01\/schwarzwurzeln_2500\" \/>\n<meta property=\"og:site_name\" content=\"Nachgesalzen\" \/>\n<meta property=\"article:published_time\" content=\"2010-02-01T18:38:26+00:00\" \/>\n<meta property=\"article:modified_time\" content=\"2010-02-03T10:34:13+00:00\" \/>\n<meta property=\"og:image\" content=\"https:\/\/blog.zeit.de\/nachgesalzen\/files\/2010\/02\/Schwarzwurzeln.jpg\" \/>\n<meta name=\"author\" content=\"Thomas Hess-Nielsen\" \/>\n<meta name=\"twitter:card\" content=\"summary_large_image\" \/>\n<meta name=\"twitter:label1\" content=\"Geschrieben von\" \/>\n\t<meta name=\"twitter:data1\" content=\"Thomas Hess-Nielsen\" \/>\n\t<meta name=\"twitter:label2\" content=\"Gesch\u00e4tzte Lesezeit\" \/>\n\t<meta name=\"twitter:data2\" content=\"3\u00a0Minuten\" \/>\n<script type=\"application\/ld+json\" class=\"yoast-schema-graph\">{\"@context\":\"https:\/\/schema.org\",\"@graph\":[{\"@type\":\"WebPage\",\"@id\":\"https:\/\/blog.zeit.de\/nachgesalzen\/2010\/02\/01\/schwarzwurzeln_2500\",\"url\":\"https:\/\/blog.zeit.de\/nachgesalzen\/2010\/02\/01\/schwarzwurzeln_2500\",\"name\":\"Schwarzwurzeln - Nachgesalzen\",\"isPartOf\":{\"@id\":\"https:\/\/blog.zeit.de\/nachgesalzen\/#website\"},\"datePublished\":\"2010-02-01T18:38:26+00:00\",\"dateModified\":\"2010-02-03T10:34:13+00:00\",\"author\":{\"@id\":\"https:\/\/blog.zeit.de\/nachgesalzen\/#\/schema\/person\/aa0370c61320358cebffdc4b1b41f750\"},\"breadcrumb\":{\"@id\":\"https:\/\/blog.zeit.de\/nachgesalzen\/2010\/02\/01\/schwarzwurzeln_2500#breadcrumb\"},\"inLanguage\":\"de\",\"potentialAction\":[{\"@type\":\"ReadAction\",\"target\":[\"https:\/\/blog.zeit.de\/nachgesalzen\/2010\/02\/01\/schwarzwurzeln_2500\"]}]},{\"@type\":\"BreadcrumbList\",\"@id\":\"https:\/\/blog.zeit.de\/nachgesalzen\/2010\/02\/01\/schwarzwurzeln_2500#breadcrumb\",\"itemListElement\":[{\"@type\":\"ListItem\",\"position\":1,\"name\":\"Startseite\",\"item\":\"https:\/\/blog.zeit.de\/nachgesalzen\"},{\"@type\":\"ListItem\",\"position\":2,\"name\":\"Schwarzwurzeln\"}]},{\"@type\":\"WebSite\",\"@id\":\"https:\/\/blog.zeit.de\/nachgesalzen\/#website\",\"url\":\"https:\/\/blog.zeit.de\/nachgesalzen\/\",\"name\":\"Nachgesalzen\",\"description\":\"Das Blog der K\u00f6che, Gastronomen und Gourmets\",\"potentialAction\":[{\"@type\":\"SearchAction\",\"target\":{\"@type\":\"EntryPoint\",\"urlTemplate\":\"https:\/\/blog.zeit.de\/nachgesalzen\/?s={search_term_string}\"},\"query-input\":\"required name=search_term_string\"}],\"inLanguage\":\"de\"},{\"@type\":\"Person\",\"@id\":\"https:\/\/blog.zeit.de\/nachgesalzen\/#\/schema\/person\/aa0370c61320358cebffdc4b1b41f750\",\"name\":\"Thomas Hess-Nielsen\",\"image\":{\"@type\":\"ImageObject\",\"inLanguage\":\"de\",\"@id\":\"https:\/\/blog.zeit.de\/nachgesalzen\/#\/schema\/person\/image\/\",\"url\":\"https:\/\/secure.gravatar.com\/avatar\/39594d801053620154f065d3b15b4d9c5bdb4992ba8219241d61f5251bf3fddd?s=96&d=mm&r=g\",\"contentUrl\":\"https:\/\/secure.gravatar.com\/avatar\/39594d801053620154f065d3b15b4d9c5bdb4992ba8219241d61f5251bf3fddd?s=96&d=mm&r=g\",\"caption\":\"Thomas Hess-Nielsen\"},\"url\":\"https:\/\/blog.zeit.de\/nachgesalzen\/author\/thomas-hess-nielsen\"}]}<\/script>\n<!-- \/ Yoast SEO plugin. -->","yoast_head_json":{"title":"Schwarzwurzeln - Nachgesalzen","robots":{"index":"index","follow":"follow","max-snippet":"max-snippet:-1","max-image-preview":"max-image-preview:large","max-video-preview":"max-video-preview:-1"},"canonical":"https:\/\/blog.zeit.de\/nachgesalzen\/2010\/02\/01\/schwarzwurzeln_2500","og_locale":"de_DE","og_type":"article","og_title":"Schwarzwurzeln - Nachgesalzen","og_description":"Die Schwarzwurzel ist ein Gem\u00fcse, das sich in der deutschen und d\u00e4nischen K\u00fcche bis jetzt noch nicht so fest etablieren konnte. Ein erdiges und m\u00fchsam zuzubereitendes Gem\u00fcse. Aber ihr m\u00fcsst es ja Gott sei Dank nicht wegen des Namens essen, sondern weil es ganz speziell und besonders fantastisch schmeckt! Die Schwarzwurzel hat eine bis zu [&hellip;]","og_url":"https:\/\/blog.zeit.de\/nachgesalzen\/2010\/02\/01\/schwarzwurzeln_2500","og_site_name":"Nachgesalzen","article_published_time":"2010-02-01T18:38:26+00:00","article_modified_time":"2010-02-03T10:34:13+00:00","og_image":[{"url":"https:\/\/blog.zeit.de\/nachgesalzen\/files\/2010\/02\/Schwarzwurzeln.jpg"}],"author":"Thomas Hess-Nielsen","twitter_card":"summary_large_image","twitter_misc":{"Geschrieben von":"Thomas Hess-Nielsen","Gesch\u00e4tzte Lesezeit":"3\u00a0Minuten"},"schema":{"@context":"https:\/\/schema.org","@graph":[{"@type":"WebPage","@id":"https:\/\/blog.zeit.de\/nachgesalzen\/2010\/02\/01\/schwarzwurzeln_2500","url":"https:\/\/blog.zeit.de\/nachgesalzen\/2010\/02\/01\/schwarzwurzeln_2500","name":"Schwarzwurzeln - Nachgesalzen","isPartOf":{"@id":"https:\/\/blog.zeit.de\/nachgesalzen\/#website"},"datePublished":"2010-02-01T18:38:26+00:00","dateModified":"2010-02-03T10:34:13+00:00","author":{"@id":"https:\/\/blog.zeit.de\/nachgesalzen\/#\/schema\/person\/aa0370c61320358cebffdc4b1b41f750"},"breadcrumb":{"@id":"https:\/\/blog.zeit.de\/nachgesalzen\/2010\/02\/01\/schwarzwurzeln_2500#breadcrumb"},"inLanguage":"de","potentialAction":[{"@type":"ReadAction","target":["https:\/\/blog.zeit.de\/nachgesalzen\/2010\/02\/01\/schwarzwurzeln_2500"]}]},{"@type":"BreadcrumbList","@id":"https:\/\/blog.zeit.de\/nachgesalzen\/2010\/02\/01\/schwarzwurzeln_2500#breadcrumb","itemListElement":[{"@type":"ListItem","position":1,"name":"Startseite","item":"https:\/\/blog.zeit.de\/nachgesalzen"},{"@type":"ListItem","position":2,"name":"Schwarzwurzeln"}]},{"@type":"WebSite","@id":"https:\/\/blog.zeit.de\/nachgesalzen\/#website","url":"https:\/\/blog.zeit.de\/nachgesalzen\/","name":"Nachgesalzen","description":"Das Blog der K\u00f6che, Gastronomen und Gourmets","potentialAction":[{"@type":"SearchAction","target":{"@type":"EntryPoint","urlTemplate":"https:\/\/blog.zeit.de\/nachgesalzen\/?s={search_term_string}"},"query-input":"required name=search_term_string"}],"inLanguage":"de"},{"@type":"Person","@id":"https:\/\/blog.zeit.de\/nachgesalzen\/#\/schema\/person\/aa0370c61320358cebffdc4b1b41f750","name":"Thomas Hess-Nielsen","image":{"@type":"ImageObject","inLanguage":"de","@id":"https:\/\/blog.zeit.de\/nachgesalzen\/#\/schema\/person\/image\/","url":"https:\/\/secure.gravatar.com\/avatar\/39594d801053620154f065d3b15b4d9c5bdb4992ba8219241d61f5251bf3fddd?s=96&d=mm&r=g","contentUrl":"https:\/\/secure.gravatar.com\/avatar\/39594d801053620154f065d3b15b4d9c5bdb4992ba8219241d61f5251bf3fddd?s=96&d=mm&r=g","caption":"Thomas Hess-Nielsen"},"url":"https:\/\/blog.zeit.de\/nachgesalzen\/author\/thomas-hess-nielsen"}]}},"jetpack_featured_media_url":"","jetpack_sharing_enabled":true,"_links":{"self":[{"href":"https:\/\/blog.zeit.de\/nachgesalzen\/wp-json\/wp\/v2\/posts\/2500","targetHints":{"allow":["GET"]}}],"collection":[{"href":"https:\/\/blog.zeit.de\/nachgesalzen\/wp-json\/wp\/v2\/posts"}],"about":[{"href":"https:\/\/blog.zeit.de\/nachgesalzen\/wp-json\/wp\/v2\/types\/post"}],"author":[{"embeddable":true,"href":"https:\/\/blog.zeit.de\/nachgesalzen\/wp-json\/wp\/v2\/users\/201"}],"replies":[{"embeddable":true,"href":"https:\/\/blog.zeit.de\/nachgesalzen\/wp-json\/wp\/v2\/comments?post=2500"}],"version-history":[{"count":0,"href":"https:\/\/blog.zeit.de\/nachgesalzen\/wp-json\/wp\/v2\/posts\/2500\/revisions"}],"wp:attachment":[{"href":"https:\/\/blog.zeit.de\/nachgesalzen\/wp-json\/wp\/v2\/media?parent=2500"}],"wp:term":[{"taxonomy":"category","embeddable":true,"href":"https:\/\/blog.zeit.de\/nachgesalzen\/wp-json\/wp\/v2\/categories?post=2500"},{"taxonomy":"post_tag","embeddable":true,"href":"https:\/\/blog.zeit.de\/nachgesalzen\/wp-json\/wp\/v2\/tags?post=2500"}],"curies":[{"name":"wp","href":"https:\/\/api.w.org\/{rel}","templated":true}]}}