{"id":354,"date":"2007-08-25T06:42:17","date_gmt":"2007-08-25T05:42:17","guid":{"rendered":"http:\/\/blog.zeit.de\/nachgesalzen\/2007\/08\/25\/markttag-in-dijon_354"},"modified":"2007-08-25T06:42:17","modified_gmt":"2007-08-25T05:42:17","slug":"markttag-in-dijon","status":"publish","type":"post","link":"https:\/\/blog.zeit.de\/nachgesalzen\/2007\/08\/25\/markttag-in-dijon_354","title":{"rendered":"Markttag in Dijon"},"content":{"rendered":"<p>Von Aloxe-Corton braucht man auf der RN 74 ca. 1\/2 Std. bis ins Zentrum von <a target=\"_blank\" href=\"http:\/\/de.wikipedia.org\/wiki\/Dijon\">Dijon<\/a>.<\/p>\n<p>Am Mittwoch &amp; Freitag Vormittag und am Samstag den ganzen Tag ist in und um die gusseiserne Hallenkonstruktion (aus der\u00a0Belle Epoque) ein buntes Markttreiben.<\/p>\n<p>Auffallend ist die Vielzahl von Metzgern, Gefl\u00fcgelh\u00e4ndlern, K\u00e4se &amp; Milchproduzenten usw. usw..<\/p>\n<p>Dijon hat ca 155 000 Einwohner, wenn ich das mit Freiburg vergleiche (ca. 190 000), da ist zwar auch der M\u00fcnsterplatz-Markt, aber lange nicht so gro\u00df.<\/p>\n<p><img decoding=\"async\" src=\"https:\/\/blog.zeit.de\/nachgesalzen\/files\/2007\/08\/dsc01232.JPG\" alt=\"dsc01232.JPG\" id=\"image353\" \/><\/p>\n<p>Na ja, andere L\u00e4nder, andere Sitten. Habe eine neue (wenigstens f\u00fcr mich) Hartk\u00e4seschneidemaschine entdeckt. Auf einer runden, drehbaren Marmorplatte liegen die Comt\u00e9s in verschiedenen Reifegraden, so eine Art luftdruckbetriebenes Fallbeil ist am Rohr in der Mitte montiert. Der Kunde bestellt, ein rotes Licht zeigt die Portionsgr\u00f6\u00dfe auf dem K\u00e4se an, der Kunde best\u00e4tigt und &#8222;Zack&#8220; das Messer schneidet gerade und ohne die Verk\u00e4uferin zu einem Kraftakt zu zwingen, den K\u00e4se ab!<\/p>\n<p>Dann gibts noch ein Gesch\u00e4ft in Dijon &#8222;Coutellerie PATURAL&#8220; ein &#8230;<a target=\"_blank\" href=\"https:\/\/blog.zeit.de\/nachgesalzen\/2006\/02\/28\/barcelona-2-oder-manner-kaufen-messer_92\"><strong>Messer<\/strong><\/a>gesch\u00e4ft&#8230;an dem die letzten 50 Jahre wohl vorbeigegangen sind &#8211; was die Einrichtung betrifft, nicht das Sortiment. Tolle Taschenmesser der franz\u00f6sischen Firmen aus Thi\u00e8rs, habe mir ein Messer der Fa. Champenoise, \u00a0&#8222;Roquefort Modell A.C.&#8220; (hat nichts mit einem K\u00e4semesser, sondern mit der Region\u00a0zu tun) mit Wacholderholzgriff zugelegt, mit einer kleinen Verzierung am Heftr\u00fccken und der Klinge. Es gibt auch eine reiche Auswahl der Firmen &#8222;Corne&#8220; und sowieso der &#8222;Laguiole&#8220;, die mir aber nicht so gut gefallen.<br \/>\n\u00a0<\/p>\n","protected":false},"excerpt":{"rendered":"<p>Von Aloxe-Corton braucht man auf der RN 74 ca. 1\/2 Std. bis ins Zentrum von Dijon. Am Mittwoch &amp; Freitag Vormittag und am Samstag den ganzen Tag ist in und um die gusseiserne Hallenkonstruktion (aus der\u00a0Belle Epoque) ein buntes Markttreiben. Auffallend ist die Vielzahl von Metzgern, Gefl\u00fcgelh\u00e4ndlern, K\u00e4se &amp; Milchproduzenten usw. usw.. Dijon hat ca [&hellip;]<\/p>\n","protected":false},"author":76,"featured_media":0,"comment_status":"open","ping_status":"closed","sticky":false,"template":"","format":"standard","meta":{"_jetpack_memberships_contains_paid_content":false,"footnotes":""},"categories":[736,755],"tags":[],"class_list":["post-354","post","type-post","status-publish","format-standard","hentry","category-burgund","category-unterwegs"],"yoast_head":"<!-- This site is optimized with the Yoast SEO plugin v21.0 - https:\/\/yoast.com\/wordpress\/plugins\/seo\/ -->\n<title>Markttag in Dijon - Nachgesalzen<\/title>\n<meta name=\"robots\" content=\"index, follow, max-snippet:-1, max-image-preview:large, max-video-preview:-1\" \/>\n<link rel=\"canonical\" href=\"https:\/\/blog.zeit.de\/nachgesalzen\/2007\/08\/25\/markttag-in-dijon_354\" \/>\n<meta property=\"og:locale\" content=\"de_DE\" \/>\n<meta property=\"og:type\" content=\"article\" \/>\n<meta property=\"og:title\" content=\"Markttag in Dijon - Nachgesalzen\" \/>\n<meta property=\"og:description\" content=\"Von Aloxe-Corton braucht man auf der RN 74 ca. 1\/2 Std. bis ins Zentrum von Dijon. Am Mittwoch &amp; Freitag Vormittag und am Samstag den ganzen Tag ist in und um die gusseiserne Hallenkonstruktion (aus der\u00a0Belle Epoque) ein buntes Markttreiben. Auffallend ist die Vielzahl von Metzgern, Gefl\u00fcgelh\u00e4ndlern, K\u00e4se &amp; Milchproduzenten usw. usw.. Dijon hat ca [&hellip;]\" \/>\n<meta property=\"og:url\" content=\"https:\/\/blog.zeit.de\/nachgesalzen\/2007\/08\/25\/markttag-in-dijon_354\" \/>\n<meta property=\"og:site_name\" content=\"Nachgesalzen\" \/>\n<meta property=\"article:published_time\" content=\"2007-08-25T05:42:17+00:00\" \/>\n<meta property=\"og:image\" content=\"https:\/\/blog.zeit.de\/nachgesalzen\/files\/2007\/08\/dsc01232.JPG\" \/>\n<meta name=\"author\" content=\"Karl-Josef Fuchs\" \/>\n<meta name=\"twitter:card\" content=\"summary_large_image\" \/>\n<meta name=\"twitter:label1\" content=\"Geschrieben von\" \/>\n\t<meta name=\"twitter:data1\" content=\"Karl-Josef Fuchs\" \/>\n\t<meta name=\"twitter:label2\" content=\"Gesch\u00e4tzte Lesezeit\" \/>\n\t<meta name=\"twitter:data2\" content=\"1\u00a0Minute\" \/>\n<script type=\"application\/ld+json\" class=\"yoast-schema-graph\">{\"@context\":\"https:\/\/schema.org\",\"@graph\":[{\"@type\":\"WebPage\",\"@id\":\"https:\/\/blog.zeit.de\/nachgesalzen\/2007\/08\/25\/markttag-in-dijon_354\",\"url\":\"https:\/\/blog.zeit.de\/nachgesalzen\/2007\/08\/25\/markttag-in-dijon_354\",\"name\":\"Markttag in Dijon - Nachgesalzen\",\"isPartOf\":{\"@id\":\"https:\/\/blog.zeit.de\/nachgesalzen\/#website\"},\"datePublished\":\"2007-08-25T05:42:17+00:00\",\"dateModified\":\"2007-08-25T05:42:17+00:00\",\"author\":{\"@id\":\"https:\/\/blog.zeit.de\/nachgesalzen\/#\/schema\/person\/7ae9b66a0552216a7269a9b1a5cfefc6\"},\"breadcrumb\":{\"@id\":\"https:\/\/blog.zeit.de\/nachgesalzen\/2007\/08\/25\/markttag-in-dijon_354#breadcrumb\"},\"inLanguage\":\"de\",\"potentialAction\":[{\"@type\":\"ReadAction\",\"target\":[\"https:\/\/blog.zeit.de\/nachgesalzen\/2007\/08\/25\/markttag-in-dijon_354\"]}]},{\"@type\":\"BreadcrumbList\",\"@id\":\"https:\/\/blog.zeit.de\/nachgesalzen\/2007\/08\/25\/markttag-in-dijon_354#breadcrumb\",\"itemListElement\":[{\"@type\":\"ListItem\",\"position\":1,\"name\":\"Startseite\",\"item\":\"https:\/\/blog.zeit.de\/nachgesalzen\"},{\"@type\":\"ListItem\",\"position\":2,\"name\":\"Markttag in Dijon\"}]},{\"@type\":\"WebSite\",\"@id\":\"https:\/\/blog.zeit.de\/nachgesalzen\/#website\",\"url\":\"https:\/\/blog.zeit.de\/nachgesalzen\/\",\"name\":\"Nachgesalzen\",\"description\":\"Das Blog der K\u00f6che, Gastronomen und Gourmets\",\"potentialAction\":[{\"@type\":\"SearchAction\",\"target\":{\"@type\":\"EntryPoint\",\"urlTemplate\":\"https:\/\/blog.zeit.de\/nachgesalzen\/?s={search_term_string}\"},\"query-input\":\"required name=search_term_string\"}],\"inLanguage\":\"de\"},{\"@type\":\"Person\",\"@id\":\"https:\/\/blog.zeit.de\/nachgesalzen\/#\/schema\/person\/7ae9b66a0552216a7269a9b1a5cfefc6\",\"name\":\"Karl-Josef Fuchs\",\"image\":{\"@type\":\"ImageObject\",\"inLanguage\":\"de\",\"@id\":\"https:\/\/blog.zeit.de\/nachgesalzen\/#\/schema\/person\/image\/\",\"url\":\"https:\/\/secure.gravatar.com\/avatar\/0c9710bab3152b4b1514161da5b8f7e311595fb8a80ea29b158fbffee83f89f4?s=96&d=mm&r=g\",\"contentUrl\":\"https:\/\/secure.gravatar.com\/avatar\/0c9710bab3152b4b1514161da5b8f7e311595fb8a80ea29b158fbffee83f89f4?s=96&d=mm&r=g\",\"caption\":\"Karl-Josef Fuchs\"},\"url\":\"https:\/\/blog.zeit.de\/nachgesalzen\/author\/karl-josef-fuchs\"}]}<\/script>\n<!-- \/ Yoast SEO plugin. -->","yoast_head_json":{"title":"Markttag in Dijon - Nachgesalzen","robots":{"index":"index","follow":"follow","max-snippet":"max-snippet:-1","max-image-preview":"max-image-preview:large","max-video-preview":"max-video-preview:-1"},"canonical":"https:\/\/blog.zeit.de\/nachgesalzen\/2007\/08\/25\/markttag-in-dijon_354","og_locale":"de_DE","og_type":"article","og_title":"Markttag in Dijon - Nachgesalzen","og_description":"Von Aloxe-Corton braucht man auf der RN 74 ca. 1\/2 Std. bis ins Zentrum von Dijon. Am Mittwoch &amp; Freitag Vormittag und am Samstag den ganzen Tag ist in und um die gusseiserne Hallenkonstruktion (aus der\u00a0Belle Epoque) ein buntes Markttreiben. Auffallend ist die Vielzahl von Metzgern, Gefl\u00fcgelh\u00e4ndlern, K\u00e4se &amp; Milchproduzenten usw. usw.. Dijon hat ca [&hellip;]","og_url":"https:\/\/blog.zeit.de\/nachgesalzen\/2007\/08\/25\/markttag-in-dijon_354","og_site_name":"Nachgesalzen","article_published_time":"2007-08-25T05:42:17+00:00","og_image":[{"url":"https:\/\/blog.zeit.de\/nachgesalzen\/files\/2007\/08\/dsc01232.JPG"}],"author":"Karl-Josef Fuchs","twitter_card":"summary_large_image","twitter_misc":{"Geschrieben von":"Karl-Josef Fuchs","Gesch\u00e4tzte Lesezeit":"1\u00a0Minute"},"schema":{"@context":"https:\/\/schema.org","@graph":[{"@type":"WebPage","@id":"https:\/\/blog.zeit.de\/nachgesalzen\/2007\/08\/25\/markttag-in-dijon_354","url":"https:\/\/blog.zeit.de\/nachgesalzen\/2007\/08\/25\/markttag-in-dijon_354","name":"Markttag in Dijon - Nachgesalzen","isPartOf":{"@id":"https:\/\/blog.zeit.de\/nachgesalzen\/#website"},"datePublished":"2007-08-25T05:42:17+00:00","dateModified":"2007-08-25T05:42:17+00:00","author":{"@id":"https:\/\/blog.zeit.de\/nachgesalzen\/#\/schema\/person\/7ae9b66a0552216a7269a9b1a5cfefc6"},"breadcrumb":{"@id":"https:\/\/blog.zeit.de\/nachgesalzen\/2007\/08\/25\/markttag-in-dijon_354#breadcrumb"},"inLanguage":"de","potentialAction":[{"@type":"ReadAction","target":["https:\/\/blog.zeit.de\/nachgesalzen\/2007\/08\/25\/markttag-in-dijon_354"]}]},{"@type":"BreadcrumbList","@id":"https:\/\/blog.zeit.de\/nachgesalzen\/2007\/08\/25\/markttag-in-dijon_354#breadcrumb","itemListElement":[{"@type":"ListItem","position":1,"name":"Startseite","item":"https:\/\/blog.zeit.de\/nachgesalzen"},{"@type":"ListItem","position":2,"name":"Markttag in Dijon"}]},{"@type":"WebSite","@id":"https:\/\/blog.zeit.de\/nachgesalzen\/#website","url":"https:\/\/blog.zeit.de\/nachgesalzen\/","name":"Nachgesalzen","description":"Das Blog der K\u00f6che, Gastronomen und Gourmets","potentialAction":[{"@type":"SearchAction","target":{"@type":"EntryPoint","urlTemplate":"https:\/\/blog.zeit.de\/nachgesalzen\/?s={search_term_string}"},"query-input":"required name=search_term_string"}],"inLanguage":"de"},{"@type":"Person","@id":"https:\/\/blog.zeit.de\/nachgesalzen\/#\/schema\/person\/7ae9b66a0552216a7269a9b1a5cfefc6","name":"Karl-Josef Fuchs","image":{"@type":"ImageObject","inLanguage":"de","@id":"https:\/\/blog.zeit.de\/nachgesalzen\/#\/schema\/person\/image\/","url":"https:\/\/secure.gravatar.com\/avatar\/0c9710bab3152b4b1514161da5b8f7e311595fb8a80ea29b158fbffee83f89f4?s=96&d=mm&r=g","contentUrl":"https:\/\/secure.gravatar.com\/avatar\/0c9710bab3152b4b1514161da5b8f7e311595fb8a80ea29b158fbffee83f89f4?s=96&d=mm&r=g","caption":"Karl-Josef Fuchs"},"url":"https:\/\/blog.zeit.de\/nachgesalzen\/author\/karl-josef-fuchs"}]}},"jetpack_featured_media_url":"","jetpack_sharing_enabled":true,"_links":{"self":[{"href":"https:\/\/blog.zeit.de\/nachgesalzen\/wp-json\/wp\/v2\/posts\/354","targetHints":{"allow":["GET"]}}],"collection":[{"href":"https:\/\/blog.zeit.de\/nachgesalzen\/wp-json\/wp\/v2\/posts"}],"about":[{"href":"https:\/\/blog.zeit.de\/nachgesalzen\/wp-json\/wp\/v2\/types\/post"}],"author":[{"embeddable":true,"href":"https:\/\/blog.zeit.de\/nachgesalzen\/wp-json\/wp\/v2\/users\/76"}],"replies":[{"embeddable":true,"href":"https:\/\/blog.zeit.de\/nachgesalzen\/wp-json\/wp\/v2\/comments?post=354"}],"version-history":[{"count":0,"href":"https:\/\/blog.zeit.de\/nachgesalzen\/wp-json\/wp\/v2\/posts\/354\/revisions"}],"wp:attachment":[{"href":"https:\/\/blog.zeit.de\/nachgesalzen\/wp-json\/wp\/v2\/media?parent=354"}],"wp:term":[{"taxonomy":"category","embeddable":true,"href":"https:\/\/blog.zeit.de\/nachgesalzen\/wp-json\/wp\/v2\/categories?post=354"},{"taxonomy":"post_tag","embeddable":true,"href":"https:\/\/blog.zeit.de\/nachgesalzen\/wp-json\/wp\/v2\/tags?post=354"}],"curies":[{"name":"wp","href":"https:\/\/api.w.org\/{rel}","templated":true}]}}