{"id":39,"date":"2005-11-09T11:39:41","date_gmt":"2005-11-09T10:39:41","guid":{"rendered":"http:\/\/blog.zeit.de\/nachgesalzen\/2005\/11\/09\/kalbskotelett_39"},"modified":"2009-10-23T14:14:46","modified_gmt":"2009-10-23T12:14:46","slug":"kalbskotelett","status":"publish","type":"post","link":"https:\/\/blog.zeit.de\/nachgesalzen\/2005\/11\/09\/kalbskotelett_39","title":{"rendered":"Kalbskotelett"},"content":{"rendered":"<p>Kalbskotelette mit G\u00e4nselebercroustillant und Blumenkohl \u00e0 la creme<\/p>\n<p>Das Gericht steht heute auf unserer Karte. Das Croustillant, hauchd\u00fcnne Teigfolie kross gebraten, gew\u00fcrzt mit Kardamom, Piment ect. Dazwischen ein Scheibe G\u00e4nseleber. Es liegt mit gutem Grund neben dem Kalbskotelett, das ohne das Accessoire genauso gut ausk\u00e4me.<\/p>\n<p>Kalbfleisch schmeckt nach nichts und braucht immer ein &#8222;Tuning&#8220;. So kann nur sprechen, der nie ein an frischer Luft gereiftes Fleisch gegessen hat.<\/p>\n<p>K\u00fcrzlich sagte mir der ehemalige Chef des Guide Michelin, zwei-drei Sternek\u00fcche darf nicht nur so produktbezogen daherkommen wie man es von der italienischen K\u00fcche kennt. Mit anderen Worten: es muss irgendwie verk\u00fcnstelt sein. Streng genommen ist es aber so, dass das Kalbskotelett, von dem hier die Rede ist, naturell gebraten optimal schmeckt. So gut, dass es durch keine Kochkunst verbessert, sondern allenfalls ver\u00e4ndert werden kann. Ich mache es so, auch wenn ich den Verdacht errege, nicht kreativ zu sein.<\/p>\n","protected":false},"excerpt":{"rendered":"<p>Kalbskotelette mit G\u00e4nselebercroustillant und Blumenkohl \u00e0 la creme Das Gericht steht heute auf unserer Karte. Das Croustillant, hauchd\u00fcnne Teigfolie kross gebraten, gew\u00fcrzt mit Kardamom, Piment ect. Dazwischen ein Scheibe G\u00e4nseleber. Es liegt mit gutem Grund neben dem Kalbskotelett, das ohne das Accessoire genauso gut ausk\u00e4me. Kalbfleisch schmeckt nach nichts und braucht immer ein &#8222;Tuning&#8220;. So [&hellip;]<\/p>\n","protected":false},"author":75,"featured_media":0,"comment_status":"open","ping_status":"closed","sticky":false,"template":"","format":"standard","meta":{"_jetpack_memberships_contains_paid_content":false,"footnotes":""},"categories":[740],"tags":[],"class_list":["post-39","post","type-post","status-publish","format-standard","hentry","category-fleisch"],"yoast_head":"<!-- This site is optimized with the Yoast SEO plugin v21.0 - https:\/\/yoast.com\/wordpress\/plugins\/seo\/ -->\n<title>Kalbskotelett - Nachgesalzen<\/title>\n<meta name=\"robots\" content=\"index, follow, max-snippet:-1, max-image-preview:large, max-video-preview:-1\" \/>\n<link rel=\"canonical\" href=\"https:\/\/blog.zeit.de\/nachgesalzen\/2005\/11\/09\/kalbskotelett_39\" \/>\n<meta property=\"og:locale\" content=\"de_DE\" \/>\n<meta property=\"og:type\" content=\"article\" \/>\n<meta property=\"og:title\" content=\"Kalbskotelett - Nachgesalzen\" \/>\n<meta property=\"og:description\" content=\"Kalbskotelette mit G\u00e4nselebercroustillant und Blumenkohl \u00e0 la creme Das Gericht steht heute auf unserer Karte. Das Croustillant, hauchd\u00fcnne Teigfolie kross gebraten, gew\u00fcrzt mit Kardamom, Piment ect. Dazwischen ein Scheibe G\u00e4nseleber. Es liegt mit gutem Grund neben dem Kalbskotelett, das ohne das Accessoire genauso gut ausk\u00e4me. Kalbfleisch schmeckt nach nichts und braucht immer ein &#8222;Tuning&#8220;. So [&hellip;]\" \/>\n<meta property=\"og:url\" content=\"https:\/\/blog.zeit.de\/nachgesalzen\/2005\/11\/09\/kalbskotelett_39\" \/>\n<meta property=\"og:site_name\" content=\"Nachgesalzen\" \/>\n<meta property=\"article:published_time\" content=\"2005-11-09T10:39:41+00:00\" \/>\n<meta property=\"article:modified_time\" content=\"2009-10-23T12:14:46+00:00\" \/>\n<meta name=\"author\" content=\"Vincent Klink\" \/>\n<meta name=\"twitter:card\" content=\"summary_large_image\" \/>\n<meta name=\"twitter:label1\" content=\"Geschrieben von\" \/>\n\t<meta name=\"twitter:data1\" content=\"Vincent Klink\" \/>\n\t<meta name=\"twitter:label2\" content=\"Gesch\u00e4tzte Lesezeit\" \/>\n\t<meta name=\"twitter:data2\" content=\"1\u00a0Minute\" \/>\n<script type=\"application\/ld+json\" class=\"yoast-schema-graph\">{\"@context\":\"https:\/\/schema.org\",\"@graph\":[{\"@type\":\"WebPage\",\"@id\":\"https:\/\/blog.zeit.de\/nachgesalzen\/2005\/11\/09\/kalbskotelett_39\",\"url\":\"https:\/\/blog.zeit.de\/nachgesalzen\/2005\/11\/09\/kalbskotelett_39\",\"name\":\"Kalbskotelett - Nachgesalzen\",\"isPartOf\":{\"@id\":\"https:\/\/blog.zeit.de\/nachgesalzen\/#website\"},\"datePublished\":\"2005-11-09T10:39:41+00:00\",\"dateModified\":\"2009-10-23T12:14:46+00:00\",\"author\":{\"@id\":\"https:\/\/blog.zeit.de\/nachgesalzen\/#\/schema\/person\/cdd345c2d0a8458fe9af904889e544be\"},\"breadcrumb\":{\"@id\":\"https:\/\/blog.zeit.de\/nachgesalzen\/2005\/11\/09\/kalbskotelett_39#breadcrumb\"},\"inLanguage\":\"de\",\"potentialAction\":[{\"@type\":\"ReadAction\",\"target\":[\"https:\/\/blog.zeit.de\/nachgesalzen\/2005\/11\/09\/kalbskotelett_39\"]}]},{\"@type\":\"BreadcrumbList\",\"@id\":\"https:\/\/blog.zeit.de\/nachgesalzen\/2005\/11\/09\/kalbskotelett_39#breadcrumb\",\"itemListElement\":[{\"@type\":\"ListItem\",\"position\":1,\"name\":\"Startseite\",\"item\":\"https:\/\/blog.zeit.de\/nachgesalzen\"},{\"@type\":\"ListItem\",\"position\":2,\"name\":\"Kalbskotelett\"}]},{\"@type\":\"WebSite\",\"@id\":\"https:\/\/blog.zeit.de\/nachgesalzen\/#website\",\"url\":\"https:\/\/blog.zeit.de\/nachgesalzen\/\",\"name\":\"Nachgesalzen\",\"description\":\"Das Blog der K\u00f6che, Gastronomen und Gourmets\",\"potentialAction\":[{\"@type\":\"SearchAction\",\"target\":{\"@type\":\"EntryPoint\",\"urlTemplate\":\"https:\/\/blog.zeit.de\/nachgesalzen\/?s={search_term_string}\"},\"query-input\":\"required name=search_term_string\"}],\"inLanguage\":\"de\"},{\"@type\":\"Person\",\"@id\":\"https:\/\/blog.zeit.de\/nachgesalzen\/#\/schema\/person\/cdd345c2d0a8458fe9af904889e544be\",\"name\":\"Vincent Klink\",\"image\":{\"@type\":\"ImageObject\",\"inLanguage\":\"de\",\"@id\":\"https:\/\/blog.zeit.de\/nachgesalzen\/#\/schema\/person\/image\/\",\"url\":\"https:\/\/secure.gravatar.com\/avatar\/1180e1cf90a70886fd5b98037c8cf28c4d8c19aec023516f0d1c407dcc16a678?s=96&d=mm&r=g\",\"contentUrl\":\"https:\/\/secure.gravatar.com\/avatar\/1180e1cf90a70886fd5b98037c8cf28c4d8c19aec023516f0d1c407dcc16a678?s=96&d=mm&r=g\",\"caption\":\"Vincent Klink\"},\"url\":\"https:\/\/blog.zeit.de\/nachgesalzen\/author\/vincent-klink\"}]}<\/script>\n<!-- \/ Yoast SEO plugin. -->","yoast_head_json":{"title":"Kalbskotelett - Nachgesalzen","robots":{"index":"index","follow":"follow","max-snippet":"max-snippet:-1","max-image-preview":"max-image-preview:large","max-video-preview":"max-video-preview:-1"},"canonical":"https:\/\/blog.zeit.de\/nachgesalzen\/2005\/11\/09\/kalbskotelett_39","og_locale":"de_DE","og_type":"article","og_title":"Kalbskotelett - Nachgesalzen","og_description":"Kalbskotelette mit G\u00e4nselebercroustillant und Blumenkohl \u00e0 la creme Das Gericht steht heute auf unserer Karte. Das Croustillant, hauchd\u00fcnne Teigfolie kross gebraten, gew\u00fcrzt mit Kardamom, Piment ect. Dazwischen ein Scheibe G\u00e4nseleber. Es liegt mit gutem Grund neben dem Kalbskotelett, das ohne das Accessoire genauso gut ausk\u00e4me. Kalbfleisch schmeckt nach nichts und braucht immer ein &#8222;Tuning&#8220;. So [&hellip;]","og_url":"https:\/\/blog.zeit.de\/nachgesalzen\/2005\/11\/09\/kalbskotelett_39","og_site_name":"Nachgesalzen","article_published_time":"2005-11-09T10:39:41+00:00","article_modified_time":"2009-10-23T12:14:46+00:00","author":"Vincent Klink","twitter_card":"summary_large_image","twitter_misc":{"Geschrieben von":"Vincent Klink","Gesch\u00e4tzte Lesezeit":"1\u00a0Minute"},"schema":{"@context":"https:\/\/schema.org","@graph":[{"@type":"WebPage","@id":"https:\/\/blog.zeit.de\/nachgesalzen\/2005\/11\/09\/kalbskotelett_39","url":"https:\/\/blog.zeit.de\/nachgesalzen\/2005\/11\/09\/kalbskotelett_39","name":"Kalbskotelett - Nachgesalzen","isPartOf":{"@id":"https:\/\/blog.zeit.de\/nachgesalzen\/#website"},"datePublished":"2005-11-09T10:39:41+00:00","dateModified":"2009-10-23T12:14:46+00:00","author":{"@id":"https:\/\/blog.zeit.de\/nachgesalzen\/#\/schema\/person\/cdd345c2d0a8458fe9af904889e544be"},"breadcrumb":{"@id":"https:\/\/blog.zeit.de\/nachgesalzen\/2005\/11\/09\/kalbskotelett_39#breadcrumb"},"inLanguage":"de","potentialAction":[{"@type":"ReadAction","target":["https:\/\/blog.zeit.de\/nachgesalzen\/2005\/11\/09\/kalbskotelett_39"]}]},{"@type":"BreadcrumbList","@id":"https:\/\/blog.zeit.de\/nachgesalzen\/2005\/11\/09\/kalbskotelett_39#breadcrumb","itemListElement":[{"@type":"ListItem","position":1,"name":"Startseite","item":"https:\/\/blog.zeit.de\/nachgesalzen"},{"@type":"ListItem","position":2,"name":"Kalbskotelett"}]},{"@type":"WebSite","@id":"https:\/\/blog.zeit.de\/nachgesalzen\/#website","url":"https:\/\/blog.zeit.de\/nachgesalzen\/","name":"Nachgesalzen","description":"Das Blog der K\u00f6che, Gastronomen und Gourmets","potentialAction":[{"@type":"SearchAction","target":{"@type":"EntryPoint","urlTemplate":"https:\/\/blog.zeit.de\/nachgesalzen\/?s={search_term_string}"},"query-input":"required name=search_term_string"}],"inLanguage":"de"},{"@type":"Person","@id":"https:\/\/blog.zeit.de\/nachgesalzen\/#\/schema\/person\/cdd345c2d0a8458fe9af904889e544be","name":"Vincent Klink","image":{"@type":"ImageObject","inLanguage":"de","@id":"https:\/\/blog.zeit.de\/nachgesalzen\/#\/schema\/person\/image\/","url":"https:\/\/secure.gravatar.com\/avatar\/1180e1cf90a70886fd5b98037c8cf28c4d8c19aec023516f0d1c407dcc16a678?s=96&d=mm&r=g","contentUrl":"https:\/\/secure.gravatar.com\/avatar\/1180e1cf90a70886fd5b98037c8cf28c4d8c19aec023516f0d1c407dcc16a678?s=96&d=mm&r=g","caption":"Vincent Klink"},"url":"https:\/\/blog.zeit.de\/nachgesalzen\/author\/vincent-klink"}]}},"jetpack_featured_media_url":"","jetpack_sharing_enabled":true,"_links":{"self":[{"href":"https:\/\/blog.zeit.de\/nachgesalzen\/wp-json\/wp\/v2\/posts\/39","targetHints":{"allow":["GET"]}}],"collection":[{"href":"https:\/\/blog.zeit.de\/nachgesalzen\/wp-json\/wp\/v2\/posts"}],"about":[{"href":"https:\/\/blog.zeit.de\/nachgesalzen\/wp-json\/wp\/v2\/types\/post"}],"author":[{"embeddable":true,"href":"https:\/\/blog.zeit.de\/nachgesalzen\/wp-json\/wp\/v2\/users\/75"}],"replies":[{"embeddable":true,"href":"https:\/\/blog.zeit.de\/nachgesalzen\/wp-json\/wp\/v2\/comments?post=39"}],"version-history":[{"count":0,"href":"https:\/\/blog.zeit.de\/nachgesalzen\/wp-json\/wp\/v2\/posts\/39\/revisions"}],"wp:attachment":[{"href":"https:\/\/blog.zeit.de\/nachgesalzen\/wp-json\/wp\/v2\/media?parent=39"}],"wp:term":[{"taxonomy":"category","embeddable":true,"href":"https:\/\/blog.zeit.de\/nachgesalzen\/wp-json\/wp\/v2\/categories?post=39"},{"taxonomy":"post_tag","embeddable":true,"href":"https:\/\/blog.zeit.de\/nachgesalzen\/wp-json\/wp\/v2\/tags?post=39"}],"curies":[{"name":"wp","href":"https:\/\/api.w.org\/{rel}","templated":true}]}}