{"id":395,"date":"2007-11-02T09:23:58","date_gmt":"2007-11-02T08:23:58","guid":{"rendered":"http:\/\/blog.zeit.de\/nachgesalzen\/2007\/11\/02\/wildschweingoder_395"},"modified":"2007-11-02T09:23:58","modified_gmt":"2007-11-02T08:23:58","slug":"wildschweingoder","status":"publish","type":"post","link":"https:\/\/blog.zeit.de\/nachgesalzen\/2007\/11\/02\/wildschweingoder_395","title":{"rendered":"Wildschweingoder"},"content":{"rendered":"<p>Ein Gericht aus der &#8222;F.A.Z. Gourmet Vision Regional&#8220; ist der Wildschweingoder. Das ist der S\u00fcddeutsche Ausdruck f\u00fcr Kinn.<\/p>\n<p>Es wird nicht gep\u00f6kelt, sondern nach ein paar Tagen Fleischreife langsam gesotten und in ca. 1cm dicke Scheiben aufgeschnitten. Der Vergleich mit 2 ganz &#8222;Gro\u00dfen&#8220; unserer Zunft ehrt mich gewaltig, wenn auch Eigenlob stinkt, trotzdem.<\/p>\n<p>Normalerweise wandert das St\u00fcck ins Hack oder in den Gulasch, ist aber geschmacklich viel zu schade.<\/p>\n<p><em>Auch beim &#8222;Wildschweinkinn mit getrockneten Erbsen und Speck-Creme&#8220; ergibt sich ein interessanter Vergleich zur normalen Spitzenk\u00fcche, diesmal zu einem Emblemprodukt der Moderne, dem Schweinekinn &#8211; bei Santi Santamaria oder Joachim Wissler wurde es zu allergr\u00f6\u00dfter Finesse bef\u00f6rdert. Fuchs wei\u00df, dass die Version vom Wildschwein aromatischer ist und pr\u00e4sentiert einen Akkord, der in Aromen und Textur &#8211; bei gleicher Pr\u00e4zision der Balance &#8211; pr\u00e4gnanter ausf\u00e4llt. Die Erbsen sind leicht m\u00fcrbe, aufgeweicht und getrocknet, so dass das Fleisch noch etwas zarter wirkt, dazu gibt es Splitter aus getrocknetem Kartoffelstroh und eine Speckcreme. Hier deutet sich ein dritter Weg zwischen rustikalen Zubereitungen klassischer Art und den sensibel-artifiziellen Konstruktionen der Avantgarde an, bei dem nicht Verfeinerung um jeden Preis betrieben (die ja nicht selten eine Art Entsch\u00e4rfung ist), sondern undogmatisch eine gr\u00f6\u00dfere aromatische Bandbreite in den Mittelpunkt gestellt wird.<\/em><\/p>\n","protected":false},"excerpt":{"rendered":"<p>Ein Gericht aus der &#8222;F.A.Z. Gourmet Vision Regional&#8220; ist der Wildschweingoder. Das ist der S\u00fcddeutsche Ausdruck f\u00fcr Kinn. Es wird nicht gep\u00f6kelt, sondern nach ein paar Tagen Fleischreife langsam gesotten und in ca. 1cm dicke Scheiben aufgeschnitten. Der Vergleich mit 2 ganz &#8222;Gro\u00dfen&#8220; unserer Zunft ehrt mich gewaltig, wenn auch Eigenlob stinkt, trotzdem. Normalerweise wandert [&hellip;]<\/p>\n","protected":false},"author":76,"featured_media":0,"comment_status":"open","ping_status":"closed","sticky":false,"template":"","format":"standard","meta":{"_jetpack_memberships_contains_paid_content":false,"footnotes":""},"categories":[740,758],"tags":[],"class_list":["post-395","post","type-post","status-publish","format-standard","hentry","category-fleisch","category-wild"],"yoast_head":"<!-- This site is optimized with the Yoast SEO plugin v21.0 - https:\/\/yoast.com\/wordpress\/plugins\/seo\/ -->\n<title>Wildschweingoder - Nachgesalzen<\/title>\n<meta name=\"robots\" content=\"index, follow, max-snippet:-1, max-image-preview:large, max-video-preview:-1\" \/>\n<link rel=\"canonical\" href=\"https:\/\/blog.zeit.de\/nachgesalzen\/2007\/11\/02\/wildschweingoder_395\" \/>\n<meta property=\"og:locale\" content=\"de_DE\" \/>\n<meta property=\"og:type\" content=\"article\" \/>\n<meta property=\"og:title\" content=\"Wildschweingoder - Nachgesalzen\" \/>\n<meta property=\"og:description\" content=\"Ein Gericht aus der &#8222;F.A.Z. Gourmet Vision Regional&#8220; ist der Wildschweingoder. Das ist der S\u00fcddeutsche Ausdruck f\u00fcr Kinn. Es wird nicht gep\u00f6kelt, sondern nach ein paar Tagen Fleischreife langsam gesotten und in ca. 1cm dicke Scheiben aufgeschnitten. Der Vergleich mit 2 ganz &#8222;Gro\u00dfen&#8220; unserer Zunft ehrt mich gewaltig, wenn auch Eigenlob stinkt, trotzdem. Normalerweise wandert [&hellip;]\" \/>\n<meta property=\"og:url\" content=\"https:\/\/blog.zeit.de\/nachgesalzen\/2007\/11\/02\/wildschweingoder_395\" \/>\n<meta property=\"og:site_name\" content=\"Nachgesalzen\" \/>\n<meta property=\"article:published_time\" content=\"2007-11-02T08:23:58+00:00\" \/>\n<meta name=\"author\" content=\"Karl-Josef Fuchs\" \/>\n<meta name=\"twitter:card\" content=\"summary_large_image\" \/>\n<meta name=\"twitter:label1\" content=\"Geschrieben von\" \/>\n\t<meta name=\"twitter:data1\" content=\"Karl-Josef Fuchs\" \/>\n\t<meta name=\"twitter:label2\" content=\"Gesch\u00e4tzte Lesezeit\" \/>\n\t<meta name=\"twitter:data2\" content=\"1\u00a0Minute\" \/>\n<script type=\"application\/ld+json\" class=\"yoast-schema-graph\">{\"@context\":\"https:\/\/schema.org\",\"@graph\":[{\"@type\":\"WebPage\",\"@id\":\"https:\/\/blog.zeit.de\/nachgesalzen\/2007\/11\/02\/wildschweingoder_395\",\"url\":\"https:\/\/blog.zeit.de\/nachgesalzen\/2007\/11\/02\/wildschweingoder_395\",\"name\":\"Wildschweingoder - Nachgesalzen\",\"isPartOf\":{\"@id\":\"https:\/\/blog.zeit.de\/nachgesalzen\/#website\"},\"datePublished\":\"2007-11-02T08:23:58+00:00\",\"dateModified\":\"2007-11-02T08:23:58+00:00\",\"author\":{\"@id\":\"https:\/\/blog.zeit.de\/nachgesalzen\/#\/schema\/person\/7ae9b66a0552216a7269a9b1a5cfefc6\"},\"breadcrumb\":{\"@id\":\"https:\/\/blog.zeit.de\/nachgesalzen\/2007\/11\/02\/wildschweingoder_395#breadcrumb\"},\"inLanguage\":\"de\",\"potentialAction\":[{\"@type\":\"ReadAction\",\"target\":[\"https:\/\/blog.zeit.de\/nachgesalzen\/2007\/11\/02\/wildschweingoder_395\"]}]},{\"@type\":\"BreadcrumbList\",\"@id\":\"https:\/\/blog.zeit.de\/nachgesalzen\/2007\/11\/02\/wildschweingoder_395#breadcrumb\",\"itemListElement\":[{\"@type\":\"ListItem\",\"position\":1,\"name\":\"Startseite\",\"item\":\"https:\/\/blog.zeit.de\/nachgesalzen\"},{\"@type\":\"ListItem\",\"position\":2,\"name\":\"Wildschweingoder\"}]},{\"@type\":\"WebSite\",\"@id\":\"https:\/\/blog.zeit.de\/nachgesalzen\/#website\",\"url\":\"https:\/\/blog.zeit.de\/nachgesalzen\/\",\"name\":\"Nachgesalzen\",\"description\":\"Das Blog der K\u00f6che, Gastronomen und Gourmets\",\"potentialAction\":[{\"@type\":\"SearchAction\",\"target\":{\"@type\":\"EntryPoint\",\"urlTemplate\":\"https:\/\/blog.zeit.de\/nachgesalzen\/?s={search_term_string}\"},\"query-input\":\"required name=search_term_string\"}],\"inLanguage\":\"de\"},{\"@type\":\"Person\",\"@id\":\"https:\/\/blog.zeit.de\/nachgesalzen\/#\/schema\/person\/7ae9b66a0552216a7269a9b1a5cfefc6\",\"name\":\"Karl-Josef Fuchs\",\"image\":{\"@type\":\"ImageObject\",\"inLanguage\":\"de\",\"@id\":\"https:\/\/blog.zeit.de\/nachgesalzen\/#\/schema\/person\/image\/\",\"url\":\"https:\/\/secure.gravatar.com\/avatar\/0c9710bab3152b4b1514161da5b8f7e311595fb8a80ea29b158fbffee83f89f4?s=96&d=mm&r=g\",\"contentUrl\":\"https:\/\/secure.gravatar.com\/avatar\/0c9710bab3152b4b1514161da5b8f7e311595fb8a80ea29b158fbffee83f89f4?s=96&d=mm&r=g\",\"caption\":\"Karl-Josef Fuchs\"},\"url\":\"https:\/\/blog.zeit.de\/nachgesalzen\/author\/karl-josef-fuchs\"}]}<\/script>\n<!-- \/ Yoast SEO plugin. -->","yoast_head_json":{"title":"Wildschweingoder - Nachgesalzen","robots":{"index":"index","follow":"follow","max-snippet":"max-snippet:-1","max-image-preview":"max-image-preview:large","max-video-preview":"max-video-preview:-1"},"canonical":"https:\/\/blog.zeit.de\/nachgesalzen\/2007\/11\/02\/wildschweingoder_395","og_locale":"de_DE","og_type":"article","og_title":"Wildschweingoder - Nachgesalzen","og_description":"Ein Gericht aus der &#8222;F.A.Z. Gourmet Vision Regional&#8220; ist der Wildschweingoder. Das ist der S\u00fcddeutsche Ausdruck f\u00fcr Kinn. Es wird nicht gep\u00f6kelt, sondern nach ein paar Tagen Fleischreife langsam gesotten und in ca. 1cm dicke Scheiben aufgeschnitten. Der Vergleich mit 2 ganz &#8222;Gro\u00dfen&#8220; unserer Zunft ehrt mich gewaltig, wenn auch Eigenlob stinkt, trotzdem. Normalerweise wandert [&hellip;]","og_url":"https:\/\/blog.zeit.de\/nachgesalzen\/2007\/11\/02\/wildschweingoder_395","og_site_name":"Nachgesalzen","article_published_time":"2007-11-02T08:23:58+00:00","author":"Karl-Josef Fuchs","twitter_card":"summary_large_image","twitter_misc":{"Geschrieben von":"Karl-Josef Fuchs","Gesch\u00e4tzte Lesezeit":"1\u00a0Minute"},"schema":{"@context":"https:\/\/schema.org","@graph":[{"@type":"WebPage","@id":"https:\/\/blog.zeit.de\/nachgesalzen\/2007\/11\/02\/wildschweingoder_395","url":"https:\/\/blog.zeit.de\/nachgesalzen\/2007\/11\/02\/wildschweingoder_395","name":"Wildschweingoder - Nachgesalzen","isPartOf":{"@id":"https:\/\/blog.zeit.de\/nachgesalzen\/#website"},"datePublished":"2007-11-02T08:23:58+00:00","dateModified":"2007-11-02T08:23:58+00:00","author":{"@id":"https:\/\/blog.zeit.de\/nachgesalzen\/#\/schema\/person\/7ae9b66a0552216a7269a9b1a5cfefc6"},"breadcrumb":{"@id":"https:\/\/blog.zeit.de\/nachgesalzen\/2007\/11\/02\/wildschweingoder_395#breadcrumb"},"inLanguage":"de","potentialAction":[{"@type":"ReadAction","target":["https:\/\/blog.zeit.de\/nachgesalzen\/2007\/11\/02\/wildschweingoder_395"]}]},{"@type":"BreadcrumbList","@id":"https:\/\/blog.zeit.de\/nachgesalzen\/2007\/11\/02\/wildschweingoder_395#breadcrumb","itemListElement":[{"@type":"ListItem","position":1,"name":"Startseite","item":"https:\/\/blog.zeit.de\/nachgesalzen"},{"@type":"ListItem","position":2,"name":"Wildschweingoder"}]},{"@type":"WebSite","@id":"https:\/\/blog.zeit.de\/nachgesalzen\/#website","url":"https:\/\/blog.zeit.de\/nachgesalzen\/","name":"Nachgesalzen","description":"Das Blog der K\u00f6che, Gastronomen und Gourmets","potentialAction":[{"@type":"SearchAction","target":{"@type":"EntryPoint","urlTemplate":"https:\/\/blog.zeit.de\/nachgesalzen\/?s={search_term_string}"},"query-input":"required name=search_term_string"}],"inLanguage":"de"},{"@type":"Person","@id":"https:\/\/blog.zeit.de\/nachgesalzen\/#\/schema\/person\/7ae9b66a0552216a7269a9b1a5cfefc6","name":"Karl-Josef Fuchs","image":{"@type":"ImageObject","inLanguage":"de","@id":"https:\/\/blog.zeit.de\/nachgesalzen\/#\/schema\/person\/image\/","url":"https:\/\/secure.gravatar.com\/avatar\/0c9710bab3152b4b1514161da5b8f7e311595fb8a80ea29b158fbffee83f89f4?s=96&d=mm&r=g","contentUrl":"https:\/\/secure.gravatar.com\/avatar\/0c9710bab3152b4b1514161da5b8f7e311595fb8a80ea29b158fbffee83f89f4?s=96&d=mm&r=g","caption":"Karl-Josef Fuchs"},"url":"https:\/\/blog.zeit.de\/nachgesalzen\/author\/karl-josef-fuchs"}]}},"jetpack_featured_media_url":"","jetpack_sharing_enabled":true,"_links":{"self":[{"href":"https:\/\/blog.zeit.de\/nachgesalzen\/wp-json\/wp\/v2\/posts\/395","targetHints":{"allow":["GET"]}}],"collection":[{"href":"https:\/\/blog.zeit.de\/nachgesalzen\/wp-json\/wp\/v2\/posts"}],"about":[{"href":"https:\/\/blog.zeit.de\/nachgesalzen\/wp-json\/wp\/v2\/types\/post"}],"author":[{"embeddable":true,"href":"https:\/\/blog.zeit.de\/nachgesalzen\/wp-json\/wp\/v2\/users\/76"}],"replies":[{"embeddable":true,"href":"https:\/\/blog.zeit.de\/nachgesalzen\/wp-json\/wp\/v2\/comments?post=395"}],"version-history":[{"count":0,"href":"https:\/\/blog.zeit.de\/nachgesalzen\/wp-json\/wp\/v2\/posts\/395\/revisions"}],"wp:attachment":[{"href":"https:\/\/blog.zeit.de\/nachgesalzen\/wp-json\/wp\/v2\/media?parent=395"}],"wp:term":[{"taxonomy":"category","embeddable":true,"href":"https:\/\/blog.zeit.de\/nachgesalzen\/wp-json\/wp\/v2\/categories?post=395"},{"taxonomy":"post_tag","embeddable":true,"href":"https:\/\/blog.zeit.de\/nachgesalzen\/wp-json\/wp\/v2\/tags?post=395"}],"curies":[{"name":"wp","href":"https:\/\/api.w.org\/{rel}","templated":true}]}}