{"id":43,"date":"2005-12-02T11:46:57","date_gmt":"2005-12-02T10:46:57","guid":{"rendered":"http:\/\/blog.zeit.de\/nachgesalzen\/2005\/12\/02\/kuchenplanung_43"},"modified":"2005-12-02T11:46:57","modified_gmt":"2005-12-02T10:46:57","slug":"kuchenplanung","status":"publish","type":"post","link":"https:\/\/blog.zeit.de\/nachgesalzen\/2005\/12\/02\/kuchenplanung_43","title":{"rendered":"K\u00fcchenplanung"},"content":{"rendered":"<p>Sehr geehrter Herr Klink,<\/p>\n<p>leider ist die Homepage-Speisekarte der Wielandsh\u00f6he f\u00fcr den Dezember noch nicht online. Was gibt\u00b4s denn Gutes?<\/p>\n<p>Herzliche Gr\u00fc\u00dfe W. XXX<\/p>\n<p> Sehr geehrter Herr XXX<\/p>\n<p>wir ver\u00f6ffentlichen erst im nachhinein was wir gekocht haben. Nicht wegen irgendwelchem Kalk\u00fcl, sondern weil wir noch gar nicht wissen was wir kochen werden. Wir planen zum Beispiel kein Ochsenkotlette, weil es wom\u00f6glich gar keines gibt. Wir nehmen es erst auf die Karte wenn unser Z\u00fcchter anruft und sagt, jetzt habe ich genau das Vieh, wie es f\u00fcr die Wielandsh\u00f6he sein soll. Das nennt man marktgerechte K\u00fcche. Heute stand pl\u00f6tzlich unser J\u00e4ger vor der T\u00fcre und hatte zum Schrecken der gestressten K\u00f6che ein Hirschkalb und einen Frischling in seinem Passat. Beide Tiere h\u00e4ngen nun im K\u00fchlhaus noch eine Woche ab und kommen dann auf die Karte. Vorgestern wussten wir davon noch gar nichts. Kurzum, null Planung, denn die beste Ware kann man nicht herbeizitieren, sie muss zu einem kommen.<\/p>\n<p> P.S.<\/p>\n<p>Falls Sie Hobbykoch sind, dann empfehle ich Ihnen die gleiche Strategie. Nicht ein Men\u00fc mit Freunden planen und sich beispielsweise auf Kaninchenbraten festlegen.<\/p>\n<p> Es k\u00f6nnte dazu f\u00fchren, dass man kein gutes Vieh findet und dann beginnen die Kompromisse. Greift man zur Tiefk\u00fchlware, nimmt man Ware die bereits leicht m\u00fcffelt? Ich denke Sie haben verstanden?<\/p>\n","protected":false},"excerpt":{"rendered":"<p>Sehr geehrter Herr Klink, leider ist die Homepage-Speisekarte der Wielandsh\u00f6he f\u00fcr den Dezember noch nicht online. Was gibt\u00b4s denn Gutes? Herzliche Gr\u00fc\u00dfe W. XXX Sehr geehrter Herr XXX wir ver\u00f6ffentlichen erst im nachhinein was wir gekocht haben. Nicht wegen irgendwelchem Kalk\u00fcl, sondern weil wir noch gar nicht wissen was wir kochen werden. Wir planen zum [&hellip;]<\/p>\n","protected":false},"author":75,"featured_media":0,"comment_status":"open","ping_status":"closed","sticky":false,"template":"","format":"standard","meta":{"_jetpack_memberships_contains_paid_content":false,"footnotes":""},"categories":[752],"tags":[],"class_list":["post-43","post","type-post","status-publish","format-standard","hentry","category-sonstiges"],"yoast_head":"<!-- This site is optimized with the Yoast SEO plugin v21.0 - https:\/\/yoast.com\/wordpress\/plugins\/seo\/ -->\n<title>K\u00fcchenplanung - Nachgesalzen<\/title>\n<meta name=\"robots\" content=\"index, follow, max-snippet:-1, max-image-preview:large, max-video-preview:-1\" \/>\n<link rel=\"canonical\" href=\"https:\/\/blog.zeit.de\/nachgesalzen\/2005\/12\/02\/kuchenplanung_43\" \/>\n<meta property=\"og:locale\" content=\"de_DE\" \/>\n<meta property=\"og:type\" content=\"article\" \/>\n<meta property=\"og:title\" content=\"K\u00fcchenplanung - Nachgesalzen\" \/>\n<meta property=\"og:description\" content=\"Sehr geehrter Herr Klink, leider ist die Homepage-Speisekarte der Wielandsh\u00f6he f\u00fcr den Dezember noch nicht online. Was gibt\u00b4s denn Gutes? Herzliche Gr\u00fc\u00dfe W. XXX Sehr geehrter Herr XXX wir ver\u00f6ffentlichen erst im nachhinein was wir gekocht haben. Nicht wegen irgendwelchem Kalk\u00fcl, sondern weil wir noch gar nicht wissen was wir kochen werden. Wir planen zum [&hellip;]\" \/>\n<meta property=\"og:url\" content=\"https:\/\/blog.zeit.de\/nachgesalzen\/2005\/12\/02\/kuchenplanung_43\" \/>\n<meta property=\"og:site_name\" content=\"Nachgesalzen\" \/>\n<meta property=\"article:published_time\" content=\"2005-12-02T10:46:57+00:00\" \/>\n<meta name=\"author\" content=\"Vincent Klink\" \/>\n<meta name=\"twitter:card\" content=\"summary_large_image\" \/>\n<meta name=\"twitter:label1\" content=\"Geschrieben von\" \/>\n\t<meta name=\"twitter:data1\" content=\"Vincent Klink\" \/>\n\t<meta name=\"twitter:label2\" content=\"Gesch\u00e4tzte Lesezeit\" \/>\n\t<meta name=\"twitter:data2\" content=\"1\u00a0Minute\" \/>\n<script type=\"application\/ld+json\" class=\"yoast-schema-graph\">{\"@context\":\"https:\/\/schema.org\",\"@graph\":[{\"@type\":\"WebPage\",\"@id\":\"https:\/\/blog.zeit.de\/nachgesalzen\/2005\/12\/02\/kuchenplanung_43\",\"url\":\"https:\/\/blog.zeit.de\/nachgesalzen\/2005\/12\/02\/kuchenplanung_43\",\"name\":\"K\u00fcchenplanung - Nachgesalzen\",\"isPartOf\":{\"@id\":\"https:\/\/blog.zeit.de\/nachgesalzen\/#website\"},\"datePublished\":\"2005-12-02T10:46:57+00:00\",\"dateModified\":\"2005-12-02T10:46:57+00:00\",\"author\":{\"@id\":\"https:\/\/blog.zeit.de\/nachgesalzen\/#\/schema\/person\/cdd345c2d0a8458fe9af904889e544be\"},\"breadcrumb\":{\"@id\":\"https:\/\/blog.zeit.de\/nachgesalzen\/2005\/12\/02\/kuchenplanung_43#breadcrumb\"},\"inLanguage\":\"de\",\"potentialAction\":[{\"@type\":\"ReadAction\",\"target\":[\"https:\/\/blog.zeit.de\/nachgesalzen\/2005\/12\/02\/kuchenplanung_43\"]}]},{\"@type\":\"BreadcrumbList\",\"@id\":\"https:\/\/blog.zeit.de\/nachgesalzen\/2005\/12\/02\/kuchenplanung_43#breadcrumb\",\"itemListElement\":[{\"@type\":\"ListItem\",\"position\":1,\"name\":\"Startseite\",\"item\":\"https:\/\/blog.zeit.de\/nachgesalzen\"},{\"@type\":\"ListItem\",\"position\":2,\"name\":\"K\u00fcchenplanung\"}]},{\"@type\":\"WebSite\",\"@id\":\"https:\/\/blog.zeit.de\/nachgesalzen\/#website\",\"url\":\"https:\/\/blog.zeit.de\/nachgesalzen\/\",\"name\":\"Nachgesalzen\",\"description\":\"Das Blog der K\u00f6che, Gastronomen und Gourmets\",\"potentialAction\":[{\"@type\":\"SearchAction\",\"target\":{\"@type\":\"EntryPoint\",\"urlTemplate\":\"https:\/\/blog.zeit.de\/nachgesalzen\/?s={search_term_string}\"},\"query-input\":\"required name=search_term_string\"}],\"inLanguage\":\"de\"},{\"@type\":\"Person\",\"@id\":\"https:\/\/blog.zeit.de\/nachgesalzen\/#\/schema\/person\/cdd345c2d0a8458fe9af904889e544be\",\"name\":\"Vincent Klink\",\"image\":{\"@type\":\"ImageObject\",\"inLanguage\":\"de\",\"@id\":\"https:\/\/blog.zeit.de\/nachgesalzen\/#\/schema\/person\/image\/\",\"url\":\"https:\/\/secure.gravatar.com\/avatar\/1180e1cf90a70886fd5b98037c8cf28c4d8c19aec023516f0d1c407dcc16a678?s=96&d=mm&r=g\",\"contentUrl\":\"https:\/\/secure.gravatar.com\/avatar\/1180e1cf90a70886fd5b98037c8cf28c4d8c19aec023516f0d1c407dcc16a678?s=96&d=mm&r=g\",\"caption\":\"Vincent Klink\"},\"url\":\"https:\/\/blog.zeit.de\/nachgesalzen\/author\/vincent-klink\"}]}<\/script>\n<!-- \/ Yoast SEO plugin. -->","yoast_head_json":{"title":"K\u00fcchenplanung - Nachgesalzen","robots":{"index":"index","follow":"follow","max-snippet":"max-snippet:-1","max-image-preview":"max-image-preview:large","max-video-preview":"max-video-preview:-1"},"canonical":"https:\/\/blog.zeit.de\/nachgesalzen\/2005\/12\/02\/kuchenplanung_43","og_locale":"de_DE","og_type":"article","og_title":"K\u00fcchenplanung - Nachgesalzen","og_description":"Sehr geehrter Herr Klink, leider ist die Homepage-Speisekarte der Wielandsh\u00f6he f\u00fcr den Dezember noch nicht online. Was gibt\u00b4s denn Gutes? Herzliche Gr\u00fc\u00dfe W. XXX Sehr geehrter Herr XXX wir ver\u00f6ffentlichen erst im nachhinein was wir gekocht haben. Nicht wegen irgendwelchem Kalk\u00fcl, sondern weil wir noch gar nicht wissen was wir kochen werden. Wir planen zum [&hellip;]","og_url":"https:\/\/blog.zeit.de\/nachgesalzen\/2005\/12\/02\/kuchenplanung_43","og_site_name":"Nachgesalzen","article_published_time":"2005-12-02T10:46:57+00:00","author":"Vincent Klink","twitter_card":"summary_large_image","twitter_misc":{"Geschrieben von":"Vincent Klink","Gesch\u00e4tzte Lesezeit":"1\u00a0Minute"},"schema":{"@context":"https:\/\/schema.org","@graph":[{"@type":"WebPage","@id":"https:\/\/blog.zeit.de\/nachgesalzen\/2005\/12\/02\/kuchenplanung_43","url":"https:\/\/blog.zeit.de\/nachgesalzen\/2005\/12\/02\/kuchenplanung_43","name":"K\u00fcchenplanung - Nachgesalzen","isPartOf":{"@id":"https:\/\/blog.zeit.de\/nachgesalzen\/#website"},"datePublished":"2005-12-02T10:46:57+00:00","dateModified":"2005-12-02T10:46:57+00:00","author":{"@id":"https:\/\/blog.zeit.de\/nachgesalzen\/#\/schema\/person\/cdd345c2d0a8458fe9af904889e544be"},"breadcrumb":{"@id":"https:\/\/blog.zeit.de\/nachgesalzen\/2005\/12\/02\/kuchenplanung_43#breadcrumb"},"inLanguage":"de","potentialAction":[{"@type":"ReadAction","target":["https:\/\/blog.zeit.de\/nachgesalzen\/2005\/12\/02\/kuchenplanung_43"]}]},{"@type":"BreadcrumbList","@id":"https:\/\/blog.zeit.de\/nachgesalzen\/2005\/12\/02\/kuchenplanung_43#breadcrumb","itemListElement":[{"@type":"ListItem","position":1,"name":"Startseite","item":"https:\/\/blog.zeit.de\/nachgesalzen"},{"@type":"ListItem","position":2,"name":"K\u00fcchenplanung"}]},{"@type":"WebSite","@id":"https:\/\/blog.zeit.de\/nachgesalzen\/#website","url":"https:\/\/blog.zeit.de\/nachgesalzen\/","name":"Nachgesalzen","description":"Das Blog der K\u00f6che, Gastronomen und Gourmets","potentialAction":[{"@type":"SearchAction","target":{"@type":"EntryPoint","urlTemplate":"https:\/\/blog.zeit.de\/nachgesalzen\/?s={search_term_string}"},"query-input":"required name=search_term_string"}],"inLanguage":"de"},{"@type":"Person","@id":"https:\/\/blog.zeit.de\/nachgesalzen\/#\/schema\/person\/cdd345c2d0a8458fe9af904889e544be","name":"Vincent Klink","image":{"@type":"ImageObject","inLanguage":"de","@id":"https:\/\/blog.zeit.de\/nachgesalzen\/#\/schema\/person\/image\/","url":"https:\/\/secure.gravatar.com\/avatar\/1180e1cf90a70886fd5b98037c8cf28c4d8c19aec023516f0d1c407dcc16a678?s=96&d=mm&r=g","contentUrl":"https:\/\/secure.gravatar.com\/avatar\/1180e1cf90a70886fd5b98037c8cf28c4d8c19aec023516f0d1c407dcc16a678?s=96&d=mm&r=g","caption":"Vincent Klink"},"url":"https:\/\/blog.zeit.de\/nachgesalzen\/author\/vincent-klink"}]}},"jetpack_featured_media_url":"","jetpack_sharing_enabled":true,"_links":{"self":[{"href":"https:\/\/blog.zeit.de\/nachgesalzen\/wp-json\/wp\/v2\/posts\/43","targetHints":{"allow":["GET"]}}],"collection":[{"href":"https:\/\/blog.zeit.de\/nachgesalzen\/wp-json\/wp\/v2\/posts"}],"about":[{"href":"https:\/\/blog.zeit.de\/nachgesalzen\/wp-json\/wp\/v2\/types\/post"}],"author":[{"embeddable":true,"href":"https:\/\/blog.zeit.de\/nachgesalzen\/wp-json\/wp\/v2\/users\/75"}],"replies":[{"embeddable":true,"href":"https:\/\/blog.zeit.de\/nachgesalzen\/wp-json\/wp\/v2\/comments?post=43"}],"version-history":[{"count":0,"href":"https:\/\/blog.zeit.de\/nachgesalzen\/wp-json\/wp\/v2\/posts\/43\/revisions"}],"wp:attachment":[{"href":"https:\/\/blog.zeit.de\/nachgesalzen\/wp-json\/wp\/v2\/media?parent=43"}],"wp:term":[{"taxonomy":"category","embeddable":true,"href":"https:\/\/blog.zeit.de\/nachgesalzen\/wp-json\/wp\/v2\/categories?post=43"},{"taxonomy":"post_tag","embeddable":true,"href":"https:\/\/blog.zeit.de\/nachgesalzen\/wp-json\/wp\/v2\/tags?post=43"}],"curies":[{"name":"wp","href":"https:\/\/api.w.org\/{rel}","templated":true}]}}