{"id":4448,"date":"2010-10-16T17:01:04","date_gmt":"2010-10-16T15:01:04","guid":{"rendered":"http:\/\/blog.zeit.de\/nachgesalzen\/?p=4448"},"modified":"2010-10-18T13:52:49","modified_gmt":"2010-10-18T11:52:49","slug":"schwarzwalder-grid-girls","status":"publish","type":"post","link":"https:\/\/blog.zeit.de\/nachgesalzen\/2010\/10\/16\/schwarzwalder-grid-girls_4448","title":{"rendered":"Schwarzw\u00e4lder Grid Girls"},"content":{"rendered":"<p><img loading=\"lazy\" decoding=\"async\" src=\"https:\/\/blog.zeit.de\/nachgesalzen\/files\/2010\/10\/grid-girls-2.jpg\" alt=\"\" width=\"540\" height=\"304\" class=\"alignleft size-full wp-image-4489\" srcset=\"https:\/\/blog.zeit.de\/nachgesalzen\/files\/2010\/10\/grid-girls-2.jpg 540w, https:\/\/blog.zeit.de\/nachgesalzen\/files\/2010\/10\/grid-girls-2-300x168.jpg 300w\" sizes=\"auto, (max-width: 540px) 100vw, 540px\" \/><\/p>\n<p>W\u00e4hrend der LeMans Series 2010 und bei den 24h vom N\u00fcrburgring 2010 hat die <a href=\"http:\/\/www.villamittermeier.de\/reinschaun.htm\" target=\"_blank\">Villa Mittermeier <\/a>im dritten Jahr mit der <a href=\"http:\/\/www.traube-tonbach.de\/de\/hotel\/index.php\" target=\"_blank\">Traube Tonbach <\/a>zusammengearbeitet und f\u00fcr Essen und Trinken gesorgt. Selbstverst\u00e4ndlich mit angemessenem Service. Die Auszubildenden der Traube haben sehr, sehr flei\u00dfig und gut gearbeitet.<br \/>\nDennoch kam der Spa\u00df nicht zu kurz: Die Rennfahrer und Ingenieure haben sich beim vorherigen Rennen gew\u00fcnscht, die jungen Damen mal nicht im sportlichen Look mit Cargohosen und Poloshirts zu sehen, sondern in der Original-Dienstkleidung der Traube.\u00a0<br \/>\nDieses Outfit wird sich wohl an dieser Stelle im Rennsport in dieser Form nicht durchsetzen, aber so viel Gaudi und Aufsehen an der Strecke gab es wohl selten vor einem Start.<\/p>\n<p><img loading=\"lazy\" decoding=\"async\" src=\"https:\/\/blog.zeit.de\/nachgesalzen\/files\/2010\/10\/grid-girls1.jpg\" alt=\"\" width=\"540\" height=\"304\" class=\"alignleft size-full wp-image-4488\" srcset=\"https:\/\/blog.zeit.de\/nachgesalzen\/files\/2010\/10\/grid-girls1.jpg 540w, https:\/\/blog.zeit.de\/nachgesalzen\/files\/2010\/10\/grid-girls1-300x168.jpg 300w\" sizes=\"auto, (max-width: 540px) 100vw, 540px\" \/><\/p>\n","protected":false},"excerpt":{"rendered":"<p>W\u00e4hrend der LeMans Series 2010 und bei den 24h vom N\u00fcrburgring 2010 hat die Villa Mittermeier im dritten Jahr mit der Traube Tonbach zusammengearbeitet und f\u00fcr Essen und Trinken gesorgt. Selbstverst\u00e4ndlich mit angemessenem Service. Die Auszubildenden der Traube haben sehr, sehr flei\u00dfig und gut gearbeitet. Dennoch kam der Spa\u00df nicht zu kurz: Die Rennfahrer und [&hellip;]<\/p>\n","protected":false},"author":282,"featured_media":0,"comment_status":"open","ping_status":"closed","sticky":false,"template":"","format":"standard","meta":{"_jetpack_memberships_contains_paid_content":false,"footnotes":""},"categories":[1,427,755],"tags":[],"class_list":["post-4448","post","type-post","status-publish","format-standard","hentry","category-allgemein","category-menschen","category-unterwegs"],"yoast_head":"<!-- This site is optimized with the Yoast SEO plugin v21.0 - https:\/\/yoast.com\/wordpress\/plugins\/seo\/ -->\n<title>Schwarzw\u00e4lder Grid Girls - Nachgesalzen<\/title>\n<meta name=\"robots\" content=\"index, follow, max-snippet:-1, max-image-preview:large, max-video-preview:-1\" \/>\n<link rel=\"canonical\" href=\"https:\/\/blog.zeit.de\/nachgesalzen\/2010\/10\/16\/schwarzwalder-grid-girls_4448\" \/>\n<meta property=\"og:locale\" content=\"de_DE\" \/>\n<meta property=\"og:type\" content=\"article\" \/>\n<meta property=\"og:title\" content=\"Schwarzw\u00e4lder Grid Girls - Nachgesalzen\" \/>\n<meta property=\"og:description\" content=\"W\u00e4hrend der LeMans Series 2010 und bei den 24h vom N\u00fcrburgring 2010 hat die Villa Mittermeier im dritten Jahr mit der Traube Tonbach zusammengearbeitet und f\u00fcr Essen und Trinken gesorgt. Selbstverst\u00e4ndlich mit angemessenem Service. Die Auszubildenden der Traube haben sehr, sehr flei\u00dfig und gut gearbeitet. Dennoch kam der Spa\u00df nicht zu kurz: Die Rennfahrer und [&hellip;]\" \/>\n<meta property=\"og:url\" content=\"https:\/\/blog.zeit.de\/nachgesalzen\/2010\/10\/16\/schwarzwalder-grid-girls_4448\" \/>\n<meta property=\"og:site_name\" content=\"Nachgesalzen\" \/>\n<meta property=\"article:published_time\" content=\"2010-10-16T15:01:04+00:00\" \/>\n<meta property=\"article:modified_time\" content=\"2010-10-18T11:52:49+00:00\" \/>\n<meta property=\"og:image\" content=\"https:\/\/blog.zeit.de\/nachgesalzen\/files\/2010\/10\/grid-girls-2.jpg\" \/>\n<meta name=\"author\" content=\"Christian Mittermeier\" \/>\n<meta name=\"twitter:card\" content=\"summary_large_image\" \/>\n<meta name=\"twitter:label1\" content=\"Geschrieben von\" \/>\n\t<meta name=\"twitter:data1\" content=\"Christian Mittermeier\" \/>\n\t<meta name=\"twitter:label2\" content=\"Gesch\u00e4tzte Lesezeit\" \/>\n\t<meta name=\"twitter:data2\" content=\"1\u00a0Minute\" \/>\n<script type=\"application\/ld+json\" class=\"yoast-schema-graph\">{\"@context\":\"https:\/\/schema.org\",\"@graph\":[{\"@type\":\"WebPage\",\"@id\":\"https:\/\/blog.zeit.de\/nachgesalzen\/2010\/10\/16\/schwarzwalder-grid-girls_4448\",\"url\":\"https:\/\/blog.zeit.de\/nachgesalzen\/2010\/10\/16\/schwarzwalder-grid-girls_4448\",\"name\":\"Schwarzw\u00e4lder Grid Girls - Nachgesalzen\",\"isPartOf\":{\"@id\":\"https:\/\/blog.zeit.de\/nachgesalzen\/#website\"},\"datePublished\":\"2010-10-16T15:01:04+00:00\",\"dateModified\":\"2010-10-18T11:52:49+00:00\",\"author\":{\"@id\":\"https:\/\/blog.zeit.de\/nachgesalzen\/#\/schema\/person\/7ae359bb47ff33df4418fdce4bb426ef\"},\"breadcrumb\":{\"@id\":\"https:\/\/blog.zeit.de\/nachgesalzen\/2010\/10\/16\/schwarzwalder-grid-girls_4448#breadcrumb\"},\"inLanguage\":\"de\",\"potentialAction\":[{\"@type\":\"ReadAction\",\"target\":[\"https:\/\/blog.zeit.de\/nachgesalzen\/2010\/10\/16\/schwarzwalder-grid-girls_4448\"]}]},{\"@type\":\"BreadcrumbList\",\"@id\":\"https:\/\/blog.zeit.de\/nachgesalzen\/2010\/10\/16\/schwarzwalder-grid-girls_4448#breadcrumb\",\"itemListElement\":[{\"@type\":\"ListItem\",\"position\":1,\"name\":\"Startseite\",\"item\":\"https:\/\/blog.zeit.de\/nachgesalzen\"},{\"@type\":\"ListItem\",\"position\":2,\"name\":\"Schwarzw\u00e4lder Grid Girls\"}]},{\"@type\":\"WebSite\",\"@id\":\"https:\/\/blog.zeit.de\/nachgesalzen\/#website\",\"url\":\"https:\/\/blog.zeit.de\/nachgesalzen\/\",\"name\":\"Nachgesalzen\",\"description\":\"Das Blog der K\u00f6che, Gastronomen und Gourmets\",\"potentialAction\":[{\"@type\":\"SearchAction\",\"target\":{\"@type\":\"EntryPoint\",\"urlTemplate\":\"https:\/\/blog.zeit.de\/nachgesalzen\/?s={search_term_string}\"},\"query-input\":\"required name=search_term_string\"}],\"inLanguage\":\"de\"},{\"@type\":\"Person\",\"@id\":\"https:\/\/blog.zeit.de\/nachgesalzen\/#\/schema\/person\/7ae359bb47ff33df4418fdce4bb426ef\",\"name\":\"Christian Mittermeier\",\"image\":{\"@type\":\"ImageObject\",\"inLanguage\":\"de\",\"@id\":\"https:\/\/blog.zeit.de\/nachgesalzen\/#\/schema\/person\/image\/\",\"url\":\"https:\/\/secure.gravatar.com\/avatar\/6675d9c6042cf62687850e4bce2c5a6042164a7ea4404b4a027cf0f6b3604e4c?s=96&d=mm&r=g\",\"contentUrl\":\"https:\/\/secure.gravatar.com\/avatar\/6675d9c6042cf62687850e4bce2c5a6042164a7ea4404b4a027cf0f6b3604e4c?s=96&d=mm&r=g\",\"caption\":\"Christian Mittermeier\"},\"sameAs\":[\"http:\/\/www.villamittermeier.de\"],\"url\":\"https:\/\/blog.zeit.de\/nachgesalzen\/author\/christian-mittermeier\"}]}<\/script>\n<!-- \/ Yoast SEO plugin. -->","yoast_head_json":{"title":"Schwarzw\u00e4lder Grid Girls - Nachgesalzen","robots":{"index":"index","follow":"follow","max-snippet":"max-snippet:-1","max-image-preview":"max-image-preview:large","max-video-preview":"max-video-preview:-1"},"canonical":"https:\/\/blog.zeit.de\/nachgesalzen\/2010\/10\/16\/schwarzwalder-grid-girls_4448","og_locale":"de_DE","og_type":"article","og_title":"Schwarzw\u00e4lder Grid Girls - Nachgesalzen","og_description":"W\u00e4hrend der LeMans Series 2010 und bei den 24h vom N\u00fcrburgring 2010 hat die Villa Mittermeier im dritten Jahr mit der Traube Tonbach zusammengearbeitet und f\u00fcr Essen und Trinken gesorgt. Selbstverst\u00e4ndlich mit angemessenem Service. Die Auszubildenden der Traube haben sehr, sehr flei\u00dfig und gut gearbeitet. Dennoch kam der Spa\u00df nicht zu kurz: Die Rennfahrer und [&hellip;]","og_url":"https:\/\/blog.zeit.de\/nachgesalzen\/2010\/10\/16\/schwarzwalder-grid-girls_4448","og_site_name":"Nachgesalzen","article_published_time":"2010-10-16T15:01:04+00:00","article_modified_time":"2010-10-18T11:52:49+00:00","og_image":[{"url":"https:\/\/blog.zeit.de\/nachgesalzen\/files\/2010\/10\/grid-girls-2.jpg"}],"author":"Christian Mittermeier","twitter_card":"summary_large_image","twitter_misc":{"Geschrieben von":"Christian Mittermeier","Gesch\u00e4tzte Lesezeit":"1\u00a0Minute"},"schema":{"@context":"https:\/\/schema.org","@graph":[{"@type":"WebPage","@id":"https:\/\/blog.zeit.de\/nachgesalzen\/2010\/10\/16\/schwarzwalder-grid-girls_4448","url":"https:\/\/blog.zeit.de\/nachgesalzen\/2010\/10\/16\/schwarzwalder-grid-girls_4448","name":"Schwarzw\u00e4lder Grid Girls - Nachgesalzen","isPartOf":{"@id":"https:\/\/blog.zeit.de\/nachgesalzen\/#website"},"datePublished":"2010-10-16T15:01:04+00:00","dateModified":"2010-10-18T11:52:49+00:00","author":{"@id":"https:\/\/blog.zeit.de\/nachgesalzen\/#\/schema\/person\/7ae359bb47ff33df4418fdce4bb426ef"},"breadcrumb":{"@id":"https:\/\/blog.zeit.de\/nachgesalzen\/2010\/10\/16\/schwarzwalder-grid-girls_4448#breadcrumb"},"inLanguage":"de","potentialAction":[{"@type":"ReadAction","target":["https:\/\/blog.zeit.de\/nachgesalzen\/2010\/10\/16\/schwarzwalder-grid-girls_4448"]}]},{"@type":"BreadcrumbList","@id":"https:\/\/blog.zeit.de\/nachgesalzen\/2010\/10\/16\/schwarzwalder-grid-girls_4448#breadcrumb","itemListElement":[{"@type":"ListItem","position":1,"name":"Startseite","item":"https:\/\/blog.zeit.de\/nachgesalzen"},{"@type":"ListItem","position":2,"name":"Schwarzw\u00e4lder Grid Girls"}]},{"@type":"WebSite","@id":"https:\/\/blog.zeit.de\/nachgesalzen\/#website","url":"https:\/\/blog.zeit.de\/nachgesalzen\/","name":"Nachgesalzen","description":"Das Blog der K\u00f6che, Gastronomen und Gourmets","potentialAction":[{"@type":"SearchAction","target":{"@type":"EntryPoint","urlTemplate":"https:\/\/blog.zeit.de\/nachgesalzen\/?s={search_term_string}"},"query-input":"required name=search_term_string"}],"inLanguage":"de"},{"@type":"Person","@id":"https:\/\/blog.zeit.de\/nachgesalzen\/#\/schema\/person\/7ae359bb47ff33df4418fdce4bb426ef","name":"Christian Mittermeier","image":{"@type":"ImageObject","inLanguage":"de","@id":"https:\/\/blog.zeit.de\/nachgesalzen\/#\/schema\/person\/image\/","url":"https:\/\/secure.gravatar.com\/avatar\/6675d9c6042cf62687850e4bce2c5a6042164a7ea4404b4a027cf0f6b3604e4c?s=96&d=mm&r=g","contentUrl":"https:\/\/secure.gravatar.com\/avatar\/6675d9c6042cf62687850e4bce2c5a6042164a7ea4404b4a027cf0f6b3604e4c?s=96&d=mm&r=g","caption":"Christian Mittermeier"},"sameAs":["http:\/\/www.villamittermeier.de"],"url":"https:\/\/blog.zeit.de\/nachgesalzen\/author\/christian-mittermeier"}]}},"jetpack_featured_media_url":"","jetpack_sharing_enabled":true,"_links":{"self":[{"href":"https:\/\/blog.zeit.de\/nachgesalzen\/wp-json\/wp\/v2\/posts\/4448","targetHints":{"allow":["GET"]}}],"collection":[{"href":"https:\/\/blog.zeit.de\/nachgesalzen\/wp-json\/wp\/v2\/posts"}],"about":[{"href":"https:\/\/blog.zeit.de\/nachgesalzen\/wp-json\/wp\/v2\/types\/post"}],"author":[{"embeddable":true,"href":"https:\/\/blog.zeit.de\/nachgesalzen\/wp-json\/wp\/v2\/users\/282"}],"replies":[{"embeddable":true,"href":"https:\/\/blog.zeit.de\/nachgesalzen\/wp-json\/wp\/v2\/comments?post=4448"}],"version-history":[{"count":11,"href":"https:\/\/blog.zeit.de\/nachgesalzen\/wp-json\/wp\/v2\/posts\/4448\/revisions"}],"predecessor-version":[{"id":4464,"href":"https:\/\/blog.zeit.de\/nachgesalzen\/wp-json\/wp\/v2\/posts\/4448\/revisions\/4464"}],"wp:attachment":[{"href":"https:\/\/blog.zeit.de\/nachgesalzen\/wp-json\/wp\/v2\/media?parent=4448"}],"wp:term":[{"taxonomy":"category","embeddable":true,"href":"https:\/\/blog.zeit.de\/nachgesalzen\/wp-json\/wp\/v2\/categories?post=4448"},{"taxonomy":"post_tag","embeddable":true,"href":"https:\/\/blog.zeit.de\/nachgesalzen\/wp-json\/wp\/v2\/tags?post=4448"}],"curies":[{"name":"wp","href":"https:\/\/api.w.org\/{rel}","templated":true}]}}