{"id":45,"date":"2005-12-08T11:49:39","date_gmt":"2005-12-08T10:49:39","guid":{"rendered":"http:\/\/blog.zeit.de\/nachgesalzen\/2005\/12\/08\/wildkochbuch_45"},"modified":"2005-12-08T11:49:39","modified_gmt":"2005-12-08T10:49:39","slug":"wildkochbuch","status":"publish","type":"post","link":"https:\/\/blog.zeit.de\/nachgesalzen\/2005\/12\/08\/wildkochbuch_45","title":{"rendered":"Wildkoch-Schule"},"content":{"rendered":"<p>Wild &#8211; Die gro\u00dfe Wildkochschule<\/p>\n<p><a href=\"https:\/\/blog.zeit.de\/nachgesalzen\/files\/2008\/06\/wildschule-210.jpg\" title=\"wildschule-210.jpg\"><img decoding=\"async\" src=\"https:\/\/blog.zeit.de\/nachgesalzen\/files\/2008\/06\/wildschule-210.jpg\" alt=\"wildschule-210.jpg\" \/><\/a><\/p>\n<p>Dieses Buch habe ich in Zusammenarbeit mit dem Tre Torri Verlag, Wiesbaden herausgegeben.<br \/>\nNach einer Idee von Verleger Ralf Frenzel haben wir in diesem Sommer\/Herbst das Buch produziert. Fotografiert hat die Gerichte der bekannte &#8222;Food&#8220; Foto Spezialist Michael Wissing.<\/p>\n<p><a href=\"https:\/\/blog.zeit.de\/nachgesalzen\/files\/2008\/06\/wild-410.jpg\" title=\"wild-410.jpg\"><img decoding=\"async\" src=\"https:\/\/blog.zeit.de\/nachgesalzen\/files\/2008\/06\/wild-410.jpg\" alt=\"wild-410.jpg\" \/><\/a><\/p>\n<p>In 70 Rezepten wird ein breites Spektrum von Haar- und Federwildgerichten leicht verst\u00e4ndlich pr\u00e4sentiert.<br \/>\nVon der Wildschweinbolognese \u00fcber den &#8222;falschen Hasen vom Wildschwein&#8220; bis zum Rehm\u00e9daillon mit Wildkr\u00e4utersalat werden viele interessante Anregungen gezeigt.<br \/>\nDen Rehr\u00fccken &#8222;Baden-Baden&#8220;, der in allen anderen Wildkochb\u00fcchern gezeigt wird, werden Sie vergeblich suchen.<br \/>\nAbgerundet wird das Buch durch ein Bezugsquellenverzeichnis von Wildh\u00e4ndlern, Metzgern und J\u00e4gern in ganz Deutschland.<\/p>\n<p>ISBN 3-937963-21-9 Tre Torri Verlag Wiesbaden<br \/>\nEuro 39,90<br \/>\nSignierte Exemplare erhalten Sie im Spielweg Tel. 07636-7090<\/p>\n","protected":false},"excerpt":{"rendered":"<p>Wild &#8211; Die gro\u00dfe Wildkochschule Dieses Buch habe ich in Zusammenarbeit mit dem Tre Torri Verlag, Wiesbaden herausgegeben. Nach einer Idee von Verleger Ralf Frenzel haben wir in diesem Sommer\/Herbst das Buch produziert. Fotografiert hat die Gerichte der bekannte &#8222;Food&#8220; Foto Spezialist Michael Wissing. In 70 Rezepten wird ein breites Spektrum von Haar- und Federwildgerichten [&hellip;]<\/p>\n","protected":false},"author":76,"featured_media":0,"comment_status":"open","ping_status":"closed","sticky":false,"template":"","format":"standard","meta":{"_jetpack_memberships_contains_paid_content":false,"footnotes":""},"categories":[735,758],"tags":[],"class_list":["post-45","post","type-post","status-publish","format-standard","hentry","category-bucher","category-wild"],"yoast_head":"<!-- This site is optimized with the Yoast SEO plugin v21.0 - https:\/\/yoast.com\/wordpress\/plugins\/seo\/ -->\n<title>Wildkoch-Schule - Nachgesalzen<\/title>\n<meta name=\"robots\" content=\"index, follow, max-snippet:-1, max-image-preview:large, max-video-preview:-1\" \/>\n<link rel=\"canonical\" href=\"https:\/\/blog.zeit.de\/nachgesalzen\/2005\/12\/08\/wildkochbuch_45\" \/>\n<meta property=\"og:locale\" content=\"de_DE\" \/>\n<meta property=\"og:type\" content=\"article\" \/>\n<meta property=\"og:title\" content=\"Wildkoch-Schule - Nachgesalzen\" \/>\n<meta property=\"og:description\" content=\"Wild &#8211; Die gro\u00dfe Wildkochschule Dieses Buch habe ich in Zusammenarbeit mit dem Tre Torri Verlag, Wiesbaden herausgegeben. Nach einer Idee von Verleger Ralf Frenzel haben wir in diesem Sommer\/Herbst das Buch produziert. Fotografiert hat die Gerichte der bekannte &#8222;Food&#8220; Foto Spezialist Michael Wissing. In 70 Rezepten wird ein breites Spektrum von Haar- und Federwildgerichten [&hellip;]\" \/>\n<meta property=\"og:url\" content=\"https:\/\/blog.zeit.de\/nachgesalzen\/2005\/12\/08\/wildkochbuch_45\" \/>\n<meta property=\"og:site_name\" content=\"Nachgesalzen\" \/>\n<meta property=\"article:published_time\" content=\"2005-12-08T10:49:39+00:00\" \/>\n<meta property=\"og:image\" content=\"https:\/\/blog.zeit.de\/nachgesalzen\/files\/2008\/06\/wildschule-210.jpg\" \/>\n<meta name=\"author\" content=\"Karl-Josef Fuchs\" \/>\n<meta name=\"twitter:card\" content=\"summary_large_image\" \/>\n<meta name=\"twitter:label1\" content=\"Geschrieben von\" \/>\n\t<meta name=\"twitter:data1\" content=\"Karl-Josef Fuchs\" \/>\n\t<meta name=\"twitter:label2\" content=\"Gesch\u00e4tzte Lesezeit\" \/>\n\t<meta name=\"twitter:data2\" content=\"1\u00a0Minute\" \/>\n<script type=\"application\/ld+json\" class=\"yoast-schema-graph\">{\"@context\":\"https:\/\/schema.org\",\"@graph\":[{\"@type\":\"WebPage\",\"@id\":\"https:\/\/blog.zeit.de\/nachgesalzen\/2005\/12\/08\/wildkochbuch_45\",\"url\":\"https:\/\/blog.zeit.de\/nachgesalzen\/2005\/12\/08\/wildkochbuch_45\",\"name\":\"Wildkoch-Schule - Nachgesalzen\",\"isPartOf\":{\"@id\":\"https:\/\/blog.zeit.de\/nachgesalzen\/#website\"},\"datePublished\":\"2005-12-08T10:49:39+00:00\",\"dateModified\":\"2005-12-08T10:49:39+00:00\",\"author\":{\"@id\":\"https:\/\/blog.zeit.de\/nachgesalzen\/#\/schema\/person\/7ae9b66a0552216a7269a9b1a5cfefc6\"},\"breadcrumb\":{\"@id\":\"https:\/\/blog.zeit.de\/nachgesalzen\/2005\/12\/08\/wildkochbuch_45#breadcrumb\"},\"inLanguage\":\"de\",\"potentialAction\":[{\"@type\":\"ReadAction\",\"target\":[\"https:\/\/blog.zeit.de\/nachgesalzen\/2005\/12\/08\/wildkochbuch_45\"]}]},{\"@type\":\"BreadcrumbList\",\"@id\":\"https:\/\/blog.zeit.de\/nachgesalzen\/2005\/12\/08\/wildkochbuch_45#breadcrumb\",\"itemListElement\":[{\"@type\":\"ListItem\",\"position\":1,\"name\":\"Startseite\",\"item\":\"https:\/\/blog.zeit.de\/nachgesalzen\"},{\"@type\":\"ListItem\",\"position\":2,\"name\":\"Wildkoch-Schule\"}]},{\"@type\":\"WebSite\",\"@id\":\"https:\/\/blog.zeit.de\/nachgesalzen\/#website\",\"url\":\"https:\/\/blog.zeit.de\/nachgesalzen\/\",\"name\":\"Nachgesalzen\",\"description\":\"Das Blog der K\u00f6che, Gastronomen und Gourmets\",\"potentialAction\":[{\"@type\":\"SearchAction\",\"target\":{\"@type\":\"EntryPoint\",\"urlTemplate\":\"https:\/\/blog.zeit.de\/nachgesalzen\/?s={search_term_string}\"},\"query-input\":\"required name=search_term_string\"}],\"inLanguage\":\"de\"},{\"@type\":\"Person\",\"@id\":\"https:\/\/blog.zeit.de\/nachgesalzen\/#\/schema\/person\/7ae9b66a0552216a7269a9b1a5cfefc6\",\"name\":\"Karl-Josef Fuchs\",\"image\":{\"@type\":\"ImageObject\",\"inLanguage\":\"de\",\"@id\":\"https:\/\/blog.zeit.de\/nachgesalzen\/#\/schema\/person\/image\/\",\"url\":\"https:\/\/secure.gravatar.com\/avatar\/0c9710bab3152b4b1514161da5b8f7e311595fb8a80ea29b158fbffee83f89f4?s=96&d=mm&r=g\",\"contentUrl\":\"https:\/\/secure.gravatar.com\/avatar\/0c9710bab3152b4b1514161da5b8f7e311595fb8a80ea29b158fbffee83f89f4?s=96&d=mm&r=g\",\"caption\":\"Karl-Josef Fuchs\"},\"url\":\"https:\/\/blog.zeit.de\/nachgesalzen\/author\/karl-josef-fuchs\"}]}<\/script>\n<!-- \/ Yoast SEO plugin. -->","yoast_head_json":{"title":"Wildkoch-Schule - Nachgesalzen","robots":{"index":"index","follow":"follow","max-snippet":"max-snippet:-1","max-image-preview":"max-image-preview:large","max-video-preview":"max-video-preview:-1"},"canonical":"https:\/\/blog.zeit.de\/nachgesalzen\/2005\/12\/08\/wildkochbuch_45","og_locale":"de_DE","og_type":"article","og_title":"Wildkoch-Schule - Nachgesalzen","og_description":"Wild &#8211; Die gro\u00dfe Wildkochschule Dieses Buch habe ich in Zusammenarbeit mit dem Tre Torri Verlag, Wiesbaden herausgegeben. Nach einer Idee von Verleger Ralf Frenzel haben wir in diesem Sommer\/Herbst das Buch produziert. Fotografiert hat die Gerichte der bekannte &#8222;Food&#8220; Foto Spezialist Michael Wissing. In 70 Rezepten wird ein breites Spektrum von Haar- und Federwildgerichten [&hellip;]","og_url":"https:\/\/blog.zeit.de\/nachgesalzen\/2005\/12\/08\/wildkochbuch_45","og_site_name":"Nachgesalzen","article_published_time":"2005-12-08T10:49:39+00:00","og_image":[{"url":"https:\/\/blog.zeit.de\/nachgesalzen\/files\/2008\/06\/wildschule-210.jpg"}],"author":"Karl-Josef Fuchs","twitter_card":"summary_large_image","twitter_misc":{"Geschrieben von":"Karl-Josef Fuchs","Gesch\u00e4tzte Lesezeit":"1\u00a0Minute"},"schema":{"@context":"https:\/\/schema.org","@graph":[{"@type":"WebPage","@id":"https:\/\/blog.zeit.de\/nachgesalzen\/2005\/12\/08\/wildkochbuch_45","url":"https:\/\/blog.zeit.de\/nachgesalzen\/2005\/12\/08\/wildkochbuch_45","name":"Wildkoch-Schule - Nachgesalzen","isPartOf":{"@id":"https:\/\/blog.zeit.de\/nachgesalzen\/#website"},"datePublished":"2005-12-08T10:49:39+00:00","dateModified":"2005-12-08T10:49:39+00:00","author":{"@id":"https:\/\/blog.zeit.de\/nachgesalzen\/#\/schema\/person\/7ae9b66a0552216a7269a9b1a5cfefc6"},"breadcrumb":{"@id":"https:\/\/blog.zeit.de\/nachgesalzen\/2005\/12\/08\/wildkochbuch_45#breadcrumb"},"inLanguage":"de","potentialAction":[{"@type":"ReadAction","target":["https:\/\/blog.zeit.de\/nachgesalzen\/2005\/12\/08\/wildkochbuch_45"]}]},{"@type":"BreadcrumbList","@id":"https:\/\/blog.zeit.de\/nachgesalzen\/2005\/12\/08\/wildkochbuch_45#breadcrumb","itemListElement":[{"@type":"ListItem","position":1,"name":"Startseite","item":"https:\/\/blog.zeit.de\/nachgesalzen"},{"@type":"ListItem","position":2,"name":"Wildkoch-Schule"}]},{"@type":"WebSite","@id":"https:\/\/blog.zeit.de\/nachgesalzen\/#website","url":"https:\/\/blog.zeit.de\/nachgesalzen\/","name":"Nachgesalzen","description":"Das Blog der K\u00f6che, Gastronomen und Gourmets","potentialAction":[{"@type":"SearchAction","target":{"@type":"EntryPoint","urlTemplate":"https:\/\/blog.zeit.de\/nachgesalzen\/?s={search_term_string}"},"query-input":"required name=search_term_string"}],"inLanguage":"de"},{"@type":"Person","@id":"https:\/\/blog.zeit.de\/nachgesalzen\/#\/schema\/person\/7ae9b66a0552216a7269a9b1a5cfefc6","name":"Karl-Josef Fuchs","image":{"@type":"ImageObject","inLanguage":"de","@id":"https:\/\/blog.zeit.de\/nachgesalzen\/#\/schema\/person\/image\/","url":"https:\/\/secure.gravatar.com\/avatar\/0c9710bab3152b4b1514161da5b8f7e311595fb8a80ea29b158fbffee83f89f4?s=96&d=mm&r=g","contentUrl":"https:\/\/secure.gravatar.com\/avatar\/0c9710bab3152b4b1514161da5b8f7e311595fb8a80ea29b158fbffee83f89f4?s=96&d=mm&r=g","caption":"Karl-Josef Fuchs"},"url":"https:\/\/blog.zeit.de\/nachgesalzen\/author\/karl-josef-fuchs"}]}},"jetpack_featured_media_url":"","jetpack_sharing_enabled":true,"_links":{"self":[{"href":"https:\/\/blog.zeit.de\/nachgesalzen\/wp-json\/wp\/v2\/posts\/45","targetHints":{"allow":["GET"]}}],"collection":[{"href":"https:\/\/blog.zeit.de\/nachgesalzen\/wp-json\/wp\/v2\/posts"}],"about":[{"href":"https:\/\/blog.zeit.de\/nachgesalzen\/wp-json\/wp\/v2\/types\/post"}],"author":[{"embeddable":true,"href":"https:\/\/blog.zeit.de\/nachgesalzen\/wp-json\/wp\/v2\/users\/76"}],"replies":[{"embeddable":true,"href":"https:\/\/blog.zeit.de\/nachgesalzen\/wp-json\/wp\/v2\/comments?post=45"}],"version-history":[{"count":0,"href":"https:\/\/blog.zeit.de\/nachgesalzen\/wp-json\/wp\/v2\/posts\/45\/revisions"}],"wp:attachment":[{"href":"https:\/\/blog.zeit.de\/nachgesalzen\/wp-json\/wp\/v2\/media?parent=45"}],"wp:term":[{"taxonomy":"category","embeddable":true,"href":"https:\/\/blog.zeit.de\/nachgesalzen\/wp-json\/wp\/v2\/categories?post=45"},{"taxonomy":"post_tag","embeddable":true,"href":"https:\/\/blog.zeit.de\/nachgesalzen\/wp-json\/wp\/v2\/tags?post=45"}],"curies":[{"name":"wp","href":"https:\/\/api.w.org\/{rel}","templated":true}]}}