{"id":514,"date":"2008-04-02T13:23:07","date_gmt":"2008-04-02T12:23:07","guid":{"rendered":"http:\/\/blog.zeit.de\/nachgesalzen\/2008\/04\/02\/feuillete_514"},"modified":"2010-05-19T14:58:16","modified_gmt":"2010-05-19T12:58:16","slug":"feuillete","status":"publish","type":"post","link":"https:\/\/blog.zeit.de\/nachgesalzen\/2008\/04\/02\/feuillete_514","title":{"rendered":"Feuillet\u00e9"},"content":{"rendered":"<p><a href=\"https:\/\/blog.zeit.de\/nachgesalzen\/files\/2008\/03\/blatterteigoberbergen.jpg\" title=\"blatterteigoberbergen.jpg\"><img decoding=\"async\" src=\"https:\/\/blog.zeit.de\/nachgesalzen\/files\/2008\/03\/blatterteigoberbergen.jpg\" alt=\"blatterteigoberbergen.jpg\" \/><\/a><\/p>\n<p>Die guten alten Zeiten im <a href=\"http:\/\/www.franz-keller.de\/restaurants\/schwarzer-adler\/willkommen\/\"target=\"_blank\">Schwarzen Adler<\/a>, ich fand in meiner Bildersammlung ein Foto von mir, 2. Lehrjahr, 1978, in der Patisserie beim <a href=\"https:\/\/blog.zeit.de\/nachgesalzen\/2006\/12\/02\/blatterteig_189\"target=\"_blank\">Bl\u00e4tterteig &#8222;touren&#8220;<\/a>.<\/p>\n<p><a href=\"https:\/\/blog.zeit.de\/nachgesalzen\/files\/2008\/03\/oberbergen-3.jpg\" title=\"oberbergen-3.jpg\"><img decoding=\"async\" src=\"https:\/\/blog.zeit.de\/nachgesalzen\/files\/2008\/03\/oberbergen-3.jpg\" alt=\"oberbergen-3.jpg\" \/><\/a><\/p>\n<p>Ein gro\u00dfes St\u00fcck Butter wird in einem Teig aus Wasser, Mehl und Salz eingeschlagen, und so ausgerollt (getourt), dass es verschiedene Lagen Teig und Butter ergibt, der schlie\u00dflich &#8211;\u00a0wenn es geklappt hat &#8211;\u00a0beim Backen aufgeht.<\/p>\n<p>Und wenn es nicht so war, dann kriegte <a href=\"https:\/\/blog.zeit.de\/nachgesalzen\/2007\/03\/29\/zum-andenken-an-meinen-alten-chef_220\"target=\"_blank\">der Chef <\/a>einen Anfall&#8230;<\/p>\n<p>Zur Spargelzeit stand auf der Karte:<\/p>\n<p><em>Spargelfeuillet\u00e9 mit Morcheln<\/em><\/p>\n<p>Ein Bl\u00e4tterteigst\u00fcck, ca. 12&#215;6 cm, wird gebacken und l\u00e4ngs halbiert. Auf den Boden kommen die Spargelspitzen, dar\u00fcber ein Morchelrahm aus frischen Rheinwaldmorcheln mit etwas Kerbel drin\u00a0und der goldbraun gebackene Deckel obendrauf. Ultra-Klassiker, schmeckt super gut!<\/p>\n","protected":false},"excerpt":{"rendered":"<p>Die guten alten Zeiten im Schwarzen Adler, ich fand in meiner Bildersammlung ein Foto von mir, 2. Lehrjahr, 1978, in der Patisserie beim Bl\u00e4tterteig &#8222;touren&#8220;. Ein gro\u00dfes St\u00fcck Butter wird in einem Teig aus Wasser, Mehl und Salz eingeschlagen, und so ausgerollt (getourt), dass es verschiedene Lagen Teig und Butter ergibt, der schlie\u00dflich &#8211;\u00a0wenn es [&hellip;]<\/p>\n","protected":false},"author":76,"featured_media":0,"comment_status":"open","ping_status":"closed","sticky":false,"template":"","format":"standard","meta":{"_jetpack_memberships_contains_paid_content":false,"footnotes":""},"categories":[741,427,751,753],"tags":[],"class_list":["post-514","post","type-post","status-publish","format-standard","hentry","category-geback","category-menschen","category-saisonales","category-spargel"],"yoast_head":"<!-- This site is optimized with the Yoast SEO plugin v21.0 - https:\/\/yoast.com\/wordpress\/plugins\/seo\/ -->\n<title>Feuillet\u00e9 - Nachgesalzen<\/title>\n<meta name=\"robots\" content=\"index, follow, max-snippet:-1, max-image-preview:large, max-video-preview:-1\" \/>\n<link rel=\"canonical\" href=\"https:\/\/blog.zeit.de\/nachgesalzen\/2008\/04\/02\/feuillete_514\" \/>\n<meta property=\"og:locale\" content=\"de_DE\" \/>\n<meta property=\"og:type\" content=\"article\" \/>\n<meta property=\"og:title\" content=\"Feuillet\u00e9 - Nachgesalzen\" \/>\n<meta property=\"og:description\" content=\"Die guten alten Zeiten im Schwarzen Adler, ich fand in meiner Bildersammlung ein Foto von mir, 2. Lehrjahr, 1978, in der Patisserie beim Bl\u00e4tterteig &#8222;touren&#8220;. Ein gro\u00dfes St\u00fcck Butter wird in einem Teig aus Wasser, Mehl und Salz eingeschlagen, und so ausgerollt (getourt), dass es verschiedene Lagen Teig und Butter ergibt, der schlie\u00dflich &#8211;\u00a0wenn es [&hellip;]\" \/>\n<meta property=\"og:url\" content=\"https:\/\/blog.zeit.de\/nachgesalzen\/2008\/04\/02\/feuillete_514\" \/>\n<meta property=\"og:site_name\" content=\"Nachgesalzen\" \/>\n<meta property=\"article:published_time\" content=\"2008-04-02T12:23:07+00:00\" \/>\n<meta property=\"article:modified_time\" content=\"2010-05-19T12:58:16+00:00\" \/>\n<meta property=\"og:image\" content=\"https:\/\/blog.zeit.de\/nachgesalzen\/files\/2008\/03\/blatterteigoberbergen.jpg\" \/>\n<meta name=\"author\" content=\"Karl-Josef Fuchs\" \/>\n<meta name=\"twitter:card\" content=\"summary_large_image\" \/>\n<meta name=\"twitter:label1\" content=\"Geschrieben von\" \/>\n\t<meta name=\"twitter:data1\" content=\"Karl-Josef Fuchs\" \/>\n\t<meta name=\"twitter:label2\" content=\"Gesch\u00e4tzte Lesezeit\" \/>\n\t<meta name=\"twitter:data2\" content=\"1\u00a0Minute\" \/>\n<script type=\"application\/ld+json\" class=\"yoast-schema-graph\">{\"@context\":\"https:\/\/schema.org\",\"@graph\":[{\"@type\":\"WebPage\",\"@id\":\"https:\/\/blog.zeit.de\/nachgesalzen\/2008\/04\/02\/feuillete_514\",\"url\":\"https:\/\/blog.zeit.de\/nachgesalzen\/2008\/04\/02\/feuillete_514\",\"name\":\"Feuillet\u00e9 - Nachgesalzen\",\"isPartOf\":{\"@id\":\"https:\/\/blog.zeit.de\/nachgesalzen\/#website\"},\"datePublished\":\"2008-04-02T12:23:07+00:00\",\"dateModified\":\"2010-05-19T12:58:16+00:00\",\"author\":{\"@id\":\"https:\/\/blog.zeit.de\/nachgesalzen\/#\/schema\/person\/7ae9b66a0552216a7269a9b1a5cfefc6\"},\"breadcrumb\":{\"@id\":\"https:\/\/blog.zeit.de\/nachgesalzen\/2008\/04\/02\/feuillete_514#breadcrumb\"},\"inLanguage\":\"de\",\"potentialAction\":[{\"@type\":\"ReadAction\",\"target\":[\"https:\/\/blog.zeit.de\/nachgesalzen\/2008\/04\/02\/feuillete_514\"]}]},{\"@type\":\"BreadcrumbList\",\"@id\":\"https:\/\/blog.zeit.de\/nachgesalzen\/2008\/04\/02\/feuillete_514#breadcrumb\",\"itemListElement\":[{\"@type\":\"ListItem\",\"position\":1,\"name\":\"Startseite\",\"item\":\"https:\/\/blog.zeit.de\/nachgesalzen\"},{\"@type\":\"ListItem\",\"position\":2,\"name\":\"Feuillet\u00e9\"}]},{\"@type\":\"WebSite\",\"@id\":\"https:\/\/blog.zeit.de\/nachgesalzen\/#website\",\"url\":\"https:\/\/blog.zeit.de\/nachgesalzen\/\",\"name\":\"Nachgesalzen\",\"description\":\"Das Blog der K\u00f6che, Gastronomen und Gourmets\",\"potentialAction\":[{\"@type\":\"SearchAction\",\"target\":{\"@type\":\"EntryPoint\",\"urlTemplate\":\"https:\/\/blog.zeit.de\/nachgesalzen\/?s={search_term_string}\"},\"query-input\":\"required name=search_term_string\"}],\"inLanguage\":\"de\"},{\"@type\":\"Person\",\"@id\":\"https:\/\/blog.zeit.de\/nachgesalzen\/#\/schema\/person\/7ae9b66a0552216a7269a9b1a5cfefc6\",\"name\":\"Karl-Josef Fuchs\",\"image\":{\"@type\":\"ImageObject\",\"inLanguage\":\"de\",\"@id\":\"https:\/\/blog.zeit.de\/nachgesalzen\/#\/schema\/person\/image\/\",\"url\":\"https:\/\/secure.gravatar.com\/avatar\/0c9710bab3152b4b1514161da5b8f7e311595fb8a80ea29b158fbffee83f89f4?s=96&d=mm&r=g\",\"contentUrl\":\"https:\/\/secure.gravatar.com\/avatar\/0c9710bab3152b4b1514161da5b8f7e311595fb8a80ea29b158fbffee83f89f4?s=96&d=mm&r=g\",\"caption\":\"Karl-Josef Fuchs\"},\"url\":\"https:\/\/blog.zeit.de\/nachgesalzen\/author\/karl-josef-fuchs\"}]}<\/script>\n<!-- \/ Yoast SEO plugin. -->","yoast_head_json":{"title":"Feuillet\u00e9 - Nachgesalzen","robots":{"index":"index","follow":"follow","max-snippet":"max-snippet:-1","max-image-preview":"max-image-preview:large","max-video-preview":"max-video-preview:-1"},"canonical":"https:\/\/blog.zeit.de\/nachgesalzen\/2008\/04\/02\/feuillete_514","og_locale":"de_DE","og_type":"article","og_title":"Feuillet\u00e9 - Nachgesalzen","og_description":"Die guten alten Zeiten im Schwarzen Adler, ich fand in meiner Bildersammlung ein Foto von mir, 2. Lehrjahr, 1978, in der Patisserie beim Bl\u00e4tterteig &#8222;touren&#8220;. Ein gro\u00dfes St\u00fcck Butter wird in einem Teig aus Wasser, Mehl und Salz eingeschlagen, und so ausgerollt (getourt), dass es verschiedene Lagen Teig und Butter ergibt, der schlie\u00dflich &#8211;\u00a0wenn es [&hellip;]","og_url":"https:\/\/blog.zeit.de\/nachgesalzen\/2008\/04\/02\/feuillete_514","og_site_name":"Nachgesalzen","article_published_time":"2008-04-02T12:23:07+00:00","article_modified_time":"2010-05-19T12:58:16+00:00","og_image":[{"url":"https:\/\/blog.zeit.de\/nachgesalzen\/files\/2008\/03\/blatterteigoberbergen.jpg"}],"author":"Karl-Josef Fuchs","twitter_card":"summary_large_image","twitter_misc":{"Geschrieben von":"Karl-Josef Fuchs","Gesch\u00e4tzte Lesezeit":"1\u00a0Minute"},"schema":{"@context":"https:\/\/schema.org","@graph":[{"@type":"WebPage","@id":"https:\/\/blog.zeit.de\/nachgesalzen\/2008\/04\/02\/feuillete_514","url":"https:\/\/blog.zeit.de\/nachgesalzen\/2008\/04\/02\/feuillete_514","name":"Feuillet\u00e9 - Nachgesalzen","isPartOf":{"@id":"https:\/\/blog.zeit.de\/nachgesalzen\/#website"},"datePublished":"2008-04-02T12:23:07+00:00","dateModified":"2010-05-19T12:58:16+00:00","author":{"@id":"https:\/\/blog.zeit.de\/nachgesalzen\/#\/schema\/person\/7ae9b66a0552216a7269a9b1a5cfefc6"},"breadcrumb":{"@id":"https:\/\/blog.zeit.de\/nachgesalzen\/2008\/04\/02\/feuillete_514#breadcrumb"},"inLanguage":"de","potentialAction":[{"@type":"ReadAction","target":["https:\/\/blog.zeit.de\/nachgesalzen\/2008\/04\/02\/feuillete_514"]}]},{"@type":"BreadcrumbList","@id":"https:\/\/blog.zeit.de\/nachgesalzen\/2008\/04\/02\/feuillete_514#breadcrumb","itemListElement":[{"@type":"ListItem","position":1,"name":"Startseite","item":"https:\/\/blog.zeit.de\/nachgesalzen"},{"@type":"ListItem","position":2,"name":"Feuillet\u00e9"}]},{"@type":"WebSite","@id":"https:\/\/blog.zeit.de\/nachgesalzen\/#website","url":"https:\/\/blog.zeit.de\/nachgesalzen\/","name":"Nachgesalzen","description":"Das Blog der K\u00f6che, Gastronomen und Gourmets","potentialAction":[{"@type":"SearchAction","target":{"@type":"EntryPoint","urlTemplate":"https:\/\/blog.zeit.de\/nachgesalzen\/?s={search_term_string}"},"query-input":"required name=search_term_string"}],"inLanguage":"de"},{"@type":"Person","@id":"https:\/\/blog.zeit.de\/nachgesalzen\/#\/schema\/person\/7ae9b66a0552216a7269a9b1a5cfefc6","name":"Karl-Josef Fuchs","image":{"@type":"ImageObject","inLanguage":"de","@id":"https:\/\/blog.zeit.de\/nachgesalzen\/#\/schema\/person\/image\/","url":"https:\/\/secure.gravatar.com\/avatar\/0c9710bab3152b4b1514161da5b8f7e311595fb8a80ea29b158fbffee83f89f4?s=96&d=mm&r=g","contentUrl":"https:\/\/secure.gravatar.com\/avatar\/0c9710bab3152b4b1514161da5b8f7e311595fb8a80ea29b158fbffee83f89f4?s=96&d=mm&r=g","caption":"Karl-Josef Fuchs"},"url":"https:\/\/blog.zeit.de\/nachgesalzen\/author\/karl-josef-fuchs"}]}},"jetpack_featured_media_url":"","jetpack_sharing_enabled":true,"_links":{"self":[{"href":"https:\/\/blog.zeit.de\/nachgesalzen\/wp-json\/wp\/v2\/posts\/514","targetHints":{"allow":["GET"]}}],"collection":[{"href":"https:\/\/blog.zeit.de\/nachgesalzen\/wp-json\/wp\/v2\/posts"}],"about":[{"href":"https:\/\/blog.zeit.de\/nachgesalzen\/wp-json\/wp\/v2\/types\/post"}],"author":[{"embeddable":true,"href":"https:\/\/blog.zeit.de\/nachgesalzen\/wp-json\/wp\/v2\/users\/76"}],"replies":[{"embeddable":true,"href":"https:\/\/blog.zeit.de\/nachgesalzen\/wp-json\/wp\/v2\/comments?post=514"}],"version-history":[{"count":0,"href":"https:\/\/blog.zeit.de\/nachgesalzen\/wp-json\/wp\/v2\/posts\/514\/revisions"}],"wp:attachment":[{"href":"https:\/\/blog.zeit.de\/nachgesalzen\/wp-json\/wp\/v2\/media?parent=514"}],"wp:term":[{"taxonomy":"category","embeddable":true,"href":"https:\/\/blog.zeit.de\/nachgesalzen\/wp-json\/wp\/v2\/categories?post=514"},{"taxonomy":"post_tag","embeddable":true,"href":"https:\/\/blog.zeit.de\/nachgesalzen\/wp-json\/wp\/v2\/tags?post=514"}],"curies":[{"name":"wp","href":"https:\/\/api.w.org\/{rel}","templated":true}]}}