{"id":6159,"date":"2011-11-27T17:00:02","date_gmt":"2011-11-27T16:00:02","guid":{"rendered":"http:\/\/blog.zeit.de\/nachgesalzen\/?p=6159"},"modified":"2011-11-27T18:18:52","modified_gmt":"2011-11-27T17:18:52","slug":"molekularkuche-%e2%80%93-was-erledigt-sich-von-selbst-was-bleibt","status":"publish","type":"post","link":"https:\/\/blog.zeit.de\/nachgesalzen\/2011\/11\/27\/molekularkuche-%e2%80%93-was-erledigt-sich-von-selbst-was-bleibt_6159","title":{"rendered":"Molekulark\u00fcche \u2013 was erledigt sich von selbst, was bleibt?"},"content":{"rendered":"<p><figure id=\"attachment_6160\" aria-describedby=\"caption-attachment-6160\" style=\"width: 540px\" class=\"wp-caption aligncenter\"><a href=\"https:\/\/blog.zeit.de\/nachgesalzen\/files\/2011\/11\/IMG_1138.jpg\"><img loading=\"lazy\" decoding=\"async\" class=\"size-large wp-image-6160\" src=\"https:\/\/blog.zeit.de\/nachgesalzen\/files\/2011\/11\/IMG_1138-540x403.jpg\" alt=\"Schweinebraten, molekular\" width=\"540\" height=\"403\" srcset=\"https:\/\/blog.zeit.de\/nachgesalzen\/files\/2011\/11\/IMG_1138-540x403.jpg 540w, https:\/\/blog.zeit.de\/nachgesalzen\/files\/2011\/11\/IMG_1138-407x304.jpg 407w, https:\/\/blog.zeit.de\/nachgesalzen\/files\/2011\/11\/IMG_1138-300x224.jpg 300w\" sizes=\"auto, (max-width: 540px) 100vw, 540px\" \/><\/a><figcaption id=\"caption-attachment-6160\" class=\"wp-caption-text\">Spanferkelbraten &quot;molekular&quot; im El Celler Can Roca (November 2011)<\/figcaption><\/figure><\/p>\n<p>Iberian Suckling pig blanquette with Riesling<br \/>\nMango and summer-truffle terrine, beet, garlic, orange concentrate and saffron pistil<br \/>\nDazu gab es: Dr. B\u00fcrklin-Wolf, Kirchenst\u00fcck 05, V.D.P. Pfalz<\/p>\n<p>Das Bl\u00e4ttern in alten Magazinen und Zeitschriften ist immer eine Gelegenheit, um zu sehen, was sich von alleine erledigt und was bleibt.<\/p>\n<p>F\u00fcr einen Artikel \u201eMolekulark\u00fcche &#8211; pro und contra\u201c im Feinschmecker M\u00e4rz 2010 wurde ich gebeten, Stellung zu nehmen.<\/p>\n<p>Damals bezog ich ein Contra und bleibe nun nach eineinhalb Jahren Bedenkzeit dabei. Erst k\u00fcrzlich (Anfang November) habe ich bei zwei absoluten K\u00f6nnern dieser K\u00fcche gespeist \u2013 bei Paco P\u00e9rez Restaurant Miramar in Llan\u00e7i\u00e0 (2 Sterne, er hat vorher lange bei Ferran Adri\u00e0 gearbeitet) und bei den Roca-Br\u00fcdern \u201eEl Celler Can Roca\u201c (3 Sterne) in Girona. Dort war diese moderne K\u00fcche jeweils in perfekter Form zubereitet und als Inszenierung ein Gesamtkunstwerk. Bei diesen katalanischen K\u00f6chen handelt es sich ja auch um die Pioniere und nicht um die Nachahmer. Doch das blo\u00dfe Kopieren dieser genialen Ideen f\u00fchrt oft zu Karikatur und genau darum ging es in meinem damaligen Statement.<\/p>\n<p><span style=\"text-decoration: underline\">Einleitender Text Magazin Feinschmecker M\u00e4rz 2010:<\/span><\/p>\n<p>\u201eDie Molekulark\u00fcche ist in den Medien wie auch bei vielen G\u00e4sten umstritten. So ist etwa noch nicht hinreichen erforscht, ob Zusatzstoffe wie die von Ferran Adri\u00e0 angebotenen \u201eTexturas\u201c Allergien oder Unvertr\u00e4glichkeiten ausl\u00f6sen k\u00f6nnen. Zu den Problemen der Molekulark\u00fcche z\u00e4hlen au\u00dferdem f\u00fcr die K\u00f6che ein hoher Zeitaufwand und die Notwendigkeit, in Ger\u00e4te und Zutaten zu investieren.\u201c<\/p>\n<p><span style=\"text-decoration: underline\">\u00a0Statement Contra, J\u00fcrgen Koch:<\/span><\/p>\n<p>&#8222;Immerhin haben wir dank Ferran Adri\u00e0 eine weltweite K\u00fcchendiskussion und einen kreativen Schub in alle Richtungen. Die vegetarische K\u00fcche wird interessanter. Aber f\u00fcr mich \u00fcberwiegen die Nachteile:<\/p>\n<ul>\n<li>Die Produkte werden zur Unkenntlichkeit verfremdet. Dies ist eine Kreativit\u00e4t, die den Geschmack nicht f\u00f6rdert.<\/li>\n<li>Unerfahrene K\u00f6che schie\u00dfen \u00fcber das Ziel hinaus. Diese Gefahr ist bei allen Moden\u00a0 gegeben, aber die \u201eRutschgefahr\u201c bei der molekularen K\u00fcche ist deutlich h\u00f6her.<\/li>\n<li>Wo bleibt die K\u00fcchenkunst? Dank molekularer Rezepte, genauer Verfahrenstechniken (Leute, passt auf euer Thermometer auf!) und versierter Zulieferer ist diese K\u00fcche mithilfe von starkem finanziellem Einsatz (Ger\u00e4te, Mittelchen und so weiter) jederzeit reproduzierbar. Vielleicht liegt der Zauber einer klassischen K\u00fcche darin, dass man etwa ein Haeberlin-Rezept nur mit jahrzehntelanger Erfahrung, tollen Rohprodukten und Fingerspitzengef\u00fchl nachkochen kann, w\u00e4hrend dies bei sogenannter Molekulark\u00fcche die Labortechnik schafft.&#8220;<\/li>\n<\/ul>\n<p>&nbsp;<\/p>\n<p><figure id=\"attachment_6161\" aria-describedby=\"caption-attachment-6161\" style=\"width: 540px\" class=\"wp-caption aligncenter\"><a href=\"https:\/\/blog.zeit.de\/nachgesalzen\/files\/2011\/11\/IMG_1133.jpg\"><img loading=\"lazy\" decoding=\"async\" class=\"size-large wp-image-6161\" src=\"https:\/\/blog.zeit.de\/nachgesalzen\/files\/2011\/11\/IMG_1133-540x403.jpg\" alt=\"Spanferkelbraten, nicht ganz so molekular\" width=\"540\" height=\"403\" srcset=\"https:\/\/blog.zeit.de\/nachgesalzen\/files\/2011\/11\/IMG_1133-540x403.jpg 540w, https:\/\/blog.zeit.de\/nachgesalzen\/files\/2011\/11\/IMG_1133-407x304.jpg 407w, https:\/\/blog.zeit.de\/nachgesalzen\/files\/2011\/11\/IMG_1133-300x224.jpg 300w\" sizes=\"auto, (max-width: 540px) 100vw, 540px\" \/><\/a><figcaption id=\"caption-attachment-6161\" class=\"wp-caption-text\">Spanferkelbraten &quot;nicht ganz so molekular&quot;<\/figcaption><\/figure><\/p>\n<p>Traditionelles Spanferkel im Restaurant Mes\u00f3n Castell 4,Figueres. Es liegt in unmittelbarer N\u00e4he zum Dal\u00ec Museum. Hier k\u00f6nnen sie sich nach einem Besuch\u00a0 st\u00e4rken.<\/p>\n<p>Sph\u00e4rifikation, Texturas, Espuma &#8230;. Es ist wie in der Mode, ein Kommen und Gehen.<\/p>\n","protected":false},"excerpt":{"rendered":"<p>Iberian Suckling pig blanquette with Riesling Mango and summer-truffle terrine, beet, garlic, orange concentrate and saffron pistil Dazu gab es: Dr. B\u00fcrklin-Wolf, Kirchenst\u00fcck 05, V.D.P. Pfalz Das Bl\u00e4ttern in alten Magazinen und Zeitschriften ist immer eine Gelegenheit, um zu sehen, was sich von alleine erledigt und was bleibt. F\u00fcr einen Artikel \u201eMolekulark\u00fcche &#8211; pro und [&hellip;]<\/p>\n","protected":false},"author":197,"featured_media":0,"comment_status":"open","ping_status":"closed","sticky":false,"template":"","format":"standard","meta":{"_jetpack_memberships_contains_paid_content":false,"footnotes":""},"categories":[1],"tags":[],"class_list":["post-6159","post","type-post","status-publish","format-standard","hentry","category-allgemein"],"yoast_head":"<!-- This site is optimized with the Yoast SEO plugin v21.0 - https:\/\/yoast.com\/wordpress\/plugins\/seo\/ -->\n<title>Molekulark\u00fcche \u2013 was erledigt sich von selbst, was bleibt? - Nachgesalzen<\/title>\n<meta name=\"robots\" content=\"index, follow, max-snippet:-1, max-image-preview:large, max-video-preview:-1\" \/>\n<link rel=\"canonical\" href=\"https:\/\/blog.zeit.de\/nachgesalzen\/2011\/11\/27\/molekularkuche-\u2013-was-erledigt-sich-von-selbst-was-bleibt_6159\" \/>\n<meta property=\"og:locale\" content=\"de_DE\" \/>\n<meta property=\"og:type\" content=\"article\" \/>\n<meta property=\"og:title\" content=\"Molekulark\u00fcche \u2013 was erledigt sich von selbst, was bleibt? - Nachgesalzen\" \/>\n<meta property=\"og:description\" content=\"Iberian Suckling pig blanquette with Riesling Mango and summer-truffle terrine, beet, garlic, orange concentrate and saffron pistil Dazu gab es: Dr. B\u00fcrklin-Wolf, Kirchenst\u00fcck 05, V.D.P. Pfalz Das Bl\u00e4ttern in alten Magazinen und Zeitschriften ist immer eine Gelegenheit, um zu sehen, was sich von alleine erledigt und was bleibt. F\u00fcr einen Artikel \u201eMolekulark\u00fcche &#8211; pro und [&hellip;]\" \/>\n<meta property=\"og:url\" content=\"https:\/\/blog.zeit.de\/nachgesalzen\/2011\/11\/27\/molekularkuche-\u2013-was-erledigt-sich-von-selbst-was-bleibt_6159\" \/>\n<meta property=\"og:site_name\" content=\"Nachgesalzen\" \/>\n<meta property=\"article:published_time\" content=\"2011-11-27T16:00:02+00:00\" \/>\n<meta property=\"article:modified_time\" content=\"2011-11-27T17:18:52+00:00\" \/>\n<meta property=\"og:image\" content=\"https:\/\/blog.zeit.de\/nachgesalzen\/files\/2011\/11\/IMG_1138-540x403.jpg\" \/>\n<meta name=\"author\" content=\"J\u00fcrgen Koch\" \/>\n<meta name=\"twitter:card\" content=\"summary_large_image\" \/>\n<meta name=\"twitter:label1\" content=\"Geschrieben von\" \/>\n\t<meta name=\"twitter:data1\" content=\"J\u00fcrgen Koch\" \/>\n\t<meta name=\"twitter:label2\" content=\"Gesch\u00e4tzte Lesezeit\" \/>\n\t<meta name=\"twitter:data2\" content=\"2\u00a0Minuten\" \/>\n<script type=\"application\/ld+json\" class=\"yoast-schema-graph\">{\"@context\":\"https:\/\/schema.org\",\"@graph\":[{\"@type\":\"WebPage\",\"@id\":\"https:\/\/blog.zeit.de\/nachgesalzen\/2011\/11\/27\/molekularkuche-%e2%80%93-was-erledigt-sich-von-selbst-was-bleibt_6159\",\"url\":\"https:\/\/blog.zeit.de\/nachgesalzen\/2011\/11\/27\/molekularkuche-%e2%80%93-was-erledigt-sich-von-selbst-was-bleibt_6159\",\"name\":\"Molekulark\u00fcche \u2013 was erledigt sich von selbst, was bleibt? - Nachgesalzen\",\"isPartOf\":{\"@id\":\"https:\/\/blog.zeit.de\/nachgesalzen\/#website\"},\"datePublished\":\"2011-11-27T16:00:02+00:00\",\"dateModified\":\"2011-11-27T17:18:52+00:00\",\"author\":{\"@id\":\"https:\/\/blog.zeit.de\/nachgesalzen\/#\/schema\/person\/2d40619a2ff1be49ac5a3f7721ff4ebb\"},\"breadcrumb\":{\"@id\":\"https:\/\/blog.zeit.de\/nachgesalzen\/2011\/11\/27\/molekularkuche-%e2%80%93-was-erledigt-sich-von-selbst-was-bleibt_6159#breadcrumb\"},\"inLanguage\":\"de\",\"potentialAction\":[{\"@type\":\"ReadAction\",\"target\":[\"https:\/\/blog.zeit.de\/nachgesalzen\/2011\/11\/27\/molekularkuche-%e2%80%93-was-erledigt-sich-von-selbst-was-bleibt_6159\"]}]},{\"@type\":\"BreadcrumbList\",\"@id\":\"https:\/\/blog.zeit.de\/nachgesalzen\/2011\/11\/27\/molekularkuche-%e2%80%93-was-erledigt-sich-von-selbst-was-bleibt_6159#breadcrumb\",\"itemListElement\":[{\"@type\":\"ListItem\",\"position\":1,\"name\":\"Startseite\",\"item\":\"https:\/\/blog.zeit.de\/nachgesalzen\"},{\"@type\":\"ListItem\",\"position\":2,\"name\":\"Molekulark\u00fcche \u2013 was erledigt sich von selbst, was bleibt?\"}]},{\"@type\":\"WebSite\",\"@id\":\"https:\/\/blog.zeit.de\/nachgesalzen\/#website\",\"url\":\"https:\/\/blog.zeit.de\/nachgesalzen\/\",\"name\":\"Nachgesalzen\",\"description\":\"Das Blog der K\u00f6che, Gastronomen und Gourmets\",\"potentialAction\":[{\"@type\":\"SearchAction\",\"target\":{\"@type\":\"EntryPoint\",\"urlTemplate\":\"https:\/\/blog.zeit.de\/nachgesalzen\/?s={search_term_string}\"},\"query-input\":\"required name=search_term_string\"}],\"inLanguage\":\"de\"},{\"@type\":\"Person\",\"@id\":\"https:\/\/blog.zeit.de\/nachgesalzen\/#\/schema\/person\/2d40619a2ff1be49ac5a3f7721ff4ebb\",\"name\":\"J\u00fcrgen Koch\",\"image\":{\"@type\":\"ImageObject\",\"inLanguage\":\"de\",\"@id\":\"https:\/\/blog.zeit.de\/nachgesalzen\/#\/schema\/person\/image\/\",\"url\":\"https:\/\/secure.gravatar.com\/avatar\/7a7f49fd210a238ff1c39e4b861f88661953618430272ce24be58b16daf2141f?s=96&d=mm&r=g\",\"contentUrl\":\"https:\/\/secure.gravatar.com\/avatar\/7a7f49fd210a238ff1c39e4b861f88661953618430272ce24be58b16daf2141f?s=96&d=mm&r=g\",\"caption\":\"J\u00fcrgen Koch\"},\"url\":\"https:\/\/blog.zeit.de\/nachgesalzen\/author\/juergen-koch\"}]}<\/script>\n<!-- \/ Yoast SEO plugin. -->","yoast_head_json":{"title":"Molekulark\u00fcche \u2013 was erledigt sich von selbst, was bleibt? - Nachgesalzen","robots":{"index":"index","follow":"follow","max-snippet":"max-snippet:-1","max-image-preview":"max-image-preview:large","max-video-preview":"max-video-preview:-1"},"canonical":"https:\/\/blog.zeit.de\/nachgesalzen\/2011\/11\/27\/molekularkuche-\u2013-was-erledigt-sich-von-selbst-was-bleibt_6159","og_locale":"de_DE","og_type":"article","og_title":"Molekulark\u00fcche \u2013 was erledigt sich von selbst, was bleibt? - Nachgesalzen","og_description":"Iberian Suckling pig blanquette with Riesling Mango and summer-truffle terrine, beet, garlic, orange concentrate and saffron pistil Dazu gab es: Dr. B\u00fcrklin-Wolf, Kirchenst\u00fcck 05, V.D.P. Pfalz Das Bl\u00e4ttern in alten Magazinen und Zeitschriften ist immer eine Gelegenheit, um zu sehen, was sich von alleine erledigt und was bleibt. F\u00fcr einen Artikel \u201eMolekulark\u00fcche &#8211; pro und [&hellip;]","og_url":"https:\/\/blog.zeit.de\/nachgesalzen\/2011\/11\/27\/molekularkuche-\u2013-was-erledigt-sich-von-selbst-was-bleibt_6159","og_site_name":"Nachgesalzen","article_published_time":"2011-11-27T16:00:02+00:00","article_modified_time":"2011-11-27T17:18:52+00:00","og_image":[{"url":"https:\/\/blog.zeit.de\/nachgesalzen\/files\/2011\/11\/IMG_1138-540x403.jpg"}],"author":"J\u00fcrgen Koch","twitter_card":"summary_large_image","twitter_misc":{"Geschrieben von":"J\u00fcrgen Koch","Gesch\u00e4tzte Lesezeit":"2\u00a0Minuten"},"schema":{"@context":"https:\/\/schema.org","@graph":[{"@type":"WebPage","@id":"https:\/\/blog.zeit.de\/nachgesalzen\/2011\/11\/27\/molekularkuche-%e2%80%93-was-erledigt-sich-von-selbst-was-bleibt_6159","url":"https:\/\/blog.zeit.de\/nachgesalzen\/2011\/11\/27\/molekularkuche-%e2%80%93-was-erledigt-sich-von-selbst-was-bleibt_6159","name":"Molekulark\u00fcche \u2013 was erledigt sich von selbst, was bleibt? - Nachgesalzen","isPartOf":{"@id":"https:\/\/blog.zeit.de\/nachgesalzen\/#website"},"datePublished":"2011-11-27T16:00:02+00:00","dateModified":"2011-11-27T17:18:52+00:00","author":{"@id":"https:\/\/blog.zeit.de\/nachgesalzen\/#\/schema\/person\/2d40619a2ff1be49ac5a3f7721ff4ebb"},"breadcrumb":{"@id":"https:\/\/blog.zeit.de\/nachgesalzen\/2011\/11\/27\/molekularkuche-%e2%80%93-was-erledigt-sich-von-selbst-was-bleibt_6159#breadcrumb"},"inLanguage":"de","potentialAction":[{"@type":"ReadAction","target":["https:\/\/blog.zeit.de\/nachgesalzen\/2011\/11\/27\/molekularkuche-%e2%80%93-was-erledigt-sich-von-selbst-was-bleibt_6159"]}]},{"@type":"BreadcrumbList","@id":"https:\/\/blog.zeit.de\/nachgesalzen\/2011\/11\/27\/molekularkuche-%e2%80%93-was-erledigt-sich-von-selbst-was-bleibt_6159#breadcrumb","itemListElement":[{"@type":"ListItem","position":1,"name":"Startseite","item":"https:\/\/blog.zeit.de\/nachgesalzen"},{"@type":"ListItem","position":2,"name":"Molekulark\u00fcche \u2013 was erledigt sich von selbst, was bleibt?"}]},{"@type":"WebSite","@id":"https:\/\/blog.zeit.de\/nachgesalzen\/#website","url":"https:\/\/blog.zeit.de\/nachgesalzen\/","name":"Nachgesalzen","description":"Das Blog der K\u00f6che, Gastronomen und Gourmets","potentialAction":[{"@type":"SearchAction","target":{"@type":"EntryPoint","urlTemplate":"https:\/\/blog.zeit.de\/nachgesalzen\/?s={search_term_string}"},"query-input":"required name=search_term_string"}],"inLanguage":"de"},{"@type":"Person","@id":"https:\/\/blog.zeit.de\/nachgesalzen\/#\/schema\/person\/2d40619a2ff1be49ac5a3f7721ff4ebb","name":"J\u00fcrgen Koch","image":{"@type":"ImageObject","inLanguage":"de","@id":"https:\/\/blog.zeit.de\/nachgesalzen\/#\/schema\/person\/image\/","url":"https:\/\/secure.gravatar.com\/avatar\/7a7f49fd210a238ff1c39e4b861f88661953618430272ce24be58b16daf2141f?s=96&d=mm&r=g","contentUrl":"https:\/\/secure.gravatar.com\/avatar\/7a7f49fd210a238ff1c39e4b861f88661953618430272ce24be58b16daf2141f?s=96&d=mm&r=g","caption":"J\u00fcrgen Koch"},"url":"https:\/\/blog.zeit.de\/nachgesalzen\/author\/juergen-koch"}]}},"jetpack_featured_media_url":"","jetpack_sharing_enabled":true,"_links":{"self":[{"href":"https:\/\/blog.zeit.de\/nachgesalzen\/wp-json\/wp\/v2\/posts\/6159","targetHints":{"allow":["GET"]}}],"collection":[{"href":"https:\/\/blog.zeit.de\/nachgesalzen\/wp-json\/wp\/v2\/posts"}],"about":[{"href":"https:\/\/blog.zeit.de\/nachgesalzen\/wp-json\/wp\/v2\/types\/post"}],"author":[{"embeddable":true,"href":"https:\/\/blog.zeit.de\/nachgesalzen\/wp-json\/wp\/v2\/users\/197"}],"replies":[{"embeddable":true,"href":"https:\/\/blog.zeit.de\/nachgesalzen\/wp-json\/wp\/v2\/comments?post=6159"}],"version-history":[{"count":15,"href":"https:\/\/blog.zeit.de\/nachgesalzen\/wp-json\/wp\/v2\/posts\/6159\/revisions"}],"predecessor-version":[{"id":6177,"href":"https:\/\/blog.zeit.de\/nachgesalzen\/wp-json\/wp\/v2\/posts\/6159\/revisions\/6177"}],"wp:attachment":[{"href":"https:\/\/blog.zeit.de\/nachgesalzen\/wp-json\/wp\/v2\/media?parent=6159"}],"wp:term":[{"taxonomy":"category","embeddable":true,"href":"https:\/\/blog.zeit.de\/nachgesalzen\/wp-json\/wp\/v2\/categories?post=6159"},{"taxonomy":"post_tag","embeddable":true,"href":"https:\/\/blog.zeit.de\/nachgesalzen\/wp-json\/wp\/v2\/tags?post=6159"}],"curies":[{"name":"wp","href":"https:\/\/api.w.org\/{rel}","templated":true}]}}