{"id":638,"date":"2008-08-27T07:16:14","date_gmt":"2008-08-27T06:16:14","guid":{"rendered":"http:\/\/blog.zeit.de\/nachgesalzen\/2008\/08\/27\/wieder-in-burgund_638"},"modified":"2008-08-27T07:16:14","modified_gmt":"2008-08-27T06:16:14","slug":"wieder-in-burgund","status":"publish","type":"post","link":"https:\/\/blog.zeit.de\/nachgesalzen\/2008\/08\/27\/wieder-in-burgund_638","title":{"rendered":"Wieder im Burgund"},"content":{"rendered":"<p><a href=\"https:\/\/blog.zeit.de\/nachgesalzen\/files\/2008\/08\/dsc03706.JPG\" title=\"dsc03706.JPG\"><img loading=\"lazy\" decoding=\"async\" width=\"437\" src=\"https:\/\/blog.zeit.de\/nachgesalzen\/files\/2008\/08\/dsc03706.JPG\" alt=\"dsc03706.JPG\" height=\"360\" style=\"width: 422px; height: 364px\" \/><\/a><br \/>\nSo, <a target=\"_blank\" href=\"https:\/\/blog.zeit.de\/nachgesalzen\/category\/burgund\">wieder ein paar Tage im herrlichen Burgund<\/a>, nat\u00fcrlich\u00a0immer mit dem Rad unterwegs, von Beaune in Richtung Dijon, gleich hinter <a target=\"_blank\" href=\"http:\/\/de.wikipedia.org\/wiki\/Vosne-Roman%C3%A9e\">Vosne-Roman\u00e9e<\/a>, liegt das kleine Dorf <a target=\"_blank\" href=\"http:\/\/de.wikipedia.org\/wiki\/Vougeot\">Vougeot<\/a>, mit dem gleichnamigen Schloss &amp; Weinberg &#8222;Clos Vougeot&#8220;. Imposantes Geb\u00e4ude, ehemaliges Zisterzienserkloster, die M\u00f6nche haben schon um 1200 die ideale Lage f\u00fcr den Weinbau entdeckt.<\/p>\n<p>Mir gefiel besonders die Klosterk\u00fcche, mit einer Anlage zum Braten von einem ganzen Ochsen, welch Freude w\u00fcrde das heute machen, mit der besondern Apparatur, die den Spie\u00df antreibt. Und einen Ster Holz br\u00e4chte es sicherlich auch. (W\u00e4re auch schon mit einer kleinen Ziege oder einem Lamm zufrieden)!<\/p>\n","protected":false},"excerpt":{"rendered":"<p>So, wieder ein paar Tage im herrlichen Burgund, nat\u00fcrlich\u00a0immer mit dem Rad unterwegs, von Beaune in Richtung Dijon, gleich hinter Vosne-Roman\u00e9e, liegt das kleine Dorf Vougeot, mit dem gleichnamigen Schloss &amp; Weinberg &#8222;Clos Vougeot&#8220;. Imposantes Geb\u00e4ude, ehemaliges Zisterzienserkloster, die M\u00f6nche haben schon um 1200 die ideale Lage f\u00fcr den Weinbau entdeckt. Mir gefiel besonders die [&hellip;]<\/p>\n","protected":false},"author":76,"featured_media":0,"comment_status":"open","ping_status":"closed","sticky":false,"template":"","format":"standard","meta":{"_jetpack_memberships_contains_paid_content":false,"footnotes":""},"categories":[736,755],"tags":[],"class_list":["post-638","post","type-post","status-publish","format-standard","hentry","category-burgund","category-unterwegs"],"yoast_head":"<!-- This site is optimized with the Yoast SEO plugin v21.0 - https:\/\/yoast.com\/wordpress\/plugins\/seo\/ -->\n<title>Wieder im Burgund - Nachgesalzen<\/title>\n<meta name=\"robots\" content=\"index, follow, max-snippet:-1, max-image-preview:large, max-video-preview:-1\" \/>\n<link rel=\"canonical\" href=\"https:\/\/blog.zeit.de\/nachgesalzen\/2008\/08\/27\/wieder-in-burgund_638\" \/>\n<meta property=\"og:locale\" content=\"de_DE\" \/>\n<meta property=\"og:type\" content=\"article\" \/>\n<meta property=\"og:title\" content=\"Wieder im Burgund - Nachgesalzen\" \/>\n<meta property=\"og:description\" content=\"So, wieder ein paar Tage im herrlichen Burgund, nat\u00fcrlich\u00a0immer mit dem Rad unterwegs, von Beaune in Richtung Dijon, gleich hinter Vosne-Roman\u00e9e, liegt das kleine Dorf Vougeot, mit dem gleichnamigen Schloss &amp; Weinberg &#8222;Clos Vougeot&#8220;. Imposantes Geb\u00e4ude, ehemaliges Zisterzienserkloster, die M\u00f6nche haben schon um 1200 die ideale Lage f\u00fcr den Weinbau entdeckt. Mir gefiel besonders die [&hellip;]\" \/>\n<meta property=\"og:url\" content=\"https:\/\/blog.zeit.de\/nachgesalzen\/2008\/08\/27\/wieder-in-burgund_638\" \/>\n<meta property=\"og:site_name\" content=\"Nachgesalzen\" \/>\n<meta property=\"article:published_time\" content=\"2008-08-27T06:16:14+00:00\" \/>\n<meta property=\"og:image\" content=\"https:\/\/blog.zeit.de\/nachgesalzen\/files\/2008\/08\/dsc03706.JPG\" \/>\n<meta name=\"author\" content=\"Karl-Josef Fuchs\" \/>\n<meta name=\"twitter:card\" content=\"summary_large_image\" \/>\n<meta name=\"twitter:label1\" content=\"Geschrieben von\" \/>\n\t<meta name=\"twitter:data1\" content=\"Karl-Josef Fuchs\" \/>\n\t<meta name=\"twitter:label2\" content=\"Gesch\u00e4tzte Lesezeit\" \/>\n\t<meta name=\"twitter:data2\" content=\"1\u00a0Minute\" \/>\n<script type=\"application\/ld+json\" class=\"yoast-schema-graph\">{\"@context\":\"https:\/\/schema.org\",\"@graph\":[{\"@type\":\"WebPage\",\"@id\":\"https:\/\/blog.zeit.de\/nachgesalzen\/2008\/08\/27\/wieder-in-burgund_638\",\"url\":\"https:\/\/blog.zeit.de\/nachgesalzen\/2008\/08\/27\/wieder-in-burgund_638\",\"name\":\"Wieder im Burgund - Nachgesalzen\",\"isPartOf\":{\"@id\":\"https:\/\/blog.zeit.de\/nachgesalzen\/#website\"},\"datePublished\":\"2008-08-27T06:16:14+00:00\",\"dateModified\":\"2008-08-27T06:16:14+00:00\",\"author\":{\"@id\":\"https:\/\/blog.zeit.de\/nachgesalzen\/#\/schema\/person\/7ae9b66a0552216a7269a9b1a5cfefc6\"},\"breadcrumb\":{\"@id\":\"https:\/\/blog.zeit.de\/nachgesalzen\/2008\/08\/27\/wieder-in-burgund_638#breadcrumb\"},\"inLanguage\":\"de\",\"potentialAction\":[{\"@type\":\"ReadAction\",\"target\":[\"https:\/\/blog.zeit.de\/nachgesalzen\/2008\/08\/27\/wieder-in-burgund_638\"]}]},{\"@type\":\"BreadcrumbList\",\"@id\":\"https:\/\/blog.zeit.de\/nachgesalzen\/2008\/08\/27\/wieder-in-burgund_638#breadcrumb\",\"itemListElement\":[{\"@type\":\"ListItem\",\"position\":1,\"name\":\"Startseite\",\"item\":\"https:\/\/blog.zeit.de\/nachgesalzen\"},{\"@type\":\"ListItem\",\"position\":2,\"name\":\"Wieder im Burgund\"}]},{\"@type\":\"WebSite\",\"@id\":\"https:\/\/blog.zeit.de\/nachgesalzen\/#website\",\"url\":\"https:\/\/blog.zeit.de\/nachgesalzen\/\",\"name\":\"Nachgesalzen\",\"description\":\"Das Blog der K\u00f6che, Gastronomen und Gourmets\",\"potentialAction\":[{\"@type\":\"SearchAction\",\"target\":{\"@type\":\"EntryPoint\",\"urlTemplate\":\"https:\/\/blog.zeit.de\/nachgesalzen\/?s={search_term_string}\"},\"query-input\":\"required name=search_term_string\"}],\"inLanguage\":\"de\"},{\"@type\":\"Person\",\"@id\":\"https:\/\/blog.zeit.de\/nachgesalzen\/#\/schema\/person\/7ae9b66a0552216a7269a9b1a5cfefc6\",\"name\":\"Karl-Josef Fuchs\",\"image\":{\"@type\":\"ImageObject\",\"inLanguage\":\"de\",\"@id\":\"https:\/\/blog.zeit.de\/nachgesalzen\/#\/schema\/person\/image\/\",\"url\":\"https:\/\/secure.gravatar.com\/avatar\/0c9710bab3152b4b1514161da5b8f7e311595fb8a80ea29b158fbffee83f89f4?s=96&d=mm&r=g\",\"contentUrl\":\"https:\/\/secure.gravatar.com\/avatar\/0c9710bab3152b4b1514161da5b8f7e311595fb8a80ea29b158fbffee83f89f4?s=96&d=mm&r=g\",\"caption\":\"Karl-Josef Fuchs\"},\"url\":\"https:\/\/blog.zeit.de\/nachgesalzen\/author\/karl-josef-fuchs\"}]}<\/script>\n<!-- \/ Yoast SEO plugin. -->","yoast_head_json":{"title":"Wieder im Burgund - Nachgesalzen","robots":{"index":"index","follow":"follow","max-snippet":"max-snippet:-1","max-image-preview":"max-image-preview:large","max-video-preview":"max-video-preview:-1"},"canonical":"https:\/\/blog.zeit.de\/nachgesalzen\/2008\/08\/27\/wieder-in-burgund_638","og_locale":"de_DE","og_type":"article","og_title":"Wieder im Burgund - Nachgesalzen","og_description":"So, wieder ein paar Tage im herrlichen Burgund, nat\u00fcrlich\u00a0immer mit dem Rad unterwegs, von Beaune in Richtung Dijon, gleich hinter Vosne-Roman\u00e9e, liegt das kleine Dorf Vougeot, mit dem gleichnamigen Schloss &amp; Weinberg &#8222;Clos Vougeot&#8220;. Imposantes Geb\u00e4ude, ehemaliges Zisterzienserkloster, die M\u00f6nche haben schon um 1200 die ideale Lage f\u00fcr den Weinbau entdeckt. Mir gefiel besonders die [&hellip;]","og_url":"https:\/\/blog.zeit.de\/nachgesalzen\/2008\/08\/27\/wieder-in-burgund_638","og_site_name":"Nachgesalzen","article_published_time":"2008-08-27T06:16:14+00:00","og_image":[{"url":"https:\/\/blog.zeit.de\/nachgesalzen\/files\/2008\/08\/dsc03706.JPG"}],"author":"Karl-Josef Fuchs","twitter_card":"summary_large_image","twitter_misc":{"Geschrieben von":"Karl-Josef Fuchs","Gesch\u00e4tzte Lesezeit":"1\u00a0Minute"},"schema":{"@context":"https:\/\/schema.org","@graph":[{"@type":"WebPage","@id":"https:\/\/blog.zeit.de\/nachgesalzen\/2008\/08\/27\/wieder-in-burgund_638","url":"https:\/\/blog.zeit.de\/nachgesalzen\/2008\/08\/27\/wieder-in-burgund_638","name":"Wieder im Burgund - Nachgesalzen","isPartOf":{"@id":"https:\/\/blog.zeit.de\/nachgesalzen\/#website"},"datePublished":"2008-08-27T06:16:14+00:00","dateModified":"2008-08-27T06:16:14+00:00","author":{"@id":"https:\/\/blog.zeit.de\/nachgesalzen\/#\/schema\/person\/7ae9b66a0552216a7269a9b1a5cfefc6"},"breadcrumb":{"@id":"https:\/\/blog.zeit.de\/nachgesalzen\/2008\/08\/27\/wieder-in-burgund_638#breadcrumb"},"inLanguage":"de","potentialAction":[{"@type":"ReadAction","target":["https:\/\/blog.zeit.de\/nachgesalzen\/2008\/08\/27\/wieder-in-burgund_638"]}]},{"@type":"BreadcrumbList","@id":"https:\/\/blog.zeit.de\/nachgesalzen\/2008\/08\/27\/wieder-in-burgund_638#breadcrumb","itemListElement":[{"@type":"ListItem","position":1,"name":"Startseite","item":"https:\/\/blog.zeit.de\/nachgesalzen"},{"@type":"ListItem","position":2,"name":"Wieder im Burgund"}]},{"@type":"WebSite","@id":"https:\/\/blog.zeit.de\/nachgesalzen\/#website","url":"https:\/\/blog.zeit.de\/nachgesalzen\/","name":"Nachgesalzen","description":"Das Blog der K\u00f6che, Gastronomen und Gourmets","potentialAction":[{"@type":"SearchAction","target":{"@type":"EntryPoint","urlTemplate":"https:\/\/blog.zeit.de\/nachgesalzen\/?s={search_term_string}"},"query-input":"required name=search_term_string"}],"inLanguage":"de"},{"@type":"Person","@id":"https:\/\/blog.zeit.de\/nachgesalzen\/#\/schema\/person\/7ae9b66a0552216a7269a9b1a5cfefc6","name":"Karl-Josef Fuchs","image":{"@type":"ImageObject","inLanguage":"de","@id":"https:\/\/blog.zeit.de\/nachgesalzen\/#\/schema\/person\/image\/","url":"https:\/\/secure.gravatar.com\/avatar\/0c9710bab3152b4b1514161da5b8f7e311595fb8a80ea29b158fbffee83f89f4?s=96&d=mm&r=g","contentUrl":"https:\/\/secure.gravatar.com\/avatar\/0c9710bab3152b4b1514161da5b8f7e311595fb8a80ea29b158fbffee83f89f4?s=96&d=mm&r=g","caption":"Karl-Josef Fuchs"},"url":"https:\/\/blog.zeit.de\/nachgesalzen\/author\/karl-josef-fuchs"}]}},"jetpack_featured_media_url":"","jetpack_sharing_enabled":true,"_links":{"self":[{"href":"https:\/\/blog.zeit.de\/nachgesalzen\/wp-json\/wp\/v2\/posts\/638","targetHints":{"allow":["GET"]}}],"collection":[{"href":"https:\/\/blog.zeit.de\/nachgesalzen\/wp-json\/wp\/v2\/posts"}],"about":[{"href":"https:\/\/blog.zeit.de\/nachgesalzen\/wp-json\/wp\/v2\/types\/post"}],"author":[{"embeddable":true,"href":"https:\/\/blog.zeit.de\/nachgesalzen\/wp-json\/wp\/v2\/users\/76"}],"replies":[{"embeddable":true,"href":"https:\/\/blog.zeit.de\/nachgesalzen\/wp-json\/wp\/v2\/comments?post=638"}],"version-history":[{"count":0,"href":"https:\/\/blog.zeit.de\/nachgesalzen\/wp-json\/wp\/v2\/posts\/638\/revisions"}],"wp:attachment":[{"href":"https:\/\/blog.zeit.de\/nachgesalzen\/wp-json\/wp\/v2\/media?parent=638"}],"wp:term":[{"taxonomy":"category","embeddable":true,"href":"https:\/\/blog.zeit.de\/nachgesalzen\/wp-json\/wp\/v2\/categories?post=638"},{"taxonomy":"post_tag","embeddable":true,"href":"https:\/\/blog.zeit.de\/nachgesalzen\/wp-json\/wp\/v2\/tags?post=638"}],"curies":[{"name":"wp","href":"https:\/\/api.w.org\/{rel}","templated":true}]}}