{"id":667,"date":"2008-09-26T11:47:31","date_gmt":"2008-09-26T10:47:31","guid":{"rendered":"http:\/\/blog.zeit.de\/nachgesalzen\/2008\/09\/26\/hirsch-zum-vesper_667"},"modified":"2008-09-26T11:47:31","modified_gmt":"2008-09-26T10:47:31","slug":"hirsch-zum-vesper","status":"publish","type":"post","link":"https:\/\/blog.zeit.de\/nachgesalzen\/2008\/09\/26\/hirsch-zum-vesper_667","title":{"rendered":"Hirsch zum Vesper"},"content":{"rendered":"<p>Momentan ist Hirschbrunft, f\u00fcr alle J\u00e4ger eine ganz besondere Zeit!<\/p>\n<p>Ich habe das Vergn\u00fcgen, bei einem Freund, in dessen Revier das Rotwild tagaktiv ist, die Brunft zu erleben. Es ist gute Tradition, dass wir, wenn das Wetter passt und der Wind auch, einen ganzen Tag im Revier verbringen.<br \/>\n<a href=\"https:\/\/blog.zeit.de\/nachgesalzen\/files\/2008\/09\/hochsitz.jpg\" title=\"hochsitz.jpg\"><img decoding=\"async\" src=\"https:\/\/blog.zeit.de\/nachgesalzen\/files\/2008\/09\/hochsitz.jpg\" alt=\"hochsitz.jpg\" \/><\/a><br \/>\nDazu geh\u00f6rt ein gutes Vesper mit Bergk\u00e4se, Hirschsalami, Lyoner und einem Gl\u00e4sli Badischen Wein. Und just als ich auf der Hochsitzbr\u00fcstung alles aufgebaut hatte, ein Anblick, mit dem wir um die Mittagszeit nicht mehr rechneten:<br \/>\nein stattlicher Hirsch zog quer\u00a0an\u00a0unserem Hochsitz vorbei.<br \/>\n<a href=\"https:\/\/blog.zeit.de\/nachgesalzen\/files\/2008\/09\/hirsch.jpg\" title=\"hirsch.jpg\"><img decoding=\"async\" src=\"https:\/\/blog.zeit.de\/nachgesalzen\/files\/2008\/09\/hirsch.jpg\" alt=\"hirsch.jpg\" \/><\/a><br \/>\nDer war so im Liebesrausch, dass er weder uns noch die in der Sonne blitzenden Silberbecher bemerkt hat. Geschossen haben wir ihn nicht.<\/p>\n","protected":false},"excerpt":{"rendered":"<p>Momentan ist Hirschbrunft, f\u00fcr alle J\u00e4ger eine ganz besondere Zeit! Ich habe das Vergn\u00fcgen, bei einem Freund, in dessen Revier das Rotwild tagaktiv ist, die Brunft zu erleben. Es ist gute Tradition, dass wir, wenn das Wetter passt und der Wind auch, einen ganzen Tag im Revier verbringen. Dazu geh\u00f6rt ein gutes Vesper mit Bergk\u00e4se, [&hellip;]<\/p>\n","protected":false},"author":76,"featured_media":0,"comment_status":"open","ping_status":"closed","sticky":false,"template":"","format":"standard","meta":{"_jetpack_memberships_contains_paid_content":false,"footnotes":""},"categories":[755],"tags":[],"class_list":["post-667","post","type-post","status-publish","format-standard","hentry","category-unterwegs"],"yoast_head":"<!-- This site is optimized with the Yoast SEO plugin v21.0 - https:\/\/yoast.com\/wordpress\/plugins\/seo\/ -->\n<title>Hirsch zum Vesper - Nachgesalzen<\/title>\n<meta name=\"robots\" content=\"index, follow, max-snippet:-1, max-image-preview:large, max-video-preview:-1\" \/>\n<link rel=\"canonical\" href=\"https:\/\/blog.zeit.de\/nachgesalzen\/2008\/09\/26\/hirsch-zum-vesper_667\" \/>\n<meta property=\"og:locale\" content=\"de_DE\" \/>\n<meta property=\"og:type\" content=\"article\" \/>\n<meta property=\"og:title\" content=\"Hirsch zum Vesper - Nachgesalzen\" \/>\n<meta property=\"og:description\" content=\"Momentan ist Hirschbrunft, f\u00fcr alle J\u00e4ger eine ganz besondere Zeit! Ich habe das Vergn\u00fcgen, bei einem Freund, in dessen Revier das Rotwild tagaktiv ist, die Brunft zu erleben. Es ist gute Tradition, dass wir, wenn das Wetter passt und der Wind auch, einen ganzen Tag im Revier verbringen. Dazu geh\u00f6rt ein gutes Vesper mit Bergk\u00e4se, [&hellip;]\" \/>\n<meta property=\"og:url\" content=\"https:\/\/blog.zeit.de\/nachgesalzen\/2008\/09\/26\/hirsch-zum-vesper_667\" \/>\n<meta property=\"og:site_name\" content=\"Nachgesalzen\" \/>\n<meta property=\"article:published_time\" content=\"2008-09-26T10:47:31+00:00\" \/>\n<meta property=\"og:image\" content=\"https:\/\/blog.zeit.de\/nachgesalzen\/files\/2008\/09\/hochsitz.jpg\" \/>\n<meta name=\"author\" content=\"Karl-Josef Fuchs\" \/>\n<meta name=\"twitter:card\" content=\"summary_large_image\" \/>\n<meta name=\"twitter:label1\" content=\"Geschrieben von\" \/>\n\t<meta name=\"twitter:data1\" content=\"Karl-Josef Fuchs\" \/>\n\t<meta name=\"twitter:label2\" content=\"Gesch\u00e4tzte Lesezeit\" \/>\n\t<meta name=\"twitter:data2\" content=\"1\u00a0Minute\" \/>\n<script type=\"application\/ld+json\" class=\"yoast-schema-graph\">{\"@context\":\"https:\/\/schema.org\",\"@graph\":[{\"@type\":\"WebPage\",\"@id\":\"https:\/\/blog.zeit.de\/nachgesalzen\/2008\/09\/26\/hirsch-zum-vesper_667\",\"url\":\"https:\/\/blog.zeit.de\/nachgesalzen\/2008\/09\/26\/hirsch-zum-vesper_667\",\"name\":\"Hirsch zum Vesper - Nachgesalzen\",\"isPartOf\":{\"@id\":\"https:\/\/blog.zeit.de\/nachgesalzen\/#website\"},\"datePublished\":\"2008-09-26T10:47:31+00:00\",\"dateModified\":\"2008-09-26T10:47:31+00:00\",\"author\":{\"@id\":\"https:\/\/blog.zeit.de\/nachgesalzen\/#\/schema\/person\/7ae9b66a0552216a7269a9b1a5cfefc6\"},\"breadcrumb\":{\"@id\":\"https:\/\/blog.zeit.de\/nachgesalzen\/2008\/09\/26\/hirsch-zum-vesper_667#breadcrumb\"},\"inLanguage\":\"de\",\"potentialAction\":[{\"@type\":\"ReadAction\",\"target\":[\"https:\/\/blog.zeit.de\/nachgesalzen\/2008\/09\/26\/hirsch-zum-vesper_667\"]}]},{\"@type\":\"BreadcrumbList\",\"@id\":\"https:\/\/blog.zeit.de\/nachgesalzen\/2008\/09\/26\/hirsch-zum-vesper_667#breadcrumb\",\"itemListElement\":[{\"@type\":\"ListItem\",\"position\":1,\"name\":\"Startseite\",\"item\":\"https:\/\/blog.zeit.de\/nachgesalzen\"},{\"@type\":\"ListItem\",\"position\":2,\"name\":\"Hirsch zum Vesper\"}]},{\"@type\":\"WebSite\",\"@id\":\"https:\/\/blog.zeit.de\/nachgesalzen\/#website\",\"url\":\"https:\/\/blog.zeit.de\/nachgesalzen\/\",\"name\":\"Nachgesalzen\",\"description\":\"Das Blog der K\u00f6che, Gastronomen und Gourmets\",\"potentialAction\":[{\"@type\":\"SearchAction\",\"target\":{\"@type\":\"EntryPoint\",\"urlTemplate\":\"https:\/\/blog.zeit.de\/nachgesalzen\/?s={search_term_string}\"},\"query-input\":\"required name=search_term_string\"}],\"inLanguage\":\"de\"},{\"@type\":\"Person\",\"@id\":\"https:\/\/blog.zeit.de\/nachgesalzen\/#\/schema\/person\/7ae9b66a0552216a7269a9b1a5cfefc6\",\"name\":\"Karl-Josef Fuchs\",\"image\":{\"@type\":\"ImageObject\",\"inLanguage\":\"de\",\"@id\":\"https:\/\/blog.zeit.de\/nachgesalzen\/#\/schema\/person\/image\/\",\"url\":\"https:\/\/secure.gravatar.com\/avatar\/0c9710bab3152b4b1514161da5b8f7e311595fb8a80ea29b158fbffee83f89f4?s=96&d=mm&r=g\",\"contentUrl\":\"https:\/\/secure.gravatar.com\/avatar\/0c9710bab3152b4b1514161da5b8f7e311595fb8a80ea29b158fbffee83f89f4?s=96&d=mm&r=g\",\"caption\":\"Karl-Josef Fuchs\"},\"url\":\"https:\/\/blog.zeit.de\/nachgesalzen\/author\/karl-josef-fuchs\"}]}<\/script>\n<!-- \/ Yoast SEO plugin. -->","yoast_head_json":{"title":"Hirsch zum Vesper - Nachgesalzen","robots":{"index":"index","follow":"follow","max-snippet":"max-snippet:-1","max-image-preview":"max-image-preview:large","max-video-preview":"max-video-preview:-1"},"canonical":"https:\/\/blog.zeit.de\/nachgesalzen\/2008\/09\/26\/hirsch-zum-vesper_667","og_locale":"de_DE","og_type":"article","og_title":"Hirsch zum Vesper - Nachgesalzen","og_description":"Momentan ist Hirschbrunft, f\u00fcr alle J\u00e4ger eine ganz besondere Zeit! Ich habe das Vergn\u00fcgen, bei einem Freund, in dessen Revier das Rotwild tagaktiv ist, die Brunft zu erleben. Es ist gute Tradition, dass wir, wenn das Wetter passt und der Wind auch, einen ganzen Tag im Revier verbringen. Dazu geh\u00f6rt ein gutes Vesper mit Bergk\u00e4se, [&hellip;]","og_url":"https:\/\/blog.zeit.de\/nachgesalzen\/2008\/09\/26\/hirsch-zum-vesper_667","og_site_name":"Nachgesalzen","article_published_time":"2008-09-26T10:47:31+00:00","og_image":[{"url":"https:\/\/blog.zeit.de\/nachgesalzen\/files\/2008\/09\/hochsitz.jpg"}],"author":"Karl-Josef Fuchs","twitter_card":"summary_large_image","twitter_misc":{"Geschrieben von":"Karl-Josef Fuchs","Gesch\u00e4tzte Lesezeit":"1\u00a0Minute"},"schema":{"@context":"https:\/\/schema.org","@graph":[{"@type":"WebPage","@id":"https:\/\/blog.zeit.de\/nachgesalzen\/2008\/09\/26\/hirsch-zum-vesper_667","url":"https:\/\/blog.zeit.de\/nachgesalzen\/2008\/09\/26\/hirsch-zum-vesper_667","name":"Hirsch zum Vesper - Nachgesalzen","isPartOf":{"@id":"https:\/\/blog.zeit.de\/nachgesalzen\/#website"},"datePublished":"2008-09-26T10:47:31+00:00","dateModified":"2008-09-26T10:47:31+00:00","author":{"@id":"https:\/\/blog.zeit.de\/nachgesalzen\/#\/schema\/person\/7ae9b66a0552216a7269a9b1a5cfefc6"},"breadcrumb":{"@id":"https:\/\/blog.zeit.de\/nachgesalzen\/2008\/09\/26\/hirsch-zum-vesper_667#breadcrumb"},"inLanguage":"de","potentialAction":[{"@type":"ReadAction","target":["https:\/\/blog.zeit.de\/nachgesalzen\/2008\/09\/26\/hirsch-zum-vesper_667"]}]},{"@type":"BreadcrumbList","@id":"https:\/\/blog.zeit.de\/nachgesalzen\/2008\/09\/26\/hirsch-zum-vesper_667#breadcrumb","itemListElement":[{"@type":"ListItem","position":1,"name":"Startseite","item":"https:\/\/blog.zeit.de\/nachgesalzen"},{"@type":"ListItem","position":2,"name":"Hirsch zum Vesper"}]},{"@type":"WebSite","@id":"https:\/\/blog.zeit.de\/nachgesalzen\/#website","url":"https:\/\/blog.zeit.de\/nachgesalzen\/","name":"Nachgesalzen","description":"Das Blog der K\u00f6che, Gastronomen und Gourmets","potentialAction":[{"@type":"SearchAction","target":{"@type":"EntryPoint","urlTemplate":"https:\/\/blog.zeit.de\/nachgesalzen\/?s={search_term_string}"},"query-input":"required name=search_term_string"}],"inLanguage":"de"},{"@type":"Person","@id":"https:\/\/blog.zeit.de\/nachgesalzen\/#\/schema\/person\/7ae9b66a0552216a7269a9b1a5cfefc6","name":"Karl-Josef Fuchs","image":{"@type":"ImageObject","inLanguage":"de","@id":"https:\/\/blog.zeit.de\/nachgesalzen\/#\/schema\/person\/image\/","url":"https:\/\/secure.gravatar.com\/avatar\/0c9710bab3152b4b1514161da5b8f7e311595fb8a80ea29b158fbffee83f89f4?s=96&d=mm&r=g","contentUrl":"https:\/\/secure.gravatar.com\/avatar\/0c9710bab3152b4b1514161da5b8f7e311595fb8a80ea29b158fbffee83f89f4?s=96&d=mm&r=g","caption":"Karl-Josef Fuchs"},"url":"https:\/\/blog.zeit.de\/nachgesalzen\/author\/karl-josef-fuchs"}]}},"jetpack_featured_media_url":"","jetpack_sharing_enabled":true,"_links":{"self":[{"href":"https:\/\/blog.zeit.de\/nachgesalzen\/wp-json\/wp\/v2\/posts\/667","targetHints":{"allow":["GET"]}}],"collection":[{"href":"https:\/\/blog.zeit.de\/nachgesalzen\/wp-json\/wp\/v2\/posts"}],"about":[{"href":"https:\/\/blog.zeit.de\/nachgesalzen\/wp-json\/wp\/v2\/types\/post"}],"author":[{"embeddable":true,"href":"https:\/\/blog.zeit.de\/nachgesalzen\/wp-json\/wp\/v2\/users\/76"}],"replies":[{"embeddable":true,"href":"https:\/\/blog.zeit.de\/nachgesalzen\/wp-json\/wp\/v2\/comments?post=667"}],"version-history":[{"count":0,"href":"https:\/\/blog.zeit.de\/nachgesalzen\/wp-json\/wp\/v2\/posts\/667\/revisions"}],"wp:attachment":[{"href":"https:\/\/blog.zeit.de\/nachgesalzen\/wp-json\/wp\/v2\/media?parent=667"}],"wp:term":[{"taxonomy":"category","embeddable":true,"href":"https:\/\/blog.zeit.de\/nachgesalzen\/wp-json\/wp\/v2\/categories?post=667"},{"taxonomy":"post_tag","embeddable":true,"href":"https:\/\/blog.zeit.de\/nachgesalzen\/wp-json\/wp\/v2\/tags?post=667"}],"curies":[{"name":"wp","href":"https:\/\/api.w.org\/{rel}","templated":true}]}}