{"id":677,"date":"2008-10-16T20:41:13","date_gmt":"2008-10-16T19:41:13","guid":{"rendered":"http:\/\/blog.zeit.de\/nachgesalzen\/?p=677"},"modified":"2008-10-16T20:41:13","modified_gmt":"2008-10-16T19:41:13","slug":"bienenwabe","status":"publish","type":"post","link":"https:\/\/blog.zeit.de\/nachgesalzen\/2008\/10\/16\/bienenwabe_677","title":{"rendered":"Bienenwabe"},"content":{"rendered":"<p><a href=\"https:\/\/blog.zeit.de\/nachgesalzen\/files\/2008\/10\/img_1597.jpg\"><img loading=\"lazy\" decoding=\"async\" class=\"alignnone size-full wp-image-678\" src=\"https:\/\/blog.zeit.de\/nachgesalzen\/files\/2008\/10\/img_1597.jpg\" alt=\"\" width=\"360\" height=\"480\" srcset=\"https:\/\/blog.zeit.de\/nachgesalzen\/files\/2008\/10\/img_1597.jpg 360w, https:\/\/blog.zeit.de\/nachgesalzen\/files\/2008\/10\/img_1597-225x300.jpg 225w\" sizes=\"auto, (max-width: 360px) 100vw, 360px\" \/><\/a><a href=\"https:\/\/blog.zeit.de\/nachgesalzen\/files\/2008\/10\/062-pata-negra-honig-frischkase.jpg\"><img loading=\"lazy\" decoding=\"async\" class=\"alignnone size-full wp-image-679\" src=\"https:\/\/blog.zeit.de\/nachgesalzen\/files\/2008\/10\/062-pata-negra-honig-frischkase.jpg\" alt=\"\" width=\"480\" height=\"480\" srcset=\"https:\/\/blog.zeit.de\/nachgesalzen\/files\/2008\/10\/062-pata-negra-honig-frischkase.jpg 480w, https:\/\/blog.zeit.de\/nachgesalzen\/files\/2008\/10\/062-pata-negra-honig-frischkase-150x150.jpg 150w, https:\/\/blog.zeit.de\/nachgesalzen\/files\/2008\/10\/062-pata-negra-honig-frischkase-300x300.jpg 300w\" sizes=\"auto, (max-width: 480px) 100vw, 480px\" \/><\/a>von meiner Imkerfreundin Silvia Pfefferle aus dem M\u00fcnstertal\u00a0habe ich eine Bienenwabe, gef\u00fcllt mit k\u00f6stlichem Tannenhonig bekommen.<\/p>\n<p>Diese wird aus dem Holzrahmen geschnitten und entweder gleich mit Frischk\u00e4se und Pata Negra Schinken serviert (das Allerbeste)!!<\/p>\n<p>Oder die St\u00fccke in ein Einmachglas gesteckt und mit Honig aufgef\u00fcllt.<\/p>\n<p>Der Geschmack, das Wachs wird nat\u00fcrlich mitgegessen, ist einzigartig!<\/p>\n<p>Anbei ein Foto aus meinem neuen Kochbuch &#8222;Wild und mehr&#8220; gestern zur Buchmesse in Frankfurt vorgestellt, erschienen im &#8222;Tre Torri&#8220; Verlag, Wiesbaden.<\/p>\n<p>Als ich das Bienenwabengericht meinem Freund und Verlager Ralf Frenzel zum probieren gegeben habe, hat er vor lauter Erstaunen und Begeisterung &#8222;die Augen verdreht&#8220;&#8230;.<\/p>\n<p>Mehr zum Buch sp\u00e4ter, es m\u00fcsste in wenigen Tagen im Handel sein.<\/p>\n","protected":false},"excerpt":{"rendered":"<p>von meiner Imkerfreundin Silvia Pfefferle aus dem M\u00fcnstertal\u00a0habe ich eine Bienenwabe, gef\u00fcllt mit k\u00f6stlichem Tannenhonig bekommen. Diese wird aus dem Holzrahmen geschnitten und entweder gleich mit Frischk\u00e4se und Pata Negra Schinken serviert (das Allerbeste)!! Oder die St\u00fccke in ein Einmachglas gesteckt und mit Honig aufgef\u00fcllt. Der Geschmack, das Wachs wird nat\u00fcrlich mitgegessen, ist einzigartig! Anbei [&hellip;]<\/p>\n","protected":false},"author":76,"featured_media":0,"comment_status":"open","ping_status":"closed","sticky":false,"template":"","format":"standard","meta":{"_jetpack_memberships_contains_paid_content":false,"footnotes":""},"categories":[1],"tags":[],"class_list":["post-677","post","type-post","status-publish","format-standard","hentry","category-allgemein"],"yoast_head":"<!-- This site is optimized with the Yoast SEO plugin v21.0 - https:\/\/yoast.com\/wordpress\/plugins\/seo\/ -->\n<title>Bienenwabe - Nachgesalzen<\/title>\n<meta name=\"robots\" content=\"index, follow, max-snippet:-1, max-image-preview:large, max-video-preview:-1\" \/>\n<link rel=\"canonical\" href=\"https:\/\/blog.zeit.de\/nachgesalzen\/2008\/10\/16\/bienenwabe_677\" \/>\n<meta property=\"og:locale\" content=\"de_DE\" \/>\n<meta property=\"og:type\" content=\"article\" \/>\n<meta property=\"og:title\" content=\"Bienenwabe - Nachgesalzen\" \/>\n<meta property=\"og:description\" content=\"von meiner Imkerfreundin Silvia Pfefferle aus dem M\u00fcnstertal\u00a0habe ich eine Bienenwabe, gef\u00fcllt mit k\u00f6stlichem Tannenhonig bekommen. Diese wird aus dem Holzrahmen geschnitten und entweder gleich mit Frischk\u00e4se und Pata Negra Schinken serviert (das Allerbeste)!! Oder die St\u00fccke in ein Einmachglas gesteckt und mit Honig aufgef\u00fcllt. Der Geschmack, das Wachs wird nat\u00fcrlich mitgegessen, ist einzigartig! Anbei [&hellip;]\" \/>\n<meta property=\"og:url\" content=\"https:\/\/blog.zeit.de\/nachgesalzen\/2008\/10\/16\/bienenwabe_677\" \/>\n<meta property=\"og:site_name\" content=\"Nachgesalzen\" \/>\n<meta property=\"article:published_time\" content=\"2008-10-16T19:41:13+00:00\" \/>\n<meta property=\"og:image\" content=\"https:\/\/blog.zeit.de\/nachgesalzen\/files\/2008\/10\/img_1597.jpg\" \/>\n<meta name=\"author\" content=\"Karl-Josef Fuchs\" \/>\n<meta name=\"twitter:card\" content=\"summary_large_image\" \/>\n<meta name=\"twitter:label1\" content=\"Geschrieben von\" \/>\n\t<meta name=\"twitter:data1\" content=\"Karl-Josef Fuchs\" \/>\n\t<meta name=\"twitter:label2\" content=\"Gesch\u00e4tzte Lesezeit\" \/>\n\t<meta name=\"twitter:data2\" content=\"1\u00a0Minute\" \/>\n<script type=\"application\/ld+json\" class=\"yoast-schema-graph\">{\"@context\":\"https:\/\/schema.org\",\"@graph\":[{\"@type\":\"WebPage\",\"@id\":\"https:\/\/blog.zeit.de\/nachgesalzen\/2008\/10\/16\/bienenwabe_677\",\"url\":\"https:\/\/blog.zeit.de\/nachgesalzen\/2008\/10\/16\/bienenwabe_677\",\"name\":\"Bienenwabe - Nachgesalzen\",\"isPartOf\":{\"@id\":\"https:\/\/blog.zeit.de\/nachgesalzen\/#website\"},\"datePublished\":\"2008-10-16T19:41:13+00:00\",\"dateModified\":\"2008-10-16T19:41:13+00:00\",\"author\":{\"@id\":\"https:\/\/blog.zeit.de\/nachgesalzen\/#\/schema\/person\/7ae9b66a0552216a7269a9b1a5cfefc6\"},\"breadcrumb\":{\"@id\":\"https:\/\/blog.zeit.de\/nachgesalzen\/2008\/10\/16\/bienenwabe_677#breadcrumb\"},\"inLanguage\":\"de\",\"potentialAction\":[{\"@type\":\"ReadAction\",\"target\":[\"https:\/\/blog.zeit.de\/nachgesalzen\/2008\/10\/16\/bienenwabe_677\"]}]},{\"@type\":\"BreadcrumbList\",\"@id\":\"https:\/\/blog.zeit.de\/nachgesalzen\/2008\/10\/16\/bienenwabe_677#breadcrumb\",\"itemListElement\":[{\"@type\":\"ListItem\",\"position\":1,\"name\":\"Startseite\",\"item\":\"https:\/\/blog.zeit.de\/nachgesalzen\"},{\"@type\":\"ListItem\",\"position\":2,\"name\":\"Bienenwabe\"}]},{\"@type\":\"WebSite\",\"@id\":\"https:\/\/blog.zeit.de\/nachgesalzen\/#website\",\"url\":\"https:\/\/blog.zeit.de\/nachgesalzen\/\",\"name\":\"Nachgesalzen\",\"description\":\"Das Blog der K\u00f6che, Gastronomen und Gourmets\",\"potentialAction\":[{\"@type\":\"SearchAction\",\"target\":{\"@type\":\"EntryPoint\",\"urlTemplate\":\"https:\/\/blog.zeit.de\/nachgesalzen\/?s={search_term_string}\"},\"query-input\":\"required name=search_term_string\"}],\"inLanguage\":\"de\"},{\"@type\":\"Person\",\"@id\":\"https:\/\/blog.zeit.de\/nachgesalzen\/#\/schema\/person\/7ae9b66a0552216a7269a9b1a5cfefc6\",\"name\":\"Karl-Josef Fuchs\",\"image\":{\"@type\":\"ImageObject\",\"inLanguage\":\"de\",\"@id\":\"https:\/\/blog.zeit.de\/nachgesalzen\/#\/schema\/person\/image\/\",\"url\":\"https:\/\/secure.gravatar.com\/avatar\/0c9710bab3152b4b1514161da5b8f7e311595fb8a80ea29b158fbffee83f89f4?s=96&d=mm&r=g\",\"contentUrl\":\"https:\/\/secure.gravatar.com\/avatar\/0c9710bab3152b4b1514161da5b8f7e311595fb8a80ea29b158fbffee83f89f4?s=96&d=mm&r=g\",\"caption\":\"Karl-Josef Fuchs\"},\"url\":\"https:\/\/blog.zeit.de\/nachgesalzen\/author\/karl-josef-fuchs\"}]}<\/script>\n<!-- \/ Yoast SEO plugin. -->","yoast_head_json":{"title":"Bienenwabe - Nachgesalzen","robots":{"index":"index","follow":"follow","max-snippet":"max-snippet:-1","max-image-preview":"max-image-preview:large","max-video-preview":"max-video-preview:-1"},"canonical":"https:\/\/blog.zeit.de\/nachgesalzen\/2008\/10\/16\/bienenwabe_677","og_locale":"de_DE","og_type":"article","og_title":"Bienenwabe - Nachgesalzen","og_description":"von meiner Imkerfreundin Silvia Pfefferle aus dem M\u00fcnstertal\u00a0habe ich eine Bienenwabe, gef\u00fcllt mit k\u00f6stlichem Tannenhonig bekommen. Diese wird aus dem Holzrahmen geschnitten und entweder gleich mit Frischk\u00e4se und Pata Negra Schinken serviert (das Allerbeste)!! Oder die St\u00fccke in ein Einmachglas gesteckt und mit Honig aufgef\u00fcllt. Der Geschmack, das Wachs wird nat\u00fcrlich mitgegessen, ist einzigartig! Anbei [&hellip;]","og_url":"https:\/\/blog.zeit.de\/nachgesalzen\/2008\/10\/16\/bienenwabe_677","og_site_name":"Nachgesalzen","article_published_time":"2008-10-16T19:41:13+00:00","og_image":[{"url":"https:\/\/blog.zeit.de\/nachgesalzen\/files\/2008\/10\/img_1597.jpg"}],"author":"Karl-Josef Fuchs","twitter_card":"summary_large_image","twitter_misc":{"Geschrieben von":"Karl-Josef Fuchs","Gesch\u00e4tzte Lesezeit":"1\u00a0Minute"},"schema":{"@context":"https:\/\/schema.org","@graph":[{"@type":"WebPage","@id":"https:\/\/blog.zeit.de\/nachgesalzen\/2008\/10\/16\/bienenwabe_677","url":"https:\/\/blog.zeit.de\/nachgesalzen\/2008\/10\/16\/bienenwabe_677","name":"Bienenwabe - Nachgesalzen","isPartOf":{"@id":"https:\/\/blog.zeit.de\/nachgesalzen\/#website"},"datePublished":"2008-10-16T19:41:13+00:00","dateModified":"2008-10-16T19:41:13+00:00","author":{"@id":"https:\/\/blog.zeit.de\/nachgesalzen\/#\/schema\/person\/7ae9b66a0552216a7269a9b1a5cfefc6"},"breadcrumb":{"@id":"https:\/\/blog.zeit.de\/nachgesalzen\/2008\/10\/16\/bienenwabe_677#breadcrumb"},"inLanguage":"de","potentialAction":[{"@type":"ReadAction","target":["https:\/\/blog.zeit.de\/nachgesalzen\/2008\/10\/16\/bienenwabe_677"]}]},{"@type":"BreadcrumbList","@id":"https:\/\/blog.zeit.de\/nachgesalzen\/2008\/10\/16\/bienenwabe_677#breadcrumb","itemListElement":[{"@type":"ListItem","position":1,"name":"Startseite","item":"https:\/\/blog.zeit.de\/nachgesalzen"},{"@type":"ListItem","position":2,"name":"Bienenwabe"}]},{"@type":"WebSite","@id":"https:\/\/blog.zeit.de\/nachgesalzen\/#website","url":"https:\/\/blog.zeit.de\/nachgesalzen\/","name":"Nachgesalzen","description":"Das Blog der K\u00f6che, Gastronomen und Gourmets","potentialAction":[{"@type":"SearchAction","target":{"@type":"EntryPoint","urlTemplate":"https:\/\/blog.zeit.de\/nachgesalzen\/?s={search_term_string}"},"query-input":"required name=search_term_string"}],"inLanguage":"de"},{"@type":"Person","@id":"https:\/\/blog.zeit.de\/nachgesalzen\/#\/schema\/person\/7ae9b66a0552216a7269a9b1a5cfefc6","name":"Karl-Josef Fuchs","image":{"@type":"ImageObject","inLanguage":"de","@id":"https:\/\/blog.zeit.de\/nachgesalzen\/#\/schema\/person\/image\/","url":"https:\/\/secure.gravatar.com\/avatar\/0c9710bab3152b4b1514161da5b8f7e311595fb8a80ea29b158fbffee83f89f4?s=96&d=mm&r=g","contentUrl":"https:\/\/secure.gravatar.com\/avatar\/0c9710bab3152b4b1514161da5b8f7e311595fb8a80ea29b158fbffee83f89f4?s=96&d=mm&r=g","caption":"Karl-Josef Fuchs"},"url":"https:\/\/blog.zeit.de\/nachgesalzen\/author\/karl-josef-fuchs"}]}},"jetpack_featured_media_url":"","jetpack_sharing_enabled":true,"_links":{"self":[{"href":"https:\/\/blog.zeit.de\/nachgesalzen\/wp-json\/wp\/v2\/posts\/677","targetHints":{"allow":["GET"]}}],"collection":[{"href":"https:\/\/blog.zeit.de\/nachgesalzen\/wp-json\/wp\/v2\/posts"}],"about":[{"href":"https:\/\/blog.zeit.de\/nachgesalzen\/wp-json\/wp\/v2\/types\/post"}],"author":[{"embeddable":true,"href":"https:\/\/blog.zeit.de\/nachgesalzen\/wp-json\/wp\/v2\/users\/76"}],"replies":[{"embeddable":true,"href":"https:\/\/blog.zeit.de\/nachgesalzen\/wp-json\/wp\/v2\/comments?post=677"}],"version-history":[{"count":0,"href":"https:\/\/blog.zeit.de\/nachgesalzen\/wp-json\/wp\/v2\/posts\/677\/revisions"}],"wp:attachment":[{"href":"https:\/\/blog.zeit.de\/nachgesalzen\/wp-json\/wp\/v2\/media?parent=677"}],"wp:term":[{"taxonomy":"category","embeddable":true,"href":"https:\/\/blog.zeit.de\/nachgesalzen\/wp-json\/wp\/v2\/categories?post=677"},{"taxonomy":"post_tag","embeddable":true,"href":"https:\/\/blog.zeit.de\/nachgesalzen\/wp-json\/wp\/v2\/tags?post=677"}],"curies":[{"name":"wp","href":"https:\/\/api.w.org\/{rel}","templated":true}]}}