{"id":7138,"date":"2013-05-26T23:01:04","date_gmt":"2013-05-26T21:01:04","guid":{"rendered":"http:\/\/blog.zeit.de\/nachgesalzen\/?p=7138"},"modified":"2013-05-26T23:01:04","modified_gmt":"2013-05-26T21:01:04","slug":"ein-stachel-schon-seit-600-jahren","status":"publish","type":"post","link":"https:\/\/blog.zeit.de\/nachgesalzen\/2013\/05\/26\/ein-stachel-schon-seit-600-jahren_7138","title":{"rendered":"Ein Stachel \u2013 schon seit 600 Jahren"},"content":{"rendered":"<p><a href=\"https:\/\/blog.zeit.de\/nachgesalzen\/files\/2013\/05\/Stachel-006.jpg\"><img loading=\"lazy\" decoding=\"async\" class=\"aligncenter size-full wp-image-7156\" alt=\"Stachel 006\" src=\"https:\/\/blog.zeit.de\/nachgesalzen\/files\/2013\/05\/Stachel-006.jpg\" width=\"546\" height=\"409\" srcset=\"https:\/\/blog.zeit.de\/nachgesalzen\/files\/2013\/05\/Stachel-006.jpg 3264w, https:\/\/blog.zeit.de\/nachgesalzen\/files\/2013\/05\/Stachel-006-405x304.jpg 405w, https:\/\/blog.zeit.de\/nachgesalzen\/files\/2013\/05\/Stachel-006-300x225.jpg 300w, https:\/\/blog.zeit.de\/nachgesalzen\/files\/2013\/05\/Stachel-006-540x405.jpg 540w\" sizes=\"auto, (max-width: 546px) 100vw, 546px\" \/><\/a><\/p>\n<p>Leider fiel die Feier des 600-j\u00e4hrigen Jubil\u00e4ums des \u00e4ltesten Gasthauses von W\u00fcrzburg unvorhergesehen aus. Mein Freund und Kollege Richard Huth hatte es gesundheitlich schwer erwischt\u00a0 und obendrein hat die Erbengemeinschaft als Besitzer dieses so kulturhistorisch bedeutsamen Gasthauses ein vern\u00fcnftiges Weiterbewirtschaften verhindert. Er und seine Frau Petra (eine fr\u00e4nkische Weinbotschafterin par excellence) mussten die Rei\u00dfleine ziehen. Richard Huth ist ein guter Koch, er hat sich wieder erholt und ist nun K\u00fcchenchef in den W\u00fcrzburger Residenzgastst\u00e4tten . Ich freue mich schon darauf, mal wieder bei ihm zu speisen.<br \/>\nWas aus dem altehrw\u00fcrdigen Haus wird? Es hat schon viel \u00fcberstanden. Hier trafen sich schon G\u00f6tz von Berlichingen und Florian Geyer. Tilman Riemenschneider, Balthasar Neumann und viele weitere ber\u00fchmte Zeitgenossen gingen hier seit 600 Jahren ein und aus. Als Zeichen\u00a0 konspirativer Treffs wurde ein Morgenstern, der Stachel vor die T\u00fcr gesteckt. In der Zeit der Bauernkriege (1523-1526) die gemeine Waffe der Aufst\u00e4ndischen.<\/p>\n<p><a href=\"https:\/\/blog.zeit.de\/nachgesalzen\/files\/2013\/05\/Stachel-004.jpg\"><img loading=\"lazy\" decoding=\"async\" class=\"aligncenter size-full wp-image-7157\" alt=\"Stachel 004\" src=\"https:\/\/blog.zeit.de\/nachgesalzen\/files\/2013\/05\/Stachel-004.jpg\" width=\"528\" height=\"396\" srcset=\"https:\/\/blog.zeit.de\/nachgesalzen\/files\/2013\/05\/Stachel-004.jpg 3264w, https:\/\/blog.zeit.de\/nachgesalzen\/files\/2013\/05\/Stachel-004-405x304.jpg 405w, https:\/\/blog.zeit.de\/nachgesalzen\/files\/2013\/05\/Stachel-004-300x225.jpg 300w, https:\/\/blog.zeit.de\/nachgesalzen\/files\/2013\/05\/Stachel-004-540x405.jpg 540w\" sizes=\"auto, (max-width: 528px) 100vw, 528px\" \/><\/a><\/p>\n<p>Bauernkriegerische Kulturtipps in meinem Umfeld:<br \/>\n<a href=\"http:\/\/www.florian-geyer-spiele.de\/\">Florian Geyer Spiele<\/a>\u00a0 ca. 30 km<br \/>\n<a href=\"http:\/\/burgfestspiele-jagsthausen.de\/de\/programm\/g%C3%B6tz-von-berlichingen\">G\u00f6tz von Berlichingen<\/a>\u00a0 ca. 55 km<br \/>\nDie britische Guerilla-Form des Bauernkriegs, <a href=\"http:\/\/www.burgfestspiele-schloss-stetten.de\/\">Schloss Stetten Robin Hood<\/a>\u00a0\u00a0 ca. 35 km<br \/>\nKein Bauernkrieg, immerhin Revolution &#8230; <a href=\"http:\/\/www.freilichtspiele-hall.de\/de\/spielplan-und-karten\/termine\/Stuecke-2013\/Dantons-Tod.php\">Dantons Tod <\/a>in Schw\u00e4bisch Hall ca. 50 km<br \/>\nAuch kein Bauernkrieg, aber irgendwie aufst\u00e4ndisch: <a href=\"http:\/\/www.tourismus-wertheim.de\/veranstaltungen\/highlights\/events\/neu-konstantin-wecker-wut-und-zaertlichkeit.html\">Konstantin Wecker<\/a> in Wertheim\u00a0 ca. 55 km<\/p>\n<p>Weitere Informationen zur Geschichte des &#8222;Stachels&#8220; finden Sie <a href=\"http:\/\/www.wuerzburgwiki.de\/wiki\/Weinhaus_zum_Stachel\">hier<\/a><\/p>\n<p>&nbsp;<\/p>\n<p>&nbsp;<\/p>\n<p>&nbsp;<\/p>\n<p>&nbsp;<\/p>\n<p>&nbsp;<\/p>\n","protected":false},"excerpt":{"rendered":"<p>Leider fiel die Feier des 600-j\u00e4hrigen Jubil\u00e4ums des \u00e4ltesten Gasthauses von W\u00fcrzburg unvorhergesehen aus. Mein Freund und Kollege Richard Huth hatte es gesundheitlich schwer erwischt\u00a0 und obendrein hat die Erbengemeinschaft als Besitzer dieses so kulturhistorisch bedeutsamen Gasthauses ein vern\u00fcnftiges Weiterbewirtschaften verhindert. Er und seine Frau Petra (eine fr\u00e4nkische Weinbotschafterin par excellence) mussten die Rei\u00dfleine ziehen. [&hellip;]<\/p>\n","protected":false},"author":197,"featured_media":0,"comment_status":"open","ping_status":"closed","sticky":false,"template":"","format":"standard","meta":{"_jetpack_memberships_contains_paid_content":false,"footnotes":""},"categories":[1],"tags":[],"class_list":["post-7138","post","type-post","status-publish","format-standard","hentry","category-allgemein"],"yoast_head":"<!-- This site is optimized with the Yoast SEO plugin v21.0 - https:\/\/yoast.com\/wordpress\/plugins\/seo\/ -->\n<title>Ein Stachel \u2013 schon seit 600 Jahren - Nachgesalzen<\/title>\n<meta name=\"robots\" content=\"index, follow, max-snippet:-1, max-image-preview:large, max-video-preview:-1\" \/>\n<link rel=\"canonical\" href=\"https:\/\/blog.zeit.de\/nachgesalzen\/2013\/05\/26\/ein-stachel-schon-seit-600-jahren_7138\" \/>\n<meta property=\"og:locale\" content=\"de_DE\" \/>\n<meta property=\"og:type\" content=\"article\" \/>\n<meta property=\"og:title\" content=\"Ein Stachel \u2013 schon seit 600 Jahren - Nachgesalzen\" \/>\n<meta property=\"og:description\" content=\"Leider fiel die Feier des 600-j\u00e4hrigen Jubil\u00e4ums des \u00e4ltesten Gasthauses von W\u00fcrzburg unvorhergesehen aus. Mein Freund und Kollege Richard Huth hatte es gesundheitlich schwer erwischt\u00a0 und obendrein hat die Erbengemeinschaft als Besitzer dieses so kulturhistorisch bedeutsamen Gasthauses ein vern\u00fcnftiges Weiterbewirtschaften verhindert. Er und seine Frau Petra (eine fr\u00e4nkische Weinbotschafterin par excellence) mussten die Rei\u00dfleine ziehen. [&hellip;]\" \/>\n<meta property=\"og:url\" content=\"https:\/\/blog.zeit.de\/nachgesalzen\/2013\/05\/26\/ein-stachel-schon-seit-600-jahren_7138\" \/>\n<meta property=\"og:site_name\" content=\"Nachgesalzen\" \/>\n<meta property=\"article:published_time\" content=\"2013-05-26T21:01:04+00:00\" \/>\n<meta property=\"og:image\" content=\"https:\/\/blog.zeit.de\/nachgesalzen\/files\/2013\/05\/Stachel-006.jpg\" \/>\n<meta name=\"author\" content=\"J\u00fcrgen Koch\" \/>\n<meta name=\"twitter:card\" content=\"summary_large_image\" \/>\n<meta name=\"twitter:label1\" content=\"Geschrieben von\" \/>\n\t<meta name=\"twitter:data1\" content=\"J\u00fcrgen Koch\" \/>\n\t<meta name=\"twitter:label2\" content=\"Gesch\u00e4tzte Lesezeit\" \/>\n\t<meta name=\"twitter:data2\" content=\"1\u00a0Minute\" \/>\n<script type=\"application\/ld+json\" class=\"yoast-schema-graph\">{\"@context\":\"https:\/\/schema.org\",\"@graph\":[{\"@type\":\"WebPage\",\"@id\":\"https:\/\/blog.zeit.de\/nachgesalzen\/2013\/05\/26\/ein-stachel-schon-seit-600-jahren_7138\",\"url\":\"https:\/\/blog.zeit.de\/nachgesalzen\/2013\/05\/26\/ein-stachel-schon-seit-600-jahren_7138\",\"name\":\"Ein Stachel \u2013 schon seit 600 Jahren - Nachgesalzen\",\"isPartOf\":{\"@id\":\"https:\/\/blog.zeit.de\/nachgesalzen\/#website\"},\"datePublished\":\"2013-05-26T21:01:04+00:00\",\"dateModified\":\"2013-05-26T21:01:04+00:00\",\"author\":{\"@id\":\"https:\/\/blog.zeit.de\/nachgesalzen\/#\/schema\/person\/2d40619a2ff1be49ac5a3f7721ff4ebb\"},\"breadcrumb\":{\"@id\":\"https:\/\/blog.zeit.de\/nachgesalzen\/2013\/05\/26\/ein-stachel-schon-seit-600-jahren_7138#breadcrumb\"},\"inLanguage\":\"de\",\"potentialAction\":[{\"@type\":\"ReadAction\",\"target\":[\"https:\/\/blog.zeit.de\/nachgesalzen\/2013\/05\/26\/ein-stachel-schon-seit-600-jahren_7138\"]}]},{\"@type\":\"BreadcrumbList\",\"@id\":\"https:\/\/blog.zeit.de\/nachgesalzen\/2013\/05\/26\/ein-stachel-schon-seit-600-jahren_7138#breadcrumb\",\"itemListElement\":[{\"@type\":\"ListItem\",\"position\":1,\"name\":\"Startseite\",\"item\":\"https:\/\/blog.zeit.de\/nachgesalzen\"},{\"@type\":\"ListItem\",\"position\":2,\"name\":\"Ein Stachel \u2013 schon seit 600 Jahren\"}]},{\"@type\":\"WebSite\",\"@id\":\"https:\/\/blog.zeit.de\/nachgesalzen\/#website\",\"url\":\"https:\/\/blog.zeit.de\/nachgesalzen\/\",\"name\":\"Nachgesalzen\",\"description\":\"Das Blog der K\u00f6che, Gastronomen und Gourmets\",\"potentialAction\":[{\"@type\":\"SearchAction\",\"target\":{\"@type\":\"EntryPoint\",\"urlTemplate\":\"https:\/\/blog.zeit.de\/nachgesalzen\/?s={search_term_string}\"},\"query-input\":\"required name=search_term_string\"}],\"inLanguage\":\"de\"},{\"@type\":\"Person\",\"@id\":\"https:\/\/blog.zeit.de\/nachgesalzen\/#\/schema\/person\/2d40619a2ff1be49ac5a3f7721ff4ebb\",\"name\":\"J\u00fcrgen Koch\",\"image\":{\"@type\":\"ImageObject\",\"inLanguage\":\"de\",\"@id\":\"https:\/\/blog.zeit.de\/nachgesalzen\/#\/schema\/person\/image\/\",\"url\":\"https:\/\/secure.gravatar.com\/avatar\/7a7f49fd210a238ff1c39e4b861f88661953618430272ce24be58b16daf2141f?s=96&d=mm&r=g\",\"contentUrl\":\"https:\/\/secure.gravatar.com\/avatar\/7a7f49fd210a238ff1c39e4b861f88661953618430272ce24be58b16daf2141f?s=96&d=mm&r=g\",\"caption\":\"J\u00fcrgen Koch\"},\"url\":\"https:\/\/blog.zeit.de\/nachgesalzen\/author\/juergen-koch\"}]}<\/script>\n<!-- \/ Yoast SEO plugin. -->","yoast_head_json":{"title":"Ein Stachel \u2013 schon seit 600 Jahren - Nachgesalzen","robots":{"index":"index","follow":"follow","max-snippet":"max-snippet:-1","max-image-preview":"max-image-preview:large","max-video-preview":"max-video-preview:-1"},"canonical":"https:\/\/blog.zeit.de\/nachgesalzen\/2013\/05\/26\/ein-stachel-schon-seit-600-jahren_7138","og_locale":"de_DE","og_type":"article","og_title":"Ein Stachel \u2013 schon seit 600 Jahren - Nachgesalzen","og_description":"Leider fiel die Feier des 600-j\u00e4hrigen Jubil\u00e4ums des \u00e4ltesten Gasthauses von W\u00fcrzburg unvorhergesehen aus. Mein Freund und Kollege Richard Huth hatte es gesundheitlich schwer erwischt\u00a0 und obendrein hat die Erbengemeinschaft als Besitzer dieses so kulturhistorisch bedeutsamen Gasthauses ein vern\u00fcnftiges Weiterbewirtschaften verhindert. Er und seine Frau Petra (eine fr\u00e4nkische Weinbotschafterin par excellence) mussten die Rei\u00dfleine ziehen. [&hellip;]","og_url":"https:\/\/blog.zeit.de\/nachgesalzen\/2013\/05\/26\/ein-stachel-schon-seit-600-jahren_7138","og_site_name":"Nachgesalzen","article_published_time":"2013-05-26T21:01:04+00:00","og_image":[{"url":"https:\/\/blog.zeit.de\/nachgesalzen\/files\/2013\/05\/Stachel-006.jpg"}],"author":"J\u00fcrgen Koch","twitter_card":"summary_large_image","twitter_misc":{"Geschrieben von":"J\u00fcrgen Koch","Gesch\u00e4tzte Lesezeit":"1\u00a0Minute"},"schema":{"@context":"https:\/\/schema.org","@graph":[{"@type":"WebPage","@id":"https:\/\/blog.zeit.de\/nachgesalzen\/2013\/05\/26\/ein-stachel-schon-seit-600-jahren_7138","url":"https:\/\/blog.zeit.de\/nachgesalzen\/2013\/05\/26\/ein-stachel-schon-seit-600-jahren_7138","name":"Ein Stachel \u2013 schon seit 600 Jahren - Nachgesalzen","isPartOf":{"@id":"https:\/\/blog.zeit.de\/nachgesalzen\/#website"},"datePublished":"2013-05-26T21:01:04+00:00","dateModified":"2013-05-26T21:01:04+00:00","author":{"@id":"https:\/\/blog.zeit.de\/nachgesalzen\/#\/schema\/person\/2d40619a2ff1be49ac5a3f7721ff4ebb"},"breadcrumb":{"@id":"https:\/\/blog.zeit.de\/nachgesalzen\/2013\/05\/26\/ein-stachel-schon-seit-600-jahren_7138#breadcrumb"},"inLanguage":"de","potentialAction":[{"@type":"ReadAction","target":["https:\/\/blog.zeit.de\/nachgesalzen\/2013\/05\/26\/ein-stachel-schon-seit-600-jahren_7138"]}]},{"@type":"BreadcrumbList","@id":"https:\/\/blog.zeit.de\/nachgesalzen\/2013\/05\/26\/ein-stachel-schon-seit-600-jahren_7138#breadcrumb","itemListElement":[{"@type":"ListItem","position":1,"name":"Startseite","item":"https:\/\/blog.zeit.de\/nachgesalzen"},{"@type":"ListItem","position":2,"name":"Ein Stachel \u2013 schon seit 600 Jahren"}]},{"@type":"WebSite","@id":"https:\/\/blog.zeit.de\/nachgesalzen\/#website","url":"https:\/\/blog.zeit.de\/nachgesalzen\/","name":"Nachgesalzen","description":"Das Blog der K\u00f6che, Gastronomen und Gourmets","potentialAction":[{"@type":"SearchAction","target":{"@type":"EntryPoint","urlTemplate":"https:\/\/blog.zeit.de\/nachgesalzen\/?s={search_term_string}"},"query-input":"required name=search_term_string"}],"inLanguage":"de"},{"@type":"Person","@id":"https:\/\/blog.zeit.de\/nachgesalzen\/#\/schema\/person\/2d40619a2ff1be49ac5a3f7721ff4ebb","name":"J\u00fcrgen Koch","image":{"@type":"ImageObject","inLanguage":"de","@id":"https:\/\/blog.zeit.de\/nachgesalzen\/#\/schema\/person\/image\/","url":"https:\/\/secure.gravatar.com\/avatar\/7a7f49fd210a238ff1c39e4b861f88661953618430272ce24be58b16daf2141f?s=96&d=mm&r=g","contentUrl":"https:\/\/secure.gravatar.com\/avatar\/7a7f49fd210a238ff1c39e4b861f88661953618430272ce24be58b16daf2141f?s=96&d=mm&r=g","caption":"J\u00fcrgen Koch"},"url":"https:\/\/blog.zeit.de\/nachgesalzen\/author\/juergen-koch"}]}},"jetpack_featured_media_url":"","jetpack_sharing_enabled":true,"_links":{"self":[{"href":"https:\/\/blog.zeit.de\/nachgesalzen\/wp-json\/wp\/v2\/posts\/7138","targetHints":{"allow":["GET"]}}],"collection":[{"href":"https:\/\/blog.zeit.de\/nachgesalzen\/wp-json\/wp\/v2\/posts"}],"about":[{"href":"https:\/\/blog.zeit.de\/nachgesalzen\/wp-json\/wp\/v2\/types\/post"}],"author":[{"embeddable":true,"href":"https:\/\/blog.zeit.de\/nachgesalzen\/wp-json\/wp\/v2\/users\/197"}],"replies":[{"embeddable":true,"href":"https:\/\/blog.zeit.de\/nachgesalzen\/wp-json\/wp\/v2\/comments?post=7138"}],"version-history":[{"count":21,"href":"https:\/\/blog.zeit.de\/nachgesalzen\/wp-json\/wp\/v2\/posts\/7138\/revisions"}],"predecessor-version":[{"id":7195,"href":"https:\/\/blog.zeit.de\/nachgesalzen\/wp-json\/wp\/v2\/posts\/7138\/revisions\/7195"}],"wp:attachment":[{"href":"https:\/\/blog.zeit.de\/nachgesalzen\/wp-json\/wp\/v2\/media?parent=7138"}],"wp:term":[{"taxonomy":"category","embeddable":true,"href":"https:\/\/blog.zeit.de\/nachgesalzen\/wp-json\/wp\/v2\/categories?post=7138"},{"taxonomy":"post_tag","embeddable":true,"href":"https:\/\/blog.zeit.de\/nachgesalzen\/wp-json\/wp\/v2\/tags?post=7138"}],"curies":[{"name":"wp","href":"https:\/\/api.w.org\/{rel}","templated":true}]}}