{"id":917,"date":"2009-01-30T15:06:25","date_gmt":"2009-01-30T14:06:25","guid":{"rendered":"http:\/\/blog.zeit.de\/nachgesalzen\/?p=917"},"modified":"2009-01-30T15:06:25","modified_gmt":"2009-01-30T14:06:25","slug":"coronabohnen-chili-mit-ingwerpeperonata","status":"publish","type":"post","link":"https:\/\/blog.zeit.de\/nachgesalzen\/2009\/01\/30\/coronabohnen-chili-mit-ingwerpeperonata_917","title":{"rendered":"Coronabohnen-Chili mit Ingwerpeperonata"},"content":{"rendered":"<p><a href=\"https:\/\/blog.zeit.de\/nachgesalzen\/files\/2009\/01\/chili-artikel-2-410.jpg\"><img loading=\"lazy\" decoding=\"async\" src=\"https:\/\/blog.zeit.de\/nachgesalzen\/files\/2009\/01\/chili-artikel-2-410.jpg\" alt=\"\" title=\"chili-artikel-2-410\" width=\"410\" height=\"260\" class=\"alignnone size-full wp-image-918\" srcset=\"https:\/\/blog.zeit.de\/nachgesalzen\/files\/2009\/01\/chili-artikel-2-410.jpg 410w, https:\/\/blog.zeit.de\/nachgesalzen\/files\/2009\/01\/chili-artikel-2-410-300x190.jpg 300w\" sizes=\"auto, (max-width: 410px) 100vw, 410px\" \/><\/a><br \/>\n\u00a9 Getty Images; Vincent Klink<\/p>\n<p>Zutaten:<\/p>\n<p>2 Tassen dicke wei\u00dfe Bohnen (Saubohnen)<br \/>\n1 Schalotte, fein gew\u00fcrfelt<br \/>\n1 Peperoni<br \/>\n1 gr\u00fcne Gem\u00fcsepaprika<br \/>\n1 Staudensellerie gew\u00fcrfelt<br \/>\n1 Knoblauchzehe, fein gew\u00fcrfelt<br \/>\n1 Bund Petersilie<br \/>\n1 EL Essig<br \/>\n1 Zweig Rosmarin<br \/>\n1 l Gem\u00fcsebr\u00fche<br \/>\n2 EL Oliven\u00f6l<br \/>\nGrober Pfeffer, Salz<\/p>\n<p>Zubereitung Chili:<br \/>\nBohnen \u00fcber Nacht in f\u00fcnfmal so viel Wasser einweichen. Ich sage das mit Nachdruck: Man nimmt lieber einen Rieseneimer Wasser mit einigen Bohnen auf dem Grund als eine Sch\u00fcssel, in der am anderen Morgen die Bohnen trocken liegen. Alle Welt meint, mit Hitze und Vollgas kriegt man die Bohnen auch kurzfristig weich. Das stimmt, aber sie platzen und vermatschen dann.<br \/>\nSchalotten und Knoblauch in Oliven\u00f6l anschwitzen. Die eingeweichten Bohnen dazugeben und mit Gem\u00fcsebr\u00fche auff\u00fcllen. Eine Stunde mit geschlossenem Deckel langsam kochen oder im Ofen bei 180 Grad garen. Die Bohnen muss man immer wieder probieren. Werden sie weich, dann den Staudensellerie, den Rosmarin, die fein gew\u00fcrfelten Peperoni (Hartgesottene nehmen kleine Chili) und Paprika zugeben. Nochmals zehn Minuten kochen. Petersilie dazugeben. Falls noch Br\u00fche im Topf ist, den Deckel abnehmen und bei kr\u00e4ftigem Feuer reduzieren lassen. Die gegarten Bohnen mit zwei Essl\u00f6ffel Oliven\u00f6l, Pfeffer und Salz abschmecken. Mit Salz und Pfeffer w\u00fcrzen. Die Bohnen in der Mitte des Tellers anrichten und mit Peperonata umlegen.<\/p>\n<p>Peperonata:<\/p>\n<p>4 Paprika (bevorzugt lange Sorten)<br \/>\n1 EL Ingwerpulver<br \/>\n1 Zwiebel, grob gew\u00fcrfelt<br \/>\n1 Knoblauchzehe gequetscht<br \/>\n1 TL Oregano<br \/>\n2 EL Oliven\u00f6l zum R\u00f6sten<br \/>\n1\/8 l Oliven\u00f6l zum Einlegen<br \/>\nGrober Pfeffer, Salz<\/p>\n<p>Die Paprika von den Kernen befreien und halbieren. Mit Oliven\u00f6l bepinseln, pfeffern, salzen und im Ofen bei 180 Grad r\u00f6sten. Wenn die Paprika Brandflecken bekommen, ist das von Vorteil, denn der Karamellgeschmack macht den Reiz dieses Gerichts aus. So lange garen, bis die Paprika weich sind und man ihnen die Haut abziehen kann. Abschlie\u00dfend mit Ingwerpulver best\u00e4uben und noch einmal kurz durchschwenken.<br \/>\nAuf einfachere und effektive Art werden Paprika auch in der Pfanne mit Deckel gebraten. Die Fr\u00fcchte d\u00fcrfen auch dann gerne an einigen Stellen etwas anbrennen. Auch so entsteht der angenehme Karamellgeschmack.<\/p>\n<p>Will man Peperonata im Glas l\u00e4nger aufbewahren, so werden sie in Oliven\u00f6l eingelegt.<\/p>\n<p><strong>Weitere Chilirezepte von Spitzenk\u00f6chen finden Sie <a href=\"http:\/\/www.zeit.de\/online\/2009\/05\/chili-rezepte?page=1\"target=\"_blank\">hier auf ZEIT ONLINE.<\/a><\/p>\n<p>Zum Thema:<br \/>\n<a href=\"http:\/\/www.zeit.de\/2009\/06\/Chili\"target=\"_blank\">Die rote Schote<\/a><br \/>\nVon Wolfgang Lechner | \u00a9 DIE ZEIT, 29.01.2009 Nr. 06<br \/>\nWarum gibt\u2019s jetzt \u00fcberall Chili? Weil es gegen K\u00e4lte und harte Zeiten hilft!<\/strong><\/p>\n","protected":false},"excerpt":{"rendered":"<p>\u00a9 Getty Images; Vincent Klink Zutaten: 2 Tassen dicke wei\u00dfe Bohnen (Saubohnen) 1 Schalotte, fein gew\u00fcrfelt 1 Peperoni 1 gr\u00fcne Gem\u00fcsepaprika 1 Staudensellerie gew\u00fcrfelt 1 Knoblauchzehe, fein gew\u00fcrfelt 1 Bund Petersilie 1 EL Essig 1 Zweig Rosmarin 1 l Gem\u00fcsebr\u00fche 2 EL Oliven\u00f6l Grober Pfeffer, Salz Zubereitung Chili: Bohnen \u00fcber Nacht in f\u00fcnfmal so viel [&hellip;]<\/p>\n","protected":false},"author":75,"featured_media":0,"comment_status":"open","ping_status":"closed","sticky":false,"template":"","format":"standard","meta":{"_jetpack_memberships_contains_paid_content":false,"footnotes":""},"categories":[750],"tags":[],"class_list":["post-917","post","type-post","status-publish","format-standard","hentry","category-rezepte"],"yoast_head":"<!-- This site is optimized with the Yoast SEO plugin v21.0 - https:\/\/yoast.com\/wordpress\/plugins\/seo\/ -->\n<title>Coronabohnen-Chili mit Ingwerpeperonata - Nachgesalzen<\/title>\n<meta name=\"robots\" content=\"index, follow, max-snippet:-1, max-image-preview:large, max-video-preview:-1\" \/>\n<link rel=\"canonical\" href=\"https:\/\/blog.zeit.de\/nachgesalzen\/2009\/01\/30\/coronabohnen-chili-mit-ingwerpeperonata_917\" \/>\n<meta property=\"og:locale\" content=\"de_DE\" \/>\n<meta property=\"og:type\" content=\"article\" \/>\n<meta property=\"og:title\" content=\"Coronabohnen-Chili mit Ingwerpeperonata - Nachgesalzen\" \/>\n<meta property=\"og:description\" content=\"\u00a9 Getty Images; Vincent Klink Zutaten: 2 Tassen dicke wei\u00dfe Bohnen (Saubohnen) 1 Schalotte, fein gew\u00fcrfelt 1 Peperoni 1 gr\u00fcne Gem\u00fcsepaprika 1 Staudensellerie gew\u00fcrfelt 1 Knoblauchzehe, fein gew\u00fcrfelt 1 Bund Petersilie 1 EL Essig 1 Zweig Rosmarin 1 l Gem\u00fcsebr\u00fche 2 EL Oliven\u00f6l Grober Pfeffer, Salz Zubereitung Chili: Bohnen \u00fcber Nacht in f\u00fcnfmal so viel [&hellip;]\" \/>\n<meta property=\"og:url\" content=\"https:\/\/blog.zeit.de\/nachgesalzen\/2009\/01\/30\/coronabohnen-chili-mit-ingwerpeperonata_917\" \/>\n<meta property=\"og:site_name\" content=\"Nachgesalzen\" \/>\n<meta property=\"article:published_time\" content=\"2009-01-30T14:06:25+00:00\" \/>\n<meta property=\"og:image\" content=\"https:\/\/blog.zeit.de\/nachgesalzen\/files\/2009\/01\/chili-artikel-2-410.jpg\" \/>\n<meta name=\"author\" content=\"Vincent Klink\" \/>\n<meta name=\"twitter:card\" content=\"summary_large_image\" \/>\n<meta name=\"twitter:label1\" content=\"Geschrieben von\" \/>\n\t<meta name=\"twitter:data1\" content=\"Vincent Klink\" \/>\n\t<meta name=\"twitter:label2\" content=\"Gesch\u00e4tzte Lesezeit\" \/>\n\t<meta name=\"twitter:data2\" content=\"2\u00a0Minuten\" \/>\n<script type=\"application\/ld+json\" class=\"yoast-schema-graph\">{\"@context\":\"https:\/\/schema.org\",\"@graph\":[{\"@type\":\"WebPage\",\"@id\":\"https:\/\/blog.zeit.de\/nachgesalzen\/2009\/01\/30\/coronabohnen-chili-mit-ingwerpeperonata_917\",\"url\":\"https:\/\/blog.zeit.de\/nachgesalzen\/2009\/01\/30\/coronabohnen-chili-mit-ingwerpeperonata_917\",\"name\":\"Coronabohnen-Chili mit Ingwerpeperonata - Nachgesalzen\",\"isPartOf\":{\"@id\":\"https:\/\/blog.zeit.de\/nachgesalzen\/#website\"},\"datePublished\":\"2009-01-30T14:06:25+00:00\",\"dateModified\":\"2009-01-30T14:06:25+00:00\",\"author\":{\"@id\":\"https:\/\/blog.zeit.de\/nachgesalzen\/#\/schema\/person\/cdd345c2d0a8458fe9af904889e544be\"},\"breadcrumb\":{\"@id\":\"https:\/\/blog.zeit.de\/nachgesalzen\/2009\/01\/30\/coronabohnen-chili-mit-ingwerpeperonata_917#breadcrumb\"},\"inLanguage\":\"de\",\"potentialAction\":[{\"@type\":\"ReadAction\",\"target\":[\"https:\/\/blog.zeit.de\/nachgesalzen\/2009\/01\/30\/coronabohnen-chili-mit-ingwerpeperonata_917\"]}]},{\"@type\":\"BreadcrumbList\",\"@id\":\"https:\/\/blog.zeit.de\/nachgesalzen\/2009\/01\/30\/coronabohnen-chili-mit-ingwerpeperonata_917#breadcrumb\",\"itemListElement\":[{\"@type\":\"ListItem\",\"position\":1,\"name\":\"Startseite\",\"item\":\"https:\/\/blog.zeit.de\/nachgesalzen\"},{\"@type\":\"ListItem\",\"position\":2,\"name\":\"Coronabohnen-Chili mit Ingwerpeperonata\"}]},{\"@type\":\"WebSite\",\"@id\":\"https:\/\/blog.zeit.de\/nachgesalzen\/#website\",\"url\":\"https:\/\/blog.zeit.de\/nachgesalzen\/\",\"name\":\"Nachgesalzen\",\"description\":\"Das Blog der K\u00f6che, Gastronomen und Gourmets\",\"potentialAction\":[{\"@type\":\"SearchAction\",\"target\":{\"@type\":\"EntryPoint\",\"urlTemplate\":\"https:\/\/blog.zeit.de\/nachgesalzen\/?s={search_term_string}\"},\"query-input\":\"required name=search_term_string\"}],\"inLanguage\":\"de\"},{\"@type\":\"Person\",\"@id\":\"https:\/\/blog.zeit.de\/nachgesalzen\/#\/schema\/person\/cdd345c2d0a8458fe9af904889e544be\",\"name\":\"Vincent Klink\",\"image\":{\"@type\":\"ImageObject\",\"inLanguage\":\"de\",\"@id\":\"https:\/\/blog.zeit.de\/nachgesalzen\/#\/schema\/person\/image\/\",\"url\":\"https:\/\/secure.gravatar.com\/avatar\/1180e1cf90a70886fd5b98037c8cf28c4d8c19aec023516f0d1c407dcc16a678?s=96&d=mm&r=g\",\"contentUrl\":\"https:\/\/secure.gravatar.com\/avatar\/1180e1cf90a70886fd5b98037c8cf28c4d8c19aec023516f0d1c407dcc16a678?s=96&d=mm&r=g\",\"caption\":\"Vincent Klink\"},\"url\":\"https:\/\/blog.zeit.de\/nachgesalzen\/author\/vincent-klink\"}]}<\/script>\n<!-- \/ Yoast SEO plugin. -->","yoast_head_json":{"title":"Coronabohnen-Chili mit Ingwerpeperonata - Nachgesalzen","robots":{"index":"index","follow":"follow","max-snippet":"max-snippet:-1","max-image-preview":"max-image-preview:large","max-video-preview":"max-video-preview:-1"},"canonical":"https:\/\/blog.zeit.de\/nachgesalzen\/2009\/01\/30\/coronabohnen-chili-mit-ingwerpeperonata_917","og_locale":"de_DE","og_type":"article","og_title":"Coronabohnen-Chili mit Ingwerpeperonata - Nachgesalzen","og_description":"\u00a9 Getty Images; Vincent Klink Zutaten: 2 Tassen dicke wei\u00dfe Bohnen (Saubohnen) 1 Schalotte, fein gew\u00fcrfelt 1 Peperoni 1 gr\u00fcne Gem\u00fcsepaprika 1 Staudensellerie gew\u00fcrfelt 1 Knoblauchzehe, fein gew\u00fcrfelt 1 Bund Petersilie 1 EL Essig 1 Zweig Rosmarin 1 l Gem\u00fcsebr\u00fche 2 EL Oliven\u00f6l Grober Pfeffer, Salz Zubereitung Chili: Bohnen \u00fcber Nacht in f\u00fcnfmal so viel [&hellip;]","og_url":"https:\/\/blog.zeit.de\/nachgesalzen\/2009\/01\/30\/coronabohnen-chili-mit-ingwerpeperonata_917","og_site_name":"Nachgesalzen","article_published_time":"2009-01-30T14:06:25+00:00","og_image":[{"url":"https:\/\/blog.zeit.de\/nachgesalzen\/files\/2009\/01\/chili-artikel-2-410.jpg"}],"author":"Vincent Klink","twitter_card":"summary_large_image","twitter_misc":{"Geschrieben von":"Vincent Klink","Gesch\u00e4tzte Lesezeit":"2\u00a0Minuten"},"schema":{"@context":"https:\/\/schema.org","@graph":[{"@type":"WebPage","@id":"https:\/\/blog.zeit.de\/nachgesalzen\/2009\/01\/30\/coronabohnen-chili-mit-ingwerpeperonata_917","url":"https:\/\/blog.zeit.de\/nachgesalzen\/2009\/01\/30\/coronabohnen-chili-mit-ingwerpeperonata_917","name":"Coronabohnen-Chili mit Ingwerpeperonata - Nachgesalzen","isPartOf":{"@id":"https:\/\/blog.zeit.de\/nachgesalzen\/#website"},"datePublished":"2009-01-30T14:06:25+00:00","dateModified":"2009-01-30T14:06:25+00:00","author":{"@id":"https:\/\/blog.zeit.de\/nachgesalzen\/#\/schema\/person\/cdd345c2d0a8458fe9af904889e544be"},"breadcrumb":{"@id":"https:\/\/blog.zeit.de\/nachgesalzen\/2009\/01\/30\/coronabohnen-chili-mit-ingwerpeperonata_917#breadcrumb"},"inLanguage":"de","potentialAction":[{"@type":"ReadAction","target":["https:\/\/blog.zeit.de\/nachgesalzen\/2009\/01\/30\/coronabohnen-chili-mit-ingwerpeperonata_917"]}]},{"@type":"BreadcrumbList","@id":"https:\/\/blog.zeit.de\/nachgesalzen\/2009\/01\/30\/coronabohnen-chili-mit-ingwerpeperonata_917#breadcrumb","itemListElement":[{"@type":"ListItem","position":1,"name":"Startseite","item":"https:\/\/blog.zeit.de\/nachgesalzen"},{"@type":"ListItem","position":2,"name":"Coronabohnen-Chili mit Ingwerpeperonata"}]},{"@type":"WebSite","@id":"https:\/\/blog.zeit.de\/nachgesalzen\/#website","url":"https:\/\/blog.zeit.de\/nachgesalzen\/","name":"Nachgesalzen","description":"Das Blog der K\u00f6che, Gastronomen und Gourmets","potentialAction":[{"@type":"SearchAction","target":{"@type":"EntryPoint","urlTemplate":"https:\/\/blog.zeit.de\/nachgesalzen\/?s={search_term_string}"},"query-input":"required name=search_term_string"}],"inLanguage":"de"},{"@type":"Person","@id":"https:\/\/blog.zeit.de\/nachgesalzen\/#\/schema\/person\/cdd345c2d0a8458fe9af904889e544be","name":"Vincent Klink","image":{"@type":"ImageObject","inLanguage":"de","@id":"https:\/\/blog.zeit.de\/nachgesalzen\/#\/schema\/person\/image\/","url":"https:\/\/secure.gravatar.com\/avatar\/1180e1cf90a70886fd5b98037c8cf28c4d8c19aec023516f0d1c407dcc16a678?s=96&d=mm&r=g","contentUrl":"https:\/\/secure.gravatar.com\/avatar\/1180e1cf90a70886fd5b98037c8cf28c4d8c19aec023516f0d1c407dcc16a678?s=96&d=mm&r=g","caption":"Vincent Klink"},"url":"https:\/\/blog.zeit.de\/nachgesalzen\/author\/vincent-klink"}]}},"jetpack_featured_media_url":"","jetpack_sharing_enabled":true,"_links":{"self":[{"href":"https:\/\/blog.zeit.de\/nachgesalzen\/wp-json\/wp\/v2\/posts\/917","targetHints":{"allow":["GET"]}}],"collection":[{"href":"https:\/\/blog.zeit.de\/nachgesalzen\/wp-json\/wp\/v2\/posts"}],"about":[{"href":"https:\/\/blog.zeit.de\/nachgesalzen\/wp-json\/wp\/v2\/types\/post"}],"author":[{"embeddable":true,"href":"https:\/\/blog.zeit.de\/nachgesalzen\/wp-json\/wp\/v2\/users\/75"}],"replies":[{"embeddable":true,"href":"https:\/\/blog.zeit.de\/nachgesalzen\/wp-json\/wp\/v2\/comments?post=917"}],"version-history":[{"count":0,"href":"https:\/\/blog.zeit.de\/nachgesalzen\/wp-json\/wp\/v2\/posts\/917\/revisions"}],"wp:attachment":[{"href":"https:\/\/blog.zeit.de\/nachgesalzen\/wp-json\/wp\/v2\/media?parent=917"}],"wp:term":[{"taxonomy":"category","embeddable":true,"href":"https:\/\/blog.zeit.de\/nachgesalzen\/wp-json\/wp\/v2\/categories?post=917"},{"taxonomy":"post_tag","embeddable":true,"href":"https:\/\/blog.zeit.de\/nachgesalzen\/wp-json\/wp\/v2\/tags?post=917"}],"curies":[{"name":"wp","href":"https:\/\/api.w.org\/{rel}","templated":true}]}}