{"id":92,"date":"2006-02-28T16:20:17","date_gmt":"2006-02-28T15:20:17","guid":{"rendered":"http:\/\/blog.zeit.de\/nachgesalzen\/2006\/02\/28\/barcelona-2-oder-manner-kaufen-messer_92"},"modified":"2006-02-28T16:20:17","modified_gmt":"2006-02-28T15:20:17","slug":"barcelona-2-oder-manner-kaufen-messer","status":"publish","type":"post","link":"https:\/\/blog.zeit.de\/nachgesalzen\/2006\/02\/28\/barcelona-2-oder-manner-kaufen-messer_92","title":{"rendered":"Barcelona (2) oder M\u00e4nner kaufen Messer!"},"content":{"rendered":"<p>Der Messerladen befindet sich in der N\u00e4he der Boqueria und hei\u00dft &#8222;Cuchilleria Labrador&#8220;. Dort gibt es die Messer, mit denen die Marktleute ihre Arbeit verrichten.<br \/>\nMir ist sofort aufgefallen, dass die Damen hinter den Fischst\u00e4nden einen ganz anderen Messertyp verwenden als wir ihn gewohnt sind. Mit dem oberen Messer auf dem Bild schneiden sie gwandt und flink Flossen und Fischk\u00f6pfe ab. Der hintere Teil des Messers wird zum Zerteilen der Fische verwendet.<br \/>\nDas zweite Messer ist eine Art Fleischerbeil, viel schwerer und dicker, um die Knochen von Lamm, Spanferkel usw. zu hacken.<br \/>\nMein neues Lieblingsmesser zum Fleisch herrichten ist das kleinste auf dem Bild, es ist aus Kohlenstoffstahl, das hei\u00dft, es l\u00e4uft an, hat einen etwas primitiv aussehenden Griff, aber liegt super in der Hand.<br \/>\nEs ist nach einer gr\u00f6\u00dferen Sch\u00e4rf- und Abziehaktion jetzt wirklich rasiermesserscharf und es macht wirklich Spa\u00df damit zu arbeiten.<\/p>\n<p>Den Laden erreicht man, wenn man die Boqueria von den Rambles her betritt und in der Mitte auf der linken Seite hinausgeht. Dort gibt es noch einen Freiluftgem\u00fcsemarkt. An diesem vorbei durch eine kleine Gasse, dann links ein paar Meter die Stra\u00dfe runter und dann ist das Gesch\u00e4ft auf der rechten Seite.<\/p>\n<p>Au\u00dfer den, man glaubt es kaum, g\u00e4ngigen internationalen Messerfirmen, f\u00fchrt dieses kleine Gesch\u00e4ft handgemachte Spanische Messer-Rarit\u00e4ten.<br \/>\n<img decoding=\"async\" id=\"image356\" alt=barcelonamesser.jpg src=\"https:\/\/blog.zeit.de\/nachgesalzen\/files\/2007\/08\/barcelonamesser.jpg\" \/><\/p>\n","protected":false},"excerpt":{"rendered":"<p>Der Messerladen befindet sich in der N\u00e4he der Boqueria und hei\u00dft &#8222;Cuchilleria Labrador&#8220;. Dort gibt es die Messer, mit denen die Marktleute ihre Arbeit verrichten. Mir ist sofort aufgefallen, dass die Damen hinter den Fischst\u00e4nden einen ganz anderen Messertyp verwenden als wir ihn gewohnt sind. Mit dem oberen Messer auf dem Bild schneiden sie gwandt [&hellip;]<\/p>\n","protected":false},"author":76,"featured_media":0,"comment_status":"open","ping_status":"closed","sticky":false,"template":"","format":"standard","meta":{"_jetpack_memberships_contains_paid_content":false,"footnotes":""},"categories":[745,755],"tags":[],"class_list":["post-92","post","type-post","status-publish","format-standard","hentry","category-kuchenutensilien","category-unterwegs"],"yoast_head":"<!-- This site is optimized with the Yoast SEO plugin v21.0 - https:\/\/yoast.com\/wordpress\/plugins\/seo\/ -->\n<title>Barcelona (2) oder M\u00e4nner kaufen Messer! - Nachgesalzen<\/title>\n<meta name=\"robots\" content=\"index, follow, max-snippet:-1, max-image-preview:large, max-video-preview:-1\" \/>\n<link rel=\"canonical\" href=\"https:\/\/blog.zeit.de\/nachgesalzen\/2006\/02\/28\/barcelona-2-oder-manner-kaufen-messer_92\" \/>\n<meta property=\"og:locale\" content=\"de_DE\" \/>\n<meta property=\"og:type\" content=\"article\" \/>\n<meta property=\"og:title\" content=\"Barcelona (2) oder M\u00e4nner kaufen Messer! - Nachgesalzen\" \/>\n<meta property=\"og:description\" content=\"Der Messerladen befindet sich in der N\u00e4he der Boqueria und hei\u00dft &#8222;Cuchilleria Labrador&#8220;. Dort gibt es die Messer, mit denen die Marktleute ihre Arbeit verrichten. Mir ist sofort aufgefallen, dass die Damen hinter den Fischst\u00e4nden einen ganz anderen Messertyp verwenden als wir ihn gewohnt sind. Mit dem oberen Messer auf dem Bild schneiden sie gwandt [&hellip;]\" \/>\n<meta property=\"og:url\" content=\"https:\/\/blog.zeit.de\/nachgesalzen\/2006\/02\/28\/barcelona-2-oder-manner-kaufen-messer_92\" \/>\n<meta property=\"og:site_name\" content=\"Nachgesalzen\" \/>\n<meta property=\"article:published_time\" content=\"2006-02-28T15:20:17+00:00\" \/>\n<meta property=\"og:image\" content=\"https:\/\/blog.zeit.de\/nachgesalzen\/files\/2007\/08\/barcelonamesser.jpg\" \/>\n<meta name=\"author\" content=\"Karl-Josef Fuchs\" \/>\n<meta name=\"twitter:card\" content=\"summary_large_image\" \/>\n<meta name=\"twitter:label1\" content=\"Geschrieben von\" \/>\n\t<meta name=\"twitter:data1\" content=\"Karl-Josef Fuchs\" \/>\n\t<meta name=\"twitter:label2\" content=\"Gesch\u00e4tzte Lesezeit\" \/>\n\t<meta name=\"twitter:data2\" content=\"1\u00a0Minute\" \/>\n<script type=\"application\/ld+json\" class=\"yoast-schema-graph\">{\"@context\":\"https:\/\/schema.org\",\"@graph\":[{\"@type\":\"WebPage\",\"@id\":\"https:\/\/blog.zeit.de\/nachgesalzen\/2006\/02\/28\/barcelona-2-oder-manner-kaufen-messer_92\",\"url\":\"https:\/\/blog.zeit.de\/nachgesalzen\/2006\/02\/28\/barcelona-2-oder-manner-kaufen-messer_92\",\"name\":\"Barcelona (2) oder M\u00e4nner kaufen Messer! - Nachgesalzen\",\"isPartOf\":{\"@id\":\"https:\/\/blog.zeit.de\/nachgesalzen\/#website\"},\"datePublished\":\"2006-02-28T15:20:17+00:00\",\"dateModified\":\"2006-02-28T15:20:17+00:00\",\"author\":{\"@id\":\"https:\/\/blog.zeit.de\/nachgesalzen\/#\/schema\/person\/7ae9b66a0552216a7269a9b1a5cfefc6\"},\"breadcrumb\":{\"@id\":\"https:\/\/blog.zeit.de\/nachgesalzen\/2006\/02\/28\/barcelona-2-oder-manner-kaufen-messer_92#breadcrumb\"},\"inLanguage\":\"de\",\"potentialAction\":[{\"@type\":\"ReadAction\",\"target\":[\"https:\/\/blog.zeit.de\/nachgesalzen\/2006\/02\/28\/barcelona-2-oder-manner-kaufen-messer_92\"]}]},{\"@type\":\"BreadcrumbList\",\"@id\":\"https:\/\/blog.zeit.de\/nachgesalzen\/2006\/02\/28\/barcelona-2-oder-manner-kaufen-messer_92#breadcrumb\",\"itemListElement\":[{\"@type\":\"ListItem\",\"position\":1,\"name\":\"Startseite\",\"item\":\"https:\/\/blog.zeit.de\/nachgesalzen\"},{\"@type\":\"ListItem\",\"position\":2,\"name\":\"Barcelona (2) oder M\u00e4nner kaufen Messer!\"}]},{\"@type\":\"WebSite\",\"@id\":\"https:\/\/blog.zeit.de\/nachgesalzen\/#website\",\"url\":\"https:\/\/blog.zeit.de\/nachgesalzen\/\",\"name\":\"Nachgesalzen\",\"description\":\"Das Blog der K\u00f6che, Gastronomen und Gourmets\",\"potentialAction\":[{\"@type\":\"SearchAction\",\"target\":{\"@type\":\"EntryPoint\",\"urlTemplate\":\"https:\/\/blog.zeit.de\/nachgesalzen\/?s={search_term_string}\"},\"query-input\":\"required name=search_term_string\"}],\"inLanguage\":\"de\"},{\"@type\":\"Person\",\"@id\":\"https:\/\/blog.zeit.de\/nachgesalzen\/#\/schema\/person\/7ae9b66a0552216a7269a9b1a5cfefc6\",\"name\":\"Karl-Josef Fuchs\",\"image\":{\"@type\":\"ImageObject\",\"inLanguage\":\"de\",\"@id\":\"https:\/\/blog.zeit.de\/nachgesalzen\/#\/schema\/person\/image\/\",\"url\":\"https:\/\/secure.gravatar.com\/avatar\/0c9710bab3152b4b1514161da5b8f7e311595fb8a80ea29b158fbffee83f89f4?s=96&d=mm&r=g\",\"contentUrl\":\"https:\/\/secure.gravatar.com\/avatar\/0c9710bab3152b4b1514161da5b8f7e311595fb8a80ea29b158fbffee83f89f4?s=96&d=mm&r=g\",\"caption\":\"Karl-Josef Fuchs\"},\"url\":\"https:\/\/blog.zeit.de\/nachgesalzen\/author\/karl-josef-fuchs\"}]}<\/script>\n<!-- \/ Yoast SEO plugin. -->","yoast_head_json":{"title":"Barcelona (2) oder M\u00e4nner kaufen Messer! - Nachgesalzen","robots":{"index":"index","follow":"follow","max-snippet":"max-snippet:-1","max-image-preview":"max-image-preview:large","max-video-preview":"max-video-preview:-1"},"canonical":"https:\/\/blog.zeit.de\/nachgesalzen\/2006\/02\/28\/barcelona-2-oder-manner-kaufen-messer_92","og_locale":"de_DE","og_type":"article","og_title":"Barcelona (2) oder M\u00e4nner kaufen Messer! - Nachgesalzen","og_description":"Der Messerladen befindet sich in der N\u00e4he der Boqueria und hei\u00dft &#8222;Cuchilleria Labrador&#8220;. Dort gibt es die Messer, mit denen die Marktleute ihre Arbeit verrichten. Mir ist sofort aufgefallen, dass die Damen hinter den Fischst\u00e4nden einen ganz anderen Messertyp verwenden als wir ihn gewohnt sind. Mit dem oberen Messer auf dem Bild schneiden sie gwandt [&hellip;]","og_url":"https:\/\/blog.zeit.de\/nachgesalzen\/2006\/02\/28\/barcelona-2-oder-manner-kaufen-messer_92","og_site_name":"Nachgesalzen","article_published_time":"2006-02-28T15:20:17+00:00","og_image":[{"url":"https:\/\/blog.zeit.de\/nachgesalzen\/files\/2007\/08\/barcelonamesser.jpg"}],"author":"Karl-Josef Fuchs","twitter_card":"summary_large_image","twitter_misc":{"Geschrieben von":"Karl-Josef Fuchs","Gesch\u00e4tzte Lesezeit":"1\u00a0Minute"},"schema":{"@context":"https:\/\/schema.org","@graph":[{"@type":"WebPage","@id":"https:\/\/blog.zeit.de\/nachgesalzen\/2006\/02\/28\/barcelona-2-oder-manner-kaufen-messer_92","url":"https:\/\/blog.zeit.de\/nachgesalzen\/2006\/02\/28\/barcelona-2-oder-manner-kaufen-messer_92","name":"Barcelona (2) oder M\u00e4nner kaufen Messer! - Nachgesalzen","isPartOf":{"@id":"https:\/\/blog.zeit.de\/nachgesalzen\/#website"},"datePublished":"2006-02-28T15:20:17+00:00","dateModified":"2006-02-28T15:20:17+00:00","author":{"@id":"https:\/\/blog.zeit.de\/nachgesalzen\/#\/schema\/person\/7ae9b66a0552216a7269a9b1a5cfefc6"},"breadcrumb":{"@id":"https:\/\/blog.zeit.de\/nachgesalzen\/2006\/02\/28\/barcelona-2-oder-manner-kaufen-messer_92#breadcrumb"},"inLanguage":"de","potentialAction":[{"@type":"ReadAction","target":["https:\/\/blog.zeit.de\/nachgesalzen\/2006\/02\/28\/barcelona-2-oder-manner-kaufen-messer_92"]}]},{"@type":"BreadcrumbList","@id":"https:\/\/blog.zeit.de\/nachgesalzen\/2006\/02\/28\/barcelona-2-oder-manner-kaufen-messer_92#breadcrumb","itemListElement":[{"@type":"ListItem","position":1,"name":"Startseite","item":"https:\/\/blog.zeit.de\/nachgesalzen"},{"@type":"ListItem","position":2,"name":"Barcelona (2) oder M\u00e4nner kaufen Messer!"}]},{"@type":"WebSite","@id":"https:\/\/blog.zeit.de\/nachgesalzen\/#website","url":"https:\/\/blog.zeit.de\/nachgesalzen\/","name":"Nachgesalzen","description":"Das Blog der K\u00f6che, Gastronomen und Gourmets","potentialAction":[{"@type":"SearchAction","target":{"@type":"EntryPoint","urlTemplate":"https:\/\/blog.zeit.de\/nachgesalzen\/?s={search_term_string}"},"query-input":"required name=search_term_string"}],"inLanguage":"de"},{"@type":"Person","@id":"https:\/\/blog.zeit.de\/nachgesalzen\/#\/schema\/person\/7ae9b66a0552216a7269a9b1a5cfefc6","name":"Karl-Josef Fuchs","image":{"@type":"ImageObject","inLanguage":"de","@id":"https:\/\/blog.zeit.de\/nachgesalzen\/#\/schema\/person\/image\/","url":"https:\/\/secure.gravatar.com\/avatar\/0c9710bab3152b4b1514161da5b8f7e311595fb8a80ea29b158fbffee83f89f4?s=96&d=mm&r=g","contentUrl":"https:\/\/secure.gravatar.com\/avatar\/0c9710bab3152b4b1514161da5b8f7e311595fb8a80ea29b158fbffee83f89f4?s=96&d=mm&r=g","caption":"Karl-Josef Fuchs"},"url":"https:\/\/blog.zeit.de\/nachgesalzen\/author\/karl-josef-fuchs"}]}},"jetpack_featured_media_url":"","jetpack_sharing_enabled":true,"_links":{"self":[{"href":"https:\/\/blog.zeit.de\/nachgesalzen\/wp-json\/wp\/v2\/posts\/92","targetHints":{"allow":["GET"]}}],"collection":[{"href":"https:\/\/blog.zeit.de\/nachgesalzen\/wp-json\/wp\/v2\/posts"}],"about":[{"href":"https:\/\/blog.zeit.de\/nachgesalzen\/wp-json\/wp\/v2\/types\/post"}],"author":[{"embeddable":true,"href":"https:\/\/blog.zeit.de\/nachgesalzen\/wp-json\/wp\/v2\/users\/76"}],"replies":[{"embeddable":true,"href":"https:\/\/blog.zeit.de\/nachgesalzen\/wp-json\/wp\/v2\/comments?post=92"}],"version-history":[{"count":0,"href":"https:\/\/blog.zeit.de\/nachgesalzen\/wp-json\/wp\/v2\/posts\/92\/revisions"}],"wp:attachment":[{"href":"https:\/\/blog.zeit.de\/nachgesalzen\/wp-json\/wp\/v2\/media?parent=92"}],"wp:term":[{"taxonomy":"category","embeddable":true,"href":"https:\/\/blog.zeit.de\/nachgesalzen\/wp-json\/wp\/v2\/categories?post=92"},{"taxonomy":"post_tag","embeddable":true,"href":"https:\/\/blog.zeit.de\/nachgesalzen\/wp-json\/wp\/v2\/tags?post=92"}],"curies":[{"name":"wp","href":"https:\/\/api.w.org\/{rel}","templated":true}]}}