{"id":961,"date":"2009-02-26T11:34:10","date_gmt":"2009-02-26T10:34:10","guid":{"rendered":"http:\/\/blog.zeit.de\/nachgesalzen\/?p=961"},"modified":"2009-02-26T11:34:10","modified_gmt":"2009-02-26T10:34:10","slug":"fruhlingsgefuhle","status":"publish","type":"post","link":"https:\/\/blog.zeit.de\/nachgesalzen\/2009\/02\/26\/fruhlingsgefuhle_961","title":{"rendered":"Fr\u00fchlingsgef\u00fchle"},"content":{"rendered":"<p>So langsam kriege ich sehr die Lust auf den Fr\u00fchling. Also haben wir uns Kaninchenkeulen besorgt und dann hockte ich mich hin und skizzierte mir schnell auf, wie das Gericht aussehen soll.<br \/>\n<a href=\"https:\/\/blog.zeit.de\/nachgesalzen\/files\/2009\/02\/kaninchen-410.jpg\"><img loading=\"lazy\" decoding=\"async\" src=\"https:\/\/blog.zeit.de\/nachgesalzen\/files\/2009\/02\/kaninchen-410.jpg\" alt=\"\" title=\"kaninchen-410\" width=\"410\" height=\"349\" class=\"alignnone size-full wp-image-963\" srcset=\"https:\/\/blog.zeit.de\/nachgesalzen\/files\/2009\/02\/kaninchen-410.jpg 410w, https:\/\/blog.zeit.de\/nachgesalzen\/files\/2009\/02\/kaninchen-410-300x255.jpg 300w\" sizes=\"auto, (max-width: 410px) 100vw, 410px\" \/><\/a><br \/>\nDie Zeichnungen sind meine Tagebucheintr\u00e4ge. Ich kopiere sie und lege sie dem betreffenden K\u00fcchenposten vor. So verstehen alle schnell was ich will. Wir reden dr\u00fcber und dann wird das Gericht ausprobiert.<br \/>\nDie Kaninchenkeule ist am Unterschenkel hohl entbeint. Ein Rosmarinzweig wird durch den freien Hohlraum gezogen, die Keule gepfeffert, gesalzen, in Oliven\u00f6l angebraten und bei ca. 200 Grad im Ofen 12 Minuten gegart.<br \/>\nAnschlie\u00dfend am Herdrand 5 Minuten ziehen lassen, dann nochmal kurz anbraten und servieren.<br \/>\nAus den Knochen wurde eine So\u00dfe gezogen, die haupts\u00e4chlich mit einem s\u00e4urearmen Wei\u00dfwein gekocht wurde.<\/p>\n","protected":false},"excerpt":{"rendered":"<p>So langsam kriege ich sehr die Lust auf den Fr\u00fchling. Also haben wir uns Kaninchenkeulen besorgt und dann hockte ich mich hin und skizzierte mir schnell auf, wie das Gericht aussehen soll. Die Zeichnungen sind meine Tagebucheintr\u00e4ge. Ich kopiere sie und lege sie dem betreffenden K\u00fcchenposten vor. So verstehen alle schnell was ich will. Wir [&hellip;]<\/p>\n","protected":false},"author":75,"featured_media":0,"comment_status":"open","ping_status":"closed","sticky":false,"template":"","format":"standard","meta":{"_jetpack_memberships_contains_paid_content":false,"footnotes":""},"categories":[740,750],"tags":[],"class_list":["post-961","post","type-post","status-publish","format-standard","hentry","category-fleisch","category-rezepte"],"yoast_head":"<!-- This site is optimized with the Yoast SEO plugin v21.0 - https:\/\/yoast.com\/wordpress\/plugins\/seo\/ -->\n<title>Fr\u00fchlingsgef\u00fchle - Nachgesalzen<\/title>\n<meta name=\"robots\" content=\"index, follow, max-snippet:-1, max-image-preview:large, max-video-preview:-1\" \/>\n<link rel=\"canonical\" href=\"https:\/\/blog.zeit.de\/nachgesalzen\/2009\/02\/26\/fruhlingsgefuhle_961\" \/>\n<meta property=\"og:locale\" content=\"de_DE\" \/>\n<meta property=\"og:type\" content=\"article\" \/>\n<meta property=\"og:title\" content=\"Fr\u00fchlingsgef\u00fchle - Nachgesalzen\" \/>\n<meta property=\"og:description\" content=\"So langsam kriege ich sehr die Lust auf den Fr\u00fchling. Also haben wir uns Kaninchenkeulen besorgt und dann hockte ich mich hin und skizzierte mir schnell auf, wie das Gericht aussehen soll. Die Zeichnungen sind meine Tagebucheintr\u00e4ge. Ich kopiere sie und lege sie dem betreffenden K\u00fcchenposten vor. So verstehen alle schnell was ich will. Wir [&hellip;]\" \/>\n<meta property=\"og:url\" content=\"https:\/\/blog.zeit.de\/nachgesalzen\/2009\/02\/26\/fruhlingsgefuhle_961\" \/>\n<meta property=\"og:site_name\" content=\"Nachgesalzen\" \/>\n<meta property=\"article:published_time\" content=\"2009-02-26T10:34:10+00:00\" \/>\n<meta property=\"og:image\" content=\"https:\/\/blog.zeit.de\/nachgesalzen\/files\/2009\/02\/kaninchen-410.jpg\" \/>\n<meta name=\"author\" content=\"Vincent Klink\" \/>\n<meta name=\"twitter:card\" content=\"summary_large_image\" \/>\n<meta name=\"twitter:label1\" content=\"Geschrieben von\" \/>\n\t<meta name=\"twitter:data1\" content=\"Vincent Klink\" \/>\n\t<meta name=\"twitter:label2\" content=\"Gesch\u00e4tzte Lesezeit\" \/>\n\t<meta name=\"twitter:data2\" content=\"1\u00a0Minute\" \/>\n<script type=\"application\/ld+json\" class=\"yoast-schema-graph\">{\"@context\":\"https:\/\/schema.org\",\"@graph\":[{\"@type\":\"WebPage\",\"@id\":\"https:\/\/blog.zeit.de\/nachgesalzen\/2009\/02\/26\/fruhlingsgefuhle_961\",\"url\":\"https:\/\/blog.zeit.de\/nachgesalzen\/2009\/02\/26\/fruhlingsgefuhle_961\",\"name\":\"Fr\u00fchlingsgef\u00fchle - Nachgesalzen\",\"isPartOf\":{\"@id\":\"https:\/\/blog.zeit.de\/nachgesalzen\/#website\"},\"datePublished\":\"2009-02-26T10:34:10+00:00\",\"dateModified\":\"2009-02-26T10:34:10+00:00\",\"author\":{\"@id\":\"https:\/\/blog.zeit.de\/nachgesalzen\/#\/schema\/person\/cdd345c2d0a8458fe9af904889e544be\"},\"breadcrumb\":{\"@id\":\"https:\/\/blog.zeit.de\/nachgesalzen\/2009\/02\/26\/fruhlingsgefuhle_961#breadcrumb\"},\"inLanguage\":\"de\",\"potentialAction\":[{\"@type\":\"ReadAction\",\"target\":[\"https:\/\/blog.zeit.de\/nachgesalzen\/2009\/02\/26\/fruhlingsgefuhle_961\"]}]},{\"@type\":\"BreadcrumbList\",\"@id\":\"https:\/\/blog.zeit.de\/nachgesalzen\/2009\/02\/26\/fruhlingsgefuhle_961#breadcrumb\",\"itemListElement\":[{\"@type\":\"ListItem\",\"position\":1,\"name\":\"Startseite\",\"item\":\"https:\/\/blog.zeit.de\/nachgesalzen\"},{\"@type\":\"ListItem\",\"position\":2,\"name\":\"Fr\u00fchlingsgef\u00fchle\"}]},{\"@type\":\"WebSite\",\"@id\":\"https:\/\/blog.zeit.de\/nachgesalzen\/#website\",\"url\":\"https:\/\/blog.zeit.de\/nachgesalzen\/\",\"name\":\"Nachgesalzen\",\"description\":\"Das Blog der K\u00f6che, Gastronomen und Gourmets\",\"potentialAction\":[{\"@type\":\"SearchAction\",\"target\":{\"@type\":\"EntryPoint\",\"urlTemplate\":\"https:\/\/blog.zeit.de\/nachgesalzen\/?s={search_term_string}\"},\"query-input\":\"required name=search_term_string\"}],\"inLanguage\":\"de\"},{\"@type\":\"Person\",\"@id\":\"https:\/\/blog.zeit.de\/nachgesalzen\/#\/schema\/person\/cdd345c2d0a8458fe9af904889e544be\",\"name\":\"Vincent Klink\",\"image\":{\"@type\":\"ImageObject\",\"inLanguage\":\"de\",\"@id\":\"https:\/\/blog.zeit.de\/nachgesalzen\/#\/schema\/person\/image\/\",\"url\":\"https:\/\/secure.gravatar.com\/avatar\/1180e1cf90a70886fd5b98037c8cf28c4d8c19aec023516f0d1c407dcc16a678?s=96&d=mm&r=g\",\"contentUrl\":\"https:\/\/secure.gravatar.com\/avatar\/1180e1cf90a70886fd5b98037c8cf28c4d8c19aec023516f0d1c407dcc16a678?s=96&d=mm&r=g\",\"caption\":\"Vincent Klink\"},\"url\":\"https:\/\/blog.zeit.de\/nachgesalzen\/author\/vincent-klink\"}]}<\/script>\n<!-- \/ Yoast SEO plugin. -->","yoast_head_json":{"title":"Fr\u00fchlingsgef\u00fchle - Nachgesalzen","robots":{"index":"index","follow":"follow","max-snippet":"max-snippet:-1","max-image-preview":"max-image-preview:large","max-video-preview":"max-video-preview:-1"},"canonical":"https:\/\/blog.zeit.de\/nachgesalzen\/2009\/02\/26\/fruhlingsgefuhle_961","og_locale":"de_DE","og_type":"article","og_title":"Fr\u00fchlingsgef\u00fchle - Nachgesalzen","og_description":"So langsam kriege ich sehr die Lust auf den Fr\u00fchling. Also haben wir uns Kaninchenkeulen besorgt und dann hockte ich mich hin und skizzierte mir schnell auf, wie das Gericht aussehen soll. Die Zeichnungen sind meine Tagebucheintr\u00e4ge. Ich kopiere sie und lege sie dem betreffenden K\u00fcchenposten vor. So verstehen alle schnell was ich will. Wir [&hellip;]","og_url":"https:\/\/blog.zeit.de\/nachgesalzen\/2009\/02\/26\/fruhlingsgefuhle_961","og_site_name":"Nachgesalzen","article_published_time":"2009-02-26T10:34:10+00:00","og_image":[{"url":"https:\/\/blog.zeit.de\/nachgesalzen\/files\/2009\/02\/kaninchen-410.jpg"}],"author":"Vincent Klink","twitter_card":"summary_large_image","twitter_misc":{"Geschrieben von":"Vincent Klink","Gesch\u00e4tzte Lesezeit":"1\u00a0Minute"},"schema":{"@context":"https:\/\/schema.org","@graph":[{"@type":"WebPage","@id":"https:\/\/blog.zeit.de\/nachgesalzen\/2009\/02\/26\/fruhlingsgefuhle_961","url":"https:\/\/blog.zeit.de\/nachgesalzen\/2009\/02\/26\/fruhlingsgefuhle_961","name":"Fr\u00fchlingsgef\u00fchle - Nachgesalzen","isPartOf":{"@id":"https:\/\/blog.zeit.de\/nachgesalzen\/#website"},"datePublished":"2009-02-26T10:34:10+00:00","dateModified":"2009-02-26T10:34:10+00:00","author":{"@id":"https:\/\/blog.zeit.de\/nachgesalzen\/#\/schema\/person\/cdd345c2d0a8458fe9af904889e544be"},"breadcrumb":{"@id":"https:\/\/blog.zeit.de\/nachgesalzen\/2009\/02\/26\/fruhlingsgefuhle_961#breadcrumb"},"inLanguage":"de","potentialAction":[{"@type":"ReadAction","target":["https:\/\/blog.zeit.de\/nachgesalzen\/2009\/02\/26\/fruhlingsgefuhle_961"]}]},{"@type":"BreadcrumbList","@id":"https:\/\/blog.zeit.de\/nachgesalzen\/2009\/02\/26\/fruhlingsgefuhle_961#breadcrumb","itemListElement":[{"@type":"ListItem","position":1,"name":"Startseite","item":"https:\/\/blog.zeit.de\/nachgesalzen"},{"@type":"ListItem","position":2,"name":"Fr\u00fchlingsgef\u00fchle"}]},{"@type":"WebSite","@id":"https:\/\/blog.zeit.de\/nachgesalzen\/#website","url":"https:\/\/blog.zeit.de\/nachgesalzen\/","name":"Nachgesalzen","description":"Das Blog der K\u00f6che, Gastronomen und Gourmets","potentialAction":[{"@type":"SearchAction","target":{"@type":"EntryPoint","urlTemplate":"https:\/\/blog.zeit.de\/nachgesalzen\/?s={search_term_string}"},"query-input":"required name=search_term_string"}],"inLanguage":"de"},{"@type":"Person","@id":"https:\/\/blog.zeit.de\/nachgesalzen\/#\/schema\/person\/cdd345c2d0a8458fe9af904889e544be","name":"Vincent Klink","image":{"@type":"ImageObject","inLanguage":"de","@id":"https:\/\/blog.zeit.de\/nachgesalzen\/#\/schema\/person\/image\/","url":"https:\/\/secure.gravatar.com\/avatar\/1180e1cf90a70886fd5b98037c8cf28c4d8c19aec023516f0d1c407dcc16a678?s=96&d=mm&r=g","contentUrl":"https:\/\/secure.gravatar.com\/avatar\/1180e1cf90a70886fd5b98037c8cf28c4d8c19aec023516f0d1c407dcc16a678?s=96&d=mm&r=g","caption":"Vincent Klink"},"url":"https:\/\/blog.zeit.de\/nachgesalzen\/author\/vincent-klink"}]}},"jetpack_featured_media_url":"","jetpack_sharing_enabled":true,"_links":{"self":[{"href":"https:\/\/blog.zeit.de\/nachgesalzen\/wp-json\/wp\/v2\/posts\/961","targetHints":{"allow":["GET"]}}],"collection":[{"href":"https:\/\/blog.zeit.de\/nachgesalzen\/wp-json\/wp\/v2\/posts"}],"about":[{"href":"https:\/\/blog.zeit.de\/nachgesalzen\/wp-json\/wp\/v2\/types\/post"}],"author":[{"embeddable":true,"href":"https:\/\/blog.zeit.de\/nachgesalzen\/wp-json\/wp\/v2\/users\/75"}],"replies":[{"embeddable":true,"href":"https:\/\/blog.zeit.de\/nachgesalzen\/wp-json\/wp\/v2\/comments?post=961"}],"version-history":[{"count":0,"href":"https:\/\/blog.zeit.de\/nachgesalzen\/wp-json\/wp\/v2\/posts\/961\/revisions"}],"wp:attachment":[{"href":"https:\/\/blog.zeit.de\/nachgesalzen\/wp-json\/wp\/v2\/media?parent=961"}],"wp:term":[{"taxonomy":"category","embeddable":true,"href":"https:\/\/blog.zeit.de\/nachgesalzen\/wp-json\/wp\/v2\/categories?post=961"},{"taxonomy":"post_tag","embeddable":true,"href":"https:\/\/blog.zeit.de\/nachgesalzen\/wp-json\/wp\/v2\/tags?post=961"}],"curies":[{"name":"wp","href":"https:\/\/api.w.org\/{rel}","templated":true}]}}