{"id":10174,"date":"2013-08-05T08:53:19","date_gmt":"2013-08-05T06:53:19","guid":{"rendered":"http:\/\/blog.zeit.de\/netzfilmblog\/?p=10174"},"modified":"2013-08-05T09:06:55","modified_gmt":"2013-08-05T07:06:55","slug":"defcon-documentary-hacker-2013-konferenz-film","status":"publish","type":"post","link":"https:\/\/blog.zeit.de\/netzfilmblog\/2013\/08\/05\/defcon-documentary-hacker-2013-konferenz-film\/","title":{"rendered":"Hacker-Doku online: &#8222;Defcon: The Documentary&#8220;"},"content":{"rendered":"<p><figure id=\"attachment_10182\" aria-describedby=\"caption-attachment-10182\" style=\"width: 580px\" class=\"wp-caption aligncenter\"><a href=\"https:\/\/vimeo.com\/69695831\" target=\"_blank\"><img loading=\"lazy\" decoding=\"async\" src=\"https:\/\/blog.zeit.de\/netzfilmblog\/files\/2013\/08\/defcon.jpg\" alt=\"(Klicken Sie auf das Bild, um zum Film zu kommen.)\" width=\"580\" height=\"321\" class=\"size-full wp-image-10182\" srcset=\"https:\/\/blog.zeit.de\/netzfilmblog\/files\/2013\/08\/defcon.jpg 580w, https:\/\/blog.zeit.de\/netzfilmblog\/files\/2013\/08\/defcon-300x166.jpg 300w\" sizes=\"auto, (max-width: 580px) 100vw, 580px\" \/><\/a><figcaption id=\"caption-attachment-10182\" class=\"wp-caption-text\">(Klicken Sie auf das Bild, um zum Film zu kommen.)<\/figcaption><\/figure><\/p>\n<p>Am vergangenen Wochenende fand in Las Vegas einmal mehr eines der gr\u00f6\u00dften Hackertreffen der Welt statt. Seit 1993 schl\u00e4gt die <a href=\"http:\/\/www.defcon.org\" target=\"_blank\">Defcon<\/a> j\u00e4hrlich in der W\u00fcstenstadt ihre Zelte auf. Von Gr\u00fcnder Jeff Moss urspr\u00fcnglich als eine einmalige Party unter befreundeten Hackern gedacht, hat sich die Konferenz in zwanzig Jahren zu einer der ersten Adressen f\u00fcr Hacker, IT-Spezialisten und Journalisten entwickelt. In zahlreichen Vortr\u00e4gen und Expertenrunden geht es vor allem um IT-Sicherheit \u2013 und <a href=\"http:\/\/www.zeit.de\/digital\/internet\/2013-07\/smart-home-auto-hacker\" target=\"_blank\">wie man sie umgehen kann<\/a>. <\/p>\n<p>P\u00fcnktlich zur nunmehr 21. Ausgabe der Konferenz hat der Filmemacher Jason Scott, Aktivist und Mitarbeiter des <a href=\"https:\/\/blog.zeit.de\/netzfilmblog\/2013\/05\/12\/brewster-kahle-internet-archive-archiv-film\/\" target=\"_blank\">Internet Archive<\/a>, am Wochenende seine Dokumentation online gestellt. <em><a href=\"https:\/\/vimeo.com\/69695831\" target=\"_blank\">Defcon: The Documentary<\/a><\/em> ist gr\u00f6\u00dftenteils im vergangenen Jahr entstanden und gibt einen tiefen Einblick in die Geschichte und Philosophie der verschworenen Hacker-Gemeinschaft. <\/p>\n<p>Scott portr\u00e4tiert zum einen die Organisatoren und ihre Ziele und Absichten f\u00fcr eine Veranstaltung wie die Defcon (&#8222;Menschen sind von Natur aus neugierig&#8220;). Zum anderen aber zeigt er auch die Besucher. Viele kommen seit Jahren nach Las Vegas, andere sind zum ersten Mal dabei und m\u00fcssen sich gleich zu Beginn ihr &#8222;Abzeichen&#8220; erst besorgen.  Diese Teilnehmer-Badges sind nicht selten ein elektronisches Gadget und Teil <a href=\"http:\/\/www.wired.com\/threatlevel\/2012\/07\/defcon20-badge\/\" target=\"_blank\">eines gr\u00f6\u00dferen R\u00e4tsels<\/a>.<\/p>\n<p>\u00dcberraschend ist zu sehen ist, wie wenig die Defcon doch mit dem Bild des typischen Hackertreffens gemeinsam hat. Zwar gibt es auch hier selbsternannte Geeks, die \u00fcber ihrem Rechner und L\u00f6tkolben br\u00fcten. Und nat\u00fcrlich wird eifrig gehackt. Viele Besucher aber erinnern an junge Urlauber. Und tats\u00e4chlich: L\u00e4ngst ist die Defcon auch <a href=\"http:\/\/www.spiegel.de\/netzwelt\/web\/20-jahre-hackerkonferenz-defcon-in-las-vegas-a-846946.html\" target=\"_blank\">eine gro\u00dfe Party<\/a> \u2013 die Freiz\u00fcgigkeit von Las Vegas tut das ihrige. <\/p>\n<p>Regisseur Jason Scott fasst die Defcon <a href=\"http:\/\/ascii.textfiles.com\/archives\/3602\" target=\"_blank\">in seinem Blog<\/a> wie folgt zusammen:<\/p>\n<blockquote><p><em>If there\u2019s anything unique about the DEFCON situation, it\u2019s that it is, literally, a grouping of individualists, a pack of leaders, a regulated and protected anarchy. This tension is not just viewable here and there \u2013 it\u2019s endemic. It has always been the case, and it always will be the case. From this arises an enormous amount of tension, derision, weird feelings \u2013 that\u2019s something I have on my radar.<\/em><\/p><\/blockquote>\n<p>Mit fast zwei Stunden Laufzeit ist <em>Defcon: The Documentary<\/em> zum Teil etwas langatmig. Auch, weil Scott sehr viele \u00e4hnliche Einstellungen verwendet. Das jedoch machen die immer wieder eingestreuten Archivaufnahmen und Interviews mit bekannten Hackern und Aktivisten wieder wett. In ihren Aussagen erkennt man, wieso die Hackerkultur vielleicht gerade in der jetzigen Zeit wichtiger denn je ist.<\/p>\n<p>Apropos: Im vergangenen Jahr gab ein gewisser <a href=\"http:\/\/www.zeit.de\/2013\/28\/nsa-chef-alexander-keith\" target=\"_blank\">Keith B. Alexander<\/a>, Direktor des US-Geheimdienstes NSA, eine Keynote auf der Defcon. Auf die Frage von Gr\u00fcnder Jeff Moss, ob die NSA tats\u00e4chlich von jedem B\u00fcrger eine Datei habe, antwortete Alexander: &#8222;Das ist kompletter Unsinn&#8220;. Inzwischen wissen wir das Gegenteil. In diesem Jahr waren aufgrund der Prism-Aff\u00e4re s\u00e4mtliche Regierungsbeamte von der Defcon ausdr\u00fccklich ausgeladen. &#8222;Feds, wir brauchen etwas Abstand&#8220;, <a href=\"http:\/\/news.cnet.com\/8301-1009_3-57593225-83\/defcon-to-feds-we-need-some-time-apart\/\" target=\"_blank\">hie\u00df es in einem Statement<\/a>. <\/p>\n<p><em>Defcon: The Documentary<\/em> gibt es auch <a href=\"https:\/\/www.defcon.org\/html\/links\/dc-torrent.html\" target=\"_blank\">als Torrent zum Download<\/a>.  <\/p>\n","protected":false},"excerpt":{"rendered":"<p>Am vergangenen Wochenende fand in Las Vegas einmal mehr eines der gr\u00f6\u00dften Hackertreffen der Welt statt. Seit 1993 schl\u00e4gt die Defcon j\u00e4hrlich in der W\u00fcstenstadt ihre Zelte auf. Von Gr\u00fcnder Jeff Moss urspr\u00fcnglich als eine einmalige Party unter befreundeten Hackern gedacht, hat sich die Konferenz in zwanzig Jahren zu einer der ersten Adressen f\u00fcr Hacker, [&hellip;]<\/p>\n","protected":false},"author":304,"featured_media":0,"comment_status":"open","ping_status":"open","sticky":false,"template":"","format":"standard","meta":{"_jetpack_memberships_contains_paid_content":false,"footnotes":""},"categories":[288],"tags":[28378,15405,8646,125],"class_list":["post-10174","post","type-post","status-publish","format-standard","hentry","category-dokumentation","tag-defcon","tag-dokumentation-2","tag-hacker","tag-usa"],"yoast_head":"<!-- This site is optimized with the Yoast SEO plugin v21.0 - https:\/\/yoast.com\/wordpress\/plugins\/seo\/ -->\n<title>Hacker-Doku online: &quot;Defcon: The Documentary&quot; - Netzfilmblog<\/title>\n<meta name=\"robots\" content=\"index, follow, max-snippet:-1, max-image-preview:large, max-video-preview:-1\" \/>\n<link rel=\"canonical\" href=\"https:\/\/blog.zeit.de\/netzfilmblog\/2013\/08\/05\/defcon-documentary-hacker-2013-konferenz-film\/\" \/>\n<meta property=\"og:locale\" content=\"de_DE\" \/>\n<meta property=\"og:type\" content=\"article\" \/>\n<meta property=\"og:title\" content=\"Hacker-Doku online: &quot;Defcon: The Documentary&quot; - Netzfilmblog\" \/>\n<meta property=\"og:description\" content=\"Am vergangenen Wochenende fand in Las Vegas einmal mehr eines der gr\u00f6\u00dften Hackertreffen der Welt statt. Seit 1993 schl\u00e4gt die Defcon j\u00e4hrlich in der W\u00fcstenstadt ihre Zelte auf. Von Gr\u00fcnder Jeff Moss urspr\u00fcnglich als eine einmalige Party unter befreundeten Hackern gedacht, hat sich die Konferenz in zwanzig Jahren zu einer der ersten Adressen f\u00fcr Hacker, [&hellip;]\" \/>\n<meta property=\"og:url\" content=\"https:\/\/blog.zeit.de\/netzfilmblog\/2013\/08\/05\/defcon-documentary-hacker-2013-konferenz-film\/\" \/>\n<meta property=\"og:site_name\" content=\"Netzfilmblog\" \/>\n<meta property=\"article:published_time\" content=\"2013-08-05T06:53:19+00:00\" \/>\n<meta property=\"article:modified_time\" content=\"2013-08-05T07:06:55+00:00\" \/>\n<meta property=\"og:image\" content=\"https:\/\/blog.zeit.de\/netzfilmblog\/files\/2013\/08\/defcon.jpg\" \/>\n<meta name=\"author\" content=\"Eike K\u00fchl\" \/>\n<meta name=\"twitter:label1\" content=\"Geschrieben von\" \/>\n\t<meta name=\"twitter:data1\" content=\"Eike K\u00fchl\" \/>\n\t<meta name=\"twitter:label2\" content=\"Gesch\u00e4tzte Lesezeit\" \/>\n\t<meta name=\"twitter:data2\" content=\"3\u00a0Minuten\" \/>\n<script type=\"application\/ld+json\" class=\"yoast-schema-graph\">{\"@context\":\"https:\/\/schema.org\",\"@graph\":[{\"@type\":\"WebPage\",\"@id\":\"https:\/\/blog.zeit.de\/netzfilmblog\/2013\/08\/05\/defcon-documentary-hacker-2013-konferenz-film\/\",\"url\":\"https:\/\/blog.zeit.de\/netzfilmblog\/2013\/08\/05\/defcon-documentary-hacker-2013-konferenz-film\/\",\"name\":\"Hacker-Doku online: \\\"Defcon: The Documentary\\\" - Netzfilmblog\",\"isPartOf\":{\"@id\":\"https:\/\/blog.zeit.de\/netzfilmblog\/#website\"},\"datePublished\":\"2013-08-05T06:53:19+00:00\",\"dateModified\":\"2013-08-05T07:06:55+00:00\",\"author\":{\"@id\":\"https:\/\/blog.zeit.de\/netzfilmblog\/#\/schema\/person\/d0be432685b68611fdcb91d565e60cc8\"},\"breadcrumb\":{\"@id\":\"https:\/\/blog.zeit.de\/netzfilmblog\/2013\/08\/05\/defcon-documentary-hacker-2013-konferenz-film\/#breadcrumb\"},\"inLanguage\":\"de\",\"potentialAction\":[{\"@type\":\"ReadAction\",\"target\":[\"https:\/\/blog.zeit.de\/netzfilmblog\/2013\/08\/05\/defcon-documentary-hacker-2013-konferenz-film\/\"]}]},{\"@type\":\"BreadcrumbList\",\"@id\":\"https:\/\/blog.zeit.de\/netzfilmblog\/2013\/08\/05\/defcon-documentary-hacker-2013-konferenz-film\/#breadcrumb\",\"itemListElement\":[{\"@type\":\"ListItem\",\"position\":1,\"name\":\"Startseite\",\"item\":\"https:\/\/blog.zeit.de\/netzfilmblog\/\"},{\"@type\":\"ListItem\",\"position\":2,\"name\":\"Hacker-Doku online: &#8222;Defcon: The Documentary&#8220;\"}]},{\"@type\":\"WebSite\",\"@id\":\"https:\/\/blog.zeit.de\/netzfilmblog\/#website\",\"url\":\"https:\/\/blog.zeit.de\/netzfilmblog\/\",\"name\":\"Netzfilmblog\",\"description\":\"Es geht auch ohne Fernsehen\",\"potentialAction\":[{\"@type\":\"SearchAction\",\"target\":{\"@type\":\"EntryPoint\",\"urlTemplate\":\"https:\/\/blog.zeit.de\/netzfilmblog\/?s={search_term_string}\"},\"query-input\":\"required name=search_term_string\"}],\"inLanguage\":\"de\"},{\"@type\":\"Person\",\"@id\":\"https:\/\/blog.zeit.de\/netzfilmblog\/#\/schema\/person\/d0be432685b68611fdcb91d565e60cc8\",\"name\":\"Eike K\u00fchl\",\"image\":{\"@type\":\"ImageObject\",\"inLanguage\":\"de\",\"@id\":\"https:\/\/blog.zeit.de\/netzfilmblog\/#\/schema\/person\/image\/\",\"url\":\"https:\/\/secure.gravatar.com\/avatar\/bdcf29e1806bbd217f5281d7b91e9f13c368e8f0141afdf3d1e016f921ab21be?s=96&d=mm&r=g\",\"contentUrl\":\"https:\/\/secure.gravatar.com\/avatar\/bdcf29e1806bbd217f5281d7b91e9f13c368e8f0141afdf3d1e016f921ab21be?s=96&d=mm&r=g\",\"caption\":\"Eike K\u00fchl\"},\"description\":\"ist Digital-Redakteur bei ZEIT ONLINE und besch\u00e4ftigt sich vor allem mit Games, Gadgets und Netzkultur.\",\"url\":\"https:\/\/blog.zeit.de\/netzfilmblog\/author\/eike-kuehl\/\"}]}<\/script>\n<!-- \/ Yoast SEO plugin. -->","yoast_head_json":{"title":"Hacker-Doku online: \"Defcon: The Documentary\" - Netzfilmblog","robots":{"index":"index","follow":"follow","max-snippet":"max-snippet:-1","max-image-preview":"max-image-preview:large","max-video-preview":"max-video-preview:-1"},"canonical":"https:\/\/blog.zeit.de\/netzfilmblog\/2013\/08\/05\/defcon-documentary-hacker-2013-konferenz-film\/","og_locale":"de_DE","og_type":"article","og_title":"Hacker-Doku online: \"Defcon: The Documentary\" - Netzfilmblog","og_description":"Am vergangenen Wochenende fand in Las Vegas einmal mehr eines der gr\u00f6\u00dften Hackertreffen der Welt statt. Seit 1993 schl\u00e4gt die Defcon j\u00e4hrlich in der W\u00fcstenstadt ihre Zelte auf. Von Gr\u00fcnder Jeff Moss urspr\u00fcnglich als eine einmalige Party unter befreundeten Hackern gedacht, hat sich die Konferenz in zwanzig Jahren zu einer der ersten Adressen f\u00fcr Hacker, [&hellip;]","og_url":"https:\/\/blog.zeit.de\/netzfilmblog\/2013\/08\/05\/defcon-documentary-hacker-2013-konferenz-film\/","og_site_name":"Netzfilmblog","article_published_time":"2013-08-05T06:53:19+00:00","article_modified_time":"2013-08-05T07:06:55+00:00","og_image":[{"url":"https:\/\/blog.zeit.de\/netzfilmblog\/files\/2013\/08\/defcon.jpg"}],"author":"Eike K\u00fchl","twitter_misc":{"Geschrieben von":"Eike K\u00fchl","Gesch\u00e4tzte Lesezeit":"3\u00a0Minuten"},"schema":{"@context":"https:\/\/schema.org","@graph":[{"@type":"WebPage","@id":"https:\/\/blog.zeit.de\/netzfilmblog\/2013\/08\/05\/defcon-documentary-hacker-2013-konferenz-film\/","url":"https:\/\/blog.zeit.de\/netzfilmblog\/2013\/08\/05\/defcon-documentary-hacker-2013-konferenz-film\/","name":"Hacker-Doku online: \"Defcon: The Documentary\" - Netzfilmblog","isPartOf":{"@id":"https:\/\/blog.zeit.de\/netzfilmblog\/#website"},"datePublished":"2013-08-05T06:53:19+00:00","dateModified":"2013-08-05T07:06:55+00:00","author":{"@id":"https:\/\/blog.zeit.de\/netzfilmblog\/#\/schema\/person\/d0be432685b68611fdcb91d565e60cc8"},"breadcrumb":{"@id":"https:\/\/blog.zeit.de\/netzfilmblog\/2013\/08\/05\/defcon-documentary-hacker-2013-konferenz-film\/#breadcrumb"},"inLanguage":"de","potentialAction":[{"@type":"ReadAction","target":["https:\/\/blog.zeit.de\/netzfilmblog\/2013\/08\/05\/defcon-documentary-hacker-2013-konferenz-film\/"]}]},{"@type":"BreadcrumbList","@id":"https:\/\/blog.zeit.de\/netzfilmblog\/2013\/08\/05\/defcon-documentary-hacker-2013-konferenz-film\/#breadcrumb","itemListElement":[{"@type":"ListItem","position":1,"name":"Startseite","item":"https:\/\/blog.zeit.de\/netzfilmblog\/"},{"@type":"ListItem","position":2,"name":"Hacker-Doku online: &#8222;Defcon: The Documentary&#8220;"}]},{"@type":"WebSite","@id":"https:\/\/blog.zeit.de\/netzfilmblog\/#website","url":"https:\/\/blog.zeit.de\/netzfilmblog\/","name":"Netzfilmblog","description":"Es geht auch ohne Fernsehen","potentialAction":[{"@type":"SearchAction","target":{"@type":"EntryPoint","urlTemplate":"https:\/\/blog.zeit.de\/netzfilmblog\/?s={search_term_string}"},"query-input":"required name=search_term_string"}],"inLanguage":"de"},{"@type":"Person","@id":"https:\/\/blog.zeit.de\/netzfilmblog\/#\/schema\/person\/d0be432685b68611fdcb91d565e60cc8","name":"Eike K\u00fchl","image":{"@type":"ImageObject","inLanguage":"de","@id":"https:\/\/blog.zeit.de\/netzfilmblog\/#\/schema\/person\/image\/","url":"https:\/\/secure.gravatar.com\/avatar\/bdcf29e1806bbd217f5281d7b91e9f13c368e8f0141afdf3d1e016f921ab21be?s=96&d=mm&r=g","contentUrl":"https:\/\/secure.gravatar.com\/avatar\/bdcf29e1806bbd217f5281d7b91e9f13c368e8f0141afdf3d1e016f921ab21be?s=96&d=mm&r=g","caption":"Eike K\u00fchl"},"description":"ist Digital-Redakteur bei ZEIT ONLINE und besch\u00e4ftigt sich vor allem mit Games, Gadgets und Netzkultur.","url":"https:\/\/blog.zeit.de\/netzfilmblog\/author\/eike-kuehl\/"}]}},"jetpack_featured_media_url":"","jetpack_sharing_enabled":true,"_links":{"self":[{"href":"https:\/\/blog.zeit.de\/netzfilmblog\/wp-json\/wp\/v2\/posts\/10174","targetHints":{"allow":["GET"]}}],"collection":[{"href":"https:\/\/blog.zeit.de\/netzfilmblog\/wp-json\/wp\/v2\/posts"}],"about":[{"href":"https:\/\/blog.zeit.de\/netzfilmblog\/wp-json\/wp\/v2\/types\/post"}],"author":[{"embeddable":true,"href":"https:\/\/blog.zeit.de\/netzfilmblog\/wp-json\/wp\/v2\/users\/304"}],"replies":[{"embeddable":true,"href":"https:\/\/blog.zeit.de\/netzfilmblog\/wp-json\/wp\/v2\/comments?post=10174"}],"version-history":[{"count":26,"href":"https:\/\/blog.zeit.de\/netzfilmblog\/wp-json\/wp\/v2\/posts\/10174\/revisions"}],"predecessor-version":[{"id":10205,"href":"https:\/\/blog.zeit.de\/netzfilmblog\/wp-json\/wp\/v2\/posts\/10174\/revisions\/10205"}],"wp:attachment":[{"href":"https:\/\/blog.zeit.de\/netzfilmblog\/wp-json\/wp\/v2\/media?parent=10174"}],"wp:term":[{"taxonomy":"category","embeddable":true,"href":"https:\/\/blog.zeit.de\/netzfilmblog\/wp-json\/wp\/v2\/categories?post=10174"},{"taxonomy":"post_tag","embeddable":true,"href":"https:\/\/blog.zeit.de\/netzfilmblog\/wp-json\/wp\/v2\/tags?post=10174"}],"curies":[{"name":"wp","href":"https:\/\/api.w.org\/{rel}","templated":true}]}}