{"id":10424,"date":"2013-08-21T15:13:03","date_gmt":"2013-08-21T13:13:03","guid":{"rendered":"http:\/\/blog.zeit.de\/netzfilmblog\/?p=10424"},"modified":"2013-08-21T15:13:03","modified_gmt":"2013-08-21T13:13:03","slug":"exposing-the-invisible-journalismus-daten","status":"publish","type":"post","link":"https:\/\/blog.zeit.de\/netzfilmblog\/2013\/08\/21\/exposing-the-invisible-journalismus-daten\/","title":{"rendered":"Information = W\u00e4hrung: &#8222;Exposing the Invisible&#8220;"},"content":{"rendered":"<p>K\u00f6nnen Journalisten von der organisierten Kriminalit\u00e4t lernen? Ja, glaubt der Rum\u00e4ne <a href=\"http:\/\/www.datatracker.org\/\" target=\"_blank\">Paul Radu<\/a>. Als einer der bekanntesten investigativen Journalisten seines Landes besch\u00e4ftigt er sich mit Kriminalit\u00e4t und deren Aufdeckung \u2013 und hat dabei so einiges f\u00fcr seinen Job gelernt. W\u00e4hrend n\u00e4mlich Polizei, Beh\u00f6rden und oft auch Medien selten oder wenn dann nur beh\u00e4big \u00fcber die Landesgrenzen hinweg zusammenarbeiten, hat das Verbrechen  dieses Verfahren l\u00e4ngst perfektioniert. F\u00fcr Radu bedeutet das im Umkehrschluss: Auch Journalisten m\u00fcssen kollaborativ, transparent und international in Netzwerken arbeiten. Ihre W\u00e4hrung ist dabei nicht Geld, sondern Informationen.<\/p>\n<p><em><a href=\"https:\/\/www.exposingtheinvisible.org\" target=\"_blank\">Exposing the Invisible<\/a><\/em> hei\u00dft die neue Webserie des <a href=\"https:\/\/www.tacticaltech.org\/\" target=\"_blank\">Tactical Technology Collectives<\/a>, einer Non-Profit-Organisation f\u00fcr digitalen Aktivismus. In der ersten Folge <em>Our Currency Is Information<\/em> erz\u00e4hlt Paul Radu von seinen Projekten, in denen er und seine Kollegen unter anderem weltweit agierende Firmenkonglomeraten und Geldw\u00e4sche auf die Schliche gekommen sind. Neben klassischer Recherche haben sie dazu auch neue, digitale Techniken angewandt, um die Daten zu visualisieren und daraus wiederrum neue Erkenntniss zu gewinnen \u2013 <a href=\"http:\/\/www.zeit.de\/datenjournalismus\" target=\"_blank\">Stichwort Datenjournalismus<\/a>. In den n\u00e4chsten Folgen sollen weitere Reporter, Hacker und Aktivisten erz\u00e4hlen, wie sie mit der Digitalisierung arbeiten.<\/p>\n\n<div class=\"embed-wrapper embed-wrapper--blocked js-embed-consent\" data-method=\"iframe\">\n<script class=\"raw__source\" type=\"text\/template\"><iframe loading=\"lazy\" src=\"http:\/\/player.vimeo.com\/video\/70559927?title=0&amp;byline=0&amp;portrait=0&amp;color=ffffff\" width=\"580\" height=\"326\" frameborder=\"0\" webkitAllowFullScreen mozallowfullscreen allowFullScreen><\/iframe><\/script>\n<div class=\"embed-wrapper__inner\">\n<div class=\"embed-wrapper__text\">\n<h3>Empfohlener redaktioneller Inhalt<\/h3>\n<p data-replace=\"no\">An dieser Stelle finden Sie externen Inhalt, der den Artikel erg\u00e4nzt. Sie k\u00f6nnen sich externe Inhalte mit einem Klick anzeigen lassen und wieder ausblenden.<noscript>Bitte aktivieren Sie JavaScript damit Sie diesen Inhalt anzeigen k\u00f6nnen.<\/noscript><\/p>\n<\/div>\n<div class=\"embed-consent\">\n<label class=\"embed-consent__toggle\">\n<input class=\"js-embed-consent__toggle\" type=\"checkbox\" autocomplete=\"off\">\n<span><\/span>\nExterner Inhalt\n<\/label>\n<a href=\"https:\/\/www.zeit.de\/hilfe\/datenschutz\" target=\"_blank\" class=\"embed-consent__datalink-when-active\">Datenschutzerkl\u00e4rung<\/a>\n<\/div>\n<div class=\"embed-wrapper__footer\">\n<p data-replace=\"no\">\nIch bin damit einverstanden, dass mir externe Inhalte angezeigt werden. Damit k\u00f6nnen personenbezogene Daten an Drittplattformen \u00fcbermittelt werden. <a href=\"https:\/\/www.zeit.de\/hilfe\/datenschutz\" target=\"_blank\">Mehr dazu in unserer Datenschutzerkl\u00e4rung.<\/a>\n<\/p>\n<\/div>\n<\/div>\n<\/div>\n","protected":false},"excerpt":{"rendered":"<p>K\u00f6nnen Journalisten von der organisierten Kriminalit\u00e4t lernen? Ja, glaubt der Rum\u00e4ne Paul Radu. Als einer der bekanntesten investigativen Journalisten seines Landes besch\u00e4ftigt er sich mit Kriminalit\u00e4t und deren Aufdeckung \u2013 und hat dabei so einiges f\u00fcr seinen Job gelernt. W\u00e4hrend n\u00e4mlich Polizei, Beh\u00f6rden und oft auch Medien selten oder wenn dann nur beh\u00e4big \u00fcber die [&hellip;]<\/p>\n","protected":false},"author":304,"featured_media":0,"comment_status":"open","ping_status":"open","sticky":false,"template":"","format":"standard","meta":{"_jetpack_memberships_contains_paid_content":false,"footnotes":""},"categories":[288],"tags":[17219,1089,1615,1092,943],"class_list":["post-10424","post","type-post","status-publish","format-standard","hentry","category-dokumentation","tag-daten","tag-digitalisierung","tag-information","tag-journalismus","tag-medien"],"yoast_head":"<!-- This site is optimized with the Yoast SEO plugin v21.0 - https:\/\/yoast.com\/wordpress\/plugins\/seo\/ -->\n<title>Information = W\u00e4hrung: &quot;Exposing the Invisible&quot; - Netzfilmblog<\/title>\n<meta name=\"robots\" content=\"index, follow, max-snippet:-1, max-image-preview:large, max-video-preview:-1\" \/>\n<link rel=\"canonical\" href=\"https:\/\/blog.zeit.de\/netzfilmblog\/2013\/08\/21\/exposing-the-invisible-journalismus-daten\/\" \/>\n<meta property=\"og:locale\" content=\"de_DE\" \/>\n<meta property=\"og:type\" content=\"article\" \/>\n<meta property=\"og:title\" content=\"Information = W\u00e4hrung: &quot;Exposing the Invisible&quot; - Netzfilmblog\" \/>\n<meta property=\"og:description\" content=\"K\u00f6nnen Journalisten von der organisierten Kriminalit\u00e4t lernen? Ja, glaubt der Rum\u00e4ne Paul Radu. Als einer der bekanntesten investigativen Journalisten seines Landes besch\u00e4ftigt er sich mit Kriminalit\u00e4t und deren Aufdeckung \u2013 und hat dabei so einiges f\u00fcr seinen Job gelernt. W\u00e4hrend n\u00e4mlich Polizei, Beh\u00f6rden und oft auch Medien selten oder wenn dann nur beh\u00e4big \u00fcber die [&hellip;]\" \/>\n<meta property=\"og:url\" content=\"https:\/\/blog.zeit.de\/netzfilmblog\/2013\/08\/21\/exposing-the-invisible-journalismus-daten\/\" \/>\n<meta property=\"og:site_name\" content=\"Netzfilmblog\" \/>\n<meta property=\"article:published_time\" content=\"2013-08-21T13:13:03+00:00\" \/>\n<meta name=\"author\" content=\"Eike K\u00fchl\" \/>\n<meta name=\"twitter:label1\" content=\"Geschrieben von\" \/>\n\t<meta name=\"twitter:data1\" content=\"Eike K\u00fchl\" \/>\n\t<meta name=\"twitter:label2\" content=\"Gesch\u00e4tzte Lesezeit\" \/>\n\t<meta name=\"twitter:data2\" content=\"1\u00a0Minute\" \/>\n<script type=\"application\/ld+json\" class=\"yoast-schema-graph\">{\"@context\":\"https:\/\/schema.org\",\"@graph\":[{\"@type\":\"WebPage\",\"@id\":\"https:\/\/blog.zeit.de\/netzfilmblog\/2013\/08\/21\/exposing-the-invisible-journalismus-daten\/\",\"url\":\"https:\/\/blog.zeit.de\/netzfilmblog\/2013\/08\/21\/exposing-the-invisible-journalismus-daten\/\",\"name\":\"Information = W\u00e4hrung: \\\"Exposing the Invisible\\\" - Netzfilmblog\",\"isPartOf\":{\"@id\":\"https:\/\/blog.zeit.de\/netzfilmblog\/#website\"},\"datePublished\":\"2013-08-21T13:13:03+00:00\",\"dateModified\":\"2013-08-21T13:13:03+00:00\",\"author\":{\"@id\":\"https:\/\/blog.zeit.de\/netzfilmblog\/#\/schema\/person\/d0be432685b68611fdcb91d565e60cc8\"},\"breadcrumb\":{\"@id\":\"https:\/\/blog.zeit.de\/netzfilmblog\/2013\/08\/21\/exposing-the-invisible-journalismus-daten\/#breadcrumb\"},\"inLanguage\":\"de\",\"potentialAction\":[{\"@type\":\"ReadAction\",\"target\":[\"https:\/\/blog.zeit.de\/netzfilmblog\/2013\/08\/21\/exposing-the-invisible-journalismus-daten\/\"]}]},{\"@type\":\"BreadcrumbList\",\"@id\":\"https:\/\/blog.zeit.de\/netzfilmblog\/2013\/08\/21\/exposing-the-invisible-journalismus-daten\/#breadcrumb\",\"itemListElement\":[{\"@type\":\"ListItem\",\"position\":1,\"name\":\"Startseite\",\"item\":\"https:\/\/blog.zeit.de\/netzfilmblog\/\"},{\"@type\":\"ListItem\",\"position\":2,\"name\":\"Information = W\u00e4hrung: &#8222;Exposing the Invisible&#8220;\"}]},{\"@type\":\"WebSite\",\"@id\":\"https:\/\/blog.zeit.de\/netzfilmblog\/#website\",\"url\":\"https:\/\/blog.zeit.de\/netzfilmblog\/\",\"name\":\"Netzfilmblog\",\"description\":\"Es geht auch ohne Fernsehen\",\"potentialAction\":[{\"@type\":\"SearchAction\",\"target\":{\"@type\":\"EntryPoint\",\"urlTemplate\":\"https:\/\/blog.zeit.de\/netzfilmblog\/?s={search_term_string}\"},\"query-input\":\"required name=search_term_string\"}],\"inLanguage\":\"de\"},{\"@type\":\"Person\",\"@id\":\"https:\/\/blog.zeit.de\/netzfilmblog\/#\/schema\/person\/d0be432685b68611fdcb91d565e60cc8\",\"name\":\"Eike K\u00fchl\",\"image\":{\"@type\":\"ImageObject\",\"inLanguage\":\"de\",\"@id\":\"https:\/\/blog.zeit.de\/netzfilmblog\/#\/schema\/person\/image\/\",\"url\":\"https:\/\/secure.gravatar.com\/avatar\/bdcf29e1806bbd217f5281d7b91e9f13c368e8f0141afdf3d1e016f921ab21be?s=96&d=mm&r=g\",\"contentUrl\":\"https:\/\/secure.gravatar.com\/avatar\/bdcf29e1806bbd217f5281d7b91e9f13c368e8f0141afdf3d1e016f921ab21be?s=96&d=mm&r=g\",\"caption\":\"Eike K\u00fchl\"},\"description\":\"ist Digital-Redakteur bei ZEIT ONLINE und besch\u00e4ftigt sich vor allem mit Games, Gadgets und Netzkultur.\",\"url\":\"https:\/\/blog.zeit.de\/netzfilmblog\/author\/eike-kuehl\/\"}]}<\/script>\n<!-- \/ Yoast SEO plugin. -->","yoast_head_json":{"title":"Information = W\u00e4hrung: \"Exposing the Invisible\" - Netzfilmblog","robots":{"index":"index","follow":"follow","max-snippet":"max-snippet:-1","max-image-preview":"max-image-preview:large","max-video-preview":"max-video-preview:-1"},"canonical":"https:\/\/blog.zeit.de\/netzfilmblog\/2013\/08\/21\/exposing-the-invisible-journalismus-daten\/","og_locale":"de_DE","og_type":"article","og_title":"Information = W\u00e4hrung: \"Exposing the Invisible\" - Netzfilmblog","og_description":"K\u00f6nnen Journalisten von der organisierten Kriminalit\u00e4t lernen? Ja, glaubt der Rum\u00e4ne Paul Radu. Als einer der bekanntesten investigativen Journalisten seines Landes besch\u00e4ftigt er sich mit Kriminalit\u00e4t und deren Aufdeckung \u2013 und hat dabei so einiges f\u00fcr seinen Job gelernt. W\u00e4hrend n\u00e4mlich Polizei, Beh\u00f6rden und oft auch Medien selten oder wenn dann nur beh\u00e4big \u00fcber die [&hellip;]","og_url":"https:\/\/blog.zeit.de\/netzfilmblog\/2013\/08\/21\/exposing-the-invisible-journalismus-daten\/","og_site_name":"Netzfilmblog","article_published_time":"2013-08-21T13:13:03+00:00","author":"Eike K\u00fchl","twitter_misc":{"Geschrieben von":"Eike K\u00fchl","Gesch\u00e4tzte Lesezeit":"1\u00a0Minute"},"schema":{"@context":"https:\/\/schema.org","@graph":[{"@type":"WebPage","@id":"https:\/\/blog.zeit.de\/netzfilmblog\/2013\/08\/21\/exposing-the-invisible-journalismus-daten\/","url":"https:\/\/blog.zeit.de\/netzfilmblog\/2013\/08\/21\/exposing-the-invisible-journalismus-daten\/","name":"Information = W\u00e4hrung: \"Exposing the Invisible\" - Netzfilmblog","isPartOf":{"@id":"https:\/\/blog.zeit.de\/netzfilmblog\/#website"},"datePublished":"2013-08-21T13:13:03+00:00","dateModified":"2013-08-21T13:13:03+00:00","author":{"@id":"https:\/\/blog.zeit.de\/netzfilmblog\/#\/schema\/person\/d0be432685b68611fdcb91d565e60cc8"},"breadcrumb":{"@id":"https:\/\/blog.zeit.de\/netzfilmblog\/2013\/08\/21\/exposing-the-invisible-journalismus-daten\/#breadcrumb"},"inLanguage":"de","potentialAction":[{"@type":"ReadAction","target":["https:\/\/blog.zeit.de\/netzfilmblog\/2013\/08\/21\/exposing-the-invisible-journalismus-daten\/"]}]},{"@type":"BreadcrumbList","@id":"https:\/\/blog.zeit.de\/netzfilmblog\/2013\/08\/21\/exposing-the-invisible-journalismus-daten\/#breadcrumb","itemListElement":[{"@type":"ListItem","position":1,"name":"Startseite","item":"https:\/\/blog.zeit.de\/netzfilmblog\/"},{"@type":"ListItem","position":2,"name":"Information = W\u00e4hrung: &#8222;Exposing the Invisible&#8220;"}]},{"@type":"WebSite","@id":"https:\/\/blog.zeit.de\/netzfilmblog\/#website","url":"https:\/\/blog.zeit.de\/netzfilmblog\/","name":"Netzfilmblog","description":"Es geht auch ohne Fernsehen","potentialAction":[{"@type":"SearchAction","target":{"@type":"EntryPoint","urlTemplate":"https:\/\/blog.zeit.de\/netzfilmblog\/?s={search_term_string}"},"query-input":"required name=search_term_string"}],"inLanguage":"de"},{"@type":"Person","@id":"https:\/\/blog.zeit.de\/netzfilmblog\/#\/schema\/person\/d0be432685b68611fdcb91d565e60cc8","name":"Eike K\u00fchl","image":{"@type":"ImageObject","inLanguage":"de","@id":"https:\/\/blog.zeit.de\/netzfilmblog\/#\/schema\/person\/image\/","url":"https:\/\/secure.gravatar.com\/avatar\/bdcf29e1806bbd217f5281d7b91e9f13c368e8f0141afdf3d1e016f921ab21be?s=96&d=mm&r=g","contentUrl":"https:\/\/secure.gravatar.com\/avatar\/bdcf29e1806bbd217f5281d7b91e9f13c368e8f0141afdf3d1e016f921ab21be?s=96&d=mm&r=g","caption":"Eike K\u00fchl"},"description":"ist Digital-Redakteur bei ZEIT ONLINE und besch\u00e4ftigt sich vor allem mit Games, Gadgets und Netzkultur.","url":"https:\/\/blog.zeit.de\/netzfilmblog\/author\/eike-kuehl\/"}]}},"jetpack_featured_media_url":"","jetpack_sharing_enabled":true,"_links":{"self":[{"href":"https:\/\/blog.zeit.de\/netzfilmblog\/wp-json\/wp\/v2\/posts\/10424","targetHints":{"allow":["GET"]}}],"collection":[{"href":"https:\/\/blog.zeit.de\/netzfilmblog\/wp-json\/wp\/v2\/posts"}],"about":[{"href":"https:\/\/blog.zeit.de\/netzfilmblog\/wp-json\/wp\/v2\/types\/post"}],"author":[{"embeddable":true,"href":"https:\/\/blog.zeit.de\/netzfilmblog\/wp-json\/wp\/v2\/users\/304"}],"replies":[{"embeddable":true,"href":"https:\/\/blog.zeit.de\/netzfilmblog\/wp-json\/wp\/v2\/comments?post=10424"}],"version-history":[{"count":7,"href":"https:\/\/blog.zeit.de\/netzfilmblog\/wp-json\/wp\/v2\/posts\/10424\/revisions"}],"predecessor-version":[{"id":10431,"href":"https:\/\/blog.zeit.de\/netzfilmblog\/wp-json\/wp\/v2\/posts\/10424\/revisions\/10431"}],"wp:attachment":[{"href":"https:\/\/blog.zeit.de\/netzfilmblog\/wp-json\/wp\/v2\/media?parent=10424"}],"wp:term":[{"taxonomy":"category","embeddable":true,"href":"https:\/\/blog.zeit.de\/netzfilmblog\/wp-json\/wp\/v2\/categories?post=10424"},{"taxonomy":"post_tag","embeddable":true,"href":"https:\/\/blog.zeit.de\/netzfilmblog\/wp-json\/wp\/v2\/tags?post=10424"}],"curies":[{"name":"wp","href":"https:\/\/api.w.org\/{rel}","templated":true}]}}