{"id":11059,"date":"2013-11-02T12:16:42","date_gmt":"2013-11-02T11:16:42","guid":{"rendered":"http:\/\/blog.zeit.de\/netzfilmblog\/?p=11059"},"modified":"2013-11-02T12:23:50","modified_gmt":"2013-11-02T11:23:50","slug":"short-dia-de-los-muertos","status":"publish","type":"post","link":"https:\/\/blog.zeit.de\/netzfilmblog\/2013\/11\/02\/short-dia-de-los-muertos\/","title":{"rendered":"Kurzfilm: &#8222;Dia De Los Muertos&#8220;"},"content":{"rendered":"<p>Nach Halloween kommt der <a href=\"http:\/\/de.wikipedia.org\/wiki\/Tag_der_Toten\" target=\"_blank\">Tag der Toten<\/a>, jedenfalls in Mexiko und weiteren spanischst\u00e4mmigen Kulturen. Die Feierlichkeiten des <em>D\u00eda de Muertos<\/em> beginnen traditionell am 31. Oktober und enden am 2. November. In dieder Zeit wird den verstorbenen Familienangeh\u00f6rigen gedacht, die dem Glaube nach die Familien in diesen Tagen besuchen. Deshalb wird um sie nicht getrauert, sondern ein buntes und fr\u00f6hliches Volksfest gefeiert. <\/p>\n<p>Zum heutigen, mexikanischen Feiertag passt der gleichnamige animierte Kurzfilm <em>Dia De Los Muertos<\/em>, der Gewinner der Student Academy Award Goldmdaille in diesem Jahr. Eine wirklich sch\u00f6ne Geschichte, die den Spirit und die Bedeutung dieses Tages wunderbar vorstellt.<\/p>\n\n<div class=\"embed-wrapper embed-wrapper--blocked js-embed-consent\" data-method=\"iframe\">\n<script class=\"raw__source\" type=\"text\/template\"><iframe loading=\"lazy\" width=\"580\" height=\"326\" src=\"\/\/www.youtube.com\/embed\/jCQnUuq-TEE?rel=0\" frameborder=\"0\" allowfullscreen><\/iframe><\/script>\n<div class=\"embed-wrapper__inner\">\n<div class=\"embed-wrapper__text\">\n<h3>Empfohlener redaktioneller Inhalt<\/h3>\n<p data-replace=\"no\">An dieser Stelle finden Sie externen Inhalt, der den Artikel erg\u00e4nzt. Sie k\u00f6nnen sich externe Inhalte mit einem Klick anzeigen lassen und wieder ausblenden.<noscript>Bitte aktivieren Sie JavaScript damit Sie diesen Inhalt anzeigen k\u00f6nnen.<\/noscript><\/p>\n<\/div>\n<div class=\"embed-consent\">\n<label class=\"embed-consent__toggle\">\n<input class=\"js-embed-consent__toggle\" type=\"checkbox\" autocomplete=\"off\">\n<span><\/span>\nExterner Inhalt\n<\/label>\n<a href=\"https:\/\/www.zeit.de\/hilfe\/datenschutz\" target=\"_blank\" class=\"embed-consent__datalink-when-active\">Datenschutzerkl\u00e4rung<\/a>\n<\/div>\n<div class=\"embed-wrapper__footer\">\n<p data-replace=\"no\">\nIch bin damit einverstanden, dass mir externe Inhalte angezeigt werden. Damit k\u00f6nnen personenbezogene Daten an Drittplattformen \u00fcbermittelt werden. <a href=\"https:\/\/www.zeit.de\/hilfe\/datenschutz\" target=\"_blank\">Mehr dazu in unserer Datenschutzerkl\u00e4rung.<\/a>\n<\/p>\n<\/div>\n<\/div>\n<\/div>\n","protected":false},"excerpt":{"rendered":"<p>Nach Halloween kommt der Tag der Toten, jedenfalls in Mexiko und weiteren spanischst\u00e4mmigen Kulturen. Die Feierlichkeiten des D\u00eda de Muertos beginnen traditionell am 31. Oktober und enden am 2. November. In dieder Zeit wird den verstorbenen Familienangeh\u00f6rigen gedacht, die dem Glaube nach die Familien in diesen Tagen besuchen. Deshalb wird um sie nicht getrauert, sondern [&hellip;]<\/p>\n","protected":false},"author":304,"featured_media":0,"comment_status":"open","ping_status":"open","sticky":false,"template":"","format":"standard","meta":{"_jetpack_memberships_contains_paid_content":false,"footnotes":""},"categories":[13302],"tags":[15395,22330,2048,15498],"class_list":["post-11059","post","type-post","status-publish","format-standard","hentry","category-animation","tag-animation-2","tag-feiertag","tag-mexiko","tag-tod"],"yoast_head":"<!-- This site is optimized with the Yoast SEO plugin v21.0 - https:\/\/yoast.com\/wordpress\/plugins\/seo\/ -->\n<title>Kurzfilm: &quot;Dia De Los Muertos&quot; - Netzfilmblog<\/title>\n<meta name=\"robots\" content=\"index, follow, max-snippet:-1, max-image-preview:large, max-video-preview:-1\" \/>\n<link rel=\"canonical\" href=\"https:\/\/blog.zeit.de\/netzfilmblog\/2013\/11\/02\/short-dia-de-los-muertos\/\" \/>\n<meta property=\"og:locale\" content=\"de_DE\" \/>\n<meta property=\"og:type\" content=\"article\" \/>\n<meta property=\"og:title\" content=\"Kurzfilm: &quot;Dia De Los Muertos&quot; - Netzfilmblog\" \/>\n<meta property=\"og:description\" content=\"Nach Halloween kommt der Tag der Toten, jedenfalls in Mexiko und weiteren spanischst\u00e4mmigen Kulturen. Die Feierlichkeiten des D\u00eda de Muertos beginnen traditionell am 31. Oktober und enden am 2. November. In dieder Zeit wird den verstorbenen Familienangeh\u00f6rigen gedacht, die dem Glaube nach die Familien in diesen Tagen besuchen. Deshalb wird um sie nicht getrauert, sondern [&hellip;]\" \/>\n<meta property=\"og:url\" content=\"https:\/\/blog.zeit.de\/netzfilmblog\/2013\/11\/02\/short-dia-de-los-muertos\/\" \/>\n<meta property=\"og:site_name\" content=\"Netzfilmblog\" \/>\n<meta property=\"article:published_time\" content=\"2013-11-02T11:16:42+00:00\" \/>\n<meta property=\"article:modified_time\" content=\"2013-11-02T11:23:50+00:00\" \/>\n<meta name=\"author\" content=\"Eike K\u00fchl\" \/>\n<meta name=\"twitter:label1\" content=\"Geschrieben von\" \/>\n\t<meta name=\"twitter:data1\" content=\"Eike K\u00fchl\" \/>\n\t<meta name=\"twitter:label2\" content=\"Gesch\u00e4tzte Lesezeit\" \/>\n\t<meta name=\"twitter:data2\" content=\"1\u00a0Minute\" \/>\n<script type=\"application\/ld+json\" class=\"yoast-schema-graph\">{\"@context\":\"https:\/\/schema.org\",\"@graph\":[{\"@type\":\"WebPage\",\"@id\":\"https:\/\/blog.zeit.de\/netzfilmblog\/2013\/11\/02\/short-dia-de-los-muertos\/\",\"url\":\"https:\/\/blog.zeit.de\/netzfilmblog\/2013\/11\/02\/short-dia-de-los-muertos\/\",\"name\":\"Kurzfilm: \\\"Dia De Los Muertos\\\" - Netzfilmblog\",\"isPartOf\":{\"@id\":\"https:\/\/blog.zeit.de\/netzfilmblog\/#website\"},\"datePublished\":\"2013-11-02T11:16:42+00:00\",\"dateModified\":\"2013-11-02T11:23:50+00:00\",\"author\":{\"@id\":\"https:\/\/blog.zeit.de\/netzfilmblog\/#\/schema\/person\/d0be432685b68611fdcb91d565e60cc8\"},\"breadcrumb\":{\"@id\":\"https:\/\/blog.zeit.de\/netzfilmblog\/2013\/11\/02\/short-dia-de-los-muertos\/#breadcrumb\"},\"inLanguage\":\"de\",\"potentialAction\":[{\"@type\":\"ReadAction\",\"target\":[\"https:\/\/blog.zeit.de\/netzfilmblog\/2013\/11\/02\/short-dia-de-los-muertos\/\"]}]},{\"@type\":\"BreadcrumbList\",\"@id\":\"https:\/\/blog.zeit.de\/netzfilmblog\/2013\/11\/02\/short-dia-de-los-muertos\/#breadcrumb\",\"itemListElement\":[{\"@type\":\"ListItem\",\"position\":1,\"name\":\"Startseite\",\"item\":\"https:\/\/blog.zeit.de\/netzfilmblog\/\"},{\"@type\":\"ListItem\",\"position\":2,\"name\":\"Kurzfilm: &#8222;Dia De Los Muertos&#8220;\"}]},{\"@type\":\"WebSite\",\"@id\":\"https:\/\/blog.zeit.de\/netzfilmblog\/#website\",\"url\":\"https:\/\/blog.zeit.de\/netzfilmblog\/\",\"name\":\"Netzfilmblog\",\"description\":\"Es geht auch ohne Fernsehen\",\"potentialAction\":[{\"@type\":\"SearchAction\",\"target\":{\"@type\":\"EntryPoint\",\"urlTemplate\":\"https:\/\/blog.zeit.de\/netzfilmblog\/?s={search_term_string}\"},\"query-input\":\"required name=search_term_string\"}],\"inLanguage\":\"de\"},{\"@type\":\"Person\",\"@id\":\"https:\/\/blog.zeit.de\/netzfilmblog\/#\/schema\/person\/d0be432685b68611fdcb91d565e60cc8\",\"name\":\"Eike K\u00fchl\",\"image\":{\"@type\":\"ImageObject\",\"inLanguage\":\"de\",\"@id\":\"https:\/\/blog.zeit.de\/netzfilmblog\/#\/schema\/person\/image\/\",\"url\":\"https:\/\/secure.gravatar.com\/avatar\/bdcf29e1806bbd217f5281d7b91e9f13c368e8f0141afdf3d1e016f921ab21be?s=96&d=mm&r=g\",\"contentUrl\":\"https:\/\/secure.gravatar.com\/avatar\/bdcf29e1806bbd217f5281d7b91e9f13c368e8f0141afdf3d1e016f921ab21be?s=96&d=mm&r=g\",\"caption\":\"Eike K\u00fchl\"},\"description\":\"ist Digital-Redakteur bei ZEIT ONLINE und besch\u00e4ftigt sich vor allem mit Games, Gadgets und Netzkultur.\",\"url\":\"https:\/\/blog.zeit.de\/netzfilmblog\/author\/eike-kuehl\/\"}]}<\/script>\n<!-- \/ Yoast SEO plugin. -->","yoast_head_json":{"title":"Kurzfilm: \"Dia De Los Muertos\" - Netzfilmblog","robots":{"index":"index","follow":"follow","max-snippet":"max-snippet:-1","max-image-preview":"max-image-preview:large","max-video-preview":"max-video-preview:-1"},"canonical":"https:\/\/blog.zeit.de\/netzfilmblog\/2013\/11\/02\/short-dia-de-los-muertos\/","og_locale":"de_DE","og_type":"article","og_title":"Kurzfilm: \"Dia De Los Muertos\" - Netzfilmblog","og_description":"Nach Halloween kommt der Tag der Toten, jedenfalls in Mexiko und weiteren spanischst\u00e4mmigen Kulturen. Die Feierlichkeiten des D\u00eda de Muertos beginnen traditionell am 31. Oktober und enden am 2. November. In dieder Zeit wird den verstorbenen Familienangeh\u00f6rigen gedacht, die dem Glaube nach die Familien in diesen Tagen besuchen. Deshalb wird um sie nicht getrauert, sondern [&hellip;]","og_url":"https:\/\/blog.zeit.de\/netzfilmblog\/2013\/11\/02\/short-dia-de-los-muertos\/","og_site_name":"Netzfilmblog","article_published_time":"2013-11-02T11:16:42+00:00","article_modified_time":"2013-11-02T11:23:50+00:00","author":"Eike K\u00fchl","twitter_misc":{"Geschrieben von":"Eike K\u00fchl","Gesch\u00e4tzte Lesezeit":"1\u00a0Minute"},"schema":{"@context":"https:\/\/schema.org","@graph":[{"@type":"WebPage","@id":"https:\/\/blog.zeit.de\/netzfilmblog\/2013\/11\/02\/short-dia-de-los-muertos\/","url":"https:\/\/blog.zeit.de\/netzfilmblog\/2013\/11\/02\/short-dia-de-los-muertos\/","name":"Kurzfilm: \"Dia De Los Muertos\" - Netzfilmblog","isPartOf":{"@id":"https:\/\/blog.zeit.de\/netzfilmblog\/#website"},"datePublished":"2013-11-02T11:16:42+00:00","dateModified":"2013-11-02T11:23:50+00:00","author":{"@id":"https:\/\/blog.zeit.de\/netzfilmblog\/#\/schema\/person\/d0be432685b68611fdcb91d565e60cc8"},"breadcrumb":{"@id":"https:\/\/blog.zeit.de\/netzfilmblog\/2013\/11\/02\/short-dia-de-los-muertos\/#breadcrumb"},"inLanguage":"de","potentialAction":[{"@type":"ReadAction","target":["https:\/\/blog.zeit.de\/netzfilmblog\/2013\/11\/02\/short-dia-de-los-muertos\/"]}]},{"@type":"BreadcrumbList","@id":"https:\/\/blog.zeit.de\/netzfilmblog\/2013\/11\/02\/short-dia-de-los-muertos\/#breadcrumb","itemListElement":[{"@type":"ListItem","position":1,"name":"Startseite","item":"https:\/\/blog.zeit.de\/netzfilmblog\/"},{"@type":"ListItem","position":2,"name":"Kurzfilm: &#8222;Dia De Los Muertos&#8220;"}]},{"@type":"WebSite","@id":"https:\/\/blog.zeit.de\/netzfilmblog\/#website","url":"https:\/\/blog.zeit.de\/netzfilmblog\/","name":"Netzfilmblog","description":"Es geht auch ohne Fernsehen","potentialAction":[{"@type":"SearchAction","target":{"@type":"EntryPoint","urlTemplate":"https:\/\/blog.zeit.de\/netzfilmblog\/?s={search_term_string}"},"query-input":"required name=search_term_string"}],"inLanguage":"de"},{"@type":"Person","@id":"https:\/\/blog.zeit.de\/netzfilmblog\/#\/schema\/person\/d0be432685b68611fdcb91d565e60cc8","name":"Eike K\u00fchl","image":{"@type":"ImageObject","inLanguage":"de","@id":"https:\/\/blog.zeit.de\/netzfilmblog\/#\/schema\/person\/image\/","url":"https:\/\/secure.gravatar.com\/avatar\/bdcf29e1806bbd217f5281d7b91e9f13c368e8f0141afdf3d1e016f921ab21be?s=96&d=mm&r=g","contentUrl":"https:\/\/secure.gravatar.com\/avatar\/bdcf29e1806bbd217f5281d7b91e9f13c368e8f0141afdf3d1e016f921ab21be?s=96&d=mm&r=g","caption":"Eike K\u00fchl"},"description":"ist Digital-Redakteur bei ZEIT ONLINE und besch\u00e4ftigt sich vor allem mit Games, Gadgets und Netzkultur.","url":"https:\/\/blog.zeit.de\/netzfilmblog\/author\/eike-kuehl\/"}]}},"jetpack_featured_media_url":"","jetpack_sharing_enabled":true,"_links":{"self":[{"href":"https:\/\/blog.zeit.de\/netzfilmblog\/wp-json\/wp\/v2\/posts\/11059","targetHints":{"allow":["GET"]}}],"collection":[{"href":"https:\/\/blog.zeit.de\/netzfilmblog\/wp-json\/wp\/v2\/posts"}],"about":[{"href":"https:\/\/blog.zeit.de\/netzfilmblog\/wp-json\/wp\/v2\/types\/post"}],"author":[{"embeddable":true,"href":"https:\/\/blog.zeit.de\/netzfilmblog\/wp-json\/wp\/v2\/users\/304"}],"replies":[{"embeddable":true,"href":"https:\/\/blog.zeit.de\/netzfilmblog\/wp-json\/wp\/v2\/comments?post=11059"}],"version-history":[{"count":6,"href":"https:\/\/blog.zeit.de\/netzfilmblog\/wp-json\/wp\/v2\/posts\/11059\/revisions"}],"predecessor-version":[{"id":11065,"href":"https:\/\/blog.zeit.de\/netzfilmblog\/wp-json\/wp\/v2\/posts\/11059\/revisions\/11065"}],"wp:attachment":[{"href":"https:\/\/blog.zeit.de\/netzfilmblog\/wp-json\/wp\/v2\/media?parent=11059"}],"wp:term":[{"taxonomy":"category","embeddable":true,"href":"https:\/\/blog.zeit.de\/netzfilmblog\/wp-json\/wp\/v2\/categories?post=11059"},{"taxonomy":"post_tag","embeddable":true,"href":"https:\/\/blog.zeit.de\/netzfilmblog\/wp-json\/wp\/v2\/tags?post=11059"}],"curies":[{"name":"wp","href":"https:\/\/api.w.org\/{rel}","templated":true}]}}