{"id":13305,"date":"2014-08-11T13:37:20","date_gmt":"2014-08-11T11:37:20","guid":{"rendered":"http:\/\/blog.zeit.de\/netzfilmblog\/?p=13305"},"modified":"2014-08-11T13:40:20","modified_gmt":"2014-08-11T11:40:20","slug":"go-pro-timelapse-hyperlapse","status":"publish","type":"post","link":"https:\/\/blog.zeit.de\/netzfilmblog\/2014\/08\/11\/go-pro-timelapse-hyperlapse\/","title":{"rendered":"Hyperlapse: GoPro-Zeitraffer ohne Wackler"},"content":{"rendered":"\n<div class=\"embed-wrapper embed-wrapper--blocked js-embed-consent\" data-method=\"iframe\">\n<script class=\"raw__source\" type=\"text\/template\"><iframe loading=\"lazy\" width=\"580\" height=\"326\" src=\"\/\/www.youtube.com\/embed\/SOpwHaQnRSY?rel=0\" frameborder=\"0\" allowfullscreen><\/iframe><\/script>\n<div class=\"embed-wrapper__inner\">\n<div class=\"embed-wrapper__text\">\n<h3>Empfohlener redaktioneller Inhalt<\/h3>\n<p data-replace=\"no\">An dieser Stelle finden Sie externen Inhalt, der den Artikel erg\u00e4nzt. Sie k\u00f6nnen sich externe Inhalte mit einem Klick anzeigen lassen und wieder ausblenden.<noscript>Bitte aktivieren Sie JavaScript damit Sie diesen Inhalt anzeigen k\u00f6nnen.<\/noscript><\/p>\n<\/div>\n<div class=\"embed-consent\">\n<label class=\"embed-consent__toggle\">\n<input class=\"js-embed-consent__toggle\" type=\"checkbox\" autocomplete=\"off\">\n<span><\/span>\nExterner Inhalt\n<\/label>\n<a href=\"https:\/\/www.zeit.de\/hilfe\/datenschutz\" target=\"_blank\" class=\"embed-consent__datalink-when-active\">Datenschutzerkl\u00e4rung<\/a>\n<\/div>\n<div class=\"embed-wrapper__footer\">\n<p data-replace=\"no\">\nIch bin damit einverstanden, dass mir externe Inhalte angezeigt werden. Damit k\u00f6nnen personenbezogene Daten an Drittplattformen \u00fcbermittelt werden. <a href=\"https:\/\/www.zeit.de\/hilfe\/datenschutz\" target=\"_blank\">Mehr dazu in unserer Datenschutzerkl\u00e4rung.<\/a>\n<\/p>\n<\/div>\n<\/div>\n<\/div>\n<p>Die kleinen, robusten GoPro-Kameras auf dem Kopf oder dem Fahrradlenker geh\u00f6ren quasi zur Standardausstattung jedes modernen Abenteurers. Die kennen auch das Problem mit l\u00e4ngeren Aufnahmen, etwa beim Wandern oder Bergsteigen, wenn man sie nicht erst m\u00fchsam schneiden m\u00f6chte: Macht man daraus eine simple Timelapse, wackelt es so stark, dass man beim Angucken seekrank wird. <\/p>\n<p>Eine L\u00f6sung f\u00fcr das Problem k\u00f6nnte ein Forschungsteam  von Microsoft entwickelt haben. Johannes Kopf, Michael Cohen und Richard Szeliski haben mit <a href=\"http:\/\/research.microsoft.com\/en-us\/um\/redmond\/projects\/hyperlapse\/\" target=\"_blank\">Hyperlapse<\/a> \u2013 so hei\u00dfen auch die Timelapse-Aufnahmen mit sich bewegender Kamera \u2013 einen Algorithmus entwickelt, der aus den wackeligen Bildern eine sanfte Kamerafahrt zaubert.<\/p>\n<p>Wie genau das geht, erkl\u00e4ren sie in dem <a href=\"http:\/\/research.microsoft.com\/en-us\/um\/redmond\/projects\/hyperlapse\/paper\/hyperlapse.pdf\" target=\"_blank\">Dokument<\/a> und in einem <a href=\"https:\/\/www.youtube.com\/watch?v=sA4Za3Hv6ng\" target=\"_blank\">zweiten Video<\/a> mit den technischen Details. Vereinfacht gesagt rekonstruiert die Software zun\u00e4chst den Weg der Kamera, markiert spezielle Keyframes und setzt aus den Einzelbildern anschlie\u00dfend einen neuen Weg zusammen. Gleichzeitig passt die Software Details wie Wei\u00dfabgleich an den \u00dcberg\u00e4ngen der einzelnen Bilder an, um diese m\u00f6glichst nahtlos zu gestalten.<\/p>\n<p>Das funktioniert in der Demo bis auf einige etwas unrunde Stellen durchaus beeindruckend, und besser als eine traditionelle Bildstabilisation. Die Microsoft-Forscher Szeliski und Knopf haben bereits an der 3D-Anwendung <a href=\"http:\/\/photosynth.net\/\" target=\"_blank\">Photosynth<\/a> mitgearbeitet, die \u00e4hnliche Funktionen bietet, um etwa begehbare Panorama-Aufnahmen zu erstellen. Hyperlapse soll es als Windows-App geben, ein genaues Datum wurde allerdings noch nicht genannt. <\/p>\n<p style=\"font-size:11px\">(<a href=\"http:\/\/techcrunch.com\/2014\/08\/10\/new-microsoft-project-turns-boring-first-person-videos-into-awesome-hyperlapse-sequences\/?ncid=rss\" target=\"_blank\">via<\/a>)<\/p>\n","protected":false},"excerpt":{"rendered":"<p>Empfohlener redaktioneller Inhalt An dieser Stelle finden Sie externen Inhalt, der den Artikel erg\u00e4nzt. Sie k\u00f6nnen sich externe Inhalte mit einem Klick anzeigen lassen und wieder ausblenden.Bitte aktivieren Sie JavaScript damit Sie diesen Inhalt anzeigen k\u00f6nnen. Externer Inhalt Datenschutzerkl\u00e4rung Ich bin damit einverstanden, dass mir externe Inhalte angezeigt werden. Damit k\u00f6nnen personenbezogene Daten an Drittplattformen [&hellip;]<\/p>\n","protected":false},"author":304,"featured_media":0,"comment_status":"open","ping_status":"open","sticky":false,"template":"","format":"standard","meta":{"_jetpack_memberships_contains_paid_content":false,"footnotes":""},"categories":[15393],"tags":[20730,1172,33075,16013],"class_list":["post-13305","post","type-post","status-publish","format-standard","hentry","category-netzfilm","tag-gopro","tag-microsoft","tag-technik","tag-timelapse"],"yoast_head":"<!-- This site is optimized with the Yoast SEO plugin v21.0 - https:\/\/yoast.com\/wordpress\/plugins\/seo\/ -->\n<title>Hyperlapse: GoPro-Zeitraffer ohne Wackler - Netzfilmblog<\/title>\n<meta name=\"robots\" content=\"index, follow, max-snippet:-1, max-image-preview:large, max-video-preview:-1\" \/>\n<link rel=\"canonical\" href=\"https:\/\/blog.zeit.de\/netzfilmblog\/2014\/08\/11\/go-pro-timelapse-hyperlapse\/\" \/>\n<meta property=\"og:locale\" content=\"de_DE\" \/>\n<meta property=\"og:type\" content=\"article\" \/>\n<meta property=\"og:title\" content=\"Hyperlapse: GoPro-Zeitraffer ohne Wackler - Netzfilmblog\" \/>\n<meta property=\"og:description\" content=\"Empfohlener redaktioneller Inhalt An dieser Stelle finden Sie externen Inhalt, der den Artikel erg\u00e4nzt. Sie k\u00f6nnen sich externe Inhalte mit einem Klick anzeigen lassen und wieder ausblenden.Bitte aktivieren Sie JavaScript damit Sie diesen Inhalt anzeigen k\u00f6nnen. Externer Inhalt Datenschutzerkl\u00e4rung Ich bin damit einverstanden, dass mir externe Inhalte angezeigt werden. Damit k\u00f6nnen personenbezogene Daten an Drittplattformen [&hellip;]\" \/>\n<meta property=\"og:url\" content=\"https:\/\/blog.zeit.de\/netzfilmblog\/2014\/08\/11\/go-pro-timelapse-hyperlapse\/\" \/>\n<meta property=\"og:site_name\" content=\"Netzfilmblog\" \/>\n<meta property=\"article:published_time\" content=\"2014-08-11T11:37:20+00:00\" \/>\n<meta property=\"article:modified_time\" content=\"2014-08-11T11:40:20+00:00\" \/>\n<meta name=\"author\" content=\"Eike K\u00fchl\" \/>\n<meta name=\"twitter:label1\" content=\"Geschrieben von\" \/>\n\t<meta name=\"twitter:data1\" content=\"Eike K\u00fchl\" \/>\n\t<meta name=\"twitter:label2\" content=\"Gesch\u00e4tzte Lesezeit\" \/>\n\t<meta name=\"twitter:data2\" content=\"1\u00a0Minute\" \/>\n<script type=\"application\/ld+json\" class=\"yoast-schema-graph\">{\"@context\":\"https:\/\/schema.org\",\"@graph\":[{\"@type\":\"WebPage\",\"@id\":\"https:\/\/blog.zeit.de\/netzfilmblog\/2014\/08\/11\/go-pro-timelapse-hyperlapse\/\",\"url\":\"https:\/\/blog.zeit.de\/netzfilmblog\/2014\/08\/11\/go-pro-timelapse-hyperlapse\/\",\"name\":\"Hyperlapse: GoPro-Zeitraffer ohne Wackler - Netzfilmblog\",\"isPartOf\":{\"@id\":\"https:\/\/blog.zeit.de\/netzfilmblog\/#website\"},\"datePublished\":\"2014-08-11T11:37:20+00:00\",\"dateModified\":\"2014-08-11T11:40:20+00:00\",\"author\":{\"@id\":\"https:\/\/blog.zeit.de\/netzfilmblog\/#\/schema\/person\/d0be432685b68611fdcb91d565e60cc8\"},\"breadcrumb\":{\"@id\":\"https:\/\/blog.zeit.de\/netzfilmblog\/2014\/08\/11\/go-pro-timelapse-hyperlapse\/#breadcrumb\"},\"inLanguage\":\"de\",\"potentialAction\":[{\"@type\":\"ReadAction\",\"target\":[\"https:\/\/blog.zeit.de\/netzfilmblog\/2014\/08\/11\/go-pro-timelapse-hyperlapse\/\"]}]},{\"@type\":\"BreadcrumbList\",\"@id\":\"https:\/\/blog.zeit.de\/netzfilmblog\/2014\/08\/11\/go-pro-timelapse-hyperlapse\/#breadcrumb\",\"itemListElement\":[{\"@type\":\"ListItem\",\"position\":1,\"name\":\"Startseite\",\"item\":\"https:\/\/blog.zeit.de\/netzfilmblog\/\"},{\"@type\":\"ListItem\",\"position\":2,\"name\":\"Hyperlapse: GoPro-Zeitraffer ohne Wackler\"}]},{\"@type\":\"WebSite\",\"@id\":\"https:\/\/blog.zeit.de\/netzfilmblog\/#website\",\"url\":\"https:\/\/blog.zeit.de\/netzfilmblog\/\",\"name\":\"Netzfilmblog\",\"description\":\"Es geht auch ohne Fernsehen\",\"potentialAction\":[{\"@type\":\"SearchAction\",\"target\":{\"@type\":\"EntryPoint\",\"urlTemplate\":\"https:\/\/blog.zeit.de\/netzfilmblog\/?s={search_term_string}\"},\"query-input\":\"required name=search_term_string\"}],\"inLanguage\":\"de\"},{\"@type\":\"Person\",\"@id\":\"https:\/\/blog.zeit.de\/netzfilmblog\/#\/schema\/person\/d0be432685b68611fdcb91d565e60cc8\",\"name\":\"Eike K\u00fchl\",\"image\":{\"@type\":\"ImageObject\",\"inLanguage\":\"de\",\"@id\":\"https:\/\/blog.zeit.de\/netzfilmblog\/#\/schema\/person\/image\/\",\"url\":\"https:\/\/secure.gravatar.com\/avatar\/bdcf29e1806bbd217f5281d7b91e9f13c368e8f0141afdf3d1e016f921ab21be?s=96&d=mm&r=g\",\"contentUrl\":\"https:\/\/secure.gravatar.com\/avatar\/bdcf29e1806bbd217f5281d7b91e9f13c368e8f0141afdf3d1e016f921ab21be?s=96&d=mm&r=g\",\"caption\":\"Eike K\u00fchl\"},\"description\":\"ist Digital-Redakteur bei ZEIT ONLINE und besch\u00e4ftigt sich vor allem mit Games, Gadgets und Netzkultur.\",\"url\":\"https:\/\/blog.zeit.de\/netzfilmblog\/author\/eike-kuehl\/\"}]}<\/script>\n<!-- \/ Yoast SEO plugin. -->","yoast_head_json":{"title":"Hyperlapse: GoPro-Zeitraffer ohne Wackler - Netzfilmblog","robots":{"index":"index","follow":"follow","max-snippet":"max-snippet:-1","max-image-preview":"max-image-preview:large","max-video-preview":"max-video-preview:-1"},"canonical":"https:\/\/blog.zeit.de\/netzfilmblog\/2014\/08\/11\/go-pro-timelapse-hyperlapse\/","og_locale":"de_DE","og_type":"article","og_title":"Hyperlapse: GoPro-Zeitraffer ohne Wackler - Netzfilmblog","og_description":"Empfohlener redaktioneller Inhalt An dieser Stelle finden Sie externen Inhalt, der den Artikel erg\u00e4nzt. Sie k\u00f6nnen sich externe Inhalte mit einem Klick anzeigen lassen und wieder ausblenden.Bitte aktivieren Sie JavaScript damit Sie diesen Inhalt anzeigen k\u00f6nnen. Externer Inhalt Datenschutzerkl\u00e4rung Ich bin damit einverstanden, dass mir externe Inhalte angezeigt werden. Damit k\u00f6nnen personenbezogene Daten an Drittplattformen [&hellip;]","og_url":"https:\/\/blog.zeit.de\/netzfilmblog\/2014\/08\/11\/go-pro-timelapse-hyperlapse\/","og_site_name":"Netzfilmblog","article_published_time":"2014-08-11T11:37:20+00:00","article_modified_time":"2014-08-11T11:40:20+00:00","author":"Eike K\u00fchl","twitter_misc":{"Geschrieben von":"Eike K\u00fchl","Gesch\u00e4tzte Lesezeit":"1\u00a0Minute"},"schema":{"@context":"https:\/\/schema.org","@graph":[{"@type":"WebPage","@id":"https:\/\/blog.zeit.de\/netzfilmblog\/2014\/08\/11\/go-pro-timelapse-hyperlapse\/","url":"https:\/\/blog.zeit.de\/netzfilmblog\/2014\/08\/11\/go-pro-timelapse-hyperlapse\/","name":"Hyperlapse: GoPro-Zeitraffer ohne Wackler - Netzfilmblog","isPartOf":{"@id":"https:\/\/blog.zeit.de\/netzfilmblog\/#website"},"datePublished":"2014-08-11T11:37:20+00:00","dateModified":"2014-08-11T11:40:20+00:00","author":{"@id":"https:\/\/blog.zeit.de\/netzfilmblog\/#\/schema\/person\/d0be432685b68611fdcb91d565e60cc8"},"breadcrumb":{"@id":"https:\/\/blog.zeit.de\/netzfilmblog\/2014\/08\/11\/go-pro-timelapse-hyperlapse\/#breadcrumb"},"inLanguage":"de","potentialAction":[{"@type":"ReadAction","target":["https:\/\/blog.zeit.de\/netzfilmblog\/2014\/08\/11\/go-pro-timelapse-hyperlapse\/"]}]},{"@type":"BreadcrumbList","@id":"https:\/\/blog.zeit.de\/netzfilmblog\/2014\/08\/11\/go-pro-timelapse-hyperlapse\/#breadcrumb","itemListElement":[{"@type":"ListItem","position":1,"name":"Startseite","item":"https:\/\/blog.zeit.de\/netzfilmblog\/"},{"@type":"ListItem","position":2,"name":"Hyperlapse: GoPro-Zeitraffer ohne Wackler"}]},{"@type":"WebSite","@id":"https:\/\/blog.zeit.de\/netzfilmblog\/#website","url":"https:\/\/blog.zeit.de\/netzfilmblog\/","name":"Netzfilmblog","description":"Es geht auch ohne Fernsehen","potentialAction":[{"@type":"SearchAction","target":{"@type":"EntryPoint","urlTemplate":"https:\/\/blog.zeit.de\/netzfilmblog\/?s={search_term_string}"},"query-input":"required name=search_term_string"}],"inLanguage":"de"},{"@type":"Person","@id":"https:\/\/blog.zeit.de\/netzfilmblog\/#\/schema\/person\/d0be432685b68611fdcb91d565e60cc8","name":"Eike K\u00fchl","image":{"@type":"ImageObject","inLanguage":"de","@id":"https:\/\/blog.zeit.de\/netzfilmblog\/#\/schema\/person\/image\/","url":"https:\/\/secure.gravatar.com\/avatar\/bdcf29e1806bbd217f5281d7b91e9f13c368e8f0141afdf3d1e016f921ab21be?s=96&d=mm&r=g","contentUrl":"https:\/\/secure.gravatar.com\/avatar\/bdcf29e1806bbd217f5281d7b91e9f13c368e8f0141afdf3d1e016f921ab21be?s=96&d=mm&r=g","caption":"Eike K\u00fchl"},"description":"ist Digital-Redakteur bei ZEIT ONLINE und besch\u00e4ftigt sich vor allem mit Games, Gadgets und Netzkultur.","url":"https:\/\/blog.zeit.de\/netzfilmblog\/author\/eike-kuehl\/"}]}},"jetpack_featured_media_url":"","jetpack_sharing_enabled":true,"_links":{"self":[{"href":"https:\/\/blog.zeit.de\/netzfilmblog\/wp-json\/wp\/v2\/posts\/13305","targetHints":{"allow":["GET"]}}],"collection":[{"href":"https:\/\/blog.zeit.de\/netzfilmblog\/wp-json\/wp\/v2\/posts"}],"about":[{"href":"https:\/\/blog.zeit.de\/netzfilmblog\/wp-json\/wp\/v2\/types\/post"}],"author":[{"embeddable":true,"href":"https:\/\/blog.zeit.de\/netzfilmblog\/wp-json\/wp\/v2\/users\/304"}],"replies":[{"embeddable":true,"href":"https:\/\/blog.zeit.de\/netzfilmblog\/wp-json\/wp\/v2\/comments?post=13305"}],"version-history":[{"count":5,"href":"https:\/\/blog.zeit.de\/netzfilmblog\/wp-json\/wp\/v2\/posts\/13305\/revisions"}],"predecessor-version":[{"id":13310,"href":"https:\/\/blog.zeit.de\/netzfilmblog\/wp-json\/wp\/v2\/posts\/13305\/revisions\/13310"}],"wp:attachment":[{"href":"https:\/\/blog.zeit.de\/netzfilmblog\/wp-json\/wp\/v2\/media?parent=13305"}],"wp:term":[{"taxonomy":"category","embeddable":true,"href":"https:\/\/blog.zeit.de\/netzfilmblog\/wp-json\/wp\/v2\/categories?post=13305"},{"taxonomy":"post_tag","embeddable":true,"href":"https:\/\/blog.zeit.de\/netzfilmblog\/wp-json\/wp\/v2\/tags?post=13305"}],"curies":[{"name":"wp","href":"https:\/\/api.w.org\/{rel}","templated":true}]}}