{"id":2419,"date":"2011-12-19T10:31:44","date_gmt":"2011-12-19T09:31:44","guid":{"rendered":"http:\/\/blog.zeit.de\/netzfilmblog\/?p=2419"},"modified":"2011-12-19T10:33:04","modified_gmt":"2011-12-19T09:33:04","slug":"migration-animation-infografik","status":"publish","type":"post","link":"https:\/\/blog.zeit.de\/netzfilmblog\/2011\/12\/19\/migration-animation-infografik\/","title":{"rendered":"Was ist eigentlich Migration?"},"content":{"rendered":"<p>Migration ist ein Wort, dass nicht nur auf Nachrichtenseiten einen immer wichtigeren <a href=\"http:\/\/www.zeit.de\/schlagworte\/themen\/migration\/index\">Stellenwert<\/a> einnimmt. Die folgende Animation der Berliner Agentur <a href=\"http:\/\/www.edeos.org\/\">edeos<\/a> erkl\u00e4rt den Begriff der Migration sehr ansehnlich und geht dabei auch noch auf Ursachen und Randaspekte wie die europ\u00e4ische Grenzschutzagentur <a href=\"http:\/\/de.wikipedia.org\/wiki\/Europ%C3%A4ische_Agentur_f%C3%BCr_die_operative_Zusammenarbeit_an_den_Au%C3%9Fengrenzen\">Frontex<\/a> ein, deren Rolle im Rahmen der arabischen Revolution k\u00fcrzlich <a href=\"http:\/\/www.zeit.de\/politik\/ausland\/2011-09\/frontex-menschenrechtsbeauftragter-befugnisse\">wieder diskutiert<\/a> wurde.<\/p>\n\n<div class=\"embed-wrapper embed-wrapper--blocked js-embed-consent\" data-method=\"iframe\">\n<script class=\"raw__source\" type=\"text\/template\"><iframe loading=\"lazy\" src=\"http:\/\/player.vimeo.com\/video\/33715734?title=0&amp;byline=0&amp;portrait=0\" width=\"540\" height=\"304\" frameborder=\"0\" webkitAllowFullScreen mozallowfullscreen allowFullScreen><\/iframe><\/script>\n<div class=\"embed-wrapper__inner\">\n<div class=\"embed-wrapper__text\">\n<h3>Empfohlener redaktioneller Inhalt<\/h3>\n<p data-replace=\"no\">An dieser Stelle finden Sie externen Inhalt, der den Artikel erg\u00e4nzt. Sie k\u00f6nnen sich externe Inhalte mit einem Klick anzeigen lassen und wieder ausblenden.<noscript>Bitte aktivieren Sie JavaScript damit Sie diesen Inhalt anzeigen k\u00f6nnen.<\/noscript><\/p>\n<\/div>\n<div class=\"embed-consent\">\n<label class=\"embed-consent__toggle\">\n<input class=\"js-embed-consent__toggle\" type=\"checkbox\" autocomplete=\"off\">\n<span><\/span>\nExterner Inhalt\n<\/label>\n<a href=\"https:\/\/www.zeit.de\/hilfe\/datenschutz\" target=\"_blank\" class=\"embed-consent__datalink-when-active\">Datenschutzerkl\u00e4rung<\/a>\n<\/div>\n<div class=\"embed-wrapper__footer\">\n<p data-replace=\"no\">\nIch bin damit einverstanden, dass mir externe Inhalte angezeigt werden. Damit k\u00f6nnen personenbezogene Daten an Drittplattformen \u00fcbermittelt werden. <a href=\"https:\/\/www.zeit.de\/hilfe\/datenschutz\" target=\"_blank\">Mehr dazu in unserer Datenschutzerkl\u00e4rung.<\/a>\n<\/p>\n<\/div>\n<\/div>\n<\/div>\n","protected":false},"excerpt":{"rendered":"<p>Migration ist ein Wort, dass nicht nur auf Nachrichtenseiten einen immer wichtigeren Stellenwert einnimmt. Die folgende Animation der Berliner Agentur edeos erkl\u00e4rt den Begriff der Migration sehr ansehnlich und geht dabei auch noch auf Ursachen und Randaspekte wie die europ\u00e4ische Grenzschutzagentur Frontex ein, deren Rolle im Rahmen der arabischen Revolution k\u00fcrzlich wieder diskutiert wurde. Empfohlener [&hellip;]<\/p>\n","protected":false},"author":304,"featured_media":0,"comment_status":"open","ping_status":"open","sticky":false,"template":"","format":"standard","meta":{"_jetpack_memberships_contains_paid_content":false,"footnotes":""},"categories":[13302],"tags":[15395,67,2441,974],"class_list":["post-2419","post","type-post","status-publish","format-standard","hentry","category-animation","tag-animation-2","tag-europa","tag-infografik","tag-migration"],"yoast_head":"<!-- This site is optimized with the Yoast SEO plugin v21.0 - https:\/\/yoast.com\/wordpress\/plugins\/seo\/ -->\n<title>Was ist eigentlich Migration? - Netzfilmblog<\/title>\n<meta name=\"robots\" content=\"index, follow, max-snippet:-1, max-image-preview:large, max-video-preview:-1\" \/>\n<link rel=\"canonical\" href=\"https:\/\/blog.zeit.de\/netzfilmblog\/2011\/12\/19\/migration-animation-infografik\/\" \/>\n<meta property=\"og:locale\" content=\"de_DE\" \/>\n<meta property=\"og:type\" content=\"article\" \/>\n<meta property=\"og:title\" content=\"Was ist eigentlich Migration? - Netzfilmblog\" \/>\n<meta property=\"og:description\" content=\"Migration ist ein Wort, dass nicht nur auf Nachrichtenseiten einen immer wichtigeren Stellenwert einnimmt. Die folgende Animation der Berliner Agentur edeos erkl\u00e4rt den Begriff der Migration sehr ansehnlich und geht dabei auch noch auf Ursachen und Randaspekte wie die europ\u00e4ische Grenzschutzagentur Frontex ein, deren Rolle im Rahmen der arabischen Revolution k\u00fcrzlich wieder diskutiert wurde. Empfohlener [&hellip;]\" \/>\n<meta property=\"og:url\" content=\"https:\/\/blog.zeit.de\/netzfilmblog\/2011\/12\/19\/migration-animation-infografik\/\" \/>\n<meta property=\"og:site_name\" content=\"Netzfilmblog\" \/>\n<meta property=\"article:published_time\" content=\"2011-12-19T09:31:44+00:00\" \/>\n<meta property=\"article:modified_time\" content=\"2011-12-19T09:33:04+00:00\" \/>\n<meta name=\"author\" content=\"Eike K\u00fchl\" \/>\n<meta name=\"twitter:label1\" content=\"Geschrieben von\" \/>\n\t<meta name=\"twitter:data1\" content=\"Eike K\u00fchl\" \/>\n<script type=\"application\/ld+json\" class=\"yoast-schema-graph\">{\"@context\":\"https:\/\/schema.org\",\"@graph\":[{\"@type\":\"WebPage\",\"@id\":\"https:\/\/blog.zeit.de\/netzfilmblog\/2011\/12\/19\/migration-animation-infografik\/\",\"url\":\"https:\/\/blog.zeit.de\/netzfilmblog\/2011\/12\/19\/migration-animation-infografik\/\",\"name\":\"Was ist eigentlich Migration? - Netzfilmblog\",\"isPartOf\":{\"@id\":\"https:\/\/blog.zeit.de\/netzfilmblog\/#website\"},\"datePublished\":\"2011-12-19T09:31:44+00:00\",\"dateModified\":\"2011-12-19T09:33:04+00:00\",\"author\":{\"@id\":\"https:\/\/blog.zeit.de\/netzfilmblog\/#\/schema\/person\/d0be432685b68611fdcb91d565e60cc8\"},\"breadcrumb\":{\"@id\":\"https:\/\/blog.zeit.de\/netzfilmblog\/2011\/12\/19\/migration-animation-infografik\/#breadcrumb\"},\"inLanguage\":\"de\",\"potentialAction\":[{\"@type\":\"ReadAction\",\"target\":[\"https:\/\/blog.zeit.de\/netzfilmblog\/2011\/12\/19\/migration-animation-infografik\/\"]}]},{\"@type\":\"BreadcrumbList\",\"@id\":\"https:\/\/blog.zeit.de\/netzfilmblog\/2011\/12\/19\/migration-animation-infografik\/#breadcrumb\",\"itemListElement\":[{\"@type\":\"ListItem\",\"position\":1,\"name\":\"Startseite\",\"item\":\"https:\/\/blog.zeit.de\/netzfilmblog\/\"},{\"@type\":\"ListItem\",\"position\":2,\"name\":\"Was ist eigentlich Migration?\"}]},{\"@type\":\"WebSite\",\"@id\":\"https:\/\/blog.zeit.de\/netzfilmblog\/#website\",\"url\":\"https:\/\/blog.zeit.de\/netzfilmblog\/\",\"name\":\"Netzfilmblog\",\"description\":\"Es geht auch ohne Fernsehen\",\"potentialAction\":[{\"@type\":\"SearchAction\",\"target\":{\"@type\":\"EntryPoint\",\"urlTemplate\":\"https:\/\/blog.zeit.de\/netzfilmblog\/?s={search_term_string}\"},\"query-input\":\"required name=search_term_string\"}],\"inLanguage\":\"de\"},{\"@type\":\"Person\",\"@id\":\"https:\/\/blog.zeit.de\/netzfilmblog\/#\/schema\/person\/d0be432685b68611fdcb91d565e60cc8\",\"name\":\"Eike K\u00fchl\",\"image\":{\"@type\":\"ImageObject\",\"inLanguage\":\"de\",\"@id\":\"https:\/\/blog.zeit.de\/netzfilmblog\/#\/schema\/person\/image\/\",\"url\":\"https:\/\/secure.gravatar.com\/avatar\/bdcf29e1806bbd217f5281d7b91e9f13c368e8f0141afdf3d1e016f921ab21be?s=96&d=mm&r=g\",\"contentUrl\":\"https:\/\/secure.gravatar.com\/avatar\/bdcf29e1806bbd217f5281d7b91e9f13c368e8f0141afdf3d1e016f921ab21be?s=96&d=mm&r=g\",\"caption\":\"Eike K\u00fchl\"},\"description\":\"ist Digital-Redakteur bei ZEIT ONLINE und besch\u00e4ftigt sich vor allem mit Games, Gadgets und Netzkultur.\",\"url\":\"https:\/\/blog.zeit.de\/netzfilmblog\/author\/eike-kuehl\/\"}]}<\/script>\n<!-- \/ Yoast SEO plugin. -->","yoast_head_json":{"title":"Was ist eigentlich Migration? - Netzfilmblog","robots":{"index":"index","follow":"follow","max-snippet":"max-snippet:-1","max-image-preview":"max-image-preview:large","max-video-preview":"max-video-preview:-1"},"canonical":"https:\/\/blog.zeit.de\/netzfilmblog\/2011\/12\/19\/migration-animation-infografik\/","og_locale":"de_DE","og_type":"article","og_title":"Was ist eigentlich Migration? - Netzfilmblog","og_description":"Migration ist ein Wort, dass nicht nur auf Nachrichtenseiten einen immer wichtigeren Stellenwert einnimmt. Die folgende Animation der Berliner Agentur edeos erkl\u00e4rt den Begriff der Migration sehr ansehnlich und geht dabei auch noch auf Ursachen und Randaspekte wie die europ\u00e4ische Grenzschutzagentur Frontex ein, deren Rolle im Rahmen der arabischen Revolution k\u00fcrzlich wieder diskutiert wurde. Empfohlener [&hellip;]","og_url":"https:\/\/blog.zeit.de\/netzfilmblog\/2011\/12\/19\/migration-animation-infografik\/","og_site_name":"Netzfilmblog","article_published_time":"2011-12-19T09:31:44+00:00","article_modified_time":"2011-12-19T09:33:04+00:00","author":"Eike K\u00fchl","twitter_misc":{"Geschrieben von":"Eike K\u00fchl"},"schema":{"@context":"https:\/\/schema.org","@graph":[{"@type":"WebPage","@id":"https:\/\/blog.zeit.de\/netzfilmblog\/2011\/12\/19\/migration-animation-infografik\/","url":"https:\/\/blog.zeit.de\/netzfilmblog\/2011\/12\/19\/migration-animation-infografik\/","name":"Was ist eigentlich Migration? - Netzfilmblog","isPartOf":{"@id":"https:\/\/blog.zeit.de\/netzfilmblog\/#website"},"datePublished":"2011-12-19T09:31:44+00:00","dateModified":"2011-12-19T09:33:04+00:00","author":{"@id":"https:\/\/blog.zeit.de\/netzfilmblog\/#\/schema\/person\/d0be432685b68611fdcb91d565e60cc8"},"breadcrumb":{"@id":"https:\/\/blog.zeit.de\/netzfilmblog\/2011\/12\/19\/migration-animation-infografik\/#breadcrumb"},"inLanguage":"de","potentialAction":[{"@type":"ReadAction","target":["https:\/\/blog.zeit.de\/netzfilmblog\/2011\/12\/19\/migration-animation-infografik\/"]}]},{"@type":"BreadcrumbList","@id":"https:\/\/blog.zeit.de\/netzfilmblog\/2011\/12\/19\/migration-animation-infografik\/#breadcrumb","itemListElement":[{"@type":"ListItem","position":1,"name":"Startseite","item":"https:\/\/blog.zeit.de\/netzfilmblog\/"},{"@type":"ListItem","position":2,"name":"Was ist eigentlich Migration?"}]},{"@type":"WebSite","@id":"https:\/\/blog.zeit.de\/netzfilmblog\/#website","url":"https:\/\/blog.zeit.de\/netzfilmblog\/","name":"Netzfilmblog","description":"Es geht auch ohne Fernsehen","potentialAction":[{"@type":"SearchAction","target":{"@type":"EntryPoint","urlTemplate":"https:\/\/blog.zeit.de\/netzfilmblog\/?s={search_term_string}"},"query-input":"required name=search_term_string"}],"inLanguage":"de"},{"@type":"Person","@id":"https:\/\/blog.zeit.de\/netzfilmblog\/#\/schema\/person\/d0be432685b68611fdcb91d565e60cc8","name":"Eike K\u00fchl","image":{"@type":"ImageObject","inLanguage":"de","@id":"https:\/\/blog.zeit.de\/netzfilmblog\/#\/schema\/person\/image\/","url":"https:\/\/secure.gravatar.com\/avatar\/bdcf29e1806bbd217f5281d7b91e9f13c368e8f0141afdf3d1e016f921ab21be?s=96&d=mm&r=g","contentUrl":"https:\/\/secure.gravatar.com\/avatar\/bdcf29e1806bbd217f5281d7b91e9f13c368e8f0141afdf3d1e016f921ab21be?s=96&d=mm&r=g","caption":"Eike K\u00fchl"},"description":"ist Digital-Redakteur bei ZEIT ONLINE und besch\u00e4ftigt sich vor allem mit Games, Gadgets und Netzkultur.","url":"https:\/\/blog.zeit.de\/netzfilmblog\/author\/eike-kuehl\/"}]}},"jetpack_featured_media_url":"","jetpack_sharing_enabled":true,"_links":{"self":[{"href":"https:\/\/blog.zeit.de\/netzfilmblog\/wp-json\/wp\/v2\/posts\/2419","targetHints":{"allow":["GET"]}}],"collection":[{"href":"https:\/\/blog.zeit.de\/netzfilmblog\/wp-json\/wp\/v2\/posts"}],"about":[{"href":"https:\/\/blog.zeit.de\/netzfilmblog\/wp-json\/wp\/v2\/types\/post"}],"author":[{"embeddable":true,"href":"https:\/\/blog.zeit.de\/netzfilmblog\/wp-json\/wp\/v2\/users\/304"}],"replies":[{"embeddable":true,"href":"https:\/\/blog.zeit.de\/netzfilmblog\/wp-json\/wp\/v2\/comments?post=2419"}],"version-history":[{"count":5,"href":"https:\/\/blog.zeit.de\/netzfilmblog\/wp-json\/wp\/v2\/posts\/2419\/revisions"}],"predecessor-version":[{"id":2423,"href":"https:\/\/blog.zeit.de\/netzfilmblog\/wp-json\/wp\/v2\/posts\/2419\/revisions\/2423"}],"wp:attachment":[{"href":"https:\/\/blog.zeit.de\/netzfilmblog\/wp-json\/wp\/v2\/media?parent=2419"}],"wp:term":[{"taxonomy":"category","embeddable":true,"href":"https:\/\/blog.zeit.de\/netzfilmblog\/wp-json\/wp\/v2\/categories?post=2419"},{"taxonomy":"post_tag","embeddable":true,"href":"https:\/\/blog.zeit.de\/netzfilmblog\/wp-json\/wp\/v2\/tags?post=2419"}],"curies":[{"name":"wp","href":"https:\/\/api.w.org\/{rel}","templated":true}]}}