{"id":6124,"date":"2012-10-25T10:43:08","date_gmt":"2012-10-25T08:43:08","guid":{"rendered":"http:\/\/blog.zeit.de\/netzfilmblog\/?p=6124"},"modified":"2012-10-25T10:52:23","modified_gmt":"2012-10-25T08:52:23","slug":"pedro-reyes-mexiko-waffen-orchester","status":"publish","type":"post","link":"https:\/\/blog.zeit.de\/netzfilmblog\/2012\/10\/25\/pedro-reyes-mexiko-waffen-orchester\/","title":{"rendered":"Pedro Reyes&#8216; Orchester aus Waffen"},"content":{"rendered":"<p><figure id=\"attachment_6126\" aria-describedby=\"caption-attachment-6126\" style=\"width: 540px\" class=\"wp-caption alignleft\"><img loading=\"lazy\" decoding=\"async\" src=\"https:\/\/blog.zeit.de\/netzfilmblog\/files\/2012\/10\/imagine12.jpg\" alt=\"\" title=\"imagine12\" width=\"540\" height=\"360\" class=\"size-full wp-image-6126\" srcset=\"https:\/\/blog.zeit.de\/netzfilmblog\/files\/2012\/10\/imagine12.jpg 540w, https:\/\/blog.zeit.de\/netzfilmblog\/files\/2012\/10\/imagine12-300x200.jpg 300w\" sizes=\"auto, (max-width: 540px) 100vw, 540px\" \/><figcaption id=\"caption-attachment-6126\" class=\"wp-caption-text\">\u00a9 Pedro Reyes\/designboom<\/figcaption><\/figure><\/p>\n<p>Die mexikanische Stadt Ciudad J\u00faarez, am Rio Bravo an der Grenze zu den USA gelegen, hat <a href=\"http:\/\/www.zeit.de\/gesellschaft\/zeitgeschehen\/2012-02\/Ciudad-Juarez\">eine der h\u00f6chsten Mordraten der Welt<\/a>. Der Grund ist der Drogenkrieg, der inzwischen mehr als 50.000 Menschen das Leben gekostet hat, vielen davon in Ciudad J\u00faarez. Seit Jahren leben die Bewohner der Stadt mit den unwirklichen Dingen, die sich in ihren Alltag gedr\u00e4ngt haben: die Drogen, die Toten und auch die Waffen. Denn wo Drogen sind, da sind meist auch Waffen. <\/p>\n<p>Hier kommt der K\u00fcnstler <a href=\"http:\/\/pedroreyes.net\/\">Pedro Reyes<\/a> ins Spiel. Er macht n\u00e4mlich Kunst aus Waffen, die er nat\u00fcrlich vorher sorgf\u00e4ltig zerkleinert, einschmilzt oder einstampft. F\u00fcr <a href=\"http:\/\/designboom.com\/weblog\/cat\/8\/view\/24291\/an-orchestra-of-musical-instruments-made-from-weapons-by-pedro-reyes.html\">sein j\u00fcngstes Projekt <em>Imagine<\/em><\/a> hat er Tausende in Ciudad J\u00faarez konfiszierte Pistolen und Gewehre genommen, um daraus 50 Musikinstrumente zu bauen. Reyes&#8216; Message ist klar: Make music, not war. <\/p>\n\n<div class=\"embed-wrapper embed-wrapper--blocked js-embed-consent\" data-method=\"iframe\">\n<script class=\"raw__source\" type=\"text\/template\"><iframe loading=\"lazy\" src=\"http:\/\/player.vimeo.com\/video\/51738993?title=0&amp;byline=0&amp;portrait=0&amp;badge=0&amp;color=ff0179\" width=\"540\" height=\"304\" frameborder=\"0\" webkitAllowFullScreen mozallowfullscreen allowFullScreen><\/iframe><\/script>\n<div class=\"embed-wrapper__inner\">\n<div class=\"embed-wrapper__text\">\n<h3>Empfohlener redaktioneller Inhalt<\/h3>\n<p data-replace=\"no\">An dieser Stelle finden Sie externen Inhalt, der den Artikel erg\u00e4nzt. Sie k\u00f6nnen sich externe Inhalte mit einem Klick anzeigen lassen und wieder ausblenden.<noscript>Bitte aktivieren Sie JavaScript damit Sie diesen Inhalt anzeigen k\u00f6nnen.<\/noscript><\/p>\n<\/div>\n<div class=\"embed-consent\">\n<label class=\"embed-consent__toggle\">\n<input class=\"js-embed-consent__toggle\" type=\"checkbox\" autocomplete=\"off\">\n<span><\/span>\nExterner Inhalt\n<\/label>\n<a href=\"https:\/\/www.zeit.de\/hilfe\/datenschutz\" target=\"_blank\" class=\"embed-consent__datalink-when-active\">Datenschutzerkl\u00e4rung<\/a>\n<\/div>\n<div class=\"embed-wrapper__footer\">\n<p data-replace=\"no\">\nIch bin damit einverstanden, dass mir externe Inhalte angezeigt werden. Damit k\u00f6nnen personenbezogene Daten an Drittplattformen \u00fcbermittelt werden. <a href=\"https:\/\/www.zeit.de\/hilfe\/datenschutz\" target=\"_blank\">Mehr dazu in unserer Datenschutzerkl\u00e4rung.<\/a>\n<\/p>\n<\/div>\n<\/div>\n<\/div>\n\n<div class=\"embed-wrapper embed-wrapper--blocked js-embed-consent\" data-method=\"iframe\">\n<script class=\"raw__source\" type=\"text\/template\"><iframe loading=\"lazy\" src=\"http:\/\/player.vimeo.com\/video\/51739272?title=0&amp;byline=0&amp;portrait=0&amp;badge=0&amp;color=ff0179\" width=\"540\" height=\"304\" frameborder=\"0\" webkitAllowFullScreen mozallowfullscreen allowFullScreen><\/iframe><\/script>\n<div class=\"embed-wrapper__inner\">\n<div class=\"embed-wrapper__text\">\n<h3>Empfohlener redaktioneller Inhalt<\/h3>\n<p data-replace=\"no\">An dieser Stelle finden Sie externen Inhalt, der den Artikel erg\u00e4nzt. Sie k\u00f6nnen sich externe Inhalte mit einem Klick anzeigen lassen und wieder ausblenden.<noscript>Bitte aktivieren Sie JavaScript damit Sie diesen Inhalt anzeigen k\u00f6nnen.<\/noscript><\/p>\n<\/div>\n<div class=\"embed-consent\">\n<label class=\"embed-consent__toggle\">\n<input class=\"js-embed-consent__toggle\" type=\"checkbox\" autocomplete=\"off\">\n<span><\/span>\nExterner Inhalt\n<\/label>\n<a href=\"https:\/\/www.zeit.de\/hilfe\/datenschutz\" target=\"_blank\" class=\"embed-consent__datalink-when-active\">Datenschutzerkl\u00e4rung<\/a>\n<\/div>\n<div class=\"embed-wrapper__footer\">\n<p data-replace=\"no\">\nIch bin damit einverstanden, dass mir externe Inhalte angezeigt werden. Damit k\u00f6nnen personenbezogene Daten an Drittplattformen \u00fcbermittelt werden. <a href=\"https:\/\/www.zeit.de\/hilfe\/datenschutz\" target=\"_blank\">Mehr dazu in unserer Datenschutzerkl\u00e4rung.<\/a>\n<\/p>\n<\/div>\n<\/div>\n<\/div>\n\n<div class=\"embed-wrapper embed-wrapper--blocked js-embed-consent\" data-method=\"iframe\">\n<script class=\"raw__source\" type=\"text\/template\"><iframe loading=\"lazy\" src=\"http:\/\/player.vimeo.com\/video\/51739769?title=0&amp;byline=0&amp;portrait=0&amp;badge=0&amp;color=ff0179\" width=\"540\" height=\"304\" frameborder=\"0\" webkitAllowFullScreen mozallowfullscreen allowFullScreen><\/iframe><\/script>\n<div class=\"embed-wrapper__inner\">\n<div class=\"embed-wrapper__text\">\n<h3>Empfohlener redaktioneller Inhalt<\/h3>\n<p data-replace=\"no\">An dieser Stelle finden Sie externen Inhalt, der den Artikel erg\u00e4nzt. Sie k\u00f6nnen sich externe Inhalte mit einem Klick anzeigen lassen und wieder ausblenden.<noscript>Bitte aktivieren Sie JavaScript damit Sie diesen Inhalt anzeigen k\u00f6nnen.<\/noscript><\/p>\n<\/div>\n<div class=\"embed-consent\">\n<label class=\"embed-consent__toggle\">\n<input class=\"js-embed-consent__toggle\" type=\"checkbox\" autocomplete=\"off\">\n<span><\/span>\nExterner Inhalt\n<\/label>\n<a href=\"https:\/\/www.zeit.de\/hilfe\/datenschutz\" target=\"_blank\" class=\"embed-consent__datalink-when-active\">Datenschutzerkl\u00e4rung<\/a>\n<\/div>\n<div class=\"embed-wrapper__footer\">\n<p data-replace=\"no\">\nIch bin damit einverstanden, dass mir externe Inhalte angezeigt werden. Damit k\u00f6nnen personenbezogene Daten an Drittplattformen \u00fcbermittelt werden. <a href=\"https:\/\/www.zeit.de\/hilfe\/datenschutz\" target=\"_blank\">Mehr dazu in unserer Datenschutzerkl\u00e4rung.<\/a>\n<\/p>\n<\/div>\n<\/div>\n<\/div>\n","protected":false},"excerpt":{"rendered":"<p>Die mexikanische Stadt Ciudad J\u00faarez, am Rio Bravo an der Grenze zu den USA gelegen, hat eine der h\u00f6chsten Mordraten der Welt. Der Grund ist der Drogenkrieg, der inzwischen mehr als 50.000 Menschen das Leben gekostet hat, vielen davon in Ciudad J\u00faarez. Seit Jahren leben die Bewohner der Stadt mit den unwirklichen Dingen, die sich [&hellip;]<\/p>\n","protected":false},"author":304,"featured_media":0,"comment_status":"open","ping_status":"open","sticky":false,"template":"","format":"standard","meta":{"_jetpack_memberships_contains_paid_content":false,"footnotes":""},"categories":[401,15393],"tags":[10507,15399,2048,12777],"class_list":["post-6124","post","type-post","status-publish","format-standard","hentry","category-kunst","category-netzfilm","tag-drogenkrieg","tag-kunst-2","tag-mexiko","tag-waffen"],"yoast_head":"<!-- This site is optimized with the Yoast SEO plugin v21.0 - https:\/\/yoast.com\/wordpress\/plugins\/seo\/ -->\n<title>Pedro Reyes&#039; Orchester aus Waffen - Netzfilmblog<\/title>\n<meta name=\"robots\" content=\"index, follow, max-snippet:-1, max-image-preview:large, max-video-preview:-1\" \/>\n<link rel=\"canonical\" href=\"https:\/\/blog.zeit.de\/netzfilmblog\/2012\/10\/25\/pedro-reyes-mexiko-waffen-orchester\/\" \/>\n<meta property=\"og:locale\" content=\"de_DE\" \/>\n<meta property=\"og:type\" content=\"article\" \/>\n<meta property=\"og:title\" content=\"Pedro Reyes&#039; Orchester aus Waffen - Netzfilmblog\" \/>\n<meta property=\"og:description\" content=\"Die mexikanische Stadt Ciudad J\u00faarez, am Rio Bravo an der Grenze zu den USA gelegen, hat eine der h\u00f6chsten Mordraten der Welt. Der Grund ist der Drogenkrieg, der inzwischen mehr als 50.000 Menschen das Leben gekostet hat, vielen davon in Ciudad J\u00faarez. Seit Jahren leben die Bewohner der Stadt mit den unwirklichen Dingen, die sich [&hellip;]\" \/>\n<meta property=\"og:url\" content=\"https:\/\/blog.zeit.de\/netzfilmblog\/2012\/10\/25\/pedro-reyes-mexiko-waffen-orchester\/\" \/>\n<meta property=\"og:site_name\" content=\"Netzfilmblog\" \/>\n<meta property=\"article:published_time\" content=\"2012-10-25T08:43:08+00:00\" \/>\n<meta property=\"article:modified_time\" content=\"2012-10-25T08:52:23+00:00\" \/>\n<meta property=\"og:image\" content=\"https:\/\/blog.zeit.de\/netzfilmblog\/files\/2012\/10\/imagine12.jpg\" \/>\n<meta name=\"author\" content=\"Eike K\u00fchl\" \/>\n<meta name=\"twitter:label1\" content=\"Geschrieben von\" \/>\n\t<meta name=\"twitter:data1\" content=\"Eike K\u00fchl\" \/>\n\t<meta name=\"twitter:label2\" content=\"Gesch\u00e4tzte Lesezeit\" \/>\n\t<meta name=\"twitter:data2\" content=\"1\u00a0Minute\" \/>\n<script type=\"application\/ld+json\" class=\"yoast-schema-graph\">{\"@context\":\"https:\/\/schema.org\",\"@graph\":[{\"@type\":\"WebPage\",\"@id\":\"https:\/\/blog.zeit.de\/netzfilmblog\/2012\/10\/25\/pedro-reyes-mexiko-waffen-orchester\/\",\"url\":\"https:\/\/blog.zeit.de\/netzfilmblog\/2012\/10\/25\/pedro-reyes-mexiko-waffen-orchester\/\",\"name\":\"Pedro Reyes' Orchester aus Waffen - Netzfilmblog\",\"isPartOf\":{\"@id\":\"https:\/\/blog.zeit.de\/netzfilmblog\/#website\"},\"datePublished\":\"2012-10-25T08:43:08+00:00\",\"dateModified\":\"2012-10-25T08:52:23+00:00\",\"author\":{\"@id\":\"https:\/\/blog.zeit.de\/netzfilmblog\/#\/schema\/person\/d0be432685b68611fdcb91d565e60cc8\"},\"breadcrumb\":{\"@id\":\"https:\/\/blog.zeit.de\/netzfilmblog\/2012\/10\/25\/pedro-reyes-mexiko-waffen-orchester\/#breadcrumb\"},\"inLanguage\":\"de\",\"potentialAction\":[{\"@type\":\"ReadAction\",\"target\":[\"https:\/\/blog.zeit.de\/netzfilmblog\/2012\/10\/25\/pedro-reyes-mexiko-waffen-orchester\/\"]}]},{\"@type\":\"BreadcrumbList\",\"@id\":\"https:\/\/blog.zeit.de\/netzfilmblog\/2012\/10\/25\/pedro-reyes-mexiko-waffen-orchester\/#breadcrumb\",\"itemListElement\":[{\"@type\":\"ListItem\",\"position\":1,\"name\":\"Startseite\",\"item\":\"https:\/\/blog.zeit.de\/netzfilmblog\/\"},{\"@type\":\"ListItem\",\"position\":2,\"name\":\"Pedro Reyes&#8216; Orchester aus Waffen\"}]},{\"@type\":\"WebSite\",\"@id\":\"https:\/\/blog.zeit.de\/netzfilmblog\/#website\",\"url\":\"https:\/\/blog.zeit.de\/netzfilmblog\/\",\"name\":\"Netzfilmblog\",\"description\":\"Es geht auch ohne Fernsehen\",\"potentialAction\":[{\"@type\":\"SearchAction\",\"target\":{\"@type\":\"EntryPoint\",\"urlTemplate\":\"https:\/\/blog.zeit.de\/netzfilmblog\/?s={search_term_string}\"},\"query-input\":\"required name=search_term_string\"}],\"inLanguage\":\"de\"},{\"@type\":\"Person\",\"@id\":\"https:\/\/blog.zeit.de\/netzfilmblog\/#\/schema\/person\/d0be432685b68611fdcb91d565e60cc8\",\"name\":\"Eike K\u00fchl\",\"image\":{\"@type\":\"ImageObject\",\"inLanguage\":\"de\",\"@id\":\"https:\/\/blog.zeit.de\/netzfilmblog\/#\/schema\/person\/image\/\",\"url\":\"https:\/\/secure.gravatar.com\/avatar\/bdcf29e1806bbd217f5281d7b91e9f13c368e8f0141afdf3d1e016f921ab21be?s=96&d=mm&r=g\",\"contentUrl\":\"https:\/\/secure.gravatar.com\/avatar\/bdcf29e1806bbd217f5281d7b91e9f13c368e8f0141afdf3d1e016f921ab21be?s=96&d=mm&r=g\",\"caption\":\"Eike K\u00fchl\"},\"description\":\"ist Digital-Redakteur bei ZEIT ONLINE und besch\u00e4ftigt sich vor allem mit Games, Gadgets und Netzkultur.\",\"url\":\"https:\/\/blog.zeit.de\/netzfilmblog\/author\/eike-kuehl\/\"}]}<\/script>\n<!-- \/ Yoast SEO plugin. -->","yoast_head_json":{"title":"Pedro Reyes' Orchester aus Waffen - Netzfilmblog","robots":{"index":"index","follow":"follow","max-snippet":"max-snippet:-1","max-image-preview":"max-image-preview:large","max-video-preview":"max-video-preview:-1"},"canonical":"https:\/\/blog.zeit.de\/netzfilmblog\/2012\/10\/25\/pedro-reyes-mexiko-waffen-orchester\/","og_locale":"de_DE","og_type":"article","og_title":"Pedro Reyes' Orchester aus Waffen - Netzfilmblog","og_description":"Die mexikanische Stadt Ciudad J\u00faarez, am Rio Bravo an der Grenze zu den USA gelegen, hat eine der h\u00f6chsten Mordraten der Welt. Der Grund ist der Drogenkrieg, der inzwischen mehr als 50.000 Menschen das Leben gekostet hat, vielen davon in Ciudad J\u00faarez. Seit Jahren leben die Bewohner der Stadt mit den unwirklichen Dingen, die sich [&hellip;]","og_url":"https:\/\/blog.zeit.de\/netzfilmblog\/2012\/10\/25\/pedro-reyes-mexiko-waffen-orchester\/","og_site_name":"Netzfilmblog","article_published_time":"2012-10-25T08:43:08+00:00","article_modified_time":"2012-10-25T08:52:23+00:00","og_image":[{"url":"https:\/\/blog.zeit.de\/netzfilmblog\/files\/2012\/10\/imagine12.jpg"}],"author":"Eike K\u00fchl","twitter_misc":{"Geschrieben von":"Eike K\u00fchl","Gesch\u00e4tzte Lesezeit":"1\u00a0Minute"},"schema":{"@context":"https:\/\/schema.org","@graph":[{"@type":"WebPage","@id":"https:\/\/blog.zeit.de\/netzfilmblog\/2012\/10\/25\/pedro-reyes-mexiko-waffen-orchester\/","url":"https:\/\/blog.zeit.de\/netzfilmblog\/2012\/10\/25\/pedro-reyes-mexiko-waffen-orchester\/","name":"Pedro Reyes' Orchester aus Waffen - Netzfilmblog","isPartOf":{"@id":"https:\/\/blog.zeit.de\/netzfilmblog\/#website"},"datePublished":"2012-10-25T08:43:08+00:00","dateModified":"2012-10-25T08:52:23+00:00","author":{"@id":"https:\/\/blog.zeit.de\/netzfilmblog\/#\/schema\/person\/d0be432685b68611fdcb91d565e60cc8"},"breadcrumb":{"@id":"https:\/\/blog.zeit.de\/netzfilmblog\/2012\/10\/25\/pedro-reyes-mexiko-waffen-orchester\/#breadcrumb"},"inLanguage":"de","potentialAction":[{"@type":"ReadAction","target":["https:\/\/blog.zeit.de\/netzfilmblog\/2012\/10\/25\/pedro-reyes-mexiko-waffen-orchester\/"]}]},{"@type":"BreadcrumbList","@id":"https:\/\/blog.zeit.de\/netzfilmblog\/2012\/10\/25\/pedro-reyes-mexiko-waffen-orchester\/#breadcrumb","itemListElement":[{"@type":"ListItem","position":1,"name":"Startseite","item":"https:\/\/blog.zeit.de\/netzfilmblog\/"},{"@type":"ListItem","position":2,"name":"Pedro Reyes&#8216; Orchester aus Waffen"}]},{"@type":"WebSite","@id":"https:\/\/blog.zeit.de\/netzfilmblog\/#website","url":"https:\/\/blog.zeit.de\/netzfilmblog\/","name":"Netzfilmblog","description":"Es geht auch ohne Fernsehen","potentialAction":[{"@type":"SearchAction","target":{"@type":"EntryPoint","urlTemplate":"https:\/\/blog.zeit.de\/netzfilmblog\/?s={search_term_string}"},"query-input":"required name=search_term_string"}],"inLanguage":"de"},{"@type":"Person","@id":"https:\/\/blog.zeit.de\/netzfilmblog\/#\/schema\/person\/d0be432685b68611fdcb91d565e60cc8","name":"Eike K\u00fchl","image":{"@type":"ImageObject","inLanguage":"de","@id":"https:\/\/blog.zeit.de\/netzfilmblog\/#\/schema\/person\/image\/","url":"https:\/\/secure.gravatar.com\/avatar\/bdcf29e1806bbd217f5281d7b91e9f13c368e8f0141afdf3d1e016f921ab21be?s=96&d=mm&r=g","contentUrl":"https:\/\/secure.gravatar.com\/avatar\/bdcf29e1806bbd217f5281d7b91e9f13c368e8f0141afdf3d1e016f921ab21be?s=96&d=mm&r=g","caption":"Eike K\u00fchl"},"description":"ist Digital-Redakteur bei ZEIT ONLINE und besch\u00e4ftigt sich vor allem mit Games, Gadgets und Netzkultur.","url":"https:\/\/blog.zeit.de\/netzfilmblog\/author\/eike-kuehl\/"}]}},"jetpack_featured_media_url":"","jetpack_sharing_enabled":true,"_links":{"self":[{"href":"https:\/\/blog.zeit.de\/netzfilmblog\/wp-json\/wp\/v2\/posts\/6124","targetHints":{"allow":["GET"]}}],"collection":[{"href":"https:\/\/blog.zeit.de\/netzfilmblog\/wp-json\/wp\/v2\/posts"}],"about":[{"href":"https:\/\/blog.zeit.de\/netzfilmblog\/wp-json\/wp\/v2\/types\/post"}],"author":[{"embeddable":true,"href":"https:\/\/blog.zeit.de\/netzfilmblog\/wp-json\/wp\/v2\/users\/304"}],"replies":[{"embeddable":true,"href":"https:\/\/blog.zeit.de\/netzfilmblog\/wp-json\/wp\/v2\/comments?post=6124"}],"version-history":[{"count":11,"href":"https:\/\/blog.zeit.de\/netzfilmblog\/wp-json\/wp\/v2\/posts\/6124\/revisions"}],"predecessor-version":[{"id":6136,"href":"https:\/\/blog.zeit.de\/netzfilmblog\/wp-json\/wp\/v2\/posts\/6124\/revisions\/6136"}],"wp:attachment":[{"href":"https:\/\/blog.zeit.de\/netzfilmblog\/wp-json\/wp\/v2\/media?parent=6124"}],"wp:term":[{"taxonomy":"category","embeddable":true,"href":"https:\/\/blog.zeit.de\/netzfilmblog\/wp-json\/wp\/v2\/categories?post=6124"},{"taxonomy":"post_tag","embeddable":true,"href":"https:\/\/blog.zeit.de\/netzfilmblog\/wp-json\/wp\/v2\/tags?post=6124"}],"curies":[{"name":"wp","href":"https:\/\/api.w.org\/{rel}","templated":true}]}}