{"id":6467,"date":"2012-11-26T11:32:24","date_gmt":"2012-11-26T10:32:24","guid":{"rendered":"http:\/\/blog.zeit.de\/netzfilmblog\/?p=6467"},"modified":"2012-11-26T11:36:19","modified_gmt":"2012-11-26T10:36:19","slug":"der-hobbit-film-produktionvideo-peter-jackson","status":"publish","type":"post","link":"https:\/\/blog.zeit.de\/netzfilmblog\/2012\/11\/26\/der-hobbit-film-produktionvideo-peter-jackson\/","title":{"rendered":"Ein Blick hinter die Kulissen des &#8222;Hobbit&#8220;"},"content":{"rendered":"<p>Am Mittwoch l\u00e4uft im neuseel\u00e4ndischen Wellington die Premiere von <em><a href=\"http:\/\/www.thehobbit.com\/\">Der Hobbit<\/a><\/em>, dem Nachfolger der <em>Herr der Ring<\/em> Trilogie. Das hei\u00dft, genau genommen ist es nat\u00fcrlich ein Prequel, denn die Geschichte des Hobbit findet vor den Ereignissen in <em>Herr der Ringe<\/em> statt. <\/p>\n<p>In Deutschland ist der offizielle Kinostart am 13. Dezember, aber wer es nicht abwarten kann, kann gerne einen Blick auf die sch\u00f6nen Videos von den Dreharbeiten und der Post-Produktion werfen, die das Team um Regisseur Peter Jackson <a href=\"http:\/\/www.youtube.com\/user\/pjacksonwingnutfilms\">in den vergangenen Monaten online gestellt hat<\/a> &#8211; den neunten (und wohl letzten) Teil gerade am Wochenende. Die Aufnahmen zeigen das Team, wie sie dem Film den letzten Feinschliff geben, denn das Werk ist tats\u00e4chlich erst zwei Tage vor der Premiere fertig. <\/p>\n\n<div class=\"embed-wrapper embed-wrapper--blocked js-embed-consent\" data-method=\"iframe\">\n<script class=\"raw__source\" type=\"text\/template\"><iframe loading=\"lazy\" width=\"540\" height=\"304\" src=\"http:\/\/www.youtube.com\/embed\/4vqyzHwnEiY\" frameborder=\"0\" allowfullscreen><\/iframe><\/script>\n<div class=\"embed-wrapper__inner\">\n<div class=\"embed-wrapper__text\">\n<h3>Empfohlener redaktioneller Inhalt<\/h3>\n<p data-replace=\"no\">An dieser Stelle finden Sie externen Inhalt, der den Artikel erg\u00e4nzt. Sie k\u00f6nnen sich externe Inhalte mit einem Klick anzeigen lassen und wieder ausblenden.<noscript>Bitte aktivieren Sie JavaScript damit Sie diesen Inhalt anzeigen k\u00f6nnen.<\/noscript><\/p>\n<\/div>\n<div class=\"embed-consent\">\n<label class=\"embed-consent__toggle\">\n<input class=\"js-embed-consent__toggle\" type=\"checkbox\" autocomplete=\"off\">\n<span><\/span>\nExterner Inhalt\n<\/label>\n<a href=\"https:\/\/www.zeit.de\/hilfe\/datenschutz\" target=\"_blank\" class=\"embed-consent__datalink-when-active\">Datenschutzerkl\u00e4rung<\/a>\n<\/div>\n<div class=\"embed-wrapper__footer\">\n<p data-replace=\"no\">\nIch bin damit einverstanden, dass mir externe Inhalte angezeigt werden. Damit k\u00f6nnen personenbezogene Daten an Drittplattformen \u00fcbermittelt werden. <a href=\"https:\/\/www.zeit.de\/hilfe\/datenschutz\" target=\"_blank\">Mehr dazu in unserer Datenschutzerkl\u00e4rung.<\/a>\n<\/p>\n<\/div>\n<\/div>\n<\/div>\n","protected":false},"excerpt":{"rendered":"<p>Am Mittwoch l\u00e4uft im neuseel\u00e4ndischen Wellington die Premiere von Der Hobbit, dem Nachfolger der Herr der Ring Trilogie. Das hei\u00dft, genau genommen ist es nat\u00fcrlich ein Prequel, denn die Geschichte des Hobbit findet vor den Ereignissen in Herr der Ringe statt. In Deutschland ist der offizielle Kinostart am 13. Dezember, aber wer es nicht abwarten [&hellip;]<\/p>\n","protected":false},"author":304,"featured_media":0,"comment_status":"open","ping_status":"open","sticky":false,"template":"","format":"standard","meta":{"_jetpack_memberships_contains_paid_content":false,"footnotes":""},"categories":[15393],"tags":[],"class_list":["post-6467","post","type-post","status-publish","format-standard","hentry","category-netzfilm"],"yoast_head":"<!-- This site is optimized with the Yoast SEO plugin v21.0 - https:\/\/yoast.com\/wordpress\/plugins\/seo\/ -->\n<title>Ein Blick hinter die Kulissen des &quot;Hobbit&quot; - Netzfilmblog<\/title>\n<meta name=\"robots\" content=\"index, follow, max-snippet:-1, max-image-preview:large, max-video-preview:-1\" \/>\n<link rel=\"canonical\" href=\"https:\/\/blog.zeit.de\/netzfilmblog\/2012\/11\/26\/der-hobbit-film-produktionvideo-peter-jackson\/\" \/>\n<meta property=\"og:locale\" content=\"de_DE\" \/>\n<meta property=\"og:type\" content=\"article\" \/>\n<meta property=\"og:title\" content=\"Ein Blick hinter die Kulissen des &quot;Hobbit&quot; - Netzfilmblog\" \/>\n<meta property=\"og:description\" content=\"Am Mittwoch l\u00e4uft im neuseel\u00e4ndischen Wellington die Premiere von Der Hobbit, dem Nachfolger der Herr der Ring Trilogie. Das hei\u00dft, genau genommen ist es nat\u00fcrlich ein Prequel, denn die Geschichte des Hobbit findet vor den Ereignissen in Herr der Ringe statt. In Deutschland ist der offizielle Kinostart am 13. Dezember, aber wer es nicht abwarten [&hellip;]\" \/>\n<meta property=\"og:url\" content=\"https:\/\/blog.zeit.de\/netzfilmblog\/2012\/11\/26\/der-hobbit-film-produktionvideo-peter-jackson\/\" \/>\n<meta property=\"og:site_name\" content=\"Netzfilmblog\" \/>\n<meta property=\"article:published_time\" content=\"2012-11-26T10:32:24+00:00\" \/>\n<meta property=\"article:modified_time\" content=\"2012-11-26T10:36:19+00:00\" \/>\n<meta name=\"author\" content=\"Eike K\u00fchl\" \/>\n<meta name=\"twitter:label1\" content=\"Geschrieben von\" \/>\n\t<meta name=\"twitter:data1\" content=\"Eike K\u00fchl\" \/>\n\t<meta name=\"twitter:label2\" content=\"Gesch\u00e4tzte Lesezeit\" \/>\n\t<meta name=\"twitter:data2\" content=\"1\u00a0Minute\" \/>\n<script type=\"application\/ld+json\" class=\"yoast-schema-graph\">{\"@context\":\"https:\/\/schema.org\",\"@graph\":[{\"@type\":\"WebPage\",\"@id\":\"https:\/\/blog.zeit.de\/netzfilmblog\/2012\/11\/26\/der-hobbit-film-produktionvideo-peter-jackson\/\",\"url\":\"https:\/\/blog.zeit.de\/netzfilmblog\/2012\/11\/26\/der-hobbit-film-produktionvideo-peter-jackson\/\",\"name\":\"Ein Blick hinter die Kulissen des \\\"Hobbit\\\" - Netzfilmblog\",\"isPartOf\":{\"@id\":\"https:\/\/blog.zeit.de\/netzfilmblog\/#website\"},\"datePublished\":\"2012-11-26T10:32:24+00:00\",\"dateModified\":\"2012-11-26T10:36:19+00:00\",\"author\":{\"@id\":\"https:\/\/blog.zeit.de\/netzfilmblog\/#\/schema\/person\/d0be432685b68611fdcb91d565e60cc8\"},\"breadcrumb\":{\"@id\":\"https:\/\/blog.zeit.de\/netzfilmblog\/2012\/11\/26\/der-hobbit-film-produktionvideo-peter-jackson\/#breadcrumb\"},\"inLanguage\":\"de\",\"potentialAction\":[{\"@type\":\"ReadAction\",\"target\":[\"https:\/\/blog.zeit.de\/netzfilmblog\/2012\/11\/26\/der-hobbit-film-produktionvideo-peter-jackson\/\"]}]},{\"@type\":\"BreadcrumbList\",\"@id\":\"https:\/\/blog.zeit.de\/netzfilmblog\/2012\/11\/26\/der-hobbit-film-produktionvideo-peter-jackson\/#breadcrumb\",\"itemListElement\":[{\"@type\":\"ListItem\",\"position\":1,\"name\":\"Startseite\",\"item\":\"https:\/\/blog.zeit.de\/netzfilmblog\/\"},{\"@type\":\"ListItem\",\"position\":2,\"name\":\"Ein Blick hinter die Kulissen des &#8222;Hobbit&#8220;\"}]},{\"@type\":\"WebSite\",\"@id\":\"https:\/\/blog.zeit.de\/netzfilmblog\/#website\",\"url\":\"https:\/\/blog.zeit.de\/netzfilmblog\/\",\"name\":\"Netzfilmblog\",\"description\":\"Es geht auch ohne Fernsehen\",\"potentialAction\":[{\"@type\":\"SearchAction\",\"target\":{\"@type\":\"EntryPoint\",\"urlTemplate\":\"https:\/\/blog.zeit.de\/netzfilmblog\/?s={search_term_string}\"},\"query-input\":\"required name=search_term_string\"}],\"inLanguage\":\"de\"},{\"@type\":\"Person\",\"@id\":\"https:\/\/blog.zeit.de\/netzfilmblog\/#\/schema\/person\/d0be432685b68611fdcb91d565e60cc8\",\"name\":\"Eike K\u00fchl\",\"image\":{\"@type\":\"ImageObject\",\"inLanguage\":\"de\",\"@id\":\"https:\/\/blog.zeit.de\/netzfilmblog\/#\/schema\/person\/image\/\",\"url\":\"https:\/\/secure.gravatar.com\/avatar\/bdcf29e1806bbd217f5281d7b91e9f13c368e8f0141afdf3d1e016f921ab21be?s=96&d=mm&r=g\",\"contentUrl\":\"https:\/\/secure.gravatar.com\/avatar\/bdcf29e1806bbd217f5281d7b91e9f13c368e8f0141afdf3d1e016f921ab21be?s=96&d=mm&r=g\",\"caption\":\"Eike K\u00fchl\"},\"description\":\"ist Digital-Redakteur bei ZEIT ONLINE und besch\u00e4ftigt sich vor allem mit Games, Gadgets und Netzkultur.\",\"url\":\"https:\/\/blog.zeit.de\/netzfilmblog\/author\/eike-kuehl\/\"}]}<\/script>\n<!-- \/ Yoast SEO plugin. -->","yoast_head_json":{"title":"Ein Blick hinter die Kulissen des \"Hobbit\" - Netzfilmblog","robots":{"index":"index","follow":"follow","max-snippet":"max-snippet:-1","max-image-preview":"max-image-preview:large","max-video-preview":"max-video-preview:-1"},"canonical":"https:\/\/blog.zeit.de\/netzfilmblog\/2012\/11\/26\/der-hobbit-film-produktionvideo-peter-jackson\/","og_locale":"de_DE","og_type":"article","og_title":"Ein Blick hinter die Kulissen des \"Hobbit\" - Netzfilmblog","og_description":"Am Mittwoch l\u00e4uft im neuseel\u00e4ndischen Wellington die Premiere von Der Hobbit, dem Nachfolger der Herr der Ring Trilogie. Das hei\u00dft, genau genommen ist es nat\u00fcrlich ein Prequel, denn die Geschichte des Hobbit findet vor den Ereignissen in Herr der Ringe statt. In Deutschland ist der offizielle Kinostart am 13. Dezember, aber wer es nicht abwarten [&hellip;]","og_url":"https:\/\/blog.zeit.de\/netzfilmblog\/2012\/11\/26\/der-hobbit-film-produktionvideo-peter-jackson\/","og_site_name":"Netzfilmblog","article_published_time":"2012-11-26T10:32:24+00:00","article_modified_time":"2012-11-26T10:36:19+00:00","author":"Eike K\u00fchl","twitter_misc":{"Geschrieben von":"Eike K\u00fchl","Gesch\u00e4tzte Lesezeit":"1\u00a0Minute"},"schema":{"@context":"https:\/\/schema.org","@graph":[{"@type":"WebPage","@id":"https:\/\/blog.zeit.de\/netzfilmblog\/2012\/11\/26\/der-hobbit-film-produktionvideo-peter-jackson\/","url":"https:\/\/blog.zeit.de\/netzfilmblog\/2012\/11\/26\/der-hobbit-film-produktionvideo-peter-jackson\/","name":"Ein Blick hinter die Kulissen des \"Hobbit\" - Netzfilmblog","isPartOf":{"@id":"https:\/\/blog.zeit.de\/netzfilmblog\/#website"},"datePublished":"2012-11-26T10:32:24+00:00","dateModified":"2012-11-26T10:36:19+00:00","author":{"@id":"https:\/\/blog.zeit.de\/netzfilmblog\/#\/schema\/person\/d0be432685b68611fdcb91d565e60cc8"},"breadcrumb":{"@id":"https:\/\/blog.zeit.de\/netzfilmblog\/2012\/11\/26\/der-hobbit-film-produktionvideo-peter-jackson\/#breadcrumb"},"inLanguage":"de","potentialAction":[{"@type":"ReadAction","target":["https:\/\/blog.zeit.de\/netzfilmblog\/2012\/11\/26\/der-hobbit-film-produktionvideo-peter-jackson\/"]}]},{"@type":"BreadcrumbList","@id":"https:\/\/blog.zeit.de\/netzfilmblog\/2012\/11\/26\/der-hobbit-film-produktionvideo-peter-jackson\/#breadcrumb","itemListElement":[{"@type":"ListItem","position":1,"name":"Startseite","item":"https:\/\/blog.zeit.de\/netzfilmblog\/"},{"@type":"ListItem","position":2,"name":"Ein Blick hinter die Kulissen des &#8222;Hobbit&#8220;"}]},{"@type":"WebSite","@id":"https:\/\/blog.zeit.de\/netzfilmblog\/#website","url":"https:\/\/blog.zeit.de\/netzfilmblog\/","name":"Netzfilmblog","description":"Es geht auch ohne Fernsehen","potentialAction":[{"@type":"SearchAction","target":{"@type":"EntryPoint","urlTemplate":"https:\/\/blog.zeit.de\/netzfilmblog\/?s={search_term_string}"},"query-input":"required name=search_term_string"}],"inLanguage":"de"},{"@type":"Person","@id":"https:\/\/blog.zeit.de\/netzfilmblog\/#\/schema\/person\/d0be432685b68611fdcb91d565e60cc8","name":"Eike K\u00fchl","image":{"@type":"ImageObject","inLanguage":"de","@id":"https:\/\/blog.zeit.de\/netzfilmblog\/#\/schema\/person\/image\/","url":"https:\/\/secure.gravatar.com\/avatar\/bdcf29e1806bbd217f5281d7b91e9f13c368e8f0141afdf3d1e016f921ab21be?s=96&d=mm&r=g","contentUrl":"https:\/\/secure.gravatar.com\/avatar\/bdcf29e1806bbd217f5281d7b91e9f13c368e8f0141afdf3d1e016f921ab21be?s=96&d=mm&r=g","caption":"Eike K\u00fchl"},"description":"ist Digital-Redakteur bei ZEIT ONLINE und besch\u00e4ftigt sich vor allem mit Games, Gadgets und Netzkultur.","url":"https:\/\/blog.zeit.de\/netzfilmblog\/author\/eike-kuehl\/"}]}},"jetpack_featured_media_url":"","jetpack_sharing_enabled":true,"_links":{"self":[{"href":"https:\/\/blog.zeit.de\/netzfilmblog\/wp-json\/wp\/v2\/posts\/6467","targetHints":{"allow":["GET"]}}],"collection":[{"href":"https:\/\/blog.zeit.de\/netzfilmblog\/wp-json\/wp\/v2\/posts"}],"about":[{"href":"https:\/\/blog.zeit.de\/netzfilmblog\/wp-json\/wp\/v2\/types\/post"}],"author":[{"embeddable":true,"href":"https:\/\/blog.zeit.de\/netzfilmblog\/wp-json\/wp\/v2\/users\/304"}],"replies":[{"embeddable":true,"href":"https:\/\/blog.zeit.de\/netzfilmblog\/wp-json\/wp\/v2\/comments?post=6467"}],"version-history":[{"count":6,"href":"https:\/\/blog.zeit.de\/netzfilmblog\/wp-json\/wp\/v2\/posts\/6467\/revisions"}],"predecessor-version":[{"id":6473,"href":"https:\/\/blog.zeit.de\/netzfilmblog\/wp-json\/wp\/v2\/posts\/6467\/revisions\/6473"}],"wp:attachment":[{"href":"https:\/\/blog.zeit.de\/netzfilmblog\/wp-json\/wp\/v2\/media?parent=6467"}],"wp:term":[{"taxonomy":"category","embeddable":true,"href":"https:\/\/blog.zeit.de\/netzfilmblog\/wp-json\/wp\/v2\/categories?post=6467"},{"taxonomy":"post_tag","embeddable":true,"href":"https:\/\/blog.zeit.de\/netzfilmblog\/wp-json\/wp\/v2\/tags?post=6467"}],"curies":[{"name":"wp","href":"https:\/\/api.w.org\/{rel}","templated":true}]}}